{"id":69184,"date":"2022-03-13T04:49:25","date_gmt":"2022-03-13T08:49:25","guid":{"rendered":"https:\/\/www.eldiario.net\/portal\/?p=69184"},"modified":"2022-03-13T04:49:25","modified_gmt":"2022-03-13T08:49:25","slug":"miguel-rios-celebra-40-anos-de-rock-and-rios","status":"publish","type":"post","link":"https:\/\/www.eldiario.net\/portal\/2022\/03\/13\/miguel-rios-celebra-40-anos-de-rock-and-rios\/","title":{"rendered":"Miguel R\u00edos celebra 40  a\u00f1os de \u2018Rock and R\u00edos\u2019"},"content":{"rendered":"<p>Hace 40 a\u00f1os Miguel R\u00edos ayud\u00f3 a la m\u00fasica espa\u00f1ola a dar un salto cualitativo con el espect\u00e1culo, \u201cRock &amp; R\u00edos\u201d, convertido en un t\u00f3tem para artistas de varias generaciones como V\u00edctor Manuel, Rosendo, Amaral o Vetusta Morla, que lo han reivindicado en otro concierto para el recuerdo.<br \/>\nNo fue en formato sentado, ni en el Wizink Center de la capital espa\u00f1ola, ni un 11 de marzo, pero las sensaciones vividas aquel 4 y 5 de marzo de 1982 en el Pabell\u00f3n del Real Madrid debieron ser muy similares a las del pasado viernes, con el recinto convertido en un hervidero de 12.000 personas, sin m\u00e1s entradas en taquilla.<br \/>\nEntre rostros famosos como los de El Gran Wyoming o Dani Rovira, la onda de resonancia hist\u00f3rica ha hecho que entre un p\u00fablico en general hubiese muchos rostros que probablemente no hab\u00edan sido ni concebidos o fuesen apenas ni\u00f1os cuando la cita original tuvo lugar.<br \/>\nTambi\u00e9n entonces se conmemoraba un aniversario, el de los 20 a\u00f1os de \u2018El rey del twist\u2019, primer \u00e1lbum de R\u00edos, pionero del rock en espa\u00f1ol que acababa de grabar tres discos que lo hab\u00edan vuelto a poner en la picota, como \u2018Los viejos rockeros nunca mueren\u2019 (1979), y que dispon\u00eda adem\u00e1s de un generoso colch\u00f3n econ\u00f3mico por su celebrada versi\u00f3n del \u201cHimno a la alegr\u00eda\u201d.<\/p>\n<p>\u201cEl himno<br \/>\nde la alegr\u00eda\u201d<br \/>\nCasi con la misma banda que en 1982, el artista granadino no escatim\u00f3 en medios t\u00e9cnicos y contrat\u00f3 equipos que previamente hab\u00edan pasado por las manos de primeras figuras internacionales como Peter Gabriel, todo un cambio para los espartanos recursos de los que se echaba mano por estos lares.<br \/>\n\u201cLo hicieron porque no sab\u00edan que era imposible\u201d, recordaba el disco que inmortaliz\u00f3 aquellos dos directos que, en efecto, a punto estuvieron de no celebrarse al quedar retenidos los equipos en la frontera de Ir\u00fan y llegar a Madrid con el tiempo justo \u201cpara tirar micros y cables\u201d.<br \/>\nDespu\u00e9s de aquello, el reto de hacer magia de calidad con m\u00fasica se volvi\u00f3 cada vez m\u00e1s habitual en Espa\u00f1a, tambi\u00e9n esta noche, en un \u201cshow\u201d con m\u00e1s medios a\u00fan, pero que ha conmemorado el principio del milagro interpretando el repertorio tal y como se hizo en 1982 y casi con la misma banda, incluso con una de las dos bater\u00edas de entonces.<br \/>\nEn ausencia de los fallecidos Sergio Castillo y Paco Palacios, para los que ha habido un recuerdo, ah\u00ed estuvieron Mario Argando\u00f1a y el jovenc\u00edsimo debutante Pablo Narea (bater\u00eda), Tato G\u00f3mez (bajo), John Parsons (guitarra), Antonio Garc\u00eda de Diego (guitarra y voces), Jos\u00e9 Nortes (guitarra), Mariano D\u00edaz (teclados) y Thijs van Leer (piano y \u00f3rgano).<\/p>\n<p>Arropado por las<br \/>\nestrellas<br \/>\nEntregado y plet\u00f3rico, enfundado en su chaqueta de cuero, R\u00edos apareci\u00f3 puntual\u00edsimo a las 22 horas con el m\u00edtico saludo a \u201clos hijos del rocanrol\u201d de \u201cBienvenidos\u201d, un himno que ya alcanza tambi\u00e9n a los nietos y que ha sido respondido al un\u00edsono por todos los asistentes en pie con el pu\u00f1o en alto.<\/p>\n","protected":false},"excerpt":{"rendered":"<p>Hace 40 a\u00f1os Miguel R\u00edos ayud\u00f3 a la m\u00fasica espa\u00f1ola a dar un salto cualitativo con el espect\u00e1culo, \u201cRock &amp; R\u00edos\u201d, convertido en un t\u00f3tem para artistas de varias generaciones como V\u00edctor Manuel, Rosendo, Amaral o Vetusta Morla, que lo han reivindicado en otro concierto para el recuerdo. No fue en formato sentado, ni en [&hellip;]<\/p>\n","protected":false},"author":1,"featured_media":69185,"comment_status":"closed","ping_status":"closed","sticky":false,"template":"","format":"standard","meta":{"_acf_changed":false,"footnotes":""},"categories":[8],"tags":[],"class_list":["post-69184","post","type-post","status-publish","format-standard","has-post-thumbnail","category-cultural"],"acf":{"antetitulo":""},"yoast_head":"<!-- This site is optimized with the Yoast SEO plugin v28.3 - https:\/\/yoast.com\/product\/yoast-seo-wordpress\/ -->\n<title>Miguel R\u00edos celebra 40 a\u00f1os de \u2018Rock and R\u00edos\u2019 - El Diario - Bolivia<\/title>\n<meta name=\"robots\" content=\"index, follow, max-snippet:-1, max-image-preview:large, max-video-preview:-1\" \/>\n<link rel=\"canonical\" href=\"https:\/\/www.eldiario.net\/portal\/2022\/03\/13\/miguel-rios-celebra-40-anos-de-rock-and-rios\/\" \/>\n<meta property=\"og:locale\" content=\"es_ES\" \/>\n<meta property=\"og:type\" content=\"article\" \/>\n<meta property=\"og:title\" content=\"Miguel R\u00edos celebra 40 a\u00f1os de \u2018Rock and R\u00edos\u2019 - El Diario - Bolivia\" \/>\n<meta property=\"og:description\" content=\"Hace 40 a\u00f1os Miguel R\u00edos ayud\u00f3 a la m\u00fasica espa\u00f1ola a dar un salto cualitativo con el espect\u00e1culo, \u201cRock &amp; R\u00edos\u201d, convertido en un t\u00f3tem para artistas de varias generaciones como V\u00edctor Manuel, Rosendo, Amaral o Vetusta Morla, que lo han reivindicado en otro concierto para el recuerdo. No fue en formato sentado, ni en [&hellip;]\" \/>\n<meta property=\"og:url\" content=\"https:\/\/www.eldiario.net\/portal\/2022\/03\/13\/miguel-rios-celebra-40-anos-de-rock-and-rios\/\" \/>\n<meta property=\"og:site_name\" content=\"El Diario - Bolivia\" \/>\n<meta property=\"article:publisher\" content=\"https:\/\/www.facebook.com\/eldiario.bolivia\/\" \/>\n<meta property=\"article:published_time\" content=\"2022-03-13T08:49:25+00:00\" \/>\n<meta property=\"og:image\" content=\"https:\/\/www.eldiario.net\/portal\/wp-content\/uploads\/2022\/03\/MIGUEL.jpg\" \/>\n\t<meta property=\"og:image:width\" content=\"1320\" \/>\n\t<meta property=\"og:image:height\" content=\"743\" \/>\n\t<meta property=\"og:image:type\" content=\"image\/jpeg\" \/>\n<meta name=\"author\" content=\"Jeanette\" \/>\n<meta name=\"twitter:card\" content=\"summary_large_image\" \/>\n<meta name=\"twitter:creator\" content=\"@eldiario_net\" \/>\n<meta name=\"twitter:site\" content=\"@eldiario_net\" \/>\n<meta name=\"twitter:label1\" content=\"Escrito por\" \/>\n\t<meta name=\"twitter:data1\" content=\"Jeanette\" \/>\n\t<meta name=\"twitter:label2\" content=\"Tiempo de lectura\" \/>\n\t<meta name=\"twitter:data2\" content=\"3 minutos\" \/>\n<script type=\"application\/ld+json\" class=\"yoast-schema-graph\">{\"@context\":\"https:\\\/\\\/schema.org\",\"@graph\":[{\"@type\":\"Article\",\"@id\":\"https:\\\/\\\/www.eldiario.net\\\/portal\\\/2022\\\/03\\\/13\\\/miguel-rios-celebra-40-anos-de-rock-and-rios\\\/#article\",\"isPartOf\":{\"@id\":\"https:\\\/\\\/www.eldiario.net\\\/portal\\\/2022\\\/03\\\/13\\\/miguel-rios-celebra-40-anos-de-rock-and-rios\\\/\"},\"author\":{\"name\":\"Jeanette\",\"@id\":\"https:\\\/\\\/www.eldiario.net\\\/portal\\\/#\\\/schema\\\/person\\\/f46445640444750d7d753ccd04ae01b7\"},\"headline\":\"Miguel R\u00edos celebra 40 a\u00f1os de \u2018Rock and R\u00edos\u2019\",\"datePublished\":\"2022-03-13T08:49:25+00:00\",\"mainEntityOfPage\":{\"@id\":\"https:\\\/\\\/www.eldiario.net\\\/portal\\\/2022\\\/03\\\/13\\\/miguel-rios-celebra-40-anos-de-rock-and-rios\\\/\"},\"wordCount\":548,\"publisher\":{\"@id\":\"https:\\\/\\\/www.eldiario.net\\\/portal\\\/#organization\"},\"image\":{\"@id\":\"https:\\\/\\\/www.eldiario.net\\\/portal\\\/2022\\\/03\\\/13\\\/miguel-rios-celebra-40-anos-de-rock-and-rios\\\/#primaryimage\"},\"thumbnailUrl\":\"https:\\\/\\\/www.eldiario.net\\\/portal\\\/wp-content\\\/uploads\\\/2022\\\/03\\\/MIGUEL.jpg\",\"articleSection\":[\"Cultural\"],\"inLanguage\":\"es\"},{\"@type\":\"WebPage\",\"@id\":\"https:\\\/\\\/www.eldiario.net\\\/portal\\\/2022\\\/03\\\/13\\\/miguel-rios-celebra-40-anos-de-rock-and-rios\\\/\",\"url\":\"https:\\\/\\\/www.eldiario.net\\\/portal\\\/2022\\\/03\\\/13\\\/miguel-rios-celebra-40-anos-de-rock-and-rios\\\/\",\"name\":\"Miguel R\u00edos celebra 40 a\u00f1os de \u2018Rock and R\u00edos\u2019 - El Diario - Bolivia\",\"isPartOf\":{\"@id\":\"https:\\\/\\\/www.eldiario.net\\\/portal\\\/#website\"},\"primaryImageOfPage\":{\"@id\":\"https:\\\/\\\/www.eldiario.net\\\/portal\\\/2022\\\/03\\\/13\\\/miguel-rios-celebra-40-anos-de-rock-and-rios\\\/#primaryimage\"},\"image\":{\"@id\":\"https:\\\/\\\/www.eldiario.net\\\/portal\\\/2022\\\/03\\\/13\\\/miguel-rios-celebra-40-anos-de-rock-and-rios\\\/#primaryimage\"},\"thumbnailUrl\":\"https:\\\/\\\/www.eldiario.net\\\/portal\\\/wp-content\\\/uploads\\\/2022\\\/03\\\/MIGUEL.jpg\",\"datePublished\":\"2022-03-13T08:49:25+00:00\",\"breadcrumb\":{\"@id\":\"https:\\\/\\\/www.eldiario.net\\\/portal\\\/2022\\\/03\\\/13\\\/miguel-rios-celebra-40-anos-de-rock-and-rios\\\/#breadcrumb\"},\"inLanguage\":\"es\",\"potentialAction\":[{\"@type\":\"ReadAction\",\"target\":[\"https:\\\/\\\/www.eldiario.net\\\/portal\\\/2022\\\/03\\\/13\\\/miguel-rios-celebra-40-anos-de-rock-and-rios\\\/\"]}]},{\"@type\":\"ImageObject\",\"inLanguage\":\"es\",\"@id\":\"https:\\\/\\\/www.eldiario.net\\\/portal\\\/2022\\\/03\\\/13\\\/miguel-rios-celebra-40-anos-de-rock-and-rios\\\/#primaryimage\",\"url\":\"https:\\\/\\\/www.eldiario.net\\\/portal\\\/wp-content\\\/uploads\\\/2022\\\/03\\\/MIGUEL.jpg\",\"contentUrl\":\"https:\\\/\\\/www.eldiario.net\\\/portal\\\/wp-content\\\/uploads\\\/2022\\\/03\\\/MIGUEL.jpg\",\"width\":1320,\"height\":743,\"caption\":\"EL P\u00daBLICO EUF\u00d3RICO CELEBR\u00d3 EL REGRESO DE MIGUEL R\u00cdOS A LOS ESCENARIOS.\"},{\"@type\":\"BreadcrumbList\",\"@id\":\"https:\\\/\\\/www.eldiario.net\\\/portal\\\/2022\\\/03\\\/13\\\/miguel-rios-celebra-40-anos-de-rock-and-rios\\\/#breadcrumb\",\"itemListElement\":[{\"@type\":\"ListItem\",\"position\":1,\"name\":\"Portada\",\"item\":\"https:\\\/\\\/www.eldiario.net\\\/portal\\\/\"},{\"@type\":\"ListItem\",\"position\":2,\"name\":\"Miguel R\u00edos celebra 40 a\u00f1os de \u2018Rock and R\u00edos\u2019\"}]},{\"@type\":\"WebSite\",\"@id\":\"https:\\\/\\\/www.eldiario.net\\\/portal\\\/#website\",\"url\":\"https:\\\/\\\/www.eldiario.net\\\/portal\\\/\",\"name\":\"El Diario - Decano de la prensa nacional\",\"description\":\"El Diario - Decano de la prensa nacional\",\"publisher\":{\"@id\":\"https:\\\/\\\/www.eldiario.net\\\/portal\\\/#organization\"},\"potentialAction\":[{\"@type\":\"SearchAction\",\"target\":{\"@type\":\"EntryPoint\",\"urlTemplate\":\"https:\\\/\\\/www.eldiario.net\\\/portal\\\/?s={search_term_string}\"},\"query-input\":{\"@type\":\"PropertyValueSpecification\",\"valueRequired\":true,\"valueName\":\"search_term_string\"}}],\"inLanguage\":\"es\"},{\"@type\":\"Organization\",\"@id\":\"https:\\\/\\\/www.eldiario.net\\\/portal\\\/#organization\",\"name\":\"El Diario - Decano de la prensa nacional\",\"url\":\"https:\\\/\\\/www.eldiario.net\\\/portal\\\/\",\"logo\":{\"@type\":\"ImageObject\",\"inLanguage\":\"es\",\"@id\":\"https:\\\/\\\/www.eldiario.net\\\/portal\\\/#\\\/schema\\\/logo\\\/image\\\/\",\"url\":\"https:\\\/\\\/www.eldiario.net\\\/portal\\\/wp-content\\\/uploads\\\/2023\\\/07\\\/logo_ED.jpg\",\"contentUrl\":\"https:\\\/\\\/www.eldiario.net\\\/portal\\\/wp-content\\\/uploads\\\/2023\\\/07\\\/logo_ED.jpg\",\"width\":272,\"height\":52,\"caption\":\"El Diario - Decano de la prensa nacional\"},\"image\":{\"@id\":\"https:\\\/\\\/www.eldiario.net\\\/portal\\\/#\\\/schema\\\/logo\\\/image\\\/\"},\"sameAs\":[\"https:\\\/\\\/www.facebook.com\\\/eldiario.bolivia\\\/\",\"https:\\\/\\\/x.com\\\/eldiario_net\"]},{\"@type\":\"Person\",\"@id\":\"https:\\\/\\\/www.eldiario.net\\\/portal\\\/#\\\/schema\\\/person\\\/f46445640444750d7d753ccd04ae01b7\",\"name\":\"Jeanette\",\"image\":{\"@type\":\"ImageObject\",\"inLanguage\":\"es\",\"@id\":\"https:\\\/\\\/secure.gravatar.com\\\/avatar\\\/3ea2118a5f7dad2b7138b1187a6b7ee55f160b9968b66013c3a3ef39dd7e5798?s=96&d=mm&r=g\",\"url\":\"https:\\\/\\\/secure.gravatar.com\\\/avatar\\\/3ea2118a5f7dad2b7138b1187a6b7ee55f160b9968b66013c3a3ef39dd7e5798?s=96&d=mm&r=g\",\"contentUrl\":\"https:\\\/\\\/secure.gravatar.com\\\/avatar\\\/3ea2118a5f7dad2b7138b1187a6b7ee55f160b9968b66013c3a3ef39dd7e5798?s=96&d=mm&r=g\",\"caption\":\"Jeanette\"},\"sameAs\":[\"https:\\\/\\\/www.eldiario.net\\\/portal\"],\"url\":\"https:\\\/\\\/www.eldiario.net\\\/portal\\\/author\\\/jeanette\\\/\"}]}<\/script>\n<!-- \/ Yoast SEO plugin. -->","yoast_head_json":{"title":"Miguel R\u00edos celebra 40 a\u00f1os de \u2018Rock and R\u00edos\u2019 - El Diario - Bolivia","robots":{"index":"index","follow":"follow","max-snippet":"max-snippet:-1","max-image-preview":"max-image-preview:large","max-video-preview":"max-video-preview:-1"},"canonical":"https:\/\/www.eldiario.net\/portal\/2022\/03\/13\/miguel-rios-celebra-40-anos-de-rock-and-rios\/","og_locale":"es_ES","og_type":"article","og_title":"Miguel R\u00edos celebra 40 a\u00f1os de \u2018Rock and R\u00edos\u2019 - El Diario - Bolivia","og_description":"Hace 40 a\u00f1os Miguel R\u00edos ayud\u00f3 a la m\u00fasica espa\u00f1ola a dar un salto cualitativo con el espect\u00e1culo, \u201cRock &amp; R\u00edos\u201d, convertido en un t\u00f3tem para artistas de varias generaciones como V\u00edctor Manuel, Rosendo, Amaral o Vetusta Morla, que lo han reivindicado en otro concierto para el recuerdo. No fue en formato sentado, ni en [&hellip;]","og_url":"https:\/\/www.eldiario.net\/portal\/2022\/03\/13\/miguel-rios-celebra-40-anos-de-rock-and-rios\/","og_site_name":"El Diario - Bolivia","article_publisher":"https:\/\/www.facebook.com\/eldiario.bolivia\/","article_published_time":"2022-03-13T08:49:25+00:00","og_image":[{"width":1320,"height":743,"url":"https:\/\/www.eldiario.net\/portal\/wp-content\/uploads\/2022\/03\/MIGUEL.jpg","type":"image\/jpeg"}],"author":"Jeanette","twitter_card":"summary_large_image","twitter_creator":"@eldiario_net","twitter_site":"@eldiario_net","twitter_misc":{"Escrito por":"Jeanette","Tiempo de lectura":"3 minutos"},"schema":{"@context":"https:\/\/schema.org","@graph":[{"@type":"Article","@id":"https:\/\/www.eldiario.net\/portal\/2022\/03\/13\/miguel-rios-celebra-40-anos-de-rock-and-rios\/#article","isPartOf":{"@id":"https:\/\/www.eldiario.net\/portal\/2022\/03\/13\/miguel-rios-celebra-40-anos-de-rock-and-rios\/"},"author":{"name":"Jeanette","@id":"https:\/\/www.eldiario.net\/portal\/#\/schema\/person\/f46445640444750d7d753ccd04ae01b7"},"headline":"Miguel R\u00edos celebra 40 a\u00f1os de \u2018Rock and R\u00edos\u2019","datePublished":"2022-03-13T08:49:25+00:00","mainEntityOfPage":{"@id":"https:\/\/www.eldiario.net\/portal\/2022\/03\/13\/miguel-rios-celebra-40-anos-de-rock-and-rios\/"},"wordCount":548,"publisher":{"@id":"https:\/\/www.eldiario.net\/portal\/#organization"},"image":{"@id":"https:\/\/www.eldiario.net\/portal\/2022\/03\/13\/miguel-rios-celebra-40-anos-de-rock-and-rios\/#primaryimage"},"thumbnailUrl":"https:\/\/www.eldiario.net\/portal\/wp-content\/uploads\/2022\/03\/MIGUEL.jpg","articleSection":["Cultural"],"inLanguage":"es"},{"@type":"WebPage","@id":"https:\/\/www.eldiario.net\/portal\/2022\/03\/13\/miguel-rios-celebra-40-anos-de-rock-and-rios\/","url":"https:\/\/www.eldiario.net\/portal\/2022\/03\/13\/miguel-rios-celebra-40-anos-de-rock-and-rios\/","name":"Miguel R\u00edos celebra 40 a\u00f1os de \u2018Rock and R\u00edos\u2019 - El Diario - Bolivia","isPartOf":{"@id":"https:\/\/www.eldiario.net\/portal\/#website"},"primaryImageOfPage":{"@id":"https:\/\/www.eldiario.net\/portal\/2022\/03\/13\/miguel-rios-celebra-40-anos-de-rock-and-rios\/#primaryimage"},"image":{"@id":"https:\/\/www.eldiario.net\/portal\/2022\/03\/13\/miguel-rios-celebra-40-anos-de-rock-and-rios\/#primaryimage"},"thumbnailUrl":"https:\/\/www.eldiario.net\/portal\/wp-content\/uploads\/2022\/03\/MIGUEL.jpg","datePublished":"2022-03-13T08:49:25+00:00","breadcrumb":{"@id":"https:\/\/www.eldiario.net\/portal\/2022\/03\/13\/miguel-rios-celebra-40-anos-de-rock-and-rios\/#breadcrumb"},"inLanguage":"es","potentialAction":[{"@type":"ReadAction","target":["https:\/\/www.eldiario.net\/portal\/2022\/03\/13\/miguel-rios-celebra-40-anos-de-rock-and-rios\/"]}]},{"@type":"ImageObject","inLanguage":"es","@id":"https:\/\/www.eldiario.net\/portal\/2022\/03\/13\/miguel-rios-celebra-40-anos-de-rock-and-rios\/#primaryimage","url":"https:\/\/www.eldiario.net\/portal\/wp-content\/uploads\/2022\/03\/MIGUEL.jpg","contentUrl":"https:\/\/www.eldiario.net\/portal\/wp-content\/uploads\/2022\/03\/MIGUEL.jpg","width":1320,"height":743,"caption":"EL P\u00daBLICO EUF\u00d3RICO CELEBR\u00d3 EL REGRESO DE MIGUEL R\u00cdOS A LOS ESCENARIOS."},{"@type":"BreadcrumbList","@id":"https:\/\/www.eldiario.net\/portal\/2022\/03\/13\/miguel-rios-celebra-40-anos-de-rock-and-rios\/#breadcrumb","itemListElement":[{"@type":"ListItem","position":1,"name":"Portada","item":"https:\/\/www.eldiario.net\/portal\/"},{"@type":"ListItem","position":2,"name":"Miguel R\u00edos celebra 40 a\u00f1os de \u2018Rock and R\u00edos\u2019"}]},{"@type":"WebSite","@id":"https:\/\/www.eldiario.net\/portal\/#website","url":"https:\/\/www.eldiario.net\/portal\/","name":"El Diario - Decano de la prensa nacional","description":"El Diario - Decano de la prensa nacional","publisher":{"@id":"https:\/\/www.eldiario.net\/portal\/#organization"},"potentialAction":[{"@type":"SearchAction","target":{"@type":"EntryPoint","urlTemplate":"https:\/\/www.eldiario.net\/portal\/?s={search_term_string}"},"query-input":{"@type":"PropertyValueSpecification","valueRequired":true,"valueName":"search_term_string"}}],"inLanguage":"es"},{"@type":"Organization","@id":"https:\/\/www.eldiario.net\/portal\/#organization","name":"El Diario - Decano de la prensa nacional","url":"https:\/\/www.eldiario.net\/portal\/","logo":{"@type":"ImageObject","inLanguage":"es","@id":"https:\/\/www.eldiario.net\/portal\/#\/schema\/logo\/image\/","url":"https:\/\/www.eldiario.net\/portal\/wp-content\/uploads\/2023\/07\/logo_ED.jpg","contentUrl":"https:\/\/www.eldiario.net\/portal\/wp-content\/uploads\/2023\/07\/logo_ED.jpg","width":272,"height":52,"caption":"El Diario - Decano de la prensa nacional"},"image":{"@id":"https:\/\/www.eldiario.net\/portal\/#\/schema\/logo\/image\/"},"sameAs":["https:\/\/www.facebook.com\/eldiario.bolivia\/","https:\/\/x.com\/eldiario_net"]},{"@type":"Person","@id":"https:\/\/www.eldiario.net\/portal\/#\/schema\/person\/f46445640444750d7d753ccd04ae01b7","name":"Jeanette","image":{"@type":"ImageObject","inLanguage":"es","@id":"https:\/\/secure.gravatar.com\/avatar\/3ea2118a5f7dad2b7138b1187a6b7ee55f160b9968b66013c3a3ef39dd7e5798?s=96&d=mm&r=g","url":"https:\/\/secure.gravatar.com\/avatar\/3ea2118a5f7dad2b7138b1187a6b7ee55f160b9968b66013c3a3ef39dd7e5798?s=96&d=mm&r=g","contentUrl":"https:\/\/secure.gravatar.com\/avatar\/3ea2118a5f7dad2b7138b1187a6b7ee55f160b9968b66013c3a3ef39dd7e5798?s=96&d=mm&r=g","caption":"Jeanette"},"sameAs":["https:\/\/www.eldiario.net\/portal"],"url":"https:\/\/www.eldiario.net\/portal\/author\/jeanette\/"}]}},"_links":{"self":[{"href":"https:\/\/www.eldiario.net\/portal\/wp-json\/wp\/v2\/posts\/69184","targetHints":{"allow":["GET"]}}],"collection":[{"href":"https:\/\/www.eldiario.net\/portal\/wp-json\/wp\/v2\/posts"}],"about":[{"href":"https:\/\/www.eldiario.net\/portal\/wp-json\/wp\/v2\/types\/post"}],"author":[{"embeddable":true,"href":"https:\/\/www.eldiario.net\/portal\/wp-json\/wp\/v2\/users\/1"}],"replies":[{"embeddable":true,"href":"https:\/\/www.eldiario.net\/portal\/wp-json\/wp\/v2\/comments?post=69184"}],"version-history":[{"count":0,"href":"https:\/\/www.eldiario.net\/portal\/wp-json\/wp\/v2\/posts\/69184\/revisions"}],"wp:featuredmedia":[{"embeddable":true,"href":"https:\/\/www.eldiario.net\/portal\/wp-json\/wp\/v2\/media\/69185"}],"wp:attachment":[{"href":"https:\/\/www.eldiario.net\/portal\/wp-json\/wp\/v2\/media?parent=69184"}],"wp:term":[{"taxonomy":"category","embeddable":true,"href":"https:\/\/www.eldiario.net\/portal\/wp-json\/wp\/v2\/categories?post=69184"},{"taxonomy":"post_tag","embeddable":true,"href":"https:\/\/www.eldiario.net\/portal\/wp-json\/wp\/v2\/tags?post=69184"}],"curies":[{"name":"wp","href":"https:\/\/api.w.org\/{rel}","templated":true}]}}