{"id":69156,"date":"2022-03-13T04:33:57","date_gmt":"2022-03-13T08:33:57","guid":{"rendered":"https:\/\/www.eldiario.net\/portal\/?p=69156"},"modified":"2022-03-13T04:33:57","modified_gmt":"2022-03-13T08:33:57","slug":"construccion-y-minerales-elevaron-412-y-1-9514-aporte-tributario","status":"publish","type":"post","link":"https:\/\/www.eldiario.net\/portal\/2022\/03\/13\/construccion-y-minerales-elevaron-412-y-1-9514-aporte-tributario\/","title":{"rendered":"Construcci\u00f3n y minerales elevaron  41,2% y 1.951,4% aporte tributario"},"content":{"rendered":"<p>Los sectores de construcci\u00f3n y obras p\u00fablicas y minerales met\u00e1licos y no met\u00e1licos incrementaron un 41,2% y 1.951,4%, respectivamente, su aporte a la recaudaci\u00f3n tributaria del Mercado Interno (MI), hasta febrero de 2022, en comparaci\u00f3n al mismo per\u00edodo del a\u00f1o pasado, seg\u00fan informe de Servicio de Impuestos Nacionales (SIN).<\/p>\n<p>Seg\u00fan el presidente del Servicio de Impuestos Nacionales (SIN), Mario Caz\u00f3n, en el primer bimestre de 2021, el sector de minerales met\u00e1licos y no met\u00e1licos report\u00f3 una recaudaci\u00f3n de Bs 63,8 millones y construcci\u00f3n y obras p\u00fablicas, Bs 160,4 millones; mientras que para 2022 ambos rubros elevaron su aporte fiscal a Bs 1.308,5 millones y a Bs 226,4 millones.<\/p>\n<p>\u201cEl incremento del aporte tributario de estos y otros sectores es una se\u00f1al del dinamismo de la econom\u00eda boliviana, tras las medidas aplicadas por el Gobierno nacional para reactivar la demanda interna, impulsar el crecimiento econ\u00f3mico y reconstruir el Modelo Econ\u00f3mico Social Comunitario Productivo\u201d, se\u00f1al\u00f3.<\/p>\n<p>Detall\u00f3 que el sector papel y productos de papel elev\u00f3 el pago de impuestos un 36,1%, es decir que en el primer bimestre de 2021 aport\u00f3 Bs 30,9 millones y en 2022 Bs 42,1 millones.<\/p>\n<p>Petr\u00f3leo crudo y gas natural aport\u00f3 entre enero y febrero del a\u00f1o pasado Bs 228,1 millones y en 2022 increment\u00f3 el pago de tributos nacionales a Bs 270 millones, con una diferencia porcentual positiva del 18,4%.<\/p>\n<p>Servicios comunales, sociales y personales elev\u00f3 el pago de tributos de Bs 222,6 millones en 2021 a Bs 263 millones en 2022, con un crecimiento del 18,2%.<\/p>\n<p>El aporte tributario de servicios a las empresas se elev\u00f3 de Bs 335,1 millones a Bs 373,7 millones, con un crecimiento del 11,5%.<\/p>\n<p>Adem\u00e1s, el sector denominado transporte y almacenamiento elev\u00f3 el pago de tributos de Bs 179,8 millones a Bs 207,1 millones, con un incremento del 15,1%; y comunicaciones, de Bs 214,9 millones a Bs 234,8 millones, con una elevaci\u00f3n del 9,3%.<\/p>\n<p>&nbsp;<\/p>\n","protected":false},"excerpt":{"rendered":"<p>Los sectores de construcci\u00f3n y obras p\u00fablicas y minerales met\u00e1licos y no met\u00e1licos incrementaron un 41,2% y 1.951,4%, respectivamente, su aporte a la recaudaci\u00f3n tributaria del Mercado Interno (MI), hasta febrero de 2022, en comparaci\u00f3n al mismo per\u00edodo del a\u00f1o pasado, seg\u00fan informe de Servicio de Impuestos Nacionales (SIN). Seg\u00fan el presidente del Servicio de [&hellip;]<\/p>\n","protected":false},"author":1,"featured_media":69157,"comment_status":"closed","ping_status":"closed","sticky":false,"template":"","format":"standard","meta":{"_acf_changed":false,"footnotes":""},"categories":[7],"tags":[],"class_list":["post-69156","post","type-post","status-publish","format-standard","has-post-thumbnail","category-economia"],"acf":{"antetitulo":""},"yoast_head":"<!-- This site is optimized with the Yoast SEO plugin v28.3 - https:\/\/yoast.com\/product\/yoast-seo-wordpress\/ -->\n<title>Construcci\u00f3n y minerales elevaron 41,2% y 1.951,4% aporte tributario - El Diario - Bolivia<\/title>\n<meta name=\"robots\" content=\"index, follow, max-snippet:-1, max-image-preview:large, max-video-preview:-1\" \/>\n<link rel=\"canonical\" href=\"https:\/\/www.eldiario.net\/portal\/2022\/03\/13\/construccion-y-minerales-elevaron-412-y-1-9514-aporte-tributario\/\" \/>\n<meta property=\"og:locale\" content=\"es_ES\" \/>\n<meta property=\"og:type\" content=\"article\" \/>\n<meta property=\"og:title\" content=\"Construcci\u00f3n y minerales elevaron 41,2% y 1.951,4% aporte tributario - El Diario - Bolivia\" \/>\n<meta property=\"og:description\" content=\"Los sectores de construcci\u00f3n y obras p\u00fablicas y minerales met\u00e1licos y no met\u00e1licos incrementaron un 41,2% y 1.951,4%, respectivamente, su aporte a la recaudaci\u00f3n tributaria del Mercado Interno (MI), hasta febrero de 2022, en comparaci\u00f3n al mismo per\u00edodo del a\u00f1o pasado, seg\u00fan informe de Servicio de Impuestos Nacionales (SIN). Seg\u00fan el presidente del Servicio de [&hellip;]\" \/>\n<meta property=\"og:url\" content=\"https:\/\/www.eldiario.net\/portal\/2022\/03\/13\/construccion-y-minerales-elevaron-412-y-1-9514-aporte-tributario\/\" \/>\n<meta property=\"og:site_name\" content=\"El Diario - Bolivia\" \/>\n<meta property=\"article:publisher\" content=\"https:\/\/www.facebook.com\/eldiario.bolivia\/\" \/>\n<meta property=\"article:published_time\" content=\"2022-03-13T08:33:57+00:00\" \/>\n<meta name=\"author\" content=\"Jeanette\" \/>\n<meta name=\"twitter:card\" content=\"summary_large_image\" \/>\n<meta name=\"twitter:creator\" content=\"@eldiario_net\" \/>\n<meta name=\"twitter:site\" content=\"@eldiario_net\" \/>\n<meta name=\"twitter:label1\" content=\"Escrito por\" \/>\n\t<meta name=\"twitter:data1\" content=\"Jeanette\" \/>\n\t<meta name=\"twitter:label2\" content=\"Tiempo de lectura\" \/>\n\t<meta name=\"twitter:data2\" content=\"2 minutos\" \/>\n<script type=\"application\/ld+json\" class=\"yoast-schema-graph\">{\"@context\":\"https:\\\/\\\/schema.org\",\"@graph\":[{\"@type\":\"Article\",\"@id\":\"https:\\\/\\\/www.eldiario.net\\\/portal\\\/2022\\\/03\\\/13\\\/construccion-y-minerales-elevaron-412-y-1-9514-aporte-tributario\\\/#article\",\"isPartOf\":{\"@id\":\"https:\\\/\\\/www.eldiario.net\\\/portal\\\/2022\\\/03\\\/13\\\/construccion-y-minerales-elevaron-412-y-1-9514-aporte-tributario\\\/\"},\"author\":{\"name\":\"Jeanette\",\"@id\":\"https:\\\/\\\/www.eldiario.net\\\/portal\\\/#\\\/schema\\\/person\\\/f46445640444750d7d753ccd04ae01b7\"},\"headline\":\"Construcci\u00f3n y minerales elevaron 41,2% y 1.951,4% aporte tributario\",\"datePublished\":\"2022-03-13T08:33:57+00:00\",\"mainEntityOfPage\":{\"@id\":\"https:\\\/\\\/www.eldiario.net\\\/portal\\\/2022\\\/03\\\/13\\\/construccion-y-minerales-elevaron-412-y-1-9514-aporte-tributario\\\/\"},\"wordCount\":316,\"publisher\":{\"@id\":\"https:\\\/\\\/www.eldiario.net\\\/portal\\\/#organization\"},\"image\":{\"@id\":\"https:\\\/\\\/www.eldiario.net\\\/portal\\\/2022\\\/03\\\/13\\\/construccion-y-minerales-elevaron-412-y-1-9514-aporte-tributario\\\/#primaryimage\"},\"thumbnailUrl\":\"\",\"articleSection\":[\"Econom\u00eda\"],\"inLanguage\":\"es\"},{\"@type\":\"WebPage\",\"@id\":\"https:\\\/\\\/www.eldiario.net\\\/portal\\\/2022\\\/03\\\/13\\\/construccion-y-minerales-elevaron-412-y-1-9514-aporte-tributario\\\/\",\"url\":\"https:\\\/\\\/www.eldiario.net\\\/portal\\\/2022\\\/03\\\/13\\\/construccion-y-minerales-elevaron-412-y-1-9514-aporte-tributario\\\/\",\"name\":\"Construcci\u00f3n y minerales elevaron 41,2% y 1.951,4% aporte tributario - El Diario - Bolivia\",\"isPartOf\":{\"@id\":\"https:\\\/\\\/www.eldiario.net\\\/portal\\\/#website\"},\"primaryImageOfPage\":{\"@id\":\"https:\\\/\\\/www.eldiario.net\\\/portal\\\/2022\\\/03\\\/13\\\/construccion-y-minerales-elevaron-412-y-1-9514-aporte-tributario\\\/#primaryimage\"},\"image\":{\"@id\":\"https:\\\/\\\/www.eldiario.net\\\/portal\\\/2022\\\/03\\\/13\\\/construccion-y-minerales-elevaron-412-y-1-9514-aporte-tributario\\\/#primaryimage\"},\"thumbnailUrl\":\"\",\"datePublished\":\"2022-03-13T08:33:57+00:00\",\"breadcrumb\":{\"@id\":\"https:\\\/\\\/www.eldiario.net\\\/portal\\\/2022\\\/03\\\/13\\\/construccion-y-minerales-elevaron-412-y-1-9514-aporte-tributario\\\/#breadcrumb\"},\"inLanguage\":\"es\",\"potentialAction\":[{\"@type\":\"ReadAction\",\"target\":[\"https:\\\/\\\/www.eldiario.net\\\/portal\\\/2022\\\/03\\\/13\\\/construccion-y-minerales-elevaron-412-y-1-9514-aporte-tributario\\\/\"]}]},{\"@type\":\"ImageObject\",\"inLanguage\":\"es\",\"@id\":\"https:\\\/\\\/www.eldiario.net\\\/portal\\\/2022\\\/03\\\/13\\\/construccion-y-minerales-elevaron-412-y-1-9514-aporte-tributario\\\/#primaryimage\",\"url\":\"\",\"contentUrl\":\"\"},{\"@type\":\"BreadcrumbList\",\"@id\":\"https:\\\/\\\/www.eldiario.net\\\/portal\\\/2022\\\/03\\\/13\\\/construccion-y-minerales-elevaron-412-y-1-9514-aporte-tributario\\\/#breadcrumb\",\"itemListElement\":[{\"@type\":\"ListItem\",\"position\":1,\"name\":\"Portada\",\"item\":\"https:\\\/\\\/www.eldiario.net\\\/portal\\\/\"},{\"@type\":\"ListItem\",\"position\":2,\"name\":\"Construcci\u00f3n y minerales elevaron 41,2% y 1.951,4% aporte tributario\"}]},{\"@type\":\"WebSite\",\"@id\":\"https:\\\/\\\/www.eldiario.net\\\/portal\\\/#website\",\"url\":\"https:\\\/\\\/www.eldiario.net\\\/portal\\\/\",\"name\":\"El Diario - Decano de la prensa nacional\",\"description\":\"El Diario - Decano de la prensa nacional\",\"publisher\":{\"@id\":\"https:\\\/\\\/www.eldiario.net\\\/portal\\\/#organization\"},\"potentialAction\":[{\"@type\":\"SearchAction\",\"target\":{\"@type\":\"EntryPoint\",\"urlTemplate\":\"https:\\\/\\\/www.eldiario.net\\\/portal\\\/?s={search_term_string}\"},\"query-input\":{\"@type\":\"PropertyValueSpecification\",\"valueRequired\":true,\"valueName\":\"search_term_string\"}}],\"inLanguage\":\"es\"},{\"@type\":\"Organization\",\"@id\":\"https:\\\/\\\/www.eldiario.net\\\/portal\\\/#organization\",\"name\":\"El Diario - Decano de la prensa nacional\",\"url\":\"https:\\\/\\\/www.eldiario.net\\\/portal\\\/\",\"logo\":{\"@type\":\"ImageObject\",\"inLanguage\":\"es\",\"@id\":\"https:\\\/\\\/www.eldiario.net\\\/portal\\\/#\\\/schema\\\/logo\\\/image\\\/\",\"url\":\"https:\\\/\\\/www.eldiario.net\\\/portal\\\/wp-content\\\/uploads\\\/2023\\\/07\\\/logo_ED.jpg\",\"contentUrl\":\"https:\\\/\\\/www.eldiario.net\\\/portal\\\/wp-content\\\/uploads\\\/2023\\\/07\\\/logo_ED.jpg\",\"width\":272,\"height\":52,\"caption\":\"El Diario - Decano de la prensa nacional\"},\"image\":{\"@id\":\"https:\\\/\\\/www.eldiario.net\\\/portal\\\/#\\\/schema\\\/logo\\\/image\\\/\"},\"sameAs\":[\"https:\\\/\\\/www.facebook.com\\\/eldiario.bolivia\\\/\",\"https:\\\/\\\/x.com\\\/eldiario_net\"]},{\"@type\":\"Person\",\"@id\":\"https:\\\/\\\/www.eldiario.net\\\/portal\\\/#\\\/schema\\\/person\\\/f46445640444750d7d753ccd04ae01b7\",\"name\":\"Jeanette\",\"image\":{\"@type\":\"ImageObject\",\"inLanguage\":\"es\",\"@id\":\"https:\\\/\\\/secure.gravatar.com\\\/avatar\\\/3ea2118a5f7dad2b7138b1187a6b7ee55f160b9968b66013c3a3ef39dd7e5798?s=96&d=mm&r=g\",\"url\":\"https:\\\/\\\/secure.gravatar.com\\\/avatar\\\/3ea2118a5f7dad2b7138b1187a6b7ee55f160b9968b66013c3a3ef39dd7e5798?s=96&d=mm&r=g\",\"contentUrl\":\"https:\\\/\\\/secure.gravatar.com\\\/avatar\\\/3ea2118a5f7dad2b7138b1187a6b7ee55f160b9968b66013c3a3ef39dd7e5798?s=96&d=mm&r=g\",\"caption\":\"Jeanette\"},\"sameAs\":[\"https:\\\/\\\/www.eldiario.net\\\/portal\"],\"url\":\"https:\\\/\\\/www.eldiario.net\\\/portal\\\/author\\\/jeanette\\\/\"}]}<\/script>\n<!-- \/ Yoast SEO plugin. -->","yoast_head_json":{"title":"Construcci\u00f3n y minerales elevaron 41,2% y 1.951,4% aporte tributario - El Diario - Bolivia","robots":{"index":"index","follow":"follow","max-snippet":"max-snippet:-1","max-image-preview":"max-image-preview:large","max-video-preview":"max-video-preview:-1"},"canonical":"https:\/\/www.eldiario.net\/portal\/2022\/03\/13\/construccion-y-minerales-elevaron-412-y-1-9514-aporte-tributario\/","og_locale":"es_ES","og_type":"article","og_title":"Construcci\u00f3n y minerales elevaron 41,2% y 1.951,4% aporte tributario - El Diario - Bolivia","og_description":"Los sectores de construcci\u00f3n y obras p\u00fablicas y minerales met\u00e1licos y no met\u00e1licos incrementaron un 41,2% y 1.951,4%, respectivamente, su aporte a la recaudaci\u00f3n tributaria del Mercado Interno (MI), hasta febrero de 2022, en comparaci\u00f3n al mismo per\u00edodo del a\u00f1o pasado, seg\u00fan informe de Servicio de Impuestos Nacionales (SIN). Seg\u00fan el presidente del Servicio de [&hellip;]","og_url":"https:\/\/www.eldiario.net\/portal\/2022\/03\/13\/construccion-y-minerales-elevaron-412-y-1-9514-aporte-tributario\/","og_site_name":"El Diario - Bolivia","article_publisher":"https:\/\/www.facebook.com\/eldiario.bolivia\/","article_published_time":"2022-03-13T08:33:57+00:00","author":"Jeanette","twitter_card":"summary_large_image","twitter_creator":"@eldiario_net","twitter_site":"@eldiario_net","twitter_misc":{"Escrito por":"Jeanette","Tiempo de lectura":"2 minutos"},"schema":{"@context":"https:\/\/schema.org","@graph":[{"@type":"Article","@id":"https:\/\/www.eldiario.net\/portal\/2022\/03\/13\/construccion-y-minerales-elevaron-412-y-1-9514-aporte-tributario\/#article","isPartOf":{"@id":"https:\/\/www.eldiario.net\/portal\/2022\/03\/13\/construccion-y-minerales-elevaron-412-y-1-9514-aporte-tributario\/"},"author":{"name":"Jeanette","@id":"https:\/\/www.eldiario.net\/portal\/#\/schema\/person\/f46445640444750d7d753ccd04ae01b7"},"headline":"Construcci\u00f3n y minerales elevaron 41,2% y 1.951,4% aporte tributario","datePublished":"2022-03-13T08:33:57+00:00","mainEntityOfPage":{"@id":"https:\/\/www.eldiario.net\/portal\/2022\/03\/13\/construccion-y-minerales-elevaron-412-y-1-9514-aporte-tributario\/"},"wordCount":316,"publisher":{"@id":"https:\/\/www.eldiario.net\/portal\/#organization"},"image":{"@id":"https:\/\/www.eldiario.net\/portal\/2022\/03\/13\/construccion-y-minerales-elevaron-412-y-1-9514-aporte-tributario\/#primaryimage"},"thumbnailUrl":"","articleSection":["Econom\u00eda"],"inLanguage":"es"},{"@type":"WebPage","@id":"https:\/\/www.eldiario.net\/portal\/2022\/03\/13\/construccion-y-minerales-elevaron-412-y-1-9514-aporte-tributario\/","url":"https:\/\/www.eldiario.net\/portal\/2022\/03\/13\/construccion-y-minerales-elevaron-412-y-1-9514-aporte-tributario\/","name":"Construcci\u00f3n y minerales elevaron 41,2% y 1.951,4% aporte tributario - El Diario - Bolivia","isPartOf":{"@id":"https:\/\/www.eldiario.net\/portal\/#website"},"primaryImageOfPage":{"@id":"https:\/\/www.eldiario.net\/portal\/2022\/03\/13\/construccion-y-minerales-elevaron-412-y-1-9514-aporte-tributario\/#primaryimage"},"image":{"@id":"https:\/\/www.eldiario.net\/portal\/2022\/03\/13\/construccion-y-minerales-elevaron-412-y-1-9514-aporte-tributario\/#primaryimage"},"thumbnailUrl":"","datePublished":"2022-03-13T08:33:57+00:00","breadcrumb":{"@id":"https:\/\/www.eldiario.net\/portal\/2022\/03\/13\/construccion-y-minerales-elevaron-412-y-1-9514-aporte-tributario\/#breadcrumb"},"inLanguage":"es","potentialAction":[{"@type":"ReadAction","target":["https:\/\/www.eldiario.net\/portal\/2022\/03\/13\/construccion-y-minerales-elevaron-412-y-1-9514-aporte-tributario\/"]}]},{"@type":"ImageObject","inLanguage":"es","@id":"https:\/\/www.eldiario.net\/portal\/2022\/03\/13\/construccion-y-minerales-elevaron-412-y-1-9514-aporte-tributario\/#primaryimage","url":"","contentUrl":""},{"@type":"BreadcrumbList","@id":"https:\/\/www.eldiario.net\/portal\/2022\/03\/13\/construccion-y-minerales-elevaron-412-y-1-9514-aporte-tributario\/#breadcrumb","itemListElement":[{"@type":"ListItem","position":1,"name":"Portada","item":"https:\/\/www.eldiario.net\/portal\/"},{"@type":"ListItem","position":2,"name":"Construcci\u00f3n y minerales elevaron 41,2% y 1.951,4% aporte tributario"}]},{"@type":"WebSite","@id":"https:\/\/www.eldiario.net\/portal\/#website","url":"https:\/\/www.eldiario.net\/portal\/","name":"El Diario - Decano de la prensa nacional","description":"El Diario - Decano de la prensa nacional","publisher":{"@id":"https:\/\/www.eldiario.net\/portal\/#organization"},"potentialAction":[{"@type":"SearchAction","target":{"@type":"EntryPoint","urlTemplate":"https:\/\/www.eldiario.net\/portal\/?s={search_term_string}"},"query-input":{"@type":"PropertyValueSpecification","valueRequired":true,"valueName":"search_term_string"}}],"inLanguage":"es"},{"@type":"Organization","@id":"https:\/\/www.eldiario.net\/portal\/#organization","name":"El Diario - Decano de la prensa nacional","url":"https:\/\/www.eldiario.net\/portal\/","logo":{"@type":"ImageObject","inLanguage":"es","@id":"https:\/\/www.eldiario.net\/portal\/#\/schema\/logo\/image\/","url":"https:\/\/www.eldiario.net\/portal\/wp-content\/uploads\/2023\/07\/logo_ED.jpg","contentUrl":"https:\/\/www.eldiario.net\/portal\/wp-content\/uploads\/2023\/07\/logo_ED.jpg","width":272,"height":52,"caption":"El Diario - Decano de la prensa nacional"},"image":{"@id":"https:\/\/www.eldiario.net\/portal\/#\/schema\/logo\/image\/"},"sameAs":["https:\/\/www.facebook.com\/eldiario.bolivia\/","https:\/\/x.com\/eldiario_net"]},{"@type":"Person","@id":"https:\/\/www.eldiario.net\/portal\/#\/schema\/person\/f46445640444750d7d753ccd04ae01b7","name":"Jeanette","image":{"@type":"ImageObject","inLanguage":"es","@id":"https:\/\/secure.gravatar.com\/avatar\/3ea2118a5f7dad2b7138b1187a6b7ee55f160b9968b66013c3a3ef39dd7e5798?s=96&d=mm&r=g","url":"https:\/\/secure.gravatar.com\/avatar\/3ea2118a5f7dad2b7138b1187a6b7ee55f160b9968b66013c3a3ef39dd7e5798?s=96&d=mm&r=g","contentUrl":"https:\/\/secure.gravatar.com\/avatar\/3ea2118a5f7dad2b7138b1187a6b7ee55f160b9968b66013c3a3ef39dd7e5798?s=96&d=mm&r=g","caption":"Jeanette"},"sameAs":["https:\/\/www.eldiario.net\/portal"],"url":"https:\/\/www.eldiario.net\/portal\/author\/jeanette\/"}]}},"_links":{"self":[{"href":"https:\/\/www.eldiario.net\/portal\/wp-json\/wp\/v2\/posts\/69156","targetHints":{"allow":["GET"]}}],"collection":[{"href":"https:\/\/www.eldiario.net\/portal\/wp-json\/wp\/v2\/posts"}],"about":[{"href":"https:\/\/www.eldiario.net\/portal\/wp-json\/wp\/v2\/types\/post"}],"author":[{"embeddable":true,"href":"https:\/\/www.eldiario.net\/portal\/wp-json\/wp\/v2\/users\/1"}],"replies":[{"embeddable":true,"href":"https:\/\/www.eldiario.net\/portal\/wp-json\/wp\/v2\/comments?post=69156"}],"version-history":[{"count":0,"href":"https:\/\/www.eldiario.net\/portal\/wp-json\/wp\/v2\/posts\/69156\/revisions"}],"wp:attachment":[{"href":"https:\/\/www.eldiario.net\/portal\/wp-json\/wp\/v2\/media?parent=69156"}],"wp:term":[{"taxonomy":"category","embeddable":true,"href":"https:\/\/www.eldiario.net\/portal\/wp-json\/wp\/v2\/categories?post=69156"},{"taxonomy":"post_tag","embeddable":true,"href":"https:\/\/www.eldiario.net\/portal\/wp-json\/wp\/v2\/tags?post=69156"}],"curies":[{"name":"wp","href":"https:\/\/api.w.org\/{rel}","templated":true}]}}