{"id":69146,"date":"2022-03-13T04:26:35","date_gmt":"2022-03-13T08:26:35","guid":{"rendered":"https:\/\/www.eldiario.net\/portal\/?p=69146"},"modified":"2022-03-13T04:26:35","modified_gmt":"2022-03-13T08:26:35","slug":"dellien-es-finalista-del-challenger-de-santiago","status":"publish","type":"post","link":"https:\/\/www.eldiario.net\/portal\/2022\/03\/13\/dellien-es-finalista-del-challenger-de-santiago\/","title":{"rendered":"Dellien es finalista del Challenger de Santiago"},"content":{"rendered":"<p>Luego de una dura batalla de m\u00e1s de 3 horas el boliviano Hugo Dellien se clasific\u00f3 a la final del Challenger de Santiago tras vencer ayer en semifinales al argentino Tom\u00e1s Etcheverry: 6-3, 6-7(3) y 6-4. El domingo buscar\u00e1 conquistar su segundo t\u00edtulo en este torneo.<br \/>\nDellien, tercer sembrado de la competici\u00f3n, y Etcheverry, quinto, se enfrentaron por primera vez en la historia de su carrera deportiva dentro del circuito profesional.<br \/>\nLa cancha central del Club Manquehue fue escenario de un partido bastante disputado que mostr\u00f3 los dos lados de la moneda para ambos tenistas: buenos y malos.<br \/>\nEL PARTIDO<br \/>\nEl primer set lo gan\u00f3 el boliviano por 6-3 despu\u00e9s de quebrarle el servicio al argentino.<br \/>\nLa segunda cancha fue m\u00e1s pareja, pues en esta ocasi\u00f3n Etcheverry mostr\u00f3 un juego m\u00e1s ofensivo que perjudic\u00f3 a Dellien y por ello se tuvo que definir en tie break (muerte s\u00fabita), instancia en la que el argentino sali\u00f3 vencedor 7-6(3).<br \/>\nEl tercer set tuvo de todo. Primero el nacido en Trinidad se puso arriba en el marcador por 4-2, pero luego lleg\u00f3 la reacci\u00f3n de su contrincante para igualar el resultado (4-4).<br \/>\nAh\u00ed se disput\u00f3 el punto clave del partido, pues Dellien hizo respetar su saque al ganar (5-4) y luego logr\u00f3 romperle el servicio a Etcheverry para ganar el compromiso (6-4) ante la algarab\u00eda de la afici\u00f3n que estuvo de lado del boliviano. El duelo dur\u00f3 3 horas y 17 minutos de juego.<br \/>\nPOR LA SEGUNDA<br \/>\nDellien ya sabe lo que es jugar finales en este certamen, pues en 2019 se llev\u00f3 la corona tras vencer en la final a Tung-Lin Wu de Taip\u00e9i: 5-7, 7-6(1) y 6-1.<br \/>\nLA FINAL<br \/>\nEl tenista nacional se medir\u00e1 en la final del Open de Santiago frente al chileno Alejandro Tabilo, quien derrot\u00f3 en semifinales ayer a Juan Pablo Varillas (Per\u00fa) por 7-6 y 6-1. Dellien no podr\u00e1 tener revancha frente al peruano, quien lo elimin\u00f3 en otros torneos, adem\u00e1s a la selecci\u00f3n en la Copa Davis la semana pasada.<br \/>\nTOP 100<br \/>\nEl boliviano, de ganar esta final en Chile, podr\u00e1 ascender una vez m\u00e1s dentro del top 100 del ranking de la Asociaci\u00f3n de Tenista Profesionales, ATP. Su mejor ubicaci\u00f3n fue 76 hace dos a\u00f1os.<\/p>\n<p>101 EN EL RANKING Hugo Dellien apunta a entrar en el top100 de la clasificaci\u00f3n de la ATP. De ser campe\u00f3n podr\u00e1 ascender.<\/p>\n<p><strong>ERWIN QUISPE PERCA<\/strong><\/p>\n<p><a href=\"https:\/\/www.eldiario.net\/portal\/wp-content\/uploads\/2022\/03\/pag-7-foto-2-5.jpg\"><img loading=\"lazy\" decoding=\"async\" class=\"aligncenter size-medium wp-image-69148\" src=\"https:\/\/www.eldiario.net\/portal\/wp-content\/uploads\/2022\/03\/pag-7-foto-2-5-300x200.jpg\" alt=\"\" width=\"300\" height=\"200\" \/><\/a><\/p>\n","protected":false},"excerpt":{"rendered":"<p>Luego de una dura batalla de m\u00e1s de 3 horas el boliviano Hugo Dellien se clasific\u00f3 a la final del Challenger de Santiago tras vencer ayer en semifinales al argentino Tom\u00e1s Etcheverry: 6-3, 6-7(3) y 6-4. El domingo buscar\u00e1 conquistar su segundo t\u00edtulo en este torneo. Dellien, tercer sembrado de la competici\u00f3n, y Etcheverry, quinto, [&hellip;]<\/p>\n","protected":false},"author":1,"featured_media":69147,"comment_status":"closed","ping_status":"closed","sticky":false,"template":"","format":"standard","meta":{"_acf_changed":false,"footnotes":""},"categories":[6],"tags":[],"class_list":["post-69146","post","type-post","status-publish","format-standard","has-post-thumbnail","category-deportes"],"acf":{"antetitulo":""},"yoast_head":"<!-- This site is optimized with the Yoast SEO plugin v28.3 - https:\/\/yoast.com\/product\/yoast-seo-wordpress\/ -->\n<title>Dellien es finalista del Challenger de Santiago - El Diario - Bolivia<\/title>\n<meta name=\"robots\" content=\"index, follow, max-snippet:-1, max-image-preview:large, max-video-preview:-1\" \/>\n<link rel=\"canonical\" href=\"https:\/\/www.eldiario.net\/portal\/2022\/03\/13\/dellien-es-finalista-del-challenger-de-santiago\/\" \/>\n<meta property=\"og:locale\" content=\"es_ES\" \/>\n<meta property=\"og:type\" content=\"article\" \/>\n<meta property=\"og:title\" content=\"Dellien es finalista del Challenger de Santiago - El Diario - Bolivia\" \/>\n<meta property=\"og:description\" content=\"Luego de una dura batalla de m\u00e1s de 3 horas el boliviano Hugo Dellien se clasific\u00f3 a la final del Challenger de Santiago tras vencer ayer en semifinales al argentino Tom\u00e1s Etcheverry: 6-3, 6-7(3) y 6-4. El domingo buscar\u00e1 conquistar su segundo t\u00edtulo en este torneo. Dellien, tercer sembrado de la competici\u00f3n, y Etcheverry, quinto, [&hellip;]\" \/>\n<meta property=\"og:url\" content=\"https:\/\/www.eldiario.net\/portal\/2022\/03\/13\/dellien-es-finalista-del-challenger-de-santiago\/\" \/>\n<meta property=\"og:site_name\" content=\"El Diario - Bolivia\" \/>\n<meta property=\"article:publisher\" content=\"https:\/\/www.facebook.com\/eldiario.bolivia\/\" \/>\n<meta property=\"article:published_time\" content=\"2022-03-13T08:26:35+00:00\" \/>\n<meta name=\"author\" content=\"Jeanette\" \/>\n<meta name=\"twitter:card\" content=\"summary_large_image\" \/>\n<meta name=\"twitter:creator\" content=\"@eldiario_net\" \/>\n<meta name=\"twitter:site\" content=\"@eldiario_net\" \/>\n<meta name=\"twitter:label1\" content=\"Escrito por\" \/>\n\t<meta name=\"twitter:data1\" content=\"Jeanette\" \/>\n\t<meta name=\"twitter:label2\" content=\"Tiempo de lectura\" \/>\n\t<meta name=\"twitter:data2\" content=\"3 minutos\" \/>\n<script type=\"application\/ld+json\" class=\"yoast-schema-graph\">{\"@context\":\"https:\\\/\\\/schema.org\",\"@graph\":[{\"@type\":\"Article\",\"@id\":\"https:\\\/\\\/www.eldiario.net\\\/portal\\\/2022\\\/03\\\/13\\\/dellien-es-finalista-del-challenger-de-santiago\\\/#article\",\"isPartOf\":{\"@id\":\"https:\\\/\\\/www.eldiario.net\\\/portal\\\/2022\\\/03\\\/13\\\/dellien-es-finalista-del-challenger-de-santiago\\\/\"},\"author\":{\"name\":\"Jeanette\",\"@id\":\"https:\\\/\\\/www.eldiario.net\\\/portal\\\/#\\\/schema\\\/person\\\/f46445640444750d7d753ccd04ae01b7\"},\"headline\":\"Dellien es finalista del Challenger de Santiago\",\"datePublished\":\"2022-03-13T08:26:35+00:00\",\"mainEntityOfPage\":{\"@id\":\"https:\\\/\\\/www.eldiario.net\\\/portal\\\/2022\\\/03\\\/13\\\/dellien-es-finalista-del-challenger-de-santiago\\\/\"},\"wordCount\":416,\"publisher\":{\"@id\":\"https:\\\/\\\/www.eldiario.net\\\/portal\\\/#organization\"},\"image\":{\"@id\":\"https:\\\/\\\/www.eldiario.net\\\/portal\\\/2022\\\/03\\\/13\\\/dellien-es-finalista-del-challenger-de-santiago\\\/#primaryimage\"},\"thumbnailUrl\":\"\",\"articleSection\":[\"Deportes\"],\"inLanguage\":\"es\"},{\"@type\":\"WebPage\",\"@id\":\"https:\\\/\\\/www.eldiario.net\\\/portal\\\/2022\\\/03\\\/13\\\/dellien-es-finalista-del-challenger-de-santiago\\\/\",\"url\":\"https:\\\/\\\/www.eldiario.net\\\/portal\\\/2022\\\/03\\\/13\\\/dellien-es-finalista-del-challenger-de-santiago\\\/\",\"name\":\"Dellien es finalista del Challenger de Santiago - El Diario - Bolivia\",\"isPartOf\":{\"@id\":\"https:\\\/\\\/www.eldiario.net\\\/portal\\\/#website\"},\"primaryImageOfPage\":{\"@id\":\"https:\\\/\\\/www.eldiario.net\\\/portal\\\/2022\\\/03\\\/13\\\/dellien-es-finalista-del-challenger-de-santiago\\\/#primaryimage\"},\"image\":{\"@id\":\"https:\\\/\\\/www.eldiario.net\\\/portal\\\/2022\\\/03\\\/13\\\/dellien-es-finalista-del-challenger-de-santiago\\\/#primaryimage\"},\"thumbnailUrl\":\"\",\"datePublished\":\"2022-03-13T08:26:35+00:00\",\"breadcrumb\":{\"@id\":\"https:\\\/\\\/www.eldiario.net\\\/portal\\\/2022\\\/03\\\/13\\\/dellien-es-finalista-del-challenger-de-santiago\\\/#breadcrumb\"},\"inLanguage\":\"es\",\"potentialAction\":[{\"@type\":\"ReadAction\",\"target\":[\"https:\\\/\\\/www.eldiario.net\\\/portal\\\/2022\\\/03\\\/13\\\/dellien-es-finalista-del-challenger-de-santiago\\\/\"]}]},{\"@type\":\"ImageObject\",\"inLanguage\":\"es\",\"@id\":\"https:\\\/\\\/www.eldiario.net\\\/portal\\\/2022\\\/03\\\/13\\\/dellien-es-finalista-del-challenger-de-santiago\\\/#primaryimage\",\"url\":\"\",\"contentUrl\":\"\"},{\"@type\":\"BreadcrumbList\",\"@id\":\"https:\\\/\\\/www.eldiario.net\\\/portal\\\/2022\\\/03\\\/13\\\/dellien-es-finalista-del-challenger-de-santiago\\\/#breadcrumb\",\"itemListElement\":[{\"@type\":\"ListItem\",\"position\":1,\"name\":\"Portada\",\"item\":\"https:\\\/\\\/www.eldiario.net\\\/portal\\\/\"},{\"@type\":\"ListItem\",\"position\":2,\"name\":\"Dellien es finalista del Challenger de Santiago\"}]},{\"@type\":\"WebSite\",\"@id\":\"https:\\\/\\\/www.eldiario.net\\\/portal\\\/#website\",\"url\":\"https:\\\/\\\/www.eldiario.net\\\/portal\\\/\",\"name\":\"El Diario - Decano de la prensa nacional\",\"description\":\"El Diario - Decano de la prensa nacional\",\"publisher\":{\"@id\":\"https:\\\/\\\/www.eldiario.net\\\/portal\\\/#organization\"},\"potentialAction\":[{\"@type\":\"SearchAction\",\"target\":{\"@type\":\"EntryPoint\",\"urlTemplate\":\"https:\\\/\\\/www.eldiario.net\\\/portal\\\/?s={search_term_string}\"},\"query-input\":{\"@type\":\"PropertyValueSpecification\",\"valueRequired\":true,\"valueName\":\"search_term_string\"}}],\"inLanguage\":\"es\"},{\"@type\":\"Organization\",\"@id\":\"https:\\\/\\\/www.eldiario.net\\\/portal\\\/#organization\",\"name\":\"El Diario - Decano de la prensa nacional\",\"url\":\"https:\\\/\\\/www.eldiario.net\\\/portal\\\/\",\"logo\":{\"@type\":\"ImageObject\",\"inLanguage\":\"es\",\"@id\":\"https:\\\/\\\/www.eldiario.net\\\/portal\\\/#\\\/schema\\\/logo\\\/image\\\/\",\"url\":\"https:\\\/\\\/www.eldiario.net\\\/portal\\\/wp-content\\\/uploads\\\/2023\\\/07\\\/logo_ED.jpg\",\"contentUrl\":\"https:\\\/\\\/www.eldiario.net\\\/portal\\\/wp-content\\\/uploads\\\/2023\\\/07\\\/logo_ED.jpg\",\"width\":272,\"height\":52,\"caption\":\"El Diario - Decano de la prensa nacional\"},\"image\":{\"@id\":\"https:\\\/\\\/www.eldiario.net\\\/portal\\\/#\\\/schema\\\/logo\\\/image\\\/\"},\"sameAs\":[\"https:\\\/\\\/www.facebook.com\\\/eldiario.bolivia\\\/\",\"https:\\\/\\\/x.com\\\/eldiario_net\"]},{\"@type\":\"Person\",\"@id\":\"https:\\\/\\\/www.eldiario.net\\\/portal\\\/#\\\/schema\\\/person\\\/f46445640444750d7d753ccd04ae01b7\",\"name\":\"Jeanette\",\"image\":{\"@type\":\"ImageObject\",\"inLanguage\":\"es\",\"@id\":\"https:\\\/\\\/secure.gravatar.com\\\/avatar\\\/3ea2118a5f7dad2b7138b1187a6b7ee55f160b9968b66013c3a3ef39dd7e5798?s=96&d=mm&r=g\",\"url\":\"https:\\\/\\\/secure.gravatar.com\\\/avatar\\\/3ea2118a5f7dad2b7138b1187a6b7ee55f160b9968b66013c3a3ef39dd7e5798?s=96&d=mm&r=g\",\"contentUrl\":\"https:\\\/\\\/secure.gravatar.com\\\/avatar\\\/3ea2118a5f7dad2b7138b1187a6b7ee55f160b9968b66013c3a3ef39dd7e5798?s=96&d=mm&r=g\",\"caption\":\"Jeanette\"},\"sameAs\":[\"https:\\\/\\\/www.eldiario.net\\\/portal\"],\"url\":\"https:\\\/\\\/www.eldiario.net\\\/portal\\\/author\\\/jeanette\\\/\"}]}<\/script>\n<!-- \/ Yoast SEO plugin. -->","yoast_head_json":{"title":"Dellien es finalista del Challenger de Santiago - El Diario - Bolivia","robots":{"index":"index","follow":"follow","max-snippet":"max-snippet:-1","max-image-preview":"max-image-preview:large","max-video-preview":"max-video-preview:-1"},"canonical":"https:\/\/www.eldiario.net\/portal\/2022\/03\/13\/dellien-es-finalista-del-challenger-de-santiago\/","og_locale":"es_ES","og_type":"article","og_title":"Dellien es finalista del Challenger de Santiago - El Diario - Bolivia","og_description":"Luego de una dura batalla de m\u00e1s de 3 horas el boliviano Hugo Dellien se clasific\u00f3 a la final del Challenger de Santiago tras vencer ayer en semifinales al argentino Tom\u00e1s Etcheverry: 6-3, 6-7(3) y 6-4. El domingo buscar\u00e1 conquistar su segundo t\u00edtulo en este torneo. Dellien, tercer sembrado de la competici\u00f3n, y Etcheverry, quinto, [&hellip;]","og_url":"https:\/\/www.eldiario.net\/portal\/2022\/03\/13\/dellien-es-finalista-del-challenger-de-santiago\/","og_site_name":"El Diario - Bolivia","article_publisher":"https:\/\/www.facebook.com\/eldiario.bolivia\/","article_published_time":"2022-03-13T08:26:35+00:00","author":"Jeanette","twitter_card":"summary_large_image","twitter_creator":"@eldiario_net","twitter_site":"@eldiario_net","twitter_misc":{"Escrito por":"Jeanette","Tiempo de lectura":"3 minutos"},"schema":{"@context":"https:\/\/schema.org","@graph":[{"@type":"Article","@id":"https:\/\/www.eldiario.net\/portal\/2022\/03\/13\/dellien-es-finalista-del-challenger-de-santiago\/#article","isPartOf":{"@id":"https:\/\/www.eldiario.net\/portal\/2022\/03\/13\/dellien-es-finalista-del-challenger-de-santiago\/"},"author":{"name":"Jeanette","@id":"https:\/\/www.eldiario.net\/portal\/#\/schema\/person\/f46445640444750d7d753ccd04ae01b7"},"headline":"Dellien es finalista del Challenger de Santiago","datePublished":"2022-03-13T08:26:35+00:00","mainEntityOfPage":{"@id":"https:\/\/www.eldiario.net\/portal\/2022\/03\/13\/dellien-es-finalista-del-challenger-de-santiago\/"},"wordCount":416,"publisher":{"@id":"https:\/\/www.eldiario.net\/portal\/#organization"},"image":{"@id":"https:\/\/www.eldiario.net\/portal\/2022\/03\/13\/dellien-es-finalista-del-challenger-de-santiago\/#primaryimage"},"thumbnailUrl":"","articleSection":["Deportes"],"inLanguage":"es"},{"@type":"WebPage","@id":"https:\/\/www.eldiario.net\/portal\/2022\/03\/13\/dellien-es-finalista-del-challenger-de-santiago\/","url":"https:\/\/www.eldiario.net\/portal\/2022\/03\/13\/dellien-es-finalista-del-challenger-de-santiago\/","name":"Dellien es finalista del Challenger de Santiago - El Diario - Bolivia","isPartOf":{"@id":"https:\/\/www.eldiario.net\/portal\/#website"},"primaryImageOfPage":{"@id":"https:\/\/www.eldiario.net\/portal\/2022\/03\/13\/dellien-es-finalista-del-challenger-de-santiago\/#primaryimage"},"image":{"@id":"https:\/\/www.eldiario.net\/portal\/2022\/03\/13\/dellien-es-finalista-del-challenger-de-santiago\/#primaryimage"},"thumbnailUrl":"","datePublished":"2022-03-13T08:26:35+00:00","breadcrumb":{"@id":"https:\/\/www.eldiario.net\/portal\/2022\/03\/13\/dellien-es-finalista-del-challenger-de-santiago\/#breadcrumb"},"inLanguage":"es","potentialAction":[{"@type":"ReadAction","target":["https:\/\/www.eldiario.net\/portal\/2022\/03\/13\/dellien-es-finalista-del-challenger-de-santiago\/"]}]},{"@type":"ImageObject","inLanguage":"es","@id":"https:\/\/www.eldiario.net\/portal\/2022\/03\/13\/dellien-es-finalista-del-challenger-de-santiago\/#primaryimage","url":"","contentUrl":""},{"@type":"BreadcrumbList","@id":"https:\/\/www.eldiario.net\/portal\/2022\/03\/13\/dellien-es-finalista-del-challenger-de-santiago\/#breadcrumb","itemListElement":[{"@type":"ListItem","position":1,"name":"Portada","item":"https:\/\/www.eldiario.net\/portal\/"},{"@type":"ListItem","position":2,"name":"Dellien es finalista del Challenger de Santiago"}]},{"@type":"WebSite","@id":"https:\/\/www.eldiario.net\/portal\/#website","url":"https:\/\/www.eldiario.net\/portal\/","name":"El Diario - Decano de la prensa nacional","description":"El Diario - Decano de la prensa nacional","publisher":{"@id":"https:\/\/www.eldiario.net\/portal\/#organization"},"potentialAction":[{"@type":"SearchAction","target":{"@type":"EntryPoint","urlTemplate":"https:\/\/www.eldiario.net\/portal\/?s={search_term_string}"},"query-input":{"@type":"PropertyValueSpecification","valueRequired":true,"valueName":"search_term_string"}}],"inLanguage":"es"},{"@type":"Organization","@id":"https:\/\/www.eldiario.net\/portal\/#organization","name":"El Diario - Decano de la prensa nacional","url":"https:\/\/www.eldiario.net\/portal\/","logo":{"@type":"ImageObject","inLanguage":"es","@id":"https:\/\/www.eldiario.net\/portal\/#\/schema\/logo\/image\/","url":"https:\/\/www.eldiario.net\/portal\/wp-content\/uploads\/2023\/07\/logo_ED.jpg","contentUrl":"https:\/\/www.eldiario.net\/portal\/wp-content\/uploads\/2023\/07\/logo_ED.jpg","width":272,"height":52,"caption":"El Diario - Decano de la prensa nacional"},"image":{"@id":"https:\/\/www.eldiario.net\/portal\/#\/schema\/logo\/image\/"},"sameAs":["https:\/\/www.facebook.com\/eldiario.bolivia\/","https:\/\/x.com\/eldiario_net"]},{"@type":"Person","@id":"https:\/\/www.eldiario.net\/portal\/#\/schema\/person\/f46445640444750d7d753ccd04ae01b7","name":"Jeanette","image":{"@type":"ImageObject","inLanguage":"es","@id":"https:\/\/secure.gravatar.com\/avatar\/3ea2118a5f7dad2b7138b1187a6b7ee55f160b9968b66013c3a3ef39dd7e5798?s=96&d=mm&r=g","url":"https:\/\/secure.gravatar.com\/avatar\/3ea2118a5f7dad2b7138b1187a6b7ee55f160b9968b66013c3a3ef39dd7e5798?s=96&d=mm&r=g","contentUrl":"https:\/\/secure.gravatar.com\/avatar\/3ea2118a5f7dad2b7138b1187a6b7ee55f160b9968b66013c3a3ef39dd7e5798?s=96&d=mm&r=g","caption":"Jeanette"},"sameAs":["https:\/\/www.eldiario.net\/portal"],"url":"https:\/\/www.eldiario.net\/portal\/author\/jeanette\/"}]}},"_links":{"self":[{"href":"https:\/\/www.eldiario.net\/portal\/wp-json\/wp\/v2\/posts\/69146","targetHints":{"allow":["GET"]}}],"collection":[{"href":"https:\/\/www.eldiario.net\/portal\/wp-json\/wp\/v2\/posts"}],"about":[{"href":"https:\/\/www.eldiario.net\/portal\/wp-json\/wp\/v2\/types\/post"}],"author":[{"embeddable":true,"href":"https:\/\/www.eldiario.net\/portal\/wp-json\/wp\/v2\/users\/1"}],"replies":[{"embeddable":true,"href":"https:\/\/www.eldiario.net\/portal\/wp-json\/wp\/v2\/comments?post=69146"}],"version-history":[{"count":0,"href":"https:\/\/www.eldiario.net\/portal\/wp-json\/wp\/v2\/posts\/69146\/revisions"}],"wp:attachment":[{"href":"https:\/\/www.eldiario.net\/portal\/wp-json\/wp\/v2\/media?parent=69146"}],"wp:term":[{"taxonomy":"category","embeddable":true,"href":"https:\/\/www.eldiario.net\/portal\/wp-json\/wp\/v2\/categories?post=69146"},{"taxonomy":"post_tag","embeddable":true,"href":"https:\/\/www.eldiario.net\/portal\/wp-json\/wp\/v2\/tags?post=69146"}],"curies":[{"name":"wp","href":"https:\/\/api.w.org\/{rel}","templated":true}]}}