{"id":69139,"date":"2022-03-13T04:24:08","date_gmt":"2022-03-13T08:24:08","guid":{"rendered":"https:\/\/www.eldiario.net\/portal\/?p=69139"},"modified":"2022-03-13T04:24:08","modified_gmt":"2022-03-13T08:24:08","slug":"el-tigre-intenta-distensionar-el-clasico-de-manana","status":"publish","type":"post","link":"https:\/\/www.eldiario.net\/portal\/2022\/03\/13\/el-tigre-intenta-distensionar-el-clasico-de-manana\/","title":{"rendered":"El Tigre intenta distensionar el cl\u00e1sico de ma\u00f1ana"},"content":{"rendered":"<p>The Strongest quiere bajar la tensi\u00f3n de cara al cl\u00e1sico de ma\u00f1ana. Ante el twitter de Marcelo Claure, escrito por el incremento de boletos para el sector de curva norte en relaci\u00f3n a curva sur para el cl\u00e1sico de ma\u00f1ana, The Strongest hizo conocer ayer un comunicado oficial donde explica los motivos por los que hizo esta subida del precio de entradas. \u201cEl club The Strongest comunica que los precios en las curvas son diferenciados, en el entendido de que en el transcurso de la semana disfrutaremos de dos encuentros, por el torneo local y la Copa Libertadores de Am\u00e9rica\u201d, escribi\u00f3 el Tigre en torno a su lance de Copa Libertadres a disputarse el venidero jueves en el estadio Hernando Siles, tras el empate 0-0 en el encuentro de ida. De acuerdo a la misiva, \u201clos precios buscan incentivar una asistencia masiva de nuestra afici\u00f3n y de la parcialidad rival, siendo que los costos est\u00e9n por debajo de los precios que habitualmente se fijan en este tipo de encuentros\u201d. En la parte final del comunicado, los atigrados escriben: \u201cla dirigencia del club The Strongest invita a toda la afici\u00f3n a que sea parte de esta fiesta deportiva\u201d. Cierra la comunicaci\u00f3n, con una frase: \u201crivales s\u00ed, amigos siempre\u201d. Un d\u00eda antes, tras confirmarse el precio de las localidades, 50 bolivianos para la curva norte y 30 para la curva sur, Marcelo Claure tuite\u00f3: \u201chacemos una apuesta club The Strongest, hasta con los precios mucho m\u00e1s caros van a ir m\u00e1s bolivaristas a la curva sur que auris a la curva norte\u201d. Este ambiente gener\u00f3 una serie de manifestaciones, sobre todo de la barra celeste, que acus\u00f3 a la dirigencia atigrada de querer perjudicar al equipo de sus amores. En el lado atigrado, se manifestaron ex dirigentes, tal el caso de Kurt Reinscht San Mart\u00edn, quien tuite\u00f3 que \u201ccl\u00e1sico caliente, no olvidemos en todos los hogares pace\u00f1os hay stronguistas y bolivaristas, somos rivales en cancha, pero amigos fuera de ella. No podemos pelear, debemos llevar la mejor relaci\u00f3n por el bienestar el f\u00fatbol pace\u00f1o, espero sea un lindo partido, vamos Tigre\u201d. En tanto Freddy Tellez tambi\u00e9n expres\u00f3 lo suyo: \u201crespetos guardan respetos, la \u00faltima vez que este real p&#8230;. hizo algo similar, me hizo llamar por gil y mil para retirarla, accedimos debido a que el castigo era la suspensi\u00f3n\u201d.<\/p>\n<p>EL DATO<\/p>\n<p>50 BOLIVIANOS es el precio de entradas para la curva norte, 30 curva sur, recta 50, preferencia 60 y butacas 100 bolivianos.<\/p>\n","protected":false},"excerpt":{"rendered":"<p>The Strongest quiere bajar la tensi\u00f3n de cara al cl\u00e1sico de ma\u00f1ana. Ante el twitter de Marcelo Claure, escrito por el incremento de boletos para el sector de curva norte en relaci\u00f3n a curva sur para el cl\u00e1sico de ma\u00f1ana, The Strongest hizo conocer ayer un comunicado oficial donde explica los motivos por los que [&hellip;]<\/p>\n","protected":false},"author":1,"featured_media":69140,"comment_status":"closed","ping_status":"closed","sticky":false,"template":"","format":"standard","meta":{"_acf_changed":false,"footnotes":""},"categories":[6],"tags":[],"class_list":["post-69139","post","type-post","status-publish","format-standard","has-post-thumbnail","category-deportes"],"acf":{"antetitulo":""},"yoast_head":"<!-- This site is optimized with the Yoast SEO plugin v28.3 - https:\/\/yoast.com\/product\/yoast-seo-wordpress\/ -->\n<title>El Tigre intenta distensionar el cl\u00e1sico de ma\u00f1ana - El Diario - Bolivia<\/title>\n<meta name=\"robots\" content=\"index, follow, max-snippet:-1, max-image-preview:large, max-video-preview:-1\" \/>\n<link rel=\"canonical\" href=\"https:\/\/www.eldiario.net\/portal\/2022\/03\/13\/el-tigre-intenta-distensionar-el-clasico-de-manana\/\" \/>\n<meta property=\"og:locale\" content=\"es_ES\" \/>\n<meta property=\"og:type\" content=\"article\" \/>\n<meta property=\"og:title\" content=\"El Tigre intenta distensionar el cl\u00e1sico de ma\u00f1ana - El Diario - Bolivia\" \/>\n<meta property=\"og:description\" content=\"The Strongest quiere bajar la tensi\u00f3n de cara al cl\u00e1sico de ma\u00f1ana. Ante el twitter de Marcelo Claure, escrito por el incremento de boletos para el sector de curva norte en relaci\u00f3n a curva sur para el cl\u00e1sico de ma\u00f1ana, The Strongest hizo conocer ayer un comunicado oficial donde explica los motivos por los que [&hellip;]\" \/>\n<meta property=\"og:url\" content=\"https:\/\/www.eldiario.net\/portal\/2022\/03\/13\/el-tigre-intenta-distensionar-el-clasico-de-manana\/\" \/>\n<meta property=\"og:site_name\" content=\"El Diario - Bolivia\" \/>\n<meta property=\"article:publisher\" content=\"https:\/\/www.facebook.com\/eldiario.bolivia\/\" \/>\n<meta property=\"article:published_time\" content=\"2022-03-13T08:24:08+00:00\" \/>\n<meta name=\"author\" content=\"Jeanette\" \/>\n<meta name=\"twitter:card\" content=\"summary_large_image\" \/>\n<meta name=\"twitter:creator\" content=\"@eldiario_net\" \/>\n<meta name=\"twitter:site\" content=\"@eldiario_net\" \/>\n<meta name=\"twitter:label1\" content=\"Escrito por\" \/>\n\t<meta name=\"twitter:data1\" content=\"Jeanette\" \/>\n\t<meta name=\"twitter:label2\" content=\"Tiempo de lectura\" \/>\n\t<meta name=\"twitter:data2\" content=\"2 minutos\" \/>\n<script type=\"application\/ld+json\" class=\"yoast-schema-graph\">{\"@context\":\"https:\\\/\\\/schema.org\",\"@graph\":[{\"@type\":\"Article\",\"@id\":\"https:\\\/\\\/www.eldiario.net\\\/portal\\\/2022\\\/03\\\/13\\\/el-tigre-intenta-distensionar-el-clasico-de-manana\\\/#article\",\"isPartOf\":{\"@id\":\"https:\\\/\\\/www.eldiario.net\\\/portal\\\/2022\\\/03\\\/13\\\/el-tigre-intenta-distensionar-el-clasico-de-manana\\\/\"},\"author\":{\"name\":\"Jeanette\",\"@id\":\"https:\\\/\\\/www.eldiario.net\\\/portal\\\/#\\\/schema\\\/person\\\/f46445640444750d7d753ccd04ae01b7\"},\"headline\":\"El Tigre intenta distensionar el cl\u00e1sico de ma\u00f1ana\",\"datePublished\":\"2022-03-13T08:24:08+00:00\",\"mainEntityOfPage\":{\"@id\":\"https:\\\/\\\/www.eldiario.net\\\/portal\\\/2022\\\/03\\\/13\\\/el-tigre-intenta-distensionar-el-clasico-de-manana\\\/\"},\"wordCount\":437,\"publisher\":{\"@id\":\"https:\\\/\\\/www.eldiario.net\\\/portal\\\/#organization\"},\"image\":{\"@id\":\"https:\\\/\\\/www.eldiario.net\\\/portal\\\/2022\\\/03\\\/13\\\/el-tigre-intenta-distensionar-el-clasico-de-manana\\\/#primaryimage\"},\"thumbnailUrl\":\"\",\"articleSection\":[\"Deportes\"],\"inLanguage\":\"es\"},{\"@type\":\"WebPage\",\"@id\":\"https:\\\/\\\/www.eldiario.net\\\/portal\\\/2022\\\/03\\\/13\\\/el-tigre-intenta-distensionar-el-clasico-de-manana\\\/\",\"url\":\"https:\\\/\\\/www.eldiario.net\\\/portal\\\/2022\\\/03\\\/13\\\/el-tigre-intenta-distensionar-el-clasico-de-manana\\\/\",\"name\":\"El Tigre intenta distensionar el cl\u00e1sico de ma\u00f1ana - El Diario - Bolivia\",\"isPartOf\":{\"@id\":\"https:\\\/\\\/www.eldiario.net\\\/portal\\\/#website\"},\"primaryImageOfPage\":{\"@id\":\"https:\\\/\\\/www.eldiario.net\\\/portal\\\/2022\\\/03\\\/13\\\/el-tigre-intenta-distensionar-el-clasico-de-manana\\\/#primaryimage\"},\"image\":{\"@id\":\"https:\\\/\\\/www.eldiario.net\\\/portal\\\/2022\\\/03\\\/13\\\/el-tigre-intenta-distensionar-el-clasico-de-manana\\\/#primaryimage\"},\"thumbnailUrl\":\"\",\"datePublished\":\"2022-03-13T08:24:08+00:00\",\"breadcrumb\":{\"@id\":\"https:\\\/\\\/www.eldiario.net\\\/portal\\\/2022\\\/03\\\/13\\\/el-tigre-intenta-distensionar-el-clasico-de-manana\\\/#breadcrumb\"},\"inLanguage\":\"es\",\"potentialAction\":[{\"@type\":\"ReadAction\",\"target\":[\"https:\\\/\\\/www.eldiario.net\\\/portal\\\/2022\\\/03\\\/13\\\/el-tigre-intenta-distensionar-el-clasico-de-manana\\\/\"]}]},{\"@type\":\"ImageObject\",\"inLanguage\":\"es\",\"@id\":\"https:\\\/\\\/www.eldiario.net\\\/portal\\\/2022\\\/03\\\/13\\\/el-tigre-intenta-distensionar-el-clasico-de-manana\\\/#primaryimage\",\"url\":\"\",\"contentUrl\":\"\"},{\"@type\":\"BreadcrumbList\",\"@id\":\"https:\\\/\\\/www.eldiario.net\\\/portal\\\/2022\\\/03\\\/13\\\/el-tigre-intenta-distensionar-el-clasico-de-manana\\\/#breadcrumb\",\"itemListElement\":[{\"@type\":\"ListItem\",\"position\":1,\"name\":\"Portada\",\"item\":\"https:\\\/\\\/www.eldiario.net\\\/portal\\\/\"},{\"@type\":\"ListItem\",\"position\":2,\"name\":\"El Tigre intenta distensionar el cl\u00e1sico de ma\u00f1ana\"}]},{\"@type\":\"WebSite\",\"@id\":\"https:\\\/\\\/www.eldiario.net\\\/portal\\\/#website\",\"url\":\"https:\\\/\\\/www.eldiario.net\\\/portal\\\/\",\"name\":\"El Diario - Decano de la prensa nacional\",\"description\":\"El Diario - Decano de la prensa nacional\",\"publisher\":{\"@id\":\"https:\\\/\\\/www.eldiario.net\\\/portal\\\/#organization\"},\"potentialAction\":[{\"@type\":\"SearchAction\",\"target\":{\"@type\":\"EntryPoint\",\"urlTemplate\":\"https:\\\/\\\/www.eldiario.net\\\/portal\\\/?s={search_term_string}\"},\"query-input\":{\"@type\":\"PropertyValueSpecification\",\"valueRequired\":true,\"valueName\":\"search_term_string\"}}],\"inLanguage\":\"es\"},{\"@type\":\"Organization\",\"@id\":\"https:\\\/\\\/www.eldiario.net\\\/portal\\\/#organization\",\"name\":\"El Diario - Decano de la prensa nacional\",\"url\":\"https:\\\/\\\/www.eldiario.net\\\/portal\\\/\",\"logo\":{\"@type\":\"ImageObject\",\"inLanguage\":\"es\",\"@id\":\"https:\\\/\\\/www.eldiario.net\\\/portal\\\/#\\\/schema\\\/logo\\\/image\\\/\",\"url\":\"https:\\\/\\\/www.eldiario.net\\\/portal\\\/wp-content\\\/uploads\\\/2023\\\/07\\\/logo_ED.jpg\",\"contentUrl\":\"https:\\\/\\\/www.eldiario.net\\\/portal\\\/wp-content\\\/uploads\\\/2023\\\/07\\\/logo_ED.jpg\",\"width\":272,\"height\":52,\"caption\":\"El Diario - Decano de la prensa nacional\"},\"image\":{\"@id\":\"https:\\\/\\\/www.eldiario.net\\\/portal\\\/#\\\/schema\\\/logo\\\/image\\\/\"},\"sameAs\":[\"https:\\\/\\\/www.facebook.com\\\/eldiario.bolivia\\\/\",\"https:\\\/\\\/x.com\\\/eldiario_net\"]},{\"@type\":\"Person\",\"@id\":\"https:\\\/\\\/www.eldiario.net\\\/portal\\\/#\\\/schema\\\/person\\\/f46445640444750d7d753ccd04ae01b7\",\"name\":\"Jeanette\",\"image\":{\"@type\":\"ImageObject\",\"inLanguage\":\"es\",\"@id\":\"https:\\\/\\\/secure.gravatar.com\\\/avatar\\\/3ea2118a5f7dad2b7138b1187a6b7ee55f160b9968b66013c3a3ef39dd7e5798?s=96&d=mm&r=g\",\"url\":\"https:\\\/\\\/secure.gravatar.com\\\/avatar\\\/3ea2118a5f7dad2b7138b1187a6b7ee55f160b9968b66013c3a3ef39dd7e5798?s=96&d=mm&r=g\",\"contentUrl\":\"https:\\\/\\\/secure.gravatar.com\\\/avatar\\\/3ea2118a5f7dad2b7138b1187a6b7ee55f160b9968b66013c3a3ef39dd7e5798?s=96&d=mm&r=g\",\"caption\":\"Jeanette\"},\"sameAs\":[\"https:\\\/\\\/www.eldiario.net\\\/portal\"],\"url\":\"https:\\\/\\\/www.eldiario.net\\\/portal\\\/author\\\/jeanette\\\/\"}]}<\/script>\n<!-- \/ Yoast SEO plugin. -->","yoast_head_json":{"title":"El Tigre intenta distensionar el cl\u00e1sico de ma\u00f1ana - El Diario - Bolivia","robots":{"index":"index","follow":"follow","max-snippet":"max-snippet:-1","max-image-preview":"max-image-preview:large","max-video-preview":"max-video-preview:-1"},"canonical":"https:\/\/www.eldiario.net\/portal\/2022\/03\/13\/el-tigre-intenta-distensionar-el-clasico-de-manana\/","og_locale":"es_ES","og_type":"article","og_title":"El Tigre intenta distensionar el cl\u00e1sico de ma\u00f1ana - El Diario - Bolivia","og_description":"The Strongest quiere bajar la tensi\u00f3n de cara al cl\u00e1sico de ma\u00f1ana. Ante el twitter de Marcelo Claure, escrito por el incremento de boletos para el sector de curva norte en relaci\u00f3n a curva sur para el cl\u00e1sico de ma\u00f1ana, The Strongest hizo conocer ayer un comunicado oficial donde explica los motivos por los que [&hellip;]","og_url":"https:\/\/www.eldiario.net\/portal\/2022\/03\/13\/el-tigre-intenta-distensionar-el-clasico-de-manana\/","og_site_name":"El Diario - Bolivia","article_publisher":"https:\/\/www.facebook.com\/eldiario.bolivia\/","article_published_time":"2022-03-13T08:24:08+00:00","author":"Jeanette","twitter_card":"summary_large_image","twitter_creator":"@eldiario_net","twitter_site":"@eldiario_net","twitter_misc":{"Escrito por":"Jeanette","Tiempo de lectura":"2 minutos"},"schema":{"@context":"https:\/\/schema.org","@graph":[{"@type":"Article","@id":"https:\/\/www.eldiario.net\/portal\/2022\/03\/13\/el-tigre-intenta-distensionar-el-clasico-de-manana\/#article","isPartOf":{"@id":"https:\/\/www.eldiario.net\/portal\/2022\/03\/13\/el-tigre-intenta-distensionar-el-clasico-de-manana\/"},"author":{"name":"Jeanette","@id":"https:\/\/www.eldiario.net\/portal\/#\/schema\/person\/f46445640444750d7d753ccd04ae01b7"},"headline":"El Tigre intenta distensionar el cl\u00e1sico de ma\u00f1ana","datePublished":"2022-03-13T08:24:08+00:00","mainEntityOfPage":{"@id":"https:\/\/www.eldiario.net\/portal\/2022\/03\/13\/el-tigre-intenta-distensionar-el-clasico-de-manana\/"},"wordCount":437,"publisher":{"@id":"https:\/\/www.eldiario.net\/portal\/#organization"},"image":{"@id":"https:\/\/www.eldiario.net\/portal\/2022\/03\/13\/el-tigre-intenta-distensionar-el-clasico-de-manana\/#primaryimage"},"thumbnailUrl":"","articleSection":["Deportes"],"inLanguage":"es"},{"@type":"WebPage","@id":"https:\/\/www.eldiario.net\/portal\/2022\/03\/13\/el-tigre-intenta-distensionar-el-clasico-de-manana\/","url":"https:\/\/www.eldiario.net\/portal\/2022\/03\/13\/el-tigre-intenta-distensionar-el-clasico-de-manana\/","name":"El Tigre intenta distensionar el cl\u00e1sico de ma\u00f1ana - El Diario - Bolivia","isPartOf":{"@id":"https:\/\/www.eldiario.net\/portal\/#website"},"primaryImageOfPage":{"@id":"https:\/\/www.eldiario.net\/portal\/2022\/03\/13\/el-tigre-intenta-distensionar-el-clasico-de-manana\/#primaryimage"},"image":{"@id":"https:\/\/www.eldiario.net\/portal\/2022\/03\/13\/el-tigre-intenta-distensionar-el-clasico-de-manana\/#primaryimage"},"thumbnailUrl":"","datePublished":"2022-03-13T08:24:08+00:00","breadcrumb":{"@id":"https:\/\/www.eldiario.net\/portal\/2022\/03\/13\/el-tigre-intenta-distensionar-el-clasico-de-manana\/#breadcrumb"},"inLanguage":"es","potentialAction":[{"@type":"ReadAction","target":["https:\/\/www.eldiario.net\/portal\/2022\/03\/13\/el-tigre-intenta-distensionar-el-clasico-de-manana\/"]}]},{"@type":"ImageObject","inLanguage":"es","@id":"https:\/\/www.eldiario.net\/portal\/2022\/03\/13\/el-tigre-intenta-distensionar-el-clasico-de-manana\/#primaryimage","url":"","contentUrl":""},{"@type":"BreadcrumbList","@id":"https:\/\/www.eldiario.net\/portal\/2022\/03\/13\/el-tigre-intenta-distensionar-el-clasico-de-manana\/#breadcrumb","itemListElement":[{"@type":"ListItem","position":1,"name":"Portada","item":"https:\/\/www.eldiario.net\/portal\/"},{"@type":"ListItem","position":2,"name":"El Tigre intenta distensionar el cl\u00e1sico de ma\u00f1ana"}]},{"@type":"WebSite","@id":"https:\/\/www.eldiario.net\/portal\/#website","url":"https:\/\/www.eldiario.net\/portal\/","name":"El Diario - Decano de la prensa nacional","description":"El Diario - Decano de la prensa nacional","publisher":{"@id":"https:\/\/www.eldiario.net\/portal\/#organization"},"potentialAction":[{"@type":"SearchAction","target":{"@type":"EntryPoint","urlTemplate":"https:\/\/www.eldiario.net\/portal\/?s={search_term_string}"},"query-input":{"@type":"PropertyValueSpecification","valueRequired":true,"valueName":"search_term_string"}}],"inLanguage":"es"},{"@type":"Organization","@id":"https:\/\/www.eldiario.net\/portal\/#organization","name":"El Diario - Decano de la prensa nacional","url":"https:\/\/www.eldiario.net\/portal\/","logo":{"@type":"ImageObject","inLanguage":"es","@id":"https:\/\/www.eldiario.net\/portal\/#\/schema\/logo\/image\/","url":"https:\/\/www.eldiario.net\/portal\/wp-content\/uploads\/2023\/07\/logo_ED.jpg","contentUrl":"https:\/\/www.eldiario.net\/portal\/wp-content\/uploads\/2023\/07\/logo_ED.jpg","width":272,"height":52,"caption":"El Diario - Decano de la prensa nacional"},"image":{"@id":"https:\/\/www.eldiario.net\/portal\/#\/schema\/logo\/image\/"},"sameAs":["https:\/\/www.facebook.com\/eldiario.bolivia\/","https:\/\/x.com\/eldiario_net"]},{"@type":"Person","@id":"https:\/\/www.eldiario.net\/portal\/#\/schema\/person\/f46445640444750d7d753ccd04ae01b7","name":"Jeanette","image":{"@type":"ImageObject","inLanguage":"es","@id":"https:\/\/secure.gravatar.com\/avatar\/3ea2118a5f7dad2b7138b1187a6b7ee55f160b9968b66013c3a3ef39dd7e5798?s=96&d=mm&r=g","url":"https:\/\/secure.gravatar.com\/avatar\/3ea2118a5f7dad2b7138b1187a6b7ee55f160b9968b66013c3a3ef39dd7e5798?s=96&d=mm&r=g","contentUrl":"https:\/\/secure.gravatar.com\/avatar\/3ea2118a5f7dad2b7138b1187a6b7ee55f160b9968b66013c3a3ef39dd7e5798?s=96&d=mm&r=g","caption":"Jeanette"},"sameAs":["https:\/\/www.eldiario.net\/portal"],"url":"https:\/\/www.eldiario.net\/portal\/author\/jeanette\/"}]}},"_links":{"self":[{"href":"https:\/\/www.eldiario.net\/portal\/wp-json\/wp\/v2\/posts\/69139","targetHints":{"allow":["GET"]}}],"collection":[{"href":"https:\/\/www.eldiario.net\/portal\/wp-json\/wp\/v2\/posts"}],"about":[{"href":"https:\/\/www.eldiario.net\/portal\/wp-json\/wp\/v2\/types\/post"}],"author":[{"embeddable":true,"href":"https:\/\/www.eldiario.net\/portal\/wp-json\/wp\/v2\/users\/1"}],"replies":[{"embeddable":true,"href":"https:\/\/www.eldiario.net\/portal\/wp-json\/wp\/v2\/comments?post=69139"}],"version-history":[{"count":0,"href":"https:\/\/www.eldiario.net\/portal\/wp-json\/wp\/v2\/posts\/69139\/revisions"}],"wp:attachment":[{"href":"https:\/\/www.eldiario.net\/portal\/wp-json\/wp\/v2\/media?parent=69139"}],"wp:term":[{"taxonomy":"category","embeddable":true,"href":"https:\/\/www.eldiario.net\/portal\/wp-json\/wp\/v2\/categories?post=69139"},{"taxonomy":"post_tag","embeddable":true,"href":"https:\/\/www.eldiario.net\/portal\/wp-json\/wp\/v2\/tags?post=69139"}],"curies":[{"name":"wp","href":"https:\/\/api.w.org\/{rel}","templated":true}]}}