{"id":69134,"date":"2022-03-13T04:22:57","date_gmt":"2022-03-13T08:22:57","guid":{"rendered":"https:\/\/www.eldiario.net\/portal\/?p=69134"},"modified":"2022-03-13T04:22:57","modified_gmt":"2022-03-13T08:22:57","slug":"cabala-premio-a-los-mejores-futbolistas-del-pais","status":"publish","type":"post","link":"https:\/\/www.eldiario.net\/portal\/2022\/03\/13\/cabala-premio-a-los-mejores-futbolistas-del-pais\/","title":{"rendered":"C\u00e1bala premi\u00f3 a los mejores futbolistas del pa\u00eds"},"content":{"rendered":"<p>Una gala donde estuvieron los jugadores m\u00e1s representativos de Bolivia, se efecti\u00f3 la noche del viernes 4 de marzo cuando se vivi\u00f3 la tercera edici\u00f3n de los Premios C\u00e1bala, que nacieron el 2020 con el objetivo de darles a los futbolistas bolivianos el reconocimiento que se merecen por el trabajo que realizan. \u201cComo C\u00e1bala sabemos lo importante que es la voz del hincha y es por eso que para la premiaci\u00f3n el puntaje se toma en cuenta un 40 % de votos proveniente del p\u00fablico en nuestras redes y el otro 60% se contabiliza de los votos de la prensa especializada en deporte, para esta parte de la votaci\u00f3n la misma se realiza bajo la certificaci\u00f3n del C\u00edrculo de Periodistas Deportivos de La Paz\u201d, reza el reporte de prensa de la revista que es dirigida por Fabi\u00e1n Mendoza, su fundador. Durante la gala en la que estuvieron presentes importantes personalidades del pa\u00eds, tales como el ex Presidente del Estado, Carlos Mesa, el Presidente del Consejo Municipal de La Paz, Jorge Dul\u00f3n, adem\u00e1s de ex ganadores como Marcos Riquelme y entrenadores reconocidos como Miguel \u00c1ngel Portugal; tambi\u00e9n se entregaron dos reconocimientos especiales, uno a la Presidenta Jenny Monta\u00f1o, la primera mujer en lograr llevar a un club de la Divisi\u00f3n Profesional a alcanzar el t\u00edtulo y al Ingeniero Fernando Costa, por su gesti\u00f3n al mando del f\u00fatbol boliviano como Presidente de la Federaci\u00f3n Boliviana de F\u00fatbol. De acuerdo a los c\u00f3mputos finales, se premiaron 8 categor\u00edas donde los ganadores fueron:<br \/>\n\u201cAgradecemos a todos nuestros lectores y seguidores que con 75.921 votos eligieron a los ganadores y por sobre todo un agradecimiento especial a Inti, Nike, Guantearqueros, PedidosYa, M&amp;R Representaciones para su producto Bose, Meds, Delizia, Atix, La Rep\u00fablica, Vodka 1825, Carabao Energy Drink, La Barberia y Nachos Rancherito por el apoyo para hacer realidad la tercera gala\u201d, dice en la parte final el comunicado de prensa de C\u00e1bala.<\/p>\n<p>3 VECES se han realizado la premiaci\u00f3n de los futbolistas y personalidades m\u00e1s destacadas de Bolivia.<\/p>\n\n","protected":false},"excerpt":{"rendered":"<p>Una gala donde estuvieron los jugadores m\u00e1s representativos de Bolivia, se efecti\u00f3 la noche del viernes 4 de marzo cuando se vivi\u00f3 la tercera edici\u00f3n de los Premios C\u00e1bala, que nacieron el 2020 con el objetivo de darles a los futbolistas bolivianos el reconocimiento que se merecen por el trabajo que realizan. \u201cComo C\u00e1bala sabemos [&hellip;]<\/p>\n","protected":false},"author":1,"featured_media":69135,"comment_status":"closed","ping_status":"closed","sticky":false,"template":"","format":"standard","meta":{"_acf_changed":false,"footnotes":""},"categories":[6],"tags":[],"class_list":["post-69134","post","type-post","status-publish","format-standard","has-post-thumbnail","category-deportes"],"acf":{"antetitulo":""},"yoast_head":"<!-- This site is optimized with the Yoast SEO plugin v28.3 - https:\/\/yoast.com\/product\/yoast-seo-wordpress\/ -->\n<title>C\u00e1bala premi\u00f3 a los mejores futbolistas del pa\u00eds - El Diario - Bolivia<\/title>\n<meta name=\"robots\" content=\"index, follow, max-snippet:-1, max-image-preview:large, max-video-preview:-1\" \/>\n<link rel=\"canonical\" href=\"https:\/\/www.eldiario.net\/portal\/2022\/03\/13\/cabala-premio-a-los-mejores-futbolistas-del-pais\/\" \/>\n<meta property=\"og:locale\" content=\"es_ES\" \/>\n<meta property=\"og:type\" content=\"article\" \/>\n<meta property=\"og:title\" content=\"C\u00e1bala premi\u00f3 a los mejores futbolistas del pa\u00eds - El Diario - Bolivia\" \/>\n<meta property=\"og:description\" content=\"Una gala donde estuvieron los jugadores m\u00e1s representativos de Bolivia, se efecti\u00f3 la noche del viernes 4 de marzo cuando se vivi\u00f3 la tercera edici\u00f3n de los Premios C\u00e1bala, que nacieron el 2020 con el objetivo de darles a los futbolistas bolivianos el reconocimiento que se merecen por el trabajo que realizan. \u201cComo C\u00e1bala sabemos [&hellip;]\" \/>\n<meta property=\"og:url\" content=\"https:\/\/www.eldiario.net\/portal\/2022\/03\/13\/cabala-premio-a-los-mejores-futbolistas-del-pais\/\" \/>\n<meta property=\"og:site_name\" content=\"El Diario - Bolivia\" \/>\n<meta property=\"article:publisher\" content=\"https:\/\/www.facebook.com\/eldiario.bolivia\/\" \/>\n<meta property=\"article:published_time\" content=\"2022-03-13T08:22:57+00:00\" \/>\n<meta name=\"author\" content=\"Jeanette\" \/>\n<meta name=\"twitter:card\" content=\"summary_large_image\" \/>\n<meta name=\"twitter:creator\" content=\"@eldiario_net\" \/>\n<meta name=\"twitter:site\" content=\"@eldiario_net\" \/>\n<meta name=\"twitter:label1\" content=\"Escrito por\" \/>\n\t<meta name=\"twitter:data1\" content=\"Jeanette\" \/>\n\t<meta name=\"twitter:label2\" content=\"Tiempo de lectura\" \/>\n\t<meta name=\"twitter:data2\" content=\"2 minutos\" \/>\n<script type=\"application\/ld+json\" class=\"yoast-schema-graph\">{\"@context\":\"https:\\\/\\\/schema.org\",\"@graph\":[{\"@type\":\"Article\",\"@id\":\"https:\\\/\\\/www.eldiario.net\\\/portal\\\/2022\\\/03\\\/13\\\/cabala-premio-a-los-mejores-futbolistas-del-pais\\\/#article\",\"isPartOf\":{\"@id\":\"https:\\\/\\\/www.eldiario.net\\\/portal\\\/2022\\\/03\\\/13\\\/cabala-premio-a-los-mejores-futbolistas-del-pais\\\/\"},\"author\":{\"name\":\"Jeanette\",\"@id\":\"https:\\\/\\\/www.eldiario.net\\\/portal\\\/#\\\/schema\\\/person\\\/f46445640444750d7d753ccd04ae01b7\"},\"headline\":\"C\u00e1bala premi\u00f3 a los mejores futbolistas del pa\u00eds\",\"datePublished\":\"2022-03-13T08:22:57+00:00\",\"mainEntityOfPage\":{\"@id\":\"https:\\\/\\\/www.eldiario.net\\\/portal\\\/2022\\\/03\\\/13\\\/cabala-premio-a-los-mejores-futbolistas-del-pais\\\/\"},\"wordCount\":370,\"publisher\":{\"@id\":\"https:\\\/\\\/www.eldiario.net\\\/portal\\\/#organization\"},\"image\":{\"@id\":\"https:\\\/\\\/www.eldiario.net\\\/portal\\\/2022\\\/03\\\/13\\\/cabala-premio-a-los-mejores-futbolistas-del-pais\\\/#primaryimage\"},\"thumbnailUrl\":\"\",\"articleSection\":[\"Deportes\"],\"inLanguage\":\"es\"},{\"@type\":\"WebPage\",\"@id\":\"https:\\\/\\\/www.eldiario.net\\\/portal\\\/2022\\\/03\\\/13\\\/cabala-premio-a-los-mejores-futbolistas-del-pais\\\/\",\"url\":\"https:\\\/\\\/www.eldiario.net\\\/portal\\\/2022\\\/03\\\/13\\\/cabala-premio-a-los-mejores-futbolistas-del-pais\\\/\",\"name\":\"C\u00e1bala premi\u00f3 a los mejores futbolistas del pa\u00eds - El Diario - Bolivia\",\"isPartOf\":{\"@id\":\"https:\\\/\\\/www.eldiario.net\\\/portal\\\/#website\"},\"primaryImageOfPage\":{\"@id\":\"https:\\\/\\\/www.eldiario.net\\\/portal\\\/2022\\\/03\\\/13\\\/cabala-premio-a-los-mejores-futbolistas-del-pais\\\/#primaryimage\"},\"image\":{\"@id\":\"https:\\\/\\\/www.eldiario.net\\\/portal\\\/2022\\\/03\\\/13\\\/cabala-premio-a-los-mejores-futbolistas-del-pais\\\/#primaryimage\"},\"thumbnailUrl\":\"\",\"datePublished\":\"2022-03-13T08:22:57+00:00\",\"breadcrumb\":{\"@id\":\"https:\\\/\\\/www.eldiario.net\\\/portal\\\/2022\\\/03\\\/13\\\/cabala-premio-a-los-mejores-futbolistas-del-pais\\\/#breadcrumb\"},\"inLanguage\":\"es\",\"potentialAction\":[{\"@type\":\"ReadAction\",\"target\":[\"https:\\\/\\\/www.eldiario.net\\\/portal\\\/2022\\\/03\\\/13\\\/cabala-premio-a-los-mejores-futbolistas-del-pais\\\/\"]}]},{\"@type\":\"ImageObject\",\"inLanguage\":\"es\",\"@id\":\"https:\\\/\\\/www.eldiario.net\\\/portal\\\/2022\\\/03\\\/13\\\/cabala-premio-a-los-mejores-futbolistas-del-pais\\\/#primaryimage\",\"url\":\"\",\"contentUrl\":\"\"},{\"@type\":\"BreadcrumbList\",\"@id\":\"https:\\\/\\\/www.eldiario.net\\\/portal\\\/2022\\\/03\\\/13\\\/cabala-premio-a-los-mejores-futbolistas-del-pais\\\/#breadcrumb\",\"itemListElement\":[{\"@type\":\"ListItem\",\"position\":1,\"name\":\"Portada\",\"item\":\"https:\\\/\\\/www.eldiario.net\\\/portal\\\/\"},{\"@type\":\"ListItem\",\"position\":2,\"name\":\"C\u00e1bala premi\u00f3 a los mejores futbolistas del pa\u00eds\"}]},{\"@type\":\"WebSite\",\"@id\":\"https:\\\/\\\/www.eldiario.net\\\/portal\\\/#website\",\"url\":\"https:\\\/\\\/www.eldiario.net\\\/portal\\\/\",\"name\":\"El Diario - Decano de la prensa nacional\",\"description\":\"El Diario - Decano de la prensa nacional\",\"publisher\":{\"@id\":\"https:\\\/\\\/www.eldiario.net\\\/portal\\\/#organization\"},\"potentialAction\":[{\"@type\":\"SearchAction\",\"target\":{\"@type\":\"EntryPoint\",\"urlTemplate\":\"https:\\\/\\\/www.eldiario.net\\\/portal\\\/?s={search_term_string}\"},\"query-input\":{\"@type\":\"PropertyValueSpecification\",\"valueRequired\":true,\"valueName\":\"search_term_string\"}}],\"inLanguage\":\"es\"},{\"@type\":\"Organization\",\"@id\":\"https:\\\/\\\/www.eldiario.net\\\/portal\\\/#organization\",\"name\":\"El Diario - Decano de la prensa nacional\",\"url\":\"https:\\\/\\\/www.eldiario.net\\\/portal\\\/\",\"logo\":{\"@type\":\"ImageObject\",\"inLanguage\":\"es\",\"@id\":\"https:\\\/\\\/www.eldiario.net\\\/portal\\\/#\\\/schema\\\/logo\\\/image\\\/\",\"url\":\"https:\\\/\\\/www.eldiario.net\\\/portal\\\/wp-content\\\/uploads\\\/2023\\\/07\\\/logo_ED.jpg\",\"contentUrl\":\"https:\\\/\\\/www.eldiario.net\\\/portal\\\/wp-content\\\/uploads\\\/2023\\\/07\\\/logo_ED.jpg\",\"width\":272,\"height\":52,\"caption\":\"El Diario - Decano de la prensa nacional\"},\"image\":{\"@id\":\"https:\\\/\\\/www.eldiario.net\\\/portal\\\/#\\\/schema\\\/logo\\\/image\\\/\"},\"sameAs\":[\"https:\\\/\\\/www.facebook.com\\\/eldiario.bolivia\\\/\",\"https:\\\/\\\/x.com\\\/eldiario_net\"]},{\"@type\":\"Person\",\"@id\":\"https:\\\/\\\/www.eldiario.net\\\/portal\\\/#\\\/schema\\\/person\\\/f46445640444750d7d753ccd04ae01b7\",\"name\":\"Jeanette\",\"image\":{\"@type\":\"ImageObject\",\"inLanguage\":\"es\",\"@id\":\"https:\\\/\\\/secure.gravatar.com\\\/avatar\\\/3ea2118a5f7dad2b7138b1187a6b7ee55f160b9968b66013c3a3ef39dd7e5798?s=96&d=mm&r=g\",\"url\":\"https:\\\/\\\/secure.gravatar.com\\\/avatar\\\/3ea2118a5f7dad2b7138b1187a6b7ee55f160b9968b66013c3a3ef39dd7e5798?s=96&d=mm&r=g\",\"contentUrl\":\"https:\\\/\\\/secure.gravatar.com\\\/avatar\\\/3ea2118a5f7dad2b7138b1187a6b7ee55f160b9968b66013c3a3ef39dd7e5798?s=96&d=mm&r=g\",\"caption\":\"Jeanette\"},\"sameAs\":[\"https:\\\/\\\/www.eldiario.net\\\/portal\"],\"url\":\"https:\\\/\\\/www.eldiario.net\\\/portal\\\/author\\\/jeanette\\\/\"}]}<\/script>\n<!-- \/ Yoast SEO plugin. -->","yoast_head_json":{"title":"C\u00e1bala premi\u00f3 a los mejores futbolistas del pa\u00eds - El Diario - Bolivia","robots":{"index":"index","follow":"follow","max-snippet":"max-snippet:-1","max-image-preview":"max-image-preview:large","max-video-preview":"max-video-preview:-1"},"canonical":"https:\/\/www.eldiario.net\/portal\/2022\/03\/13\/cabala-premio-a-los-mejores-futbolistas-del-pais\/","og_locale":"es_ES","og_type":"article","og_title":"C\u00e1bala premi\u00f3 a los mejores futbolistas del pa\u00eds - El Diario - Bolivia","og_description":"Una gala donde estuvieron los jugadores m\u00e1s representativos de Bolivia, se efecti\u00f3 la noche del viernes 4 de marzo cuando se vivi\u00f3 la tercera edici\u00f3n de los Premios C\u00e1bala, que nacieron el 2020 con el objetivo de darles a los futbolistas bolivianos el reconocimiento que se merecen por el trabajo que realizan. \u201cComo C\u00e1bala sabemos [&hellip;]","og_url":"https:\/\/www.eldiario.net\/portal\/2022\/03\/13\/cabala-premio-a-los-mejores-futbolistas-del-pais\/","og_site_name":"El Diario - Bolivia","article_publisher":"https:\/\/www.facebook.com\/eldiario.bolivia\/","article_published_time":"2022-03-13T08:22:57+00:00","author":"Jeanette","twitter_card":"summary_large_image","twitter_creator":"@eldiario_net","twitter_site":"@eldiario_net","twitter_misc":{"Escrito por":"Jeanette","Tiempo de lectura":"2 minutos"},"schema":{"@context":"https:\/\/schema.org","@graph":[{"@type":"Article","@id":"https:\/\/www.eldiario.net\/portal\/2022\/03\/13\/cabala-premio-a-los-mejores-futbolistas-del-pais\/#article","isPartOf":{"@id":"https:\/\/www.eldiario.net\/portal\/2022\/03\/13\/cabala-premio-a-los-mejores-futbolistas-del-pais\/"},"author":{"name":"Jeanette","@id":"https:\/\/www.eldiario.net\/portal\/#\/schema\/person\/f46445640444750d7d753ccd04ae01b7"},"headline":"C\u00e1bala premi\u00f3 a los mejores futbolistas del pa\u00eds","datePublished":"2022-03-13T08:22:57+00:00","mainEntityOfPage":{"@id":"https:\/\/www.eldiario.net\/portal\/2022\/03\/13\/cabala-premio-a-los-mejores-futbolistas-del-pais\/"},"wordCount":370,"publisher":{"@id":"https:\/\/www.eldiario.net\/portal\/#organization"},"image":{"@id":"https:\/\/www.eldiario.net\/portal\/2022\/03\/13\/cabala-premio-a-los-mejores-futbolistas-del-pais\/#primaryimage"},"thumbnailUrl":"","articleSection":["Deportes"],"inLanguage":"es"},{"@type":"WebPage","@id":"https:\/\/www.eldiario.net\/portal\/2022\/03\/13\/cabala-premio-a-los-mejores-futbolistas-del-pais\/","url":"https:\/\/www.eldiario.net\/portal\/2022\/03\/13\/cabala-premio-a-los-mejores-futbolistas-del-pais\/","name":"C\u00e1bala premi\u00f3 a los mejores futbolistas del pa\u00eds - El Diario - Bolivia","isPartOf":{"@id":"https:\/\/www.eldiario.net\/portal\/#website"},"primaryImageOfPage":{"@id":"https:\/\/www.eldiario.net\/portal\/2022\/03\/13\/cabala-premio-a-los-mejores-futbolistas-del-pais\/#primaryimage"},"image":{"@id":"https:\/\/www.eldiario.net\/portal\/2022\/03\/13\/cabala-premio-a-los-mejores-futbolistas-del-pais\/#primaryimage"},"thumbnailUrl":"","datePublished":"2022-03-13T08:22:57+00:00","breadcrumb":{"@id":"https:\/\/www.eldiario.net\/portal\/2022\/03\/13\/cabala-premio-a-los-mejores-futbolistas-del-pais\/#breadcrumb"},"inLanguage":"es","potentialAction":[{"@type":"ReadAction","target":["https:\/\/www.eldiario.net\/portal\/2022\/03\/13\/cabala-premio-a-los-mejores-futbolistas-del-pais\/"]}]},{"@type":"ImageObject","inLanguage":"es","@id":"https:\/\/www.eldiario.net\/portal\/2022\/03\/13\/cabala-premio-a-los-mejores-futbolistas-del-pais\/#primaryimage","url":"","contentUrl":""},{"@type":"BreadcrumbList","@id":"https:\/\/www.eldiario.net\/portal\/2022\/03\/13\/cabala-premio-a-los-mejores-futbolistas-del-pais\/#breadcrumb","itemListElement":[{"@type":"ListItem","position":1,"name":"Portada","item":"https:\/\/www.eldiario.net\/portal\/"},{"@type":"ListItem","position":2,"name":"C\u00e1bala premi\u00f3 a los mejores futbolistas del pa\u00eds"}]},{"@type":"WebSite","@id":"https:\/\/www.eldiario.net\/portal\/#website","url":"https:\/\/www.eldiario.net\/portal\/","name":"El Diario - Decano de la prensa nacional","description":"El Diario - Decano de la prensa nacional","publisher":{"@id":"https:\/\/www.eldiario.net\/portal\/#organization"},"potentialAction":[{"@type":"SearchAction","target":{"@type":"EntryPoint","urlTemplate":"https:\/\/www.eldiario.net\/portal\/?s={search_term_string}"},"query-input":{"@type":"PropertyValueSpecification","valueRequired":true,"valueName":"search_term_string"}}],"inLanguage":"es"},{"@type":"Organization","@id":"https:\/\/www.eldiario.net\/portal\/#organization","name":"El Diario - Decano de la prensa nacional","url":"https:\/\/www.eldiario.net\/portal\/","logo":{"@type":"ImageObject","inLanguage":"es","@id":"https:\/\/www.eldiario.net\/portal\/#\/schema\/logo\/image\/","url":"https:\/\/www.eldiario.net\/portal\/wp-content\/uploads\/2023\/07\/logo_ED.jpg","contentUrl":"https:\/\/www.eldiario.net\/portal\/wp-content\/uploads\/2023\/07\/logo_ED.jpg","width":272,"height":52,"caption":"El Diario - Decano de la prensa nacional"},"image":{"@id":"https:\/\/www.eldiario.net\/portal\/#\/schema\/logo\/image\/"},"sameAs":["https:\/\/www.facebook.com\/eldiario.bolivia\/","https:\/\/x.com\/eldiario_net"]},{"@type":"Person","@id":"https:\/\/www.eldiario.net\/portal\/#\/schema\/person\/f46445640444750d7d753ccd04ae01b7","name":"Jeanette","image":{"@type":"ImageObject","inLanguage":"es","@id":"https:\/\/secure.gravatar.com\/avatar\/3ea2118a5f7dad2b7138b1187a6b7ee55f160b9968b66013c3a3ef39dd7e5798?s=96&d=mm&r=g","url":"https:\/\/secure.gravatar.com\/avatar\/3ea2118a5f7dad2b7138b1187a6b7ee55f160b9968b66013c3a3ef39dd7e5798?s=96&d=mm&r=g","contentUrl":"https:\/\/secure.gravatar.com\/avatar\/3ea2118a5f7dad2b7138b1187a6b7ee55f160b9968b66013c3a3ef39dd7e5798?s=96&d=mm&r=g","caption":"Jeanette"},"sameAs":["https:\/\/www.eldiario.net\/portal"],"url":"https:\/\/www.eldiario.net\/portal\/author\/jeanette\/"}]}},"_links":{"self":[{"href":"https:\/\/www.eldiario.net\/portal\/wp-json\/wp\/v2\/posts\/69134","targetHints":{"allow":["GET"]}}],"collection":[{"href":"https:\/\/www.eldiario.net\/portal\/wp-json\/wp\/v2\/posts"}],"about":[{"href":"https:\/\/www.eldiario.net\/portal\/wp-json\/wp\/v2\/types\/post"}],"author":[{"embeddable":true,"href":"https:\/\/www.eldiario.net\/portal\/wp-json\/wp\/v2\/users\/1"}],"replies":[{"embeddable":true,"href":"https:\/\/www.eldiario.net\/portal\/wp-json\/wp\/v2\/comments?post=69134"}],"version-history":[{"count":0,"href":"https:\/\/www.eldiario.net\/portal\/wp-json\/wp\/v2\/posts\/69134\/revisions"}],"wp:attachment":[{"href":"https:\/\/www.eldiario.net\/portal\/wp-json\/wp\/v2\/media?parent=69134"}],"wp:term":[{"taxonomy":"category","embeddable":true,"href":"https:\/\/www.eldiario.net\/portal\/wp-json\/wp\/v2\/categories?post=69134"},{"taxonomy":"post_tag","embeddable":true,"href":"https:\/\/www.eldiario.net\/portal\/wp-json\/wp\/v2\/tags?post=69134"}],"curies":[{"name":"wp","href":"https:\/\/api.w.org\/{rel}","templated":true}]}}