{"id":69119,"date":"2022-03-13T04:17:16","date_gmt":"2022-03-13T08:17:16","guid":{"rendered":"https:\/\/www.eldiario.net\/portal\/?p=69119"},"modified":"2022-03-13T04:17:16","modified_gmt":"2022-03-13T08:17:16","slug":"wilstermann-y-aurora-juegan-por-distintos-objetivos","status":"publish","type":"post","link":"https:\/\/www.eldiario.net\/portal\/2022\/03\/13\/wilstermann-y-aurora-juegan-por-distintos-objetivos\/","title":{"rendered":"Wilstermann y Aurora juegan  por distintos objetivos"},"content":{"rendered":"<p>Un partido para alquilar balcones. Los planteles de Wilstermann y Aurora se medir\u00e1n esta tarde (15:00), en el estadio F\u00e9lix Capriles, por la jornada de cl\u00e1sicos del torneo Apertura, de la Divisi\u00f3n Profesional.<br \/>\nAmbos cuentan con puntajes distintos en sus grupos. Aurora suma apenas tres unidades en la seria A; mientras Wilstermann acumula siete puntos en el B. Pese a esta diferencia de puntajes, ambos clubes no se encuentran cerca de los primeros puestos de sus grupos.<br \/>\nDentro de los choques hist\u00f3ricos que tuvieron ambos conjuntos en el estadio F\u00e9lix Capriles, hay lances muy parejos. Justamente Wilstermann y Aurora empataron en el \u00faltimo lance (1-1), partido jugado el 1 de diciembre del pasado a\u00f1o.<br \/>\nEl \u00faltimo equipo ganador de esta contienda fue Wilstermann, que derrot\u00f3 el pasado a\u00f1o a su tradicional rival por 2-1. Mientras la \u00faltima victoria del cuadro celeste fue el 30 de enero del 2020, cuando venci\u00f3 al aviador por 2-1.<br \/>\nEn Wilstermann, el director t\u00e9cnico Miguel Ponce, aunque no dej\u00f3 en claro si se guardar\u00e1 algunos jugadores para el cl\u00e1sico cochabambino, tomando en cuenta el lance de vuelta contra Guabir\u00e1, por la Copa Sudamericana.<br \/>\nNo obstante, el t\u00e9cnico de Wilstermann sostuvo que, ahora que el plantel est\u00e1 completo, con la vuelta de Cristian \u201cPochi\u201d Ch\u00e1vez, y por el rendimiento como el de Rodrigo Vargas en el partido ante Guabir\u00e1, definir quienes saldr\u00e1n desde el vamos en el cl\u00e1sico cochabambino se le hace m\u00e1s complicado.<br \/>\n\u201cTener el plantel completo siento que es una potencialidad, una ventaja y tambi\u00e9n un problema, porque como ven ahora volvi\u00f3 Pochi (Ch\u00e1vez), Rodrigo (Vargas) hizo un tremendo gol a Guabir\u00e1 y tambi\u00e9n est\u00e1n (Edzon) P\u00e9rez y (Cristhian) Machado\u201d, explic\u00f3 Ponce.<br \/>\nPor su parte, el cuadro de Aurora tiene todo claro. Sin bajas y con toda su artiller\u00eda a disposici\u00f3n, el entrenador Francisco Arg\u00fcello defini\u00f3 el equipo que saltar\u00e1 en busca de su primer triunfo del a\u00f1o y antes del receso por eliminatorias.<\/p>\n<p><strong>ERWIN QUISPE PERCA<\/strong><\/p>\n<p><a href=\"https:\/\/www.eldiario.net\/portal\/wp-content\/uploads\/2022\/03\/pag-3-foto-2-1.jpg\"><img loading=\"lazy\" decoding=\"async\" class=\"aligncenter size-medium wp-image-69121\" src=\"https:\/\/www.eldiario.net\/portal\/wp-content\/uploads\/2022\/03\/pag-3-foto-2-1-300x300.jpg\" alt=\"\" width=\"300\" height=\"300\" \/><\/a><\/p>\n<p>&nbsp;<\/p>\n","protected":false},"excerpt":{"rendered":"<p>Un partido para alquilar balcones. Los planteles de Wilstermann y Aurora se medir\u00e1n esta tarde (15:00), en el estadio F\u00e9lix Capriles, por la jornada de cl\u00e1sicos del torneo Apertura, de la Divisi\u00f3n Profesional. Ambos cuentan con puntajes distintos en sus grupos. Aurora suma apenas tres unidades en la seria A; mientras Wilstermann acumula siete puntos [&hellip;]<\/p>\n","protected":false},"author":1,"featured_media":69120,"comment_status":"closed","ping_status":"closed","sticky":false,"template":"","format":"standard","meta":{"_acf_changed":false,"footnotes":""},"categories":[6],"tags":[],"class_list":["post-69119","post","type-post","status-publish","format-standard","has-post-thumbnail","category-deportes"],"acf":{"antetitulo":""},"yoast_head":"<!-- This site is optimized with the Yoast SEO plugin v28.3 - https:\/\/yoast.com\/product\/yoast-seo-wordpress\/ -->\n<title>Wilstermann y Aurora juegan por distintos objetivos - El Diario - Bolivia<\/title>\n<meta name=\"robots\" content=\"index, follow, max-snippet:-1, max-image-preview:large, max-video-preview:-1\" \/>\n<link rel=\"canonical\" href=\"https:\/\/www.eldiario.net\/portal\/2022\/03\/13\/wilstermann-y-aurora-juegan-por-distintos-objetivos\/\" \/>\n<meta property=\"og:locale\" content=\"es_ES\" \/>\n<meta property=\"og:type\" content=\"article\" \/>\n<meta property=\"og:title\" content=\"Wilstermann y Aurora juegan por distintos objetivos - El Diario - Bolivia\" \/>\n<meta property=\"og:description\" content=\"Un partido para alquilar balcones. Los planteles de Wilstermann y Aurora se medir\u00e1n esta tarde (15:00), en el estadio F\u00e9lix Capriles, por la jornada de cl\u00e1sicos del torneo Apertura, de la Divisi\u00f3n Profesional. Ambos cuentan con puntajes distintos en sus grupos. Aurora suma apenas tres unidades en la seria A; mientras Wilstermann acumula siete puntos [&hellip;]\" \/>\n<meta property=\"og:url\" content=\"https:\/\/www.eldiario.net\/portal\/2022\/03\/13\/wilstermann-y-aurora-juegan-por-distintos-objetivos\/\" \/>\n<meta property=\"og:site_name\" content=\"El Diario - Bolivia\" \/>\n<meta property=\"article:publisher\" content=\"https:\/\/www.facebook.com\/eldiario.bolivia\/\" \/>\n<meta property=\"article:published_time\" content=\"2022-03-13T08:17:16+00:00\" \/>\n<meta name=\"author\" content=\"Jeanette\" \/>\n<meta name=\"twitter:card\" content=\"summary_large_image\" \/>\n<meta name=\"twitter:creator\" content=\"@eldiario_net\" \/>\n<meta name=\"twitter:site\" content=\"@eldiario_net\" \/>\n<meta name=\"twitter:label1\" content=\"Escrito por\" \/>\n\t<meta name=\"twitter:data1\" content=\"Jeanette\" \/>\n\t<meta name=\"twitter:label2\" content=\"Tiempo de lectura\" \/>\n\t<meta name=\"twitter:data2\" content=\"2 minutos\" \/>\n<script type=\"application\/ld+json\" class=\"yoast-schema-graph\">{\"@context\":\"https:\\\/\\\/schema.org\",\"@graph\":[{\"@type\":\"Article\",\"@id\":\"https:\\\/\\\/www.eldiario.net\\\/portal\\\/2022\\\/03\\\/13\\\/wilstermann-y-aurora-juegan-por-distintos-objetivos\\\/#article\",\"isPartOf\":{\"@id\":\"https:\\\/\\\/www.eldiario.net\\\/portal\\\/2022\\\/03\\\/13\\\/wilstermann-y-aurora-juegan-por-distintos-objetivos\\\/\"},\"author\":{\"name\":\"Jeanette\",\"@id\":\"https:\\\/\\\/www.eldiario.net\\\/portal\\\/#\\\/schema\\\/person\\\/f46445640444750d7d753ccd04ae01b7\"},\"headline\":\"Wilstermann y Aurora juegan por distintos objetivos\",\"datePublished\":\"2022-03-13T08:17:16+00:00\",\"mainEntityOfPage\":{\"@id\":\"https:\\\/\\\/www.eldiario.net\\\/portal\\\/2022\\\/03\\\/13\\\/wilstermann-y-aurora-juegan-por-distintos-objetivos\\\/\"},\"wordCount\":351,\"publisher\":{\"@id\":\"https:\\\/\\\/www.eldiario.net\\\/portal\\\/#organization\"},\"image\":{\"@id\":\"https:\\\/\\\/www.eldiario.net\\\/portal\\\/2022\\\/03\\\/13\\\/wilstermann-y-aurora-juegan-por-distintos-objetivos\\\/#primaryimage\"},\"thumbnailUrl\":\"\",\"articleSection\":[\"Deportes\"],\"inLanguage\":\"es\"},{\"@type\":\"WebPage\",\"@id\":\"https:\\\/\\\/www.eldiario.net\\\/portal\\\/2022\\\/03\\\/13\\\/wilstermann-y-aurora-juegan-por-distintos-objetivos\\\/\",\"url\":\"https:\\\/\\\/www.eldiario.net\\\/portal\\\/2022\\\/03\\\/13\\\/wilstermann-y-aurora-juegan-por-distintos-objetivos\\\/\",\"name\":\"Wilstermann y Aurora juegan por distintos objetivos - El Diario - Bolivia\",\"isPartOf\":{\"@id\":\"https:\\\/\\\/www.eldiario.net\\\/portal\\\/#website\"},\"primaryImageOfPage\":{\"@id\":\"https:\\\/\\\/www.eldiario.net\\\/portal\\\/2022\\\/03\\\/13\\\/wilstermann-y-aurora-juegan-por-distintos-objetivos\\\/#primaryimage\"},\"image\":{\"@id\":\"https:\\\/\\\/www.eldiario.net\\\/portal\\\/2022\\\/03\\\/13\\\/wilstermann-y-aurora-juegan-por-distintos-objetivos\\\/#primaryimage\"},\"thumbnailUrl\":\"\",\"datePublished\":\"2022-03-13T08:17:16+00:00\",\"breadcrumb\":{\"@id\":\"https:\\\/\\\/www.eldiario.net\\\/portal\\\/2022\\\/03\\\/13\\\/wilstermann-y-aurora-juegan-por-distintos-objetivos\\\/#breadcrumb\"},\"inLanguage\":\"es\",\"potentialAction\":[{\"@type\":\"ReadAction\",\"target\":[\"https:\\\/\\\/www.eldiario.net\\\/portal\\\/2022\\\/03\\\/13\\\/wilstermann-y-aurora-juegan-por-distintos-objetivos\\\/\"]}]},{\"@type\":\"ImageObject\",\"inLanguage\":\"es\",\"@id\":\"https:\\\/\\\/www.eldiario.net\\\/portal\\\/2022\\\/03\\\/13\\\/wilstermann-y-aurora-juegan-por-distintos-objetivos\\\/#primaryimage\",\"url\":\"\",\"contentUrl\":\"\"},{\"@type\":\"BreadcrumbList\",\"@id\":\"https:\\\/\\\/www.eldiario.net\\\/portal\\\/2022\\\/03\\\/13\\\/wilstermann-y-aurora-juegan-por-distintos-objetivos\\\/#breadcrumb\",\"itemListElement\":[{\"@type\":\"ListItem\",\"position\":1,\"name\":\"Portada\",\"item\":\"https:\\\/\\\/www.eldiario.net\\\/portal\\\/\"},{\"@type\":\"ListItem\",\"position\":2,\"name\":\"Wilstermann y Aurora juegan por distintos objetivos\"}]},{\"@type\":\"WebSite\",\"@id\":\"https:\\\/\\\/www.eldiario.net\\\/portal\\\/#website\",\"url\":\"https:\\\/\\\/www.eldiario.net\\\/portal\\\/\",\"name\":\"El Diario - Decano de la prensa nacional\",\"description\":\"El Diario - Decano de la prensa nacional\",\"publisher\":{\"@id\":\"https:\\\/\\\/www.eldiario.net\\\/portal\\\/#organization\"},\"potentialAction\":[{\"@type\":\"SearchAction\",\"target\":{\"@type\":\"EntryPoint\",\"urlTemplate\":\"https:\\\/\\\/www.eldiario.net\\\/portal\\\/?s={search_term_string}\"},\"query-input\":{\"@type\":\"PropertyValueSpecification\",\"valueRequired\":true,\"valueName\":\"search_term_string\"}}],\"inLanguage\":\"es\"},{\"@type\":\"Organization\",\"@id\":\"https:\\\/\\\/www.eldiario.net\\\/portal\\\/#organization\",\"name\":\"El Diario - Decano de la prensa nacional\",\"url\":\"https:\\\/\\\/www.eldiario.net\\\/portal\\\/\",\"logo\":{\"@type\":\"ImageObject\",\"inLanguage\":\"es\",\"@id\":\"https:\\\/\\\/www.eldiario.net\\\/portal\\\/#\\\/schema\\\/logo\\\/image\\\/\",\"url\":\"https:\\\/\\\/www.eldiario.net\\\/portal\\\/wp-content\\\/uploads\\\/2023\\\/07\\\/logo_ED.jpg\",\"contentUrl\":\"https:\\\/\\\/www.eldiario.net\\\/portal\\\/wp-content\\\/uploads\\\/2023\\\/07\\\/logo_ED.jpg\",\"width\":272,\"height\":52,\"caption\":\"El Diario - Decano de la prensa nacional\"},\"image\":{\"@id\":\"https:\\\/\\\/www.eldiario.net\\\/portal\\\/#\\\/schema\\\/logo\\\/image\\\/\"},\"sameAs\":[\"https:\\\/\\\/www.facebook.com\\\/eldiario.bolivia\\\/\",\"https:\\\/\\\/x.com\\\/eldiario_net\"]},{\"@type\":\"Person\",\"@id\":\"https:\\\/\\\/www.eldiario.net\\\/portal\\\/#\\\/schema\\\/person\\\/f46445640444750d7d753ccd04ae01b7\",\"name\":\"Jeanette\",\"image\":{\"@type\":\"ImageObject\",\"inLanguage\":\"es\",\"@id\":\"https:\\\/\\\/secure.gravatar.com\\\/avatar\\\/3ea2118a5f7dad2b7138b1187a6b7ee55f160b9968b66013c3a3ef39dd7e5798?s=96&d=mm&r=g\",\"url\":\"https:\\\/\\\/secure.gravatar.com\\\/avatar\\\/3ea2118a5f7dad2b7138b1187a6b7ee55f160b9968b66013c3a3ef39dd7e5798?s=96&d=mm&r=g\",\"contentUrl\":\"https:\\\/\\\/secure.gravatar.com\\\/avatar\\\/3ea2118a5f7dad2b7138b1187a6b7ee55f160b9968b66013c3a3ef39dd7e5798?s=96&d=mm&r=g\",\"caption\":\"Jeanette\"},\"sameAs\":[\"https:\\\/\\\/www.eldiario.net\\\/portal\"],\"url\":\"https:\\\/\\\/www.eldiario.net\\\/portal\\\/author\\\/jeanette\\\/\"}]}<\/script>\n<!-- \/ Yoast SEO plugin. -->","yoast_head_json":{"title":"Wilstermann y Aurora juegan por distintos objetivos - El Diario - Bolivia","robots":{"index":"index","follow":"follow","max-snippet":"max-snippet:-1","max-image-preview":"max-image-preview:large","max-video-preview":"max-video-preview:-1"},"canonical":"https:\/\/www.eldiario.net\/portal\/2022\/03\/13\/wilstermann-y-aurora-juegan-por-distintos-objetivos\/","og_locale":"es_ES","og_type":"article","og_title":"Wilstermann y Aurora juegan por distintos objetivos - El Diario - Bolivia","og_description":"Un partido para alquilar balcones. Los planteles de Wilstermann y Aurora se medir\u00e1n esta tarde (15:00), en el estadio F\u00e9lix Capriles, por la jornada de cl\u00e1sicos del torneo Apertura, de la Divisi\u00f3n Profesional. Ambos cuentan con puntajes distintos en sus grupos. Aurora suma apenas tres unidades en la seria A; mientras Wilstermann acumula siete puntos [&hellip;]","og_url":"https:\/\/www.eldiario.net\/portal\/2022\/03\/13\/wilstermann-y-aurora-juegan-por-distintos-objetivos\/","og_site_name":"El Diario - Bolivia","article_publisher":"https:\/\/www.facebook.com\/eldiario.bolivia\/","article_published_time":"2022-03-13T08:17:16+00:00","author":"Jeanette","twitter_card":"summary_large_image","twitter_creator":"@eldiario_net","twitter_site":"@eldiario_net","twitter_misc":{"Escrito por":"Jeanette","Tiempo de lectura":"2 minutos"},"schema":{"@context":"https:\/\/schema.org","@graph":[{"@type":"Article","@id":"https:\/\/www.eldiario.net\/portal\/2022\/03\/13\/wilstermann-y-aurora-juegan-por-distintos-objetivos\/#article","isPartOf":{"@id":"https:\/\/www.eldiario.net\/portal\/2022\/03\/13\/wilstermann-y-aurora-juegan-por-distintos-objetivos\/"},"author":{"name":"Jeanette","@id":"https:\/\/www.eldiario.net\/portal\/#\/schema\/person\/f46445640444750d7d753ccd04ae01b7"},"headline":"Wilstermann y Aurora juegan por distintos objetivos","datePublished":"2022-03-13T08:17:16+00:00","mainEntityOfPage":{"@id":"https:\/\/www.eldiario.net\/portal\/2022\/03\/13\/wilstermann-y-aurora-juegan-por-distintos-objetivos\/"},"wordCount":351,"publisher":{"@id":"https:\/\/www.eldiario.net\/portal\/#organization"},"image":{"@id":"https:\/\/www.eldiario.net\/portal\/2022\/03\/13\/wilstermann-y-aurora-juegan-por-distintos-objetivos\/#primaryimage"},"thumbnailUrl":"","articleSection":["Deportes"],"inLanguage":"es"},{"@type":"WebPage","@id":"https:\/\/www.eldiario.net\/portal\/2022\/03\/13\/wilstermann-y-aurora-juegan-por-distintos-objetivos\/","url":"https:\/\/www.eldiario.net\/portal\/2022\/03\/13\/wilstermann-y-aurora-juegan-por-distintos-objetivos\/","name":"Wilstermann y Aurora juegan por distintos objetivos - El Diario - Bolivia","isPartOf":{"@id":"https:\/\/www.eldiario.net\/portal\/#website"},"primaryImageOfPage":{"@id":"https:\/\/www.eldiario.net\/portal\/2022\/03\/13\/wilstermann-y-aurora-juegan-por-distintos-objetivos\/#primaryimage"},"image":{"@id":"https:\/\/www.eldiario.net\/portal\/2022\/03\/13\/wilstermann-y-aurora-juegan-por-distintos-objetivos\/#primaryimage"},"thumbnailUrl":"","datePublished":"2022-03-13T08:17:16+00:00","breadcrumb":{"@id":"https:\/\/www.eldiario.net\/portal\/2022\/03\/13\/wilstermann-y-aurora-juegan-por-distintos-objetivos\/#breadcrumb"},"inLanguage":"es","potentialAction":[{"@type":"ReadAction","target":["https:\/\/www.eldiario.net\/portal\/2022\/03\/13\/wilstermann-y-aurora-juegan-por-distintos-objetivos\/"]}]},{"@type":"ImageObject","inLanguage":"es","@id":"https:\/\/www.eldiario.net\/portal\/2022\/03\/13\/wilstermann-y-aurora-juegan-por-distintos-objetivos\/#primaryimage","url":"","contentUrl":""},{"@type":"BreadcrumbList","@id":"https:\/\/www.eldiario.net\/portal\/2022\/03\/13\/wilstermann-y-aurora-juegan-por-distintos-objetivos\/#breadcrumb","itemListElement":[{"@type":"ListItem","position":1,"name":"Portada","item":"https:\/\/www.eldiario.net\/portal\/"},{"@type":"ListItem","position":2,"name":"Wilstermann y Aurora juegan por distintos objetivos"}]},{"@type":"WebSite","@id":"https:\/\/www.eldiario.net\/portal\/#website","url":"https:\/\/www.eldiario.net\/portal\/","name":"El Diario - Decano de la prensa nacional","description":"El Diario - Decano de la prensa nacional","publisher":{"@id":"https:\/\/www.eldiario.net\/portal\/#organization"},"potentialAction":[{"@type":"SearchAction","target":{"@type":"EntryPoint","urlTemplate":"https:\/\/www.eldiario.net\/portal\/?s={search_term_string}"},"query-input":{"@type":"PropertyValueSpecification","valueRequired":true,"valueName":"search_term_string"}}],"inLanguage":"es"},{"@type":"Organization","@id":"https:\/\/www.eldiario.net\/portal\/#organization","name":"El Diario - Decano de la prensa nacional","url":"https:\/\/www.eldiario.net\/portal\/","logo":{"@type":"ImageObject","inLanguage":"es","@id":"https:\/\/www.eldiario.net\/portal\/#\/schema\/logo\/image\/","url":"https:\/\/www.eldiario.net\/portal\/wp-content\/uploads\/2023\/07\/logo_ED.jpg","contentUrl":"https:\/\/www.eldiario.net\/portal\/wp-content\/uploads\/2023\/07\/logo_ED.jpg","width":272,"height":52,"caption":"El Diario - Decano de la prensa nacional"},"image":{"@id":"https:\/\/www.eldiario.net\/portal\/#\/schema\/logo\/image\/"},"sameAs":["https:\/\/www.facebook.com\/eldiario.bolivia\/","https:\/\/x.com\/eldiario_net"]},{"@type":"Person","@id":"https:\/\/www.eldiario.net\/portal\/#\/schema\/person\/f46445640444750d7d753ccd04ae01b7","name":"Jeanette","image":{"@type":"ImageObject","inLanguage":"es","@id":"https:\/\/secure.gravatar.com\/avatar\/3ea2118a5f7dad2b7138b1187a6b7ee55f160b9968b66013c3a3ef39dd7e5798?s=96&d=mm&r=g","url":"https:\/\/secure.gravatar.com\/avatar\/3ea2118a5f7dad2b7138b1187a6b7ee55f160b9968b66013c3a3ef39dd7e5798?s=96&d=mm&r=g","contentUrl":"https:\/\/secure.gravatar.com\/avatar\/3ea2118a5f7dad2b7138b1187a6b7ee55f160b9968b66013c3a3ef39dd7e5798?s=96&d=mm&r=g","caption":"Jeanette"},"sameAs":["https:\/\/www.eldiario.net\/portal"],"url":"https:\/\/www.eldiario.net\/portal\/author\/jeanette\/"}]}},"_links":{"self":[{"href":"https:\/\/www.eldiario.net\/portal\/wp-json\/wp\/v2\/posts\/69119","targetHints":{"allow":["GET"]}}],"collection":[{"href":"https:\/\/www.eldiario.net\/portal\/wp-json\/wp\/v2\/posts"}],"about":[{"href":"https:\/\/www.eldiario.net\/portal\/wp-json\/wp\/v2\/types\/post"}],"author":[{"embeddable":true,"href":"https:\/\/www.eldiario.net\/portal\/wp-json\/wp\/v2\/users\/1"}],"replies":[{"embeddable":true,"href":"https:\/\/www.eldiario.net\/portal\/wp-json\/wp\/v2\/comments?post=69119"}],"version-history":[{"count":0,"href":"https:\/\/www.eldiario.net\/portal\/wp-json\/wp\/v2\/posts\/69119\/revisions"}],"wp:attachment":[{"href":"https:\/\/www.eldiario.net\/portal\/wp-json\/wp\/v2\/media?parent=69119"}],"wp:term":[{"taxonomy":"category","embeddable":true,"href":"https:\/\/www.eldiario.net\/portal\/wp-json\/wp\/v2\/categories?post=69119"},{"taxonomy":"post_tag","embeddable":true,"href":"https:\/\/www.eldiario.net\/portal\/wp-json\/wp\/v2\/tags?post=69119"}],"curies":[{"name":"wp","href":"https:\/\/api.w.org\/{rel}","templated":true}]}}