{"id":69117,"date":"2022-03-13T04:15:26","date_gmt":"2022-03-13T08:15:26","guid":{"rendered":"https:\/\/www.eldiario.net\/portal\/?p=69117"},"modified":"2022-03-13T04:15:26","modified_gmt":"2022-03-13T08:15:26","slug":"la-u-y-el-matador-sin-margen-al-error","status":"publish","type":"post","link":"https:\/\/www.eldiario.net\/portal\/2022\/03\/13\/la-u-y-el-matador-sin-margen-al-error\/","title":{"rendered":"La \u201cU\u201d y el \u201cMatador\u201d sin margen al error"},"content":{"rendered":"<p>El esperado encuentro entre Universitario e Independiente se jugar\u00e1 hoy, desde las 17:30, en el estadio Patria, en el primer episodio de esta rivalidad entre estos planteles capitalinos dentro de la Divisi\u00f3n Profesional.<br \/>\nLa temporada 2022 marcar\u00e1 un punto hist\u00f3rico de referencia para el f\u00fatbol chuquisaque\u00f1o, porque por primera vez se enfrentar\u00e1n estos planteles en el a\u00f1o del regreso al profesionalismo para los estudiantiles y en la temporada en la cual el \u00b4Inde\u00b4 defiende su t\u00edtulo de campe\u00f3n nacional.<br \/>\nPor efectos de recaudaci\u00f3n, la \u201cU\u201d oficiar\u00e1 de local en el estadio Patria. Este duelo levant\u00f3 la expectativa de la afici\u00f3n, que ha respondido a la convocatoria para la compra de los boletos. El club docto coloc\u00f3 18 mil entradas a la venta y por la demanda se espera que todas las butacas sean ocupadas.<br \/>\nLos estudiantiles tienen en duda al delantero Vladimir Castell\u00f3n, quien qued\u00f3 lesionado tras el encuentro contra Oriente Petrolero (0-1) en Santa Cruz. En caso de que el atacante cochabambino no pueda participar su lugar ser\u00e1 ocupado por Marco V\u00e1squez.<br \/>\nCon ocho puntos, la \u201cU\u201d requiere del triunfo de la fecha para volver a asomar su divisa entre los primeros lugares del grupo \u201cA\u201d. Mientras, el Matador est\u00e1 con cuatro en el \u201cB\u201d con la urgencia de ganar para recuperar el rol principal que tuvo el a\u00f1o pasado.<br \/>\nEl \u00b4Inde\u00b4est\u00e1 golpeado por los malos resultados. El pasado fin de semana, perdi\u00f3 contra Blooming (2-3) en Sucre, abriendo cuestionamientos al trabajo de los jugadores y del cuerpo t\u00e9cnico, adem\u00e1s, la hinchada apunt\u00f3 con sus cr\u00edticas a la presidenta, Jenny Monta\u00f1o.<br \/>\nEl \u00e1rbitro orure\u00f1o \u00c1lvaro Campos controlar\u00e1 las acciones del partido y estar\u00e1 asistido desde los costados por Williams Medina y Cliver Castell\u00f3n.<\/p>\n","protected":false},"excerpt":{"rendered":"<p>El esperado encuentro entre Universitario e Independiente se jugar\u00e1 hoy, desde las 17:30, en el estadio Patria, en el primer episodio de esta rivalidad entre estos planteles capitalinos dentro de la Divisi\u00f3n Profesional. La temporada 2022 marcar\u00e1 un punto hist\u00f3rico de referencia para el f\u00fatbol chuquisaque\u00f1o, porque por primera vez se enfrentar\u00e1n estos planteles en [&hellip;]<\/p>\n","protected":false},"author":1,"featured_media":0,"comment_status":"closed","ping_status":"closed","sticky":false,"template":"","format":"standard","meta":{"_acf_changed":false,"footnotes":""},"categories":[6],"tags":[],"class_list":["post-69117","post","type-post","status-publish","format-standard","category-deportes"],"acf":{"antetitulo":""},"yoast_head":"<!-- This site is optimized with the Yoast SEO plugin v28.4 - https:\/\/yoast.com\/product\/yoast-seo-wordpress\/ -->\n<title>La \u201cU\u201d y el \u201cMatador\u201d sin margen al error - El Diario - Bolivia<\/title>\n<meta name=\"robots\" content=\"index, follow, max-snippet:-1, max-image-preview:large, max-video-preview:-1\" \/>\n<link rel=\"canonical\" href=\"https:\/\/www.eldiario.net\/portal\/2022\/03\/13\/la-u-y-el-matador-sin-margen-al-error\/\" \/>\n<meta property=\"og:locale\" content=\"es_ES\" \/>\n<meta property=\"og:type\" content=\"article\" \/>\n<meta property=\"og:title\" content=\"La \u201cU\u201d y el \u201cMatador\u201d sin margen al error - El Diario - Bolivia\" \/>\n<meta property=\"og:description\" content=\"El esperado encuentro entre Universitario e Independiente se jugar\u00e1 hoy, desde las 17:30, en el estadio Patria, en el primer episodio de esta rivalidad entre estos planteles capitalinos dentro de la Divisi\u00f3n Profesional. La temporada 2022 marcar\u00e1 un punto hist\u00f3rico de referencia para el f\u00fatbol chuquisaque\u00f1o, porque por primera vez se enfrentar\u00e1n estos planteles en [&hellip;]\" \/>\n<meta property=\"og:url\" content=\"https:\/\/www.eldiario.net\/portal\/2022\/03\/13\/la-u-y-el-matador-sin-margen-al-error\/\" \/>\n<meta property=\"og:site_name\" content=\"El Diario - Bolivia\" \/>\n<meta property=\"article:publisher\" content=\"https:\/\/www.facebook.com\/eldiario.bolivia\/\" \/>\n<meta property=\"article:published_time\" content=\"2022-03-13T08:15:26+00:00\" \/>\n<meta name=\"author\" content=\"Jeanette\" \/>\n<meta name=\"twitter:card\" content=\"summary_large_image\" \/>\n<meta name=\"twitter:creator\" content=\"@eldiario_net\" \/>\n<meta name=\"twitter:site\" content=\"@eldiario_net\" \/>\n<meta name=\"twitter:label1\" content=\"Escrito por\" \/>\n\t<meta name=\"twitter:data1\" content=\"Jeanette\" \/>\n\t<meta name=\"twitter:label2\" content=\"Tiempo de lectura\" \/>\n\t<meta name=\"twitter:data2\" content=\"2 minutos\" \/>\n<script type=\"application\/ld+json\" class=\"yoast-schema-graph\">{\"@context\":\"https:\\\/\\\/schema.org\",\"@graph\":[{\"@type\":\"Article\",\"@id\":\"https:\\\/\\\/www.eldiario.net\\\/portal\\\/2022\\\/03\\\/13\\\/la-u-y-el-matador-sin-margen-al-error\\\/#article\",\"isPartOf\":{\"@id\":\"https:\\\/\\\/www.eldiario.net\\\/portal\\\/2022\\\/03\\\/13\\\/la-u-y-el-matador-sin-margen-al-error\\\/\"},\"author\":{\"name\":\"Jeanette\",\"@id\":\"https:\\\/\\\/www.eldiario.net\\\/portal\\\/#\\\/schema\\\/person\\\/f46445640444750d7d753ccd04ae01b7\"},\"headline\":\"La \u201cU\u201d y el \u201cMatador\u201d sin margen al error\",\"datePublished\":\"2022-03-13T08:15:26+00:00\",\"mainEntityOfPage\":{\"@id\":\"https:\\\/\\\/www.eldiario.net\\\/portal\\\/2022\\\/03\\\/13\\\/la-u-y-el-matador-sin-margen-al-error\\\/\"},\"wordCount\":310,\"publisher\":{\"@id\":\"https:\\\/\\\/www.eldiario.net\\\/portal\\\/#organization\"},\"articleSection\":[\"Deportes\"],\"inLanguage\":\"es\"},{\"@type\":\"WebPage\",\"@id\":\"https:\\\/\\\/www.eldiario.net\\\/portal\\\/2022\\\/03\\\/13\\\/la-u-y-el-matador-sin-margen-al-error\\\/\",\"url\":\"https:\\\/\\\/www.eldiario.net\\\/portal\\\/2022\\\/03\\\/13\\\/la-u-y-el-matador-sin-margen-al-error\\\/\",\"name\":\"La \u201cU\u201d y el \u201cMatador\u201d sin margen al error - El Diario - Bolivia\",\"isPartOf\":{\"@id\":\"https:\\\/\\\/www.eldiario.net\\\/portal\\\/#website\"},\"datePublished\":\"2022-03-13T08:15:26+00:00\",\"breadcrumb\":{\"@id\":\"https:\\\/\\\/www.eldiario.net\\\/portal\\\/2022\\\/03\\\/13\\\/la-u-y-el-matador-sin-margen-al-error\\\/#breadcrumb\"},\"inLanguage\":\"es\",\"potentialAction\":[{\"@type\":\"ReadAction\",\"target\":[\"https:\\\/\\\/www.eldiario.net\\\/portal\\\/2022\\\/03\\\/13\\\/la-u-y-el-matador-sin-margen-al-error\\\/\"]}]},{\"@type\":\"BreadcrumbList\",\"@id\":\"https:\\\/\\\/www.eldiario.net\\\/portal\\\/2022\\\/03\\\/13\\\/la-u-y-el-matador-sin-margen-al-error\\\/#breadcrumb\",\"itemListElement\":[{\"@type\":\"ListItem\",\"position\":1,\"name\":\"Portada\",\"item\":\"https:\\\/\\\/www.eldiario.net\\\/portal\\\/\"},{\"@type\":\"ListItem\",\"position\":2,\"name\":\"La \u201cU\u201d y el \u201cMatador\u201d sin margen al error\"}]},{\"@type\":\"WebSite\",\"@id\":\"https:\\\/\\\/www.eldiario.net\\\/portal\\\/#website\",\"url\":\"https:\\\/\\\/www.eldiario.net\\\/portal\\\/\",\"name\":\"El Diario - Decano de la prensa nacional\",\"description\":\"El Diario - Decano de la prensa nacional\",\"publisher\":{\"@id\":\"https:\\\/\\\/www.eldiario.net\\\/portal\\\/#organization\"},\"potentialAction\":[{\"@type\":\"SearchAction\",\"target\":{\"@type\":\"EntryPoint\",\"urlTemplate\":\"https:\\\/\\\/www.eldiario.net\\\/portal\\\/?s={search_term_string}\"},\"query-input\":{\"@type\":\"PropertyValueSpecification\",\"valueRequired\":true,\"valueName\":\"search_term_string\"}}],\"inLanguage\":\"es\"},{\"@type\":\"Organization\",\"@id\":\"https:\\\/\\\/www.eldiario.net\\\/portal\\\/#organization\",\"name\":\"El Diario - Decano de la prensa nacional\",\"url\":\"https:\\\/\\\/www.eldiario.net\\\/portal\\\/\",\"logo\":{\"@type\":\"ImageObject\",\"inLanguage\":\"es\",\"@id\":\"https:\\\/\\\/www.eldiario.net\\\/portal\\\/#\\\/schema\\\/logo\\\/image\\\/\",\"url\":\"https:\\\/\\\/www.eldiario.net\\\/portal\\\/wp-content\\\/uploads\\\/2023\\\/07\\\/logo_ED.jpg\",\"contentUrl\":\"https:\\\/\\\/www.eldiario.net\\\/portal\\\/wp-content\\\/uploads\\\/2023\\\/07\\\/logo_ED.jpg\",\"width\":272,\"height\":52,\"caption\":\"El Diario - Decano de la prensa nacional\"},\"image\":{\"@id\":\"https:\\\/\\\/www.eldiario.net\\\/portal\\\/#\\\/schema\\\/logo\\\/image\\\/\"},\"sameAs\":[\"https:\\\/\\\/www.facebook.com\\\/eldiario.bolivia\\\/\",\"https:\\\/\\\/x.com\\\/eldiario_net\"]},{\"@type\":\"Person\",\"@id\":\"https:\\\/\\\/www.eldiario.net\\\/portal\\\/#\\\/schema\\\/person\\\/f46445640444750d7d753ccd04ae01b7\",\"name\":\"Jeanette\",\"image\":{\"@type\":\"ImageObject\",\"inLanguage\":\"es\",\"@id\":\"https:\\\/\\\/secure.gravatar.com\\\/avatar\\\/3ea2118a5f7dad2b7138b1187a6b7ee55f160b9968b66013c3a3ef39dd7e5798?s=96&d=mm&r=g\",\"url\":\"https:\\\/\\\/secure.gravatar.com\\\/avatar\\\/3ea2118a5f7dad2b7138b1187a6b7ee55f160b9968b66013c3a3ef39dd7e5798?s=96&d=mm&r=g\",\"contentUrl\":\"https:\\\/\\\/secure.gravatar.com\\\/avatar\\\/3ea2118a5f7dad2b7138b1187a6b7ee55f160b9968b66013c3a3ef39dd7e5798?s=96&d=mm&r=g\",\"caption\":\"Jeanette\"},\"sameAs\":[\"https:\\\/\\\/www.eldiario.net\\\/portal\"],\"url\":\"https:\\\/\\\/www.eldiario.net\\\/portal\\\/author\\\/jeanette\\\/\"}]}<\/script>\n<!-- \/ Yoast SEO plugin. -->","yoast_head_json":{"title":"La \u201cU\u201d y el \u201cMatador\u201d sin margen al error - El Diario - Bolivia","robots":{"index":"index","follow":"follow","max-snippet":"max-snippet:-1","max-image-preview":"max-image-preview:large","max-video-preview":"max-video-preview:-1"},"canonical":"https:\/\/www.eldiario.net\/portal\/2022\/03\/13\/la-u-y-el-matador-sin-margen-al-error\/","og_locale":"es_ES","og_type":"article","og_title":"La \u201cU\u201d y el \u201cMatador\u201d sin margen al error - El Diario - Bolivia","og_description":"El esperado encuentro entre Universitario e Independiente se jugar\u00e1 hoy, desde las 17:30, en el estadio Patria, en el primer episodio de esta rivalidad entre estos planteles capitalinos dentro de la Divisi\u00f3n Profesional. La temporada 2022 marcar\u00e1 un punto hist\u00f3rico de referencia para el f\u00fatbol chuquisaque\u00f1o, porque por primera vez se enfrentar\u00e1n estos planteles en [&hellip;]","og_url":"https:\/\/www.eldiario.net\/portal\/2022\/03\/13\/la-u-y-el-matador-sin-margen-al-error\/","og_site_name":"El Diario - Bolivia","article_publisher":"https:\/\/www.facebook.com\/eldiario.bolivia\/","article_published_time":"2022-03-13T08:15:26+00:00","author":"Jeanette","twitter_card":"summary_large_image","twitter_creator":"@eldiario_net","twitter_site":"@eldiario_net","twitter_misc":{"Escrito por":"Jeanette","Tiempo de lectura":"2 minutos"},"schema":{"@context":"https:\/\/schema.org","@graph":[{"@type":"Article","@id":"https:\/\/www.eldiario.net\/portal\/2022\/03\/13\/la-u-y-el-matador-sin-margen-al-error\/#article","isPartOf":{"@id":"https:\/\/www.eldiario.net\/portal\/2022\/03\/13\/la-u-y-el-matador-sin-margen-al-error\/"},"author":{"name":"Jeanette","@id":"https:\/\/www.eldiario.net\/portal\/#\/schema\/person\/f46445640444750d7d753ccd04ae01b7"},"headline":"La \u201cU\u201d y el \u201cMatador\u201d sin margen al error","datePublished":"2022-03-13T08:15:26+00:00","mainEntityOfPage":{"@id":"https:\/\/www.eldiario.net\/portal\/2022\/03\/13\/la-u-y-el-matador-sin-margen-al-error\/"},"wordCount":310,"publisher":{"@id":"https:\/\/www.eldiario.net\/portal\/#organization"},"articleSection":["Deportes"],"inLanguage":"es"},{"@type":"WebPage","@id":"https:\/\/www.eldiario.net\/portal\/2022\/03\/13\/la-u-y-el-matador-sin-margen-al-error\/","url":"https:\/\/www.eldiario.net\/portal\/2022\/03\/13\/la-u-y-el-matador-sin-margen-al-error\/","name":"La \u201cU\u201d y el \u201cMatador\u201d sin margen al error - El Diario - Bolivia","isPartOf":{"@id":"https:\/\/www.eldiario.net\/portal\/#website"},"datePublished":"2022-03-13T08:15:26+00:00","breadcrumb":{"@id":"https:\/\/www.eldiario.net\/portal\/2022\/03\/13\/la-u-y-el-matador-sin-margen-al-error\/#breadcrumb"},"inLanguage":"es","potentialAction":[{"@type":"ReadAction","target":["https:\/\/www.eldiario.net\/portal\/2022\/03\/13\/la-u-y-el-matador-sin-margen-al-error\/"]}]},{"@type":"BreadcrumbList","@id":"https:\/\/www.eldiario.net\/portal\/2022\/03\/13\/la-u-y-el-matador-sin-margen-al-error\/#breadcrumb","itemListElement":[{"@type":"ListItem","position":1,"name":"Portada","item":"https:\/\/www.eldiario.net\/portal\/"},{"@type":"ListItem","position":2,"name":"La \u201cU\u201d y el \u201cMatador\u201d sin margen al error"}]},{"@type":"WebSite","@id":"https:\/\/www.eldiario.net\/portal\/#website","url":"https:\/\/www.eldiario.net\/portal\/","name":"El Diario - Decano de la prensa nacional","description":"El Diario - Decano de la prensa nacional","publisher":{"@id":"https:\/\/www.eldiario.net\/portal\/#organization"},"potentialAction":[{"@type":"SearchAction","target":{"@type":"EntryPoint","urlTemplate":"https:\/\/www.eldiario.net\/portal\/?s={search_term_string}"},"query-input":{"@type":"PropertyValueSpecification","valueRequired":true,"valueName":"search_term_string"}}],"inLanguage":"es"},{"@type":"Organization","@id":"https:\/\/www.eldiario.net\/portal\/#organization","name":"El Diario - Decano de la prensa nacional","url":"https:\/\/www.eldiario.net\/portal\/","logo":{"@type":"ImageObject","inLanguage":"es","@id":"https:\/\/www.eldiario.net\/portal\/#\/schema\/logo\/image\/","url":"https:\/\/www.eldiario.net\/portal\/wp-content\/uploads\/2023\/07\/logo_ED.jpg","contentUrl":"https:\/\/www.eldiario.net\/portal\/wp-content\/uploads\/2023\/07\/logo_ED.jpg","width":272,"height":52,"caption":"El Diario - Decano de la prensa nacional"},"image":{"@id":"https:\/\/www.eldiario.net\/portal\/#\/schema\/logo\/image\/"},"sameAs":["https:\/\/www.facebook.com\/eldiario.bolivia\/","https:\/\/x.com\/eldiario_net"]},{"@type":"Person","@id":"https:\/\/www.eldiario.net\/portal\/#\/schema\/person\/f46445640444750d7d753ccd04ae01b7","name":"Jeanette","image":{"@type":"ImageObject","inLanguage":"es","@id":"https:\/\/secure.gravatar.com\/avatar\/3ea2118a5f7dad2b7138b1187a6b7ee55f160b9968b66013c3a3ef39dd7e5798?s=96&d=mm&r=g","url":"https:\/\/secure.gravatar.com\/avatar\/3ea2118a5f7dad2b7138b1187a6b7ee55f160b9968b66013c3a3ef39dd7e5798?s=96&d=mm&r=g","contentUrl":"https:\/\/secure.gravatar.com\/avatar\/3ea2118a5f7dad2b7138b1187a6b7ee55f160b9968b66013c3a3ef39dd7e5798?s=96&d=mm&r=g","caption":"Jeanette"},"sameAs":["https:\/\/www.eldiario.net\/portal"],"url":"https:\/\/www.eldiario.net\/portal\/author\/jeanette\/"}]}},"_links":{"self":[{"href":"https:\/\/www.eldiario.net\/portal\/wp-json\/wp\/v2\/posts\/69117","targetHints":{"allow":["GET"]}}],"collection":[{"href":"https:\/\/www.eldiario.net\/portal\/wp-json\/wp\/v2\/posts"}],"about":[{"href":"https:\/\/www.eldiario.net\/portal\/wp-json\/wp\/v2\/types\/post"}],"author":[{"embeddable":true,"href":"https:\/\/www.eldiario.net\/portal\/wp-json\/wp\/v2\/users\/1"}],"replies":[{"embeddable":true,"href":"https:\/\/www.eldiario.net\/portal\/wp-json\/wp\/v2\/comments?post=69117"}],"version-history":[{"count":0,"href":"https:\/\/www.eldiario.net\/portal\/wp-json\/wp\/v2\/posts\/69117\/revisions"}],"wp:attachment":[{"href":"https:\/\/www.eldiario.net\/portal\/wp-json\/wp\/v2\/media?parent=69117"}],"wp:term":[{"taxonomy":"category","embeddable":true,"href":"https:\/\/www.eldiario.net\/portal\/wp-json\/wp\/v2\/categories?post=69117"},{"taxonomy":"post_tag","embeddable":true,"href":"https:\/\/www.eldiario.net\/portal\/wp-json\/wp\/v2\/tags?post=69117"}],"curies":[{"name":"wp","href":"https:\/\/api.w.org\/{rel}","templated":true}]}}