{"id":69114,"date":"2022-03-13T04:15:07","date_gmt":"2022-03-13T08:15:07","guid":{"rendered":"https:\/\/www.eldiario.net\/portal\/?p=69114"},"modified":"2022-03-13T04:15:07","modified_gmt":"2022-03-13T08:15:07","slug":"el-torneo-de-la-primera-a-arrancara-en-abril","status":"publish","type":"post","link":"https:\/\/www.eldiario.net\/portal\/2022\/03\/13\/el-torneo-de-la-primera-a-arrancara-en-abril\/","title":{"rendered":"El torneo de la Primera A arrancar\u00e1 en abril"},"content":{"rendered":"<p>La Asociaci\u00f3n de F\u00fatbol de La Paz esta venidera semana confirmar\u00e1 el inicio de la temporada futbol\u00edstica en la primera semana de abril, toda vez que se emitir\u00e1 una resoluci\u00f3n para comenzar el calendario futbol\u00edstico 2022.<br \/>\nLa resoluci\u00f3n de uno de los Tribunales de Justicia de Sucre otorg\u00f3 toda la legalidad al actual presidente de la AFLP, Isaac Mollinedo, motivo por lo cual se llevan adelante las actividades de manera normal en las oficinas de la calle Juan de la Riva, donde ya no hay oposici\u00f3n para cumplir con las tareas normales. Hasta antes del mismo, hab\u00eda un sector af\u00edn al anterior directorio que se opon\u00eda hasta el ingreso de los dirigentes que son parte del directorio de Mollinedo. Pero, con la determinaci\u00f3n del tribunal de Sucre, todo ha cambiado y se presume que las actividades ser\u00e1n normales.<br \/>\nHasta el momento se han confirmado a 14 equipos para disputar el torneo de la Primera A, mientras en la Primera B son 12.<br \/>\nEn la Primera A, est\u00e1n plenamente confirmados los siguientes participantes: 31 de octubre, ABB, Uni\u00f3n Maestranza, White Star, Chaco Petrolero, Fatic, ICC, Virgen de Chijipata, Universitario, Deportivo Copacabana, Litoral, Real Palcoma, EMI, Hiska Nacional.<br \/>\nEl torneo se comenzar\u00e1 a realizar, tras cumplir los plazos procedimentales, debido a que cada divisi\u00f3n debe realizar directivas que emitan una resoluci\u00f3n, y, a la vez que se espera ver el estado de los campos de juego de la AFLP, que est\u00e1n en buenas condiciones con el trabajo que ha llevado adelante la empresa Agrint con el ingeniero Juan M\u00e9ndez.<br \/>\nA prop\u00f3sito de los campos de juego, si bien el estado de las canchas es bueno, pero el pasto no est\u00e1 fuerte, y debe ser tratado con fertilizantes para que puedan aguantar el desarrollo de los partidos que tendr\u00e1 bastante actividad.<br \/>\nLa AFLP dispuso un plazo l\u00edmite para la inscripci\u00f3n de los diferentes equipos, hubo dos ampliaciones, a pedido del presidente de la FBF, Fernando Costa, por lo que se sumaron varios equipos en ese lapso de tiempo, entre ellos Juan Carlos Paz Garc\u00eda y la Universidad Loyola.<br \/>\n\u201cUna vez que el tribunal de Sucre ha dado la raz\u00f3n a la gesti\u00f3n de Isaac Mollinedo, ahora quieren inscribirse otros equipos, cuando ha expirado el plazo de registros\u201d, se\u00f1al\u00f3 una fuente de la AFLP.<br \/>\nEn reuni\u00f3n de directorio se neg\u00f3 esta posibilidad, raz\u00f3n por lo que no se modificar\u00e1 el plazo de habilitaciones de los equipos que est\u00e1 debidamente confirmado.<\/p>\n<p>EL DATO<\/p>\n<p>14 EQUIPOS Disputar\u00e1n este a\u00f1o el campeonato de la Primera A, el mismo que ser\u00e1 confirmado este lunes pr\u00f3ximo.<\/p>\n<p>19 DE MARZO Es una fecha tentativa para el inicio oficial del torneo provincial de f\u00fatbol, inaugurado en Sica Sica.<\/p>\n<p><strong>EL DIARIO<\/strong><\/p>\n","protected":false},"excerpt":{"rendered":"<p>La Asociaci\u00f3n de F\u00fatbol de La Paz esta venidera semana confirmar\u00e1 el inicio de la temporada futbol\u00edstica en la primera semana de abril, toda vez que se emitir\u00e1 una resoluci\u00f3n para comenzar el calendario futbol\u00edstico 2022. La resoluci\u00f3n de uno de los Tribunales de Justicia de Sucre otorg\u00f3 toda la legalidad al actual presidente de [&hellip;]<\/p>\n","protected":false},"author":1,"featured_media":69115,"comment_status":"closed","ping_status":"closed","sticky":false,"template":"","format":"standard","meta":{"_acf_changed":false,"footnotes":""},"categories":[6],"tags":[],"class_list":["post-69114","post","type-post","status-publish","format-standard","has-post-thumbnail","category-deportes"],"acf":{"antetitulo":""},"yoast_head":"<!-- This site is optimized with the Yoast SEO plugin v28.4 - https:\/\/yoast.com\/product\/yoast-seo-wordpress\/ -->\n<title>El torneo de la Primera A arrancar\u00e1 en abril - El Diario - Bolivia<\/title>\n<meta name=\"robots\" content=\"index, follow, max-snippet:-1, max-image-preview:large, max-video-preview:-1\" \/>\n<link rel=\"canonical\" href=\"https:\/\/www.eldiario.net\/portal\/2022\/03\/13\/el-torneo-de-la-primera-a-arrancara-en-abril\/\" \/>\n<meta property=\"og:locale\" content=\"es_ES\" \/>\n<meta property=\"og:type\" content=\"article\" \/>\n<meta property=\"og:title\" content=\"El torneo de la Primera A arrancar\u00e1 en abril - El Diario - Bolivia\" \/>\n<meta property=\"og:description\" content=\"La Asociaci\u00f3n de F\u00fatbol de La Paz esta venidera semana confirmar\u00e1 el inicio de la temporada futbol\u00edstica en la primera semana de abril, toda vez que se emitir\u00e1 una resoluci\u00f3n para comenzar el calendario futbol\u00edstico 2022. La resoluci\u00f3n de uno de los Tribunales de Justicia de Sucre otorg\u00f3 toda la legalidad al actual presidente de [&hellip;]\" \/>\n<meta property=\"og:url\" content=\"https:\/\/www.eldiario.net\/portal\/2022\/03\/13\/el-torneo-de-la-primera-a-arrancara-en-abril\/\" \/>\n<meta property=\"og:site_name\" content=\"El Diario - Bolivia\" \/>\n<meta property=\"article:publisher\" content=\"https:\/\/www.facebook.com\/eldiario.bolivia\/\" \/>\n<meta property=\"article:published_time\" content=\"2022-03-13T08:15:07+00:00\" \/>\n<meta name=\"author\" content=\"Jeanette\" \/>\n<meta name=\"twitter:card\" content=\"summary_large_image\" \/>\n<meta name=\"twitter:creator\" content=\"@eldiario_net\" \/>\n<meta name=\"twitter:site\" content=\"@eldiario_net\" \/>\n<meta name=\"twitter:label1\" content=\"Escrito por\" \/>\n\t<meta name=\"twitter:data1\" content=\"Jeanette\" \/>\n\t<meta name=\"twitter:label2\" content=\"Tiempo de lectura\" \/>\n\t<meta name=\"twitter:data2\" content=\"3 minutos\" \/>\n<script type=\"application\/ld+json\" class=\"yoast-schema-graph\">{\"@context\":\"https:\\\/\\\/schema.org\",\"@graph\":[{\"@type\":\"Article\",\"@id\":\"https:\\\/\\\/www.eldiario.net\\\/portal\\\/2022\\\/03\\\/13\\\/el-torneo-de-la-primera-a-arrancara-en-abril\\\/#article\",\"isPartOf\":{\"@id\":\"https:\\\/\\\/www.eldiario.net\\\/portal\\\/2022\\\/03\\\/13\\\/el-torneo-de-la-primera-a-arrancara-en-abril\\\/\"},\"author\":{\"name\":\"Jeanette\",\"@id\":\"https:\\\/\\\/www.eldiario.net\\\/portal\\\/#\\\/schema\\\/person\\\/f46445640444750d7d753ccd04ae01b7\"},\"headline\":\"El torneo de la Primera A arrancar\u00e1 en abril\",\"datePublished\":\"2022-03-13T08:15:07+00:00\",\"mainEntityOfPage\":{\"@id\":\"https:\\\/\\\/www.eldiario.net\\\/portal\\\/2022\\\/03\\\/13\\\/el-torneo-de-la-primera-a-arrancara-en-abril\\\/\"},\"wordCount\":483,\"publisher\":{\"@id\":\"https:\\\/\\\/www.eldiario.net\\\/portal\\\/#organization\"},\"image\":{\"@id\":\"https:\\\/\\\/www.eldiario.net\\\/portal\\\/2022\\\/03\\\/13\\\/el-torneo-de-la-primera-a-arrancara-en-abril\\\/#primaryimage\"},\"thumbnailUrl\":\"\",\"articleSection\":[\"Deportes\"],\"inLanguage\":\"es\"},{\"@type\":\"WebPage\",\"@id\":\"https:\\\/\\\/www.eldiario.net\\\/portal\\\/2022\\\/03\\\/13\\\/el-torneo-de-la-primera-a-arrancara-en-abril\\\/\",\"url\":\"https:\\\/\\\/www.eldiario.net\\\/portal\\\/2022\\\/03\\\/13\\\/el-torneo-de-la-primera-a-arrancara-en-abril\\\/\",\"name\":\"El torneo de la Primera A arrancar\u00e1 en abril - El Diario - Bolivia\",\"isPartOf\":{\"@id\":\"https:\\\/\\\/www.eldiario.net\\\/portal\\\/#website\"},\"primaryImageOfPage\":{\"@id\":\"https:\\\/\\\/www.eldiario.net\\\/portal\\\/2022\\\/03\\\/13\\\/el-torneo-de-la-primera-a-arrancara-en-abril\\\/#primaryimage\"},\"image\":{\"@id\":\"https:\\\/\\\/www.eldiario.net\\\/portal\\\/2022\\\/03\\\/13\\\/el-torneo-de-la-primera-a-arrancara-en-abril\\\/#primaryimage\"},\"thumbnailUrl\":\"\",\"datePublished\":\"2022-03-13T08:15:07+00:00\",\"breadcrumb\":{\"@id\":\"https:\\\/\\\/www.eldiario.net\\\/portal\\\/2022\\\/03\\\/13\\\/el-torneo-de-la-primera-a-arrancara-en-abril\\\/#breadcrumb\"},\"inLanguage\":\"es\",\"potentialAction\":[{\"@type\":\"ReadAction\",\"target\":[\"https:\\\/\\\/www.eldiario.net\\\/portal\\\/2022\\\/03\\\/13\\\/el-torneo-de-la-primera-a-arrancara-en-abril\\\/\"]}]},{\"@type\":\"ImageObject\",\"inLanguage\":\"es\",\"@id\":\"https:\\\/\\\/www.eldiario.net\\\/portal\\\/2022\\\/03\\\/13\\\/el-torneo-de-la-primera-a-arrancara-en-abril\\\/#primaryimage\",\"url\":\"\",\"contentUrl\":\"\"},{\"@type\":\"BreadcrumbList\",\"@id\":\"https:\\\/\\\/www.eldiario.net\\\/portal\\\/2022\\\/03\\\/13\\\/el-torneo-de-la-primera-a-arrancara-en-abril\\\/#breadcrumb\",\"itemListElement\":[{\"@type\":\"ListItem\",\"position\":1,\"name\":\"Portada\",\"item\":\"https:\\\/\\\/www.eldiario.net\\\/portal\\\/\"},{\"@type\":\"ListItem\",\"position\":2,\"name\":\"El torneo de la Primera A arrancar\u00e1 en abril\"}]},{\"@type\":\"WebSite\",\"@id\":\"https:\\\/\\\/www.eldiario.net\\\/portal\\\/#website\",\"url\":\"https:\\\/\\\/www.eldiario.net\\\/portal\\\/\",\"name\":\"El Diario - Decano de la prensa nacional\",\"description\":\"El Diario - Decano de la prensa nacional\",\"publisher\":{\"@id\":\"https:\\\/\\\/www.eldiario.net\\\/portal\\\/#organization\"},\"potentialAction\":[{\"@type\":\"SearchAction\",\"target\":{\"@type\":\"EntryPoint\",\"urlTemplate\":\"https:\\\/\\\/www.eldiario.net\\\/portal\\\/?s={search_term_string}\"},\"query-input\":{\"@type\":\"PropertyValueSpecification\",\"valueRequired\":true,\"valueName\":\"search_term_string\"}}],\"inLanguage\":\"es\"},{\"@type\":\"Organization\",\"@id\":\"https:\\\/\\\/www.eldiario.net\\\/portal\\\/#organization\",\"name\":\"El Diario - Decano de la prensa nacional\",\"url\":\"https:\\\/\\\/www.eldiario.net\\\/portal\\\/\",\"logo\":{\"@type\":\"ImageObject\",\"inLanguage\":\"es\",\"@id\":\"https:\\\/\\\/www.eldiario.net\\\/portal\\\/#\\\/schema\\\/logo\\\/image\\\/\",\"url\":\"https:\\\/\\\/www.eldiario.net\\\/portal\\\/wp-content\\\/uploads\\\/2023\\\/07\\\/logo_ED.jpg\",\"contentUrl\":\"https:\\\/\\\/www.eldiario.net\\\/portal\\\/wp-content\\\/uploads\\\/2023\\\/07\\\/logo_ED.jpg\",\"width\":272,\"height\":52,\"caption\":\"El Diario - Decano de la prensa nacional\"},\"image\":{\"@id\":\"https:\\\/\\\/www.eldiario.net\\\/portal\\\/#\\\/schema\\\/logo\\\/image\\\/\"},\"sameAs\":[\"https:\\\/\\\/www.facebook.com\\\/eldiario.bolivia\\\/\",\"https:\\\/\\\/x.com\\\/eldiario_net\"]},{\"@type\":\"Person\",\"@id\":\"https:\\\/\\\/www.eldiario.net\\\/portal\\\/#\\\/schema\\\/person\\\/f46445640444750d7d753ccd04ae01b7\",\"name\":\"Jeanette\",\"image\":{\"@type\":\"ImageObject\",\"inLanguage\":\"es\",\"@id\":\"https:\\\/\\\/secure.gravatar.com\\\/avatar\\\/3ea2118a5f7dad2b7138b1187a6b7ee55f160b9968b66013c3a3ef39dd7e5798?s=96&d=mm&r=g\",\"url\":\"https:\\\/\\\/secure.gravatar.com\\\/avatar\\\/3ea2118a5f7dad2b7138b1187a6b7ee55f160b9968b66013c3a3ef39dd7e5798?s=96&d=mm&r=g\",\"contentUrl\":\"https:\\\/\\\/secure.gravatar.com\\\/avatar\\\/3ea2118a5f7dad2b7138b1187a6b7ee55f160b9968b66013c3a3ef39dd7e5798?s=96&d=mm&r=g\",\"caption\":\"Jeanette\"},\"sameAs\":[\"https:\\\/\\\/www.eldiario.net\\\/portal\"],\"url\":\"https:\\\/\\\/www.eldiario.net\\\/portal\\\/author\\\/jeanette\\\/\"}]}<\/script>\n<!-- \/ Yoast SEO plugin. -->","yoast_head_json":{"title":"El torneo de la Primera A arrancar\u00e1 en abril - El Diario - Bolivia","robots":{"index":"index","follow":"follow","max-snippet":"max-snippet:-1","max-image-preview":"max-image-preview:large","max-video-preview":"max-video-preview:-1"},"canonical":"https:\/\/www.eldiario.net\/portal\/2022\/03\/13\/el-torneo-de-la-primera-a-arrancara-en-abril\/","og_locale":"es_ES","og_type":"article","og_title":"El torneo de la Primera A arrancar\u00e1 en abril - El Diario - Bolivia","og_description":"La Asociaci\u00f3n de F\u00fatbol de La Paz esta venidera semana confirmar\u00e1 el inicio de la temporada futbol\u00edstica en la primera semana de abril, toda vez que se emitir\u00e1 una resoluci\u00f3n para comenzar el calendario futbol\u00edstico 2022. La resoluci\u00f3n de uno de los Tribunales de Justicia de Sucre otorg\u00f3 toda la legalidad al actual presidente de [&hellip;]","og_url":"https:\/\/www.eldiario.net\/portal\/2022\/03\/13\/el-torneo-de-la-primera-a-arrancara-en-abril\/","og_site_name":"El Diario - Bolivia","article_publisher":"https:\/\/www.facebook.com\/eldiario.bolivia\/","article_published_time":"2022-03-13T08:15:07+00:00","author":"Jeanette","twitter_card":"summary_large_image","twitter_creator":"@eldiario_net","twitter_site":"@eldiario_net","twitter_misc":{"Escrito por":"Jeanette","Tiempo de lectura":"3 minutos"},"schema":{"@context":"https:\/\/schema.org","@graph":[{"@type":"Article","@id":"https:\/\/www.eldiario.net\/portal\/2022\/03\/13\/el-torneo-de-la-primera-a-arrancara-en-abril\/#article","isPartOf":{"@id":"https:\/\/www.eldiario.net\/portal\/2022\/03\/13\/el-torneo-de-la-primera-a-arrancara-en-abril\/"},"author":{"name":"Jeanette","@id":"https:\/\/www.eldiario.net\/portal\/#\/schema\/person\/f46445640444750d7d753ccd04ae01b7"},"headline":"El torneo de la Primera A arrancar\u00e1 en abril","datePublished":"2022-03-13T08:15:07+00:00","mainEntityOfPage":{"@id":"https:\/\/www.eldiario.net\/portal\/2022\/03\/13\/el-torneo-de-la-primera-a-arrancara-en-abril\/"},"wordCount":483,"publisher":{"@id":"https:\/\/www.eldiario.net\/portal\/#organization"},"image":{"@id":"https:\/\/www.eldiario.net\/portal\/2022\/03\/13\/el-torneo-de-la-primera-a-arrancara-en-abril\/#primaryimage"},"thumbnailUrl":"","articleSection":["Deportes"],"inLanguage":"es"},{"@type":"WebPage","@id":"https:\/\/www.eldiario.net\/portal\/2022\/03\/13\/el-torneo-de-la-primera-a-arrancara-en-abril\/","url":"https:\/\/www.eldiario.net\/portal\/2022\/03\/13\/el-torneo-de-la-primera-a-arrancara-en-abril\/","name":"El torneo de la Primera A arrancar\u00e1 en abril - El Diario - Bolivia","isPartOf":{"@id":"https:\/\/www.eldiario.net\/portal\/#website"},"primaryImageOfPage":{"@id":"https:\/\/www.eldiario.net\/portal\/2022\/03\/13\/el-torneo-de-la-primera-a-arrancara-en-abril\/#primaryimage"},"image":{"@id":"https:\/\/www.eldiario.net\/portal\/2022\/03\/13\/el-torneo-de-la-primera-a-arrancara-en-abril\/#primaryimage"},"thumbnailUrl":"","datePublished":"2022-03-13T08:15:07+00:00","breadcrumb":{"@id":"https:\/\/www.eldiario.net\/portal\/2022\/03\/13\/el-torneo-de-la-primera-a-arrancara-en-abril\/#breadcrumb"},"inLanguage":"es","potentialAction":[{"@type":"ReadAction","target":["https:\/\/www.eldiario.net\/portal\/2022\/03\/13\/el-torneo-de-la-primera-a-arrancara-en-abril\/"]}]},{"@type":"ImageObject","inLanguage":"es","@id":"https:\/\/www.eldiario.net\/portal\/2022\/03\/13\/el-torneo-de-la-primera-a-arrancara-en-abril\/#primaryimage","url":"","contentUrl":""},{"@type":"BreadcrumbList","@id":"https:\/\/www.eldiario.net\/portal\/2022\/03\/13\/el-torneo-de-la-primera-a-arrancara-en-abril\/#breadcrumb","itemListElement":[{"@type":"ListItem","position":1,"name":"Portada","item":"https:\/\/www.eldiario.net\/portal\/"},{"@type":"ListItem","position":2,"name":"El torneo de la Primera A arrancar\u00e1 en abril"}]},{"@type":"WebSite","@id":"https:\/\/www.eldiario.net\/portal\/#website","url":"https:\/\/www.eldiario.net\/portal\/","name":"El Diario - Decano de la prensa nacional","description":"El Diario - Decano de la prensa nacional","publisher":{"@id":"https:\/\/www.eldiario.net\/portal\/#organization"},"potentialAction":[{"@type":"SearchAction","target":{"@type":"EntryPoint","urlTemplate":"https:\/\/www.eldiario.net\/portal\/?s={search_term_string}"},"query-input":{"@type":"PropertyValueSpecification","valueRequired":true,"valueName":"search_term_string"}}],"inLanguage":"es"},{"@type":"Organization","@id":"https:\/\/www.eldiario.net\/portal\/#organization","name":"El Diario - Decano de la prensa nacional","url":"https:\/\/www.eldiario.net\/portal\/","logo":{"@type":"ImageObject","inLanguage":"es","@id":"https:\/\/www.eldiario.net\/portal\/#\/schema\/logo\/image\/","url":"https:\/\/www.eldiario.net\/portal\/wp-content\/uploads\/2023\/07\/logo_ED.jpg","contentUrl":"https:\/\/www.eldiario.net\/portal\/wp-content\/uploads\/2023\/07\/logo_ED.jpg","width":272,"height":52,"caption":"El Diario - Decano de la prensa nacional"},"image":{"@id":"https:\/\/www.eldiario.net\/portal\/#\/schema\/logo\/image\/"},"sameAs":["https:\/\/www.facebook.com\/eldiario.bolivia\/","https:\/\/x.com\/eldiario_net"]},{"@type":"Person","@id":"https:\/\/www.eldiario.net\/portal\/#\/schema\/person\/f46445640444750d7d753ccd04ae01b7","name":"Jeanette","image":{"@type":"ImageObject","inLanguage":"es","@id":"https:\/\/secure.gravatar.com\/avatar\/3ea2118a5f7dad2b7138b1187a6b7ee55f160b9968b66013c3a3ef39dd7e5798?s=96&d=mm&r=g","url":"https:\/\/secure.gravatar.com\/avatar\/3ea2118a5f7dad2b7138b1187a6b7ee55f160b9968b66013c3a3ef39dd7e5798?s=96&d=mm&r=g","contentUrl":"https:\/\/secure.gravatar.com\/avatar\/3ea2118a5f7dad2b7138b1187a6b7ee55f160b9968b66013c3a3ef39dd7e5798?s=96&d=mm&r=g","caption":"Jeanette"},"sameAs":["https:\/\/www.eldiario.net\/portal"],"url":"https:\/\/www.eldiario.net\/portal\/author\/jeanette\/"}]}},"_links":{"self":[{"href":"https:\/\/www.eldiario.net\/portal\/wp-json\/wp\/v2\/posts\/69114","targetHints":{"allow":["GET"]}}],"collection":[{"href":"https:\/\/www.eldiario.net\/portal\/wp-json\/wp\/v2\/posts"}],"about":[{"href":"https:\/\/www.eldiario.net\/portal\/wp-json\/wp\/v2\/types\/post"}],"author":[{"embeddable":true,"href":"https:\/\/www.eldiario.net\/portal\/wp-json\/wp\/v2\/users\/1"}],"replies":[{"embeddable":true,"href":"https:\/\/www.eldiario.net\/portal\/wp-json\/wp\/v2\/comments?post=69114"}],"version-history":[{"count":0,"href":"https:\/\/www.eldiario.net\/portal\/wp-json\/wp\/v2\/posts\/69114\/revisions"}],"wp:attachment":[{"href":"https:\/\/www.eldiario.net\/portal\/wp-json\/wp\/v2\/media?parent=69114"}],"wp:term":[{"taxonomy":"category","embeddable":true,"href":"https:\/\/www.eldiario.net\/portal\/wp-json\/wp\/v2\/categories?post=69114"},{"taxonomy":"post_tag","embeddable":true,"href":"https:\/\/www.eldiario.net\/portal\/wp-json\/wp\/v2\/tags?post=69114"}],"curies":[{"name":"wp","href":"https:\/\/api.w.org\/{rel}","templated":true}]}}