{"id":69111,"date":"2022-03-13T04:13:29","date_gmt":"2022-03-13T08:13:29","guid":{"rendered":"https:\/\/www.eldiario.net\/portal\/?p=69111"},"modified":"2022-03-13T04:13:29","modified_gmt":"2022-03-13T08:13:29","slug":"chicaloma-es-campeon-con-goles-de-andaveris","status":"publish","type":"post","link":"https:\/\/www.eldiario.net\/portal\/2022\/03\/13\/chicaloma-es-campeon-con-goles-de-andaveris\/","title":{"rendered":"Chicaloma es campe\u00f3n con goles de Andaveris"},"content":{"rendered":"<p>El representativo de Chicaloma gole\u00f3 ayer por la tarde a Coroico, por 5-1, con lo que se coron\u00f3 campe\u00f3n del torneo Interyungue\u00f1o de F\u00fatbol 2022. Los jugadores de Chicaloma, de esta manera, refrendaron la buena campa\u00f1a que llevaron adelante a lo largo del campeonato, con el t\u00edtulo en sus manos. El equipo campe\u00f3n tuvo el valioso aporte del experimentado jugador Augusto Andaveris, quien tambi\u00e9n es capit\u00e1n del representativo, siendo autor de tres goles en la victoria final de los chicalome\u00f1os. El principal campo de juego de Cruz Loma, localidad que alberg\u00f3 a la final, estuvo totalmente anegado por la lluvia que se precipit\u00f3 por la regi\u00f3n, no obstante, los bravos jugadores de ambos clubes, igual disputaron el encuentro, habiendo terminando totalmente embarrados. Aparte de Andaveris, tambi\u00e9n el volante Zen\u00f3n Zabala, fue una de las figuras del campe\u00f3n, anotando uno de los goles. Mientras, Wilson Escobar, de cabeza marc\u00f3 el \u00fanico tanto de los coroique\u00f1os. Estuvo presente el Presidente de la FBF, Fernando Costa, quien entreg\u00f3 el trofeo de campe\u00f3n a los jugadores de Chicaloma que dieron la vuelta ol\u00edmpica.<\/p>\n","protected":false},"excerpt":{"rendered":"<p>El representativo de Chicaloma gole\u00f3 ayer por la tarde a Coroico, por 5-1, con lo que se coron\u00f3 campe\u00f3n del torneo Interyungue\u00f1o de F\u00fatbol 2022. Los jugadores de Chicaloma, de esta manera, refrendaron la buena campa\u00f1a que llevaron adelante a lo largo del campeonato, con el t\u00edtulo en sus manos. El equipo campe\u00f3n tuvo el [&hellip;]<\/p>\n","protected":false},"author":1,"featured_media":69112,"comment_status":"closed","ping_status":"closed","sticky":false,"template":"","format":"standard","meta":{"_acf_changed":false,"footnotes":""},"categories":[6],"tags":[],"class_list":["post-69111","post","type-post","status-publish","format-standard","has-post-thumbnail","category-deportes"],"acf":{"antetitulo":""},"yoast_head":"<!-- This site is optimized with the Yoast SEO plugin v28.4 - https:\/\/yoast.com\/product\/yoast-seo-wordpress\/ -->\n<title>Chicaloma es campe\u00f3n con goles de Andaveris - El Diario - Bolivia<\/title>\n<meta name=\"robots\" content=\"index, follow, max-snippet:-1, max-image-preview:large, max-video-preview:-1\" \/>\n<link rel=\"canonical\" href=\"https:\/\/www.eldiario.net\/portal\/2022\/03\/13\/chicaloma-es-campeon-con-goles-de-andaveris\/\" \/>\n<meta property=\"og:locale\" content=\"es_ES\" \/>\n<meta property=\"og:type\" content=\"article\" \/>\n<meta property=\"og:title\" content=\"Chicaloma es campe\u00f3n con goles de Andaveris - El Diario - Bolivia\" \/>\n<meta property=\"og:description\" content=\"El representativo de Chicaloma gole\u00f3 ayer por la tarde a Coroico, por 5-1, con lo que se coron\u00f3 campe\u00f3n del torneo Interyungue\u00f1o de F\u00fatbol 2022. Los jugadores de Chicaloma, de esta manera, refrendaron la buena campa\u00f1a que llevaron adelante a lo largo del campeonato, con el t\u00edtulo en sus manos. El equipo campe\u00f3n tuvo el [&hellip;]\" \/>\n<meta property=\"og:url\" content=\"https:\/\/www.eldiario.net\/portal\/2022\/03\/13\/chicaloma-es-campeon-con-goles-de-andaveris\/\" \/>\n<meta property=\"og:site_name\" content=\"El Diario - Bolivia\" \/>\n<meta property=\"article:publisher\" content=\"https:\/\/www.facebook.com\/eldiario.bolivia\/\" \/>\n<meta property=\"article:published_time\" content=\"2022-03-13T08:13:29+00:00\" \/>\n<meta name=\"author\" content=\"Jeanette\" \/>\n<meta name=\"twitter:card\" content=\"summary_large_image\" \/>\n<meta name=\"twitter:creator\" content=\"@eldiario_net\" \/>\n<meta name=\"twitter:site\" content=\"@eldiario_net\" \/>\n<meta name=\"twitter:label1\" content=\"Escrito por\" \/>\n\t<meta name=\"twitter:data1\" content=\"Jeanette\" \/>\n\t<meta name=\"twitter:label2\" content=\"Tiempo de lectura\" \/>\n\t<meta name=\"twitter:data2\" content=\"1 minuto\" \/>\n<script type=\"application\/ld+json\" class=\"yoast-schema-graph\">{\"@context\":\"https:\\\/\\\/schema.org\",\"@graph\":[{\"@type\":\"Article\",\"@id\":\"https:\\\/\\\/www.eldiario.net\\\/portal\\\/2022\\\/03\\\/13\\\/chicaloma-es-campeon-con-goles-de-andaveris\\\/#article\",\"isPartOf\":{\"@id\":\"https:\\\/\\\/www.eldiario.net\\\/portal\\\/2022\\\/03\\\/13\\\/chicaloma-es-campeon-con-goles-de-andaveris\\\/\"},\"author\":{\"name\":\"Jeanette\",\"@id\":\"https:\\\/\\\/www.eldiario.net\\\/portal\\\/#\\\/schema\\\/person\\\/f46445640444750d7d753ccd04ae01b7\"},\"headline\":\"Chicaloma es campe\u00f3n con goles de Andaveris\",\"datePublished\":\"2022-03-13T08:13:29+00:00\",\"mainEntityOfPage\":{\"@id\":\"https:\\\/\\\/www.eldiario.net\\\/portal\\\/2022\\\/03\\\/13\\\/chicaloma-es-campeon-con-goles-de-andaveris\\\/\"},\"wordCount\":202,\"publisher\":{\"@id\":\"https:\\\/\\\/www.eldiario.net\\\/portal\\\/#organization\"},\"image\":{\"@id\":\"https:\\\/\\\/www.eldiario.net\\\/portal\\\/2022\\\/03\\\/13\\\/chicaloma-es-campeon-con-goles-de-andaveris\\\/#primaryimage\"},\"thumbnailUrl\":\"\",\"articleSection\":[\"Deportes\"],\"inLanguage\":\"es\"},{\"@type\":\"WebPage\",\"@id\":\"https:\\\/\\\/www.eldiario.net\\\/portal\\\/2022\\\/03\\\/13\\\/chicaloma-es-campeon-con-goles-de-andaveris\\\/\",\"url\":\"https:\\\/\\\/www.eldiario.net\\\/portal\\\/2022\\\/03\\\/13\\\/chicaloma-es-campeon-con-goles-de-andaveris\\\/\",\"name\":\"Chicaloma es campe\u00f3n con goles de Andaveris - El Diario - Bolivia\",\"isPartOf\":{\"@id\":\"https:\\\/\\\/www.eldiario.net\\\/portal\\\/#website\"},\"primaryImageOfPage\":{\"@id\":\"https:\\\/\\\/www.eldiario.net\\\/portal\\\/2022\\\/03\\\/13\\\/chicaloma-es-campeon-con-goles-de-andaveris\\\/#primaryimage\"},\"image\":{\"@id\":\"https:\\\/\\\/www.eldiario.net\\\/portal\\\/2022\\\/03\\\/13\\\/chicaloma-es-campeon-con-goles-de-andaveris\\\/#primaryimage\"},\"thumbnailUrl\":\"\",\"datePublished\":\"2022-03-13T08:13:29+00:00\",\"breadcrumb\":{\"@id\":\"https:\\\/\\\/www.eldiario.net\\\/portal\\\/2022\\\/03\\\/13\\\/chicaloma-es-campeon-con-goles-de-andaveris\\\/#breadcrumb\"},\"inLanguage\":\"es\",\"potentialAction\":[{\"@type\":\"ReadAction\",\"target\":[\"https:\\\/\\\/www.eldiario.net\\\/portal\\\/2022\\\/03\\\/13\\\/chicaloma-es-campeon-con-goles-de-andaveris\\\/\"]}]},{\"@type\":\"ImageObject\",\"inLanguage\":\"es\",\"@id\":\"https:\\\/\\\/www.eldiario.net\\\/portal\\\/2022\\\/03\\\/13\\\/chicaloma-es-campeon-con-goles-de-andaveris\\\/#primaryimage\",\"url\":\"\",\"contentUrl\":\"\"},{\"@type\":\"BreadcrumbList\",\"@id\":\"https:\\\/\\\/www.eldiario.net\\\/portal\\\/2022\\\/03\\\/13\\\/chicaloma-es-campeon-con-goles-de-andaveris\\\/#breadcrumb\",\"itemListElement\":[{\"@type\":\"ListItem\",\"position\":1,\"name\":\"Portada\",\"item\":\"https:\\\/\\\/www.eldiario.net\\\/portal\\\/\"},{\"@type\":\"ListItem\",\"position\":2,\"name\":\"Chicaloma es campe\u00f3n con goles de Andaveris\"}]},{\"@type\":\"WebSite\",\"@id\":\"https:\\\/\\\/www.eldiario.net\\\/portal\\\/#website\",\"url\":\"https:\\\/\\\/www.eldiario.net\\\/portal\\\/\",\"name\":\"El Diario - Decano de la prensa nacional\",\"description\":\"El Diario - Decano de la prensa nacional\",\"publisher\":{\"@id\":\"https:\\\/\\\/www.eldiario.net\\\/portal\\\/#organization\"},\"potentialAction\":[{\"@type\":\"SearchAction\",\"target\":{\"@type\":\"EntryPoint\",\"urlTemplate\":\"https:\\\/\\\/www.eldiario.net\\\/portal\\\/?s={search_term_string}\"},\"query-input\":{\"@type\":\"PropertyValueSpecification\",\"valueRequired\":true,\"valueName\":\"search_term_string\"}}],\"inLanguage\":\"es\"},{\"@type\":\"Organization\",\"@id\":\"https:\\\/\\\/www.eldiario.net\\\/portal\\\/#organization\",\"name\":\"El Diario - Decano de la prensa nacional\",\"url\":\"https:\\\/\\\/www.eldiario.net\\\/portal\\\/\",\"logo\":{\"@type\":\"ImageObject\",\"inLanguage\":\"es\",\"@id\":\"https:\\\/\\\/www.eldiario.net\\\/portal\\\/#\\\/schema\\\/logo\\\/image\\\/\",\"url\":\"https:\\\/\\\/www.eldiario.net\\\/portal\\\/wp-content\\\/uploads\\\/2023\\\/07\\\/logo_ED.jpg\",\"contentUrl\":\"https:\\\/\\\/www.eldiario.net\\\/portal\\\/wp-content\\\/uploads\\\/2023\\\/07\\\/logo_ED.jpg\",\"width\":272,\"height\":52,\"caption\":\"El Diario - Decano de la prensa nacional\"},\"image\":{\"@id\":\"https:\\\/\\\/www.eldiario.net\\\/portal\\\/#\\\/schema\\\/logo\\\/image\\\/\"},\"sameAs\":[\"https:\\\/\\\/www.facebook.com\\\/eldiario.bolivia\\\/\",\"https:\\\/\\\/x.com\\\/eldiario_net\"]},{\"@type\":\"Person\",\"@id\":\"https:\\\/\\\/www.eldiario.net\\\/portal\\\/#\\\/schema\\\/person\\\/f46445640444750d7d753ccd04ae01b7\",\"name\":\"Jeanette\",\"image\":{\"@type\":\"ImageObject\",\"inLanguage\":\"es\",\"@id\":\"https:\\\/\\\/secure.gravatar.com\\\/avatar\\\/3ea2118a5f7dad2b7138b1187a6b7ee55f160b9968b66013c3a3ef39dd7e5798?s=96&d=mm&r=g\",\"url\":\"https:\\\/\\\/secure.gravatar.com\\\/avatar\\\/3ea2118a5f7dad2b7138b1187a6b7ee55f160b9968b66013c3a3ef39dd7e5798?s=96&d=mm&r=g\",\"contentUrl\":\"https:\\\/\\\/secure.gravatar.com\\\/avatar\\\/3ea2118a5f7dad2b7138b1187a6b7ee55f160b9968b66013c3a3ef39dd7e5798?s=96&d=mm&r=g\",\"caption\":\"Jeanette\"},\"sameAs\":[\"https:\\\/\\\/www.eldiario.net\\\/portal\"],\"url\":\"https:\\\/\\\/www.eldiario.net\\\/portal\\\/author\\\/jeanette\\\/\"}]}<\/script>\n<!-- \/ Yoast SEO plugin. -->","yoast_head_json":{"title":"Chicaloma es campe\u00f3n con goles de Andaveris - El Diario - Bolivia","robots":{"index":"index","follow":"follow","max-snippet":"max-snippet:-1","max-image-preview":"max-image-preview:large","max-video-preview":"max-video-preview:-1"},"canonical":"https:\/\/www.eldiario.net\/portal\/2022\/03\/13\/chicaloma-es-campeon-con-goles-de-andaveris\/","og_locale":"es_ES","og_type":"article","og_title":"Chicaloma es campe\u00f3n con goles de Andaveris - El Diario - Bolivia","og_description":"El representativo de Chicaloma gole\u00f3 ayer por la tarde a Coroico, por 5-1, con lo que se coron\u00f3 campe\u00f3n del torneo Interyungue\u00f1o de F\u00fatbol 2022. Los jugadores de Chicaloma, de esta manera, refrendaron la buena campa\u00f1a que llevaron adelante a lo largo del campeonato, con el t\u00edtulo en sus manos. El equipo campe\u00f3n tuvo el [&hellip;]","og_url":"https:\/\/www.eldiario.net\/portal\/2022\/03\/13\/chicaloma-es-campeon-con-goles-de-andaveris\/","og_site_name":"El Diario - Bolivia","article_publisher":"https:\/\/www.facebook.com\/eldiario.bolivia\/","article_published_time":"2022-03-13T08:13:29+00:00","author":"Jeanette","twitter_card":"summary_large_image","twitter_creator":"@eldiario_net","twitter_site":"@eldiario_net","twitter_misc":{"Escrito por":"Jeanette","Tiempo de lectura":"1 minuto"},"schema":{"@context":"https:\/\/schema.org","@graph":[{"@type":"Article","@id":"https:\/\/www.eldiario.net\/portal\/2022\/03\/13\/chicaloma-es-campeon-con-goles-de-andaveris\/#article","isPartOf":{"@id":"https:\/\/www.eldiario.net\/portal\/2022\/03\/13\/chicaloma-es-campeon-con-goles-de-andaveris\/"},"author":{"name":"Jeanette","@id":"https:\/\/www.eldiario.net\/portal\/#\/schema\/person\/f46445640444750d7d753ccd04ae01b7"},"headline":"Chicaloma es campe\u00f3n con goles de Andaveris","datePublished":"2022-03-13T08:13:29+00:00","mainEntityOfPage":{"@id":"https:\/\/www.eldiario.net\/portal\/2022\/03\/13\/chicaloma-es-campeon-con-goles-de-andaveris\/"},"wordCount":202,"publisher":{"@id":"https:\/\/www.eldiario.net\/portal\/#organization"},"image":{"@id":"https:\/\/www.eldiario.net\/portal\/2022\/03\/13\/chicaloma-es-campeon-con-goles-de-andaveris\/#primaryimage"},"thumbnailUrl":"","articleSection":["Deportes"],"inLanguage":"es"},{"@type":"WebPage","@id":"https:\/\/www.eldiario.net\/portal\/2022\/03\/13\/chicaloma-es-campeon-con-goles-de-andaveris\/","url":"https:\/\/www.eldiario.net\/portal\/2022\/03\/13\/chicaloma-es-campeon-con-goles-de-andaveris\/","name":"Chicaloma es campe\u00f3n con goles de Andaveris - El Diario - Bolivia","isPartOf":{"@id":"https:\/\/www.eldiario.net\/portal\/#website"},"primaryImageOfPage":{"@id":"https:\/\/www.eldiario.net\/portal\/2022\/03\/13\/chicaloma-es-campeon-con-goles-de-andaveris\/#primaryimage"},"image":{"@id":"https:\/\/www.eldiario.net\/portal\/2022\/03\/13\/chicaloma-es-campeon-con-goles-de-andaveris\/#primaryimage"},"thumbnailUrl":"","datePublished":"2022-03-13T08:13:29+00:00","breadcrumb":{"@id":"https:\/\/www.eldiario.net\/portal\/2022\/03\/13\/chicaloma-es-campeon-con-goles-de-andaveris\/#breadcrumb"},"inLanguage":"es","potentialAction":[{"@type":"ReadAction","target":["https:\/\/www.eldiario.net\/portal\/2022\/03\/13\/chicaloma-es-campeon-con-goles-de-andaveris\/"]}]},{"@type":"ImageObject","inLanguage":"es","@id":"https:\/\/www.eldiario.net\/portal\/2022\/03\/13\/chicaloma-es-campeon-con-goles-de-andaveris\/#primaryimage","url":"","contentUrl":""},{"@type":"BreadcrumbList","@id":"https:\/\/www.eldiario.net\/portal\/2022\/03\/13\/chicaloma-es-campeon-con-goles-de-andaveris\/#breadcrumb","itemListElement":[{"@type":"ListItem","position":1,"name":"Portada","item":"https:\/\/www.eldiario.net\/portal\/"},{"@type":"ListItem","position":2,"name":"Chicaloma es campe\u00f3n con goles de Andaveris"}]},{"@type":"WebSite","@id":"https:\/\/www.eldiario.net\/portal\/#website","url":"https:\/\/www.eldiario.net\/portal\/","name":"El Diario - Decano de la prensa nacional","description":"El Diario - Decano de la prensa nacional","publisher":{"@id":"https:\/\/www.eldiario.net\/portal\/#organization"},"potentialAction":[{"@type":"SearchAction","target":{"@type":"EntryPoint","urlTemplate":"https:\/\/www.eldiario.net\/portal\/?s={search_term_string}"},"query-input":{"@type":"PropertyValueSpecification","valueRequired":true,"valueName":"search_term_string"}}],"inLanguage":"es"},{"@type":"Organization","@id":"https:\/\/www.eldiario.net\/portal\/#organization","name":"El Diario - Decano de la prensa nacional","url":"https:\/\/www.eldiario.net\/portal\/","logo":{"@type":"ImageObject","inLanguage":"es","@id":"https:\/\/www.eldiario.net\/portal\/#\/schema\/logo\/image\/","url":"https:\/\/www.eldiario.net\/portal\/wp-content\/uploads\/2023\/07\/logo_ED.jpg","contentUrl":"https:\/\/www.eldiario.net\/portal\/wp-content\/uploads\/2023\/07\/logo_ED.jpg","width":272,"height":52,"caption":"El Diario - Decano de la prensa nacional"},"image":{"@id":"https:\/\/www.eldiario.net\/portal\/#\/schema\/logo\/image\/"},"sameAs":["https:\/\/www.facebook.com\/eldiario.bolivia\/","https:\/\/x.com\/eldiario_net"]},{"@type":"Person","@id":"https:\/\/www.eldiario.net\/portal\/#\/schema\/person\/f46445640444750d7d753ccd04ae01b7","name":"Jeanette","image":{"@type":"ImageObject","inLanguage":"es","@id":"https:\/\/secure.gravatar.com\/avatar\/3ea2118a5f7dad2b7138b1187a6b7ee55f160b9968b66013c3a3ef39dd7e5798?s=96&d=mm&r=g","url":"https:\/\/secure.gravatar.com\/avatar\/3ea2118a5f7dad2b7138b1187a6b7ee55f160b9968b66013c3a3ef39dd7e5798?s=96&d=mm&r=g","contentUrl":"https:\/\/secure.gravatar.com\/avatar\/3ea2118a5f7dad2b7138b1187a6b7ee55f160b9968b66013c3a3ef39dd7e5798?s=96&d=mm&r=g","caption":"Jeanette"},"sameAs":["https:\/\/www.eldiario.net\/portal"],"url":"https:\/\/www.eldiario.net\/portal\/author\/jeanette\/"}]}},"_links":{"self":[{"href":"https:\/\/www.eldiario.net\/portal\/wp-json\/wp\/v2\/posts\/69111","targetHints":{"allow":["GET"]}}],"collection":[{"href":"https:\/\/www.eldiario.net\/portal\/wp-json\/wp\/v2\/posts"}],"about":[{"href":"https:\/\/www.eldiario.net\/portal\/wp-json\/wp\/v2\/types\/post"}],"author":[{"embeddable":true,"href":"https:\/\/www.eldiario.net\/portal\/wp-json\/wp\/v2\/users\/1"}],"replies":[{"embeddable":true,"href":"https:\/\/www.eldiario.net\/portal\/wp-json\/wp\/v2\/comments?post=69111"}],"version-history":[{"count":0,"href":"https:\/\/www.eldiario.net\/portal\/wp-json\/wp\/v2\/posts\/69111\/revisions"}],"wp:attachment":[{"href":"https:\/\/www.eldiario.net\/portal\/wp-json\/wp\/v2\/media?parent=69111"}],"wp:term":[{"taxonomy":"category","embeddable":true,"href":"https:\/\/www.eldiario.net\/portal\/wp-json\/wp\/v2\/categories?post=69111"},{"taxonomy":"post_tag","embeddable":true,"href":"https:\/\/www.eldiario.net\/portal\/wp-json\/wp\/v2\/tags?post=69111"}],"curies":[{"name":"wp","href":"https:\/\/api.w.org\/{rel}","templated":true}]}}