{"id":68803,"date":"2022-03-11T06:06:47","date_gmt":"2022-03-11T10:06:47","guid":{"rendered":"https:\/\/www.eldiario.net\/portal\/?p=68803"},"modified":"2022-03-11T06:06:47","modified_gmt":"2022-03-11T10:06:47","slug":"padres-de-familia-reclaman-por-descuidar-educacion-especial","status":"publish","type":"post","link":"https:\/\/www.eldiario.net\/portal\/2022\/03\/11\/padres-de-familia-reclaman-por-descuidar-educacion-especial\/","title":{"rendered":"Padres de familia reclaman por  descuidar educaci\u00f3n especial"},"content":{"rendered":"<p>Los padres de familia del Centro de Educaci\u00f3n y Adaptaci\u00f3n Infantil se declararon en emergencia ayer y denunciaron que el alcalde de La Paz, Iv\u00e1n Arias, retrocedi\u00f3 en su decisi\u00f3n de dotar un terreno para que puedan construir una infraestructura propia en beneficio de ni\u00f1os que necesitan educaci\u00f3n especial.<br \/>\nLa madre de uno de los ni\u00f1os afectados, manifest\u00f3 ayer, en entrevista con el canal estatal, su preocupaci\u00f3n respecto al retroceso que hizo el burgomaestre pace\u00f1o al dejar sin efecto la soluci\u00f3n que hab\u00eda procurado antes con su palabra a este sector vulnerable de la sociedad.<br \/>\n\u201c\u00c9l nos ha dado su palabra de que este terreno iba a ser del Colegio Adaptaci\u00f3n Infantil, ayer me indican que le ha dado un lapsus al alcalde y (ahora) argumenta que estos predios no van a ser del colegio\u201d, reclam\u00f3.<br \/>\n\u201cNo tenemos colegios para ni\u00f1os con discapacidad, estamos como inquilinos en la Gobernaci\u00f3n (de la zona Sur de la ciudad de La Paz), donde somos sometidos a la voluntad del Servicio Departamental de Gesti\u00f3n Social (Sedeges). Nos proh\u00edben el paso y ni siquiera tenemos ba\u00f1os para nuestros ni\u00f1os, es decir es una pena y estamos hacinados en ese lugar. Ni as\u00ed el alcalde quiere darnos este terreno que comprometi\u00f3\u201d, lament\u00f3 la madre de familia, reflej\u00f3 ABI.<br \/>\nPor su parte, la directora del centro confirm\u00f3 que, desde el a\u00f1o 2019, se agotaron las gestiones para hacerse con una infraestructura propia; sin embargo, no existe voluntad pol\u00edtica para hacer realidad esa empresa.<\/p>\n","protected":false},"excerpt":{"rendered":"<p>Los padres de familia del Centro de Educaci\u00f3n y Adaptaci\u00f3n Infantil se declararon en emergencia ayer y denunciaron que el alcalde de La Paz, Iv\u00e1n Arias, retrocedi\u00f3 en su decisi\u00f3n de dotar un terreno para que puedan construir una infraestructura propia en beneficio de ni\u00f1os que necesitan educaci\u00f3n especial. La madre de uno de los [&hellip;]<\/p>\n","protected":false},"author":1,"featured_media":0,"comment_status":"closed","ping_status":"closed","sticky":false,"template":"","format":"standard","meta":{"_acf_changed":false,"footnotes":""},"categories":[12],"tags":[],"class_list":["post-68803","post","type-post","status-publish","format-standard","category-nacional"],"acf":{"antetitulo":""},"yoast_head":"<!-- This site is optimized with the Yoast SEO plugin v28.3 - https:\/\/yoast.com\/product\/yoast-seo-wordpress\/ -->\n<title>Padres de familia reclaman por descuidar educaci\u00f3n especial - El Diario - Bolivia<\/title>\n<meta name=\"robots\" content=\"index, follow, max-snippet:-1, max-image-preview:large, max-video-preview:-1\" \/>\n<link rel=\"canonical\" href=\"https:\/\/www.eldiario.net\/portal\/2022\/03\/11\/padres-de-familia-reclaman-por-descuidar-educacion-especial\/\" \/>\n<meta property=\"og:locale\" content=\"es_ES\" \/>\n<meta property=\"og:type\" content=\"article\" \/>\n<meta property=\"og:title\" content=\"Padres de familia reclaman por descuidar educaci\u00f3n especial - El Diario - Bolivia\" \/>\n<meta property=\"og:description\" content=\"Los padres de familia del Centro de Educaci\u00f3n y Adaptaci\u00f3n Infantil se declararon en emergencia ayer y denunciaron que el alcalde de La Paz, Iv\u00e1n Arias, retrocedi\u00f3 en su decisi\u00f3n de dotar un terreno para que puedan construir una infraestructura propia en beneficio de ni\u00f1os que necesitan educaci\u00f3n especial. La madre de uno de los [&hellip;]\" \/>\n<meta property=\"og:url\" content=\"https:\/\/www.eldiario.net\/portal\/2022\/03\/11\/padres-de-familia-reclaman-por-descuidar-educacion-especial\/\" \/>\n<meta property=\"og:site_name\" content=\"El Diario - Bolivia\" \/>\n<meta property=\"article:publisher\" content=\"https:\/\/www.facebook.com\/eldiario.bolivia\/\" \/>\n<meta property=\"article:published_time\" content=\"2022-03-11T10:06:47+00:00\" \/>\n<meta name=\"author\" content=\"Jeanette\" \/>\n<meta name=\"twitter:card\" content=\"summary_large_image\" \/>\n<meta name=\"twitter:creator\" content=\"@eldiario_net\" \/>\n<meta name=\"twitter:site\" content=\"@eldiario_net\" \/>\n<meta name=\"twitter:label1\" content=\"Escrito por\" \/>\n\t<meta name=\"twitter:data1\" content=\"Jeanette\" \/>\n\t<meta name=\"twitter:label2\" content=\"Tiempo de lectura\" \/>\n\t<meta name=\"twitter:data2\" content=\"2 minutos\" \/>\n<script type=\"application\/ld+json\" class=\"yoast-schema-graph\">{\"@context\":\"https:\\\/\\\/schema.org\",\"@graph\":[{\"@type\":\"Article\",\"@id\":\"https:\\\/\\\/www.eldiario.net\\\/portal\\\/2022\\\/03\\\/11\\\/padres-de-familia-reclaman-por-descuidar-educacion-especial\\\/#article\",\"isPartOf\":{\"@id\":\"https:\\\/\\\/www.eldiario.net\\\/portal\\\/2022\\\/03\\\/11\\\/padres-de-familia-reclaman-por-descuidar-educacion-especial\\\/\"},\"author\":{\"name\":\"Jeanette\",\"@id\":\"https:\\\/\\\/www.eldiario.net\\\/portal\\\/#\\\/schema\\\/person\\\/f46445640444750d7d753ccd04ae01b7\"},\"headline\":\"Padres de familia reclaman por descuidar educaci\u00f3n especial\",\"datePublished\":\"2022-03-11T10:06:47+00:00\",\"mainEntityOfPage\":{\"@id\":\"https:\\\/\\\/www.eldiario.net\\\/portal\\\/2022\\\/03\\\/11\\\/padres-de-familia-reclaman-por-descuidar-educacion-especial\\\/\"},\"wordCount\":274,\"publisher\":{\"@id\":\"https:\\\/\\\/www.eldiario.net\\\/portal\\\/#organization\"},\"articleSection\":[\"Nacional\"],\"inLanguage\":\"es\"},{\"@type\":\"WebPage\",\"@id\":\"https:\\\/\\\/www.eldiario.net\\\/portal\\\/2022\\\/03\\\/11\\\/padres-de-familia-reclaman-por-descuidar-educacion-especial\\\/\",\"url\":\"https:\\\/\\\/www.eldiario.net\\\/portal\\\/2022\\\/03\\\/11\\\/padres-de-familia-reclaman-por-descuidar-educacion-especial\\\/\",\"name\":\"Padres de familia reclaman por descuidar educaci\u00f3n especial - El Diario - Bolivia\",\"isPartOf\":{\"@id\":\"https:\\\/\\\/www.eldiario.net\\\/portal\\\/#website\"},\"datePublished\":\"2022-03-11T10:06:47+00:00\",\"breadcrumb\":{\"@id\":\"https:\\\/\\\/www.eldiario.net\\\/portal\\\/2022\\\/03\\\/11\\\/padres-de-familia-reclaman-por-descuidar-educacion-especial\\\/#breadcrumb\"},\"inLanguage\":\"es\",\"potentialAction\":[{\"@type\":\"ReadAction\",\"target\":[\"https:\\\/\\\/www.eldiario.net\\\/portal\\\/2022\\\/03\\\/11\\\/padres-de-familia-reclaman-por-descuidar-educacion-especial\\\/\"]}]},{\"@type\":\"BreadcrumbList\",\"@id\":\"https:\\\/\\\/www.eldiario.net\\\/portal\\\/2022\\\/03\\\/11\\\/padres-de-familia-reclaman-por-descuidar-educacion-especial\\\/#breadcrumb\",\"itemListElement\":[{\"@type\":\"ListItem\",\"position\":1,\"name\":\"Portada\",\"item\":\"https:\\\/\\\/www.eldiario.net\\\/portal\\\/\"},{\"@type\":\"ListItem\",\"position\":2,\"name\":\"Padres de familia reclaman por descuidar educaci\u00f3n especial\"}]},{\"@type\":\"WebSite\",\"@id\":\"https:\\\/\\\/www.eldiario.net\\\/portal\\\/#website\",\"url\":\"https:\\\/\\\/www.eldiario.net\\\/portal\\\/\",\"name\":\"El Diario - Decano de la prensa nacional\",\"description\":\"El Diario - Decano de la prensa nacional\",\"publisher\":{\"@id\":\"https:\\\/\\\/www.eldiario.net\\\/portal\\\/#organization\"},\"potentialAction\":[{\"@type\":\"SearchAction\",\"target\":{\"@type\":\"EntryPoint\",\"urlTemplate\":\"https:\\\/\\\/www.eldiario.net\\\/portal\\\/?s={search_term_string}\"},\"query-input\":{\"@type\":\"PropertyValueSpecification\",\"valueRequired\":true,\"valueName\":\"search_term_string\"}}],\"inLanguage\":\"es\"},{\"@type\":\"Organization\",\"@id\":\"https:\\\/\\\/www.eldiario.net\\\/portal\\\/#organization\",\"name\":\"El Diario - Decano de la prensa nacional\",\"url\":\"https:\\\/\\\/www.eldiario.net\\\/portal\\\/\",\"logo\":{\"@type\":\"ImageObject\",\"inLanguage\":\"es\",\"@id\":\"https:\\\/\\\/www.eldiario.net\\\/portal\\\/#\\\/schema\\\/logo\\\/image\\\/\",\"url\":\"https:\\\/\\\/www.eldiario.net\\\/portal\\\/wp-content\\\/uploads\\\/2023\\\/07\\\/logo_ED.jpg\",\"contentUrl\":\"https:\\\/\\\/www.eldiario.net\\\/portal\\\/wp-content\\\/uploads\\\/2023\\\/07\\\/logo_ED.jpg\",\"width\":272,\"height\":52,\"caption\":\"El Diario - Decano de la prensa nacional\"},\"image\":{\"@id\":\"https:\\\/\\\/www.eldiario.net\\\/portal\\\/#\\\/schema\\\/logo\\\/image\\\/\"},\"sameAs\":[\"https:\\\/\\\/www.facebook.com\\\/eldiario.bolivia\\\/\",\"https:\\\/\\\/x.com\\\/eldiario_net\"]},{\"@type\":\"Person\",\"@id\":\"https:\\\/\\\/www.eldiario.net\\\/portal\\\/#\\\/schema\\\/person\\\/f46445640444750d7d753ccd04ae01b7\",\"name\":\"Jeanette\",\"image\":{\"@type\":\"ImageObject\",\"inLanguage\":\"es\",\"@id\":\"https:\\\/\\\/secure.gravatar.com\\\/avatar\\\/3ea2118a5f7dad2b7138b1187a6b7ee55f160b9968b66013c3a3ef39dd7e5798?s=96&d=mm&r=g\",\"url\":\"https:\\\/\\\/secure.gravatar.com\\\/avatar\\\/3ea2118a5f7dad2b7138b1187a6b7ee55f160b9968b66013c3a3ef39dd7e5798?s=96&d=mm&r=g\",\"contentUrl\":\"https:\\\/\\\/secure.gravatar.com\\\/avatar\\\/3ea2118a5f7dad2b7138b1187a6b7ee55f160b9968b66013c3a3ef39dd7e5798?s=96&d=mm&r=g\",\"caption\":\"Jeanette\"},\"sameAs\":[\"https:\\\/\\\/www.eldiario.net\\\/portal\"],\"url\":\"https:\\\/\\\/www.eldiario.net\\\/portal\\\/author\\\/jeanette\\\/\"}]}<\/script>\n<!-- \/ Yoast SEO plugin. -->","yoast_head_json":{"title":"Padres de familia reclaman por descuidar educaci\u00f3n especial - El Diario - Bolivia","robots":{"index":"index","follow":"follow","max-snippet":"max-snippet:-1","max-image-preview":"max-image-preview:large","max-video-preview":"max-video-preview:-1"},"canonical":"https:\/\/www.eldiario.net\/portal\/2022\/03\/11\/padres-de-familia-reclaman-por-descuidar-educacion-especial\/","og_locale":"es_ES","og_type":"article","og_title":"Padres de familia reclaman por descuidar educaci\u00f3n especial - El Diario - Bolivia","og_description":"Los padres de familia del Centro de Educaci\u00f3n y Adaptaci\u00f3n Infantil se declararon en emergencia ayer y denunciaron que el alcalde de La Paz, Iv\u00e1n Arias, retrocedi\u00f3 en su decisi\u00f3n de dotar un terreno para que puedan construir una infraestructura propia en beneficio de ni\u00f1os que necesitan educaci\u00f3n especial. La madre de uno de los [&hellip;]","og_url":"https:\/\/www.eldiario.net\/portal\/2022\/03\/11\/padres-de-familia-reclaman-por-descuidar-educacion-especial\/","og_site_name":"El Diario - Bolivia","article_publisher":"https:\/\/www.facebook.com\/eldiario.bolivia\/","article_published_time":"2022-03-11T10:06:47+00:00","author":"Jeanette","twitter_card":"summary_large_image","twitter_creator":"@eldiario_net","twitter_site":"@eldiario_net","twitter_misc":{"Escrito por":"Jeanette","Tiempo de lectura":"2 minutos"},"schema":{"@context":"https:\/\/schema.org","@graph":[{"@type":"Article","@id":"https:\/\/www.eldiario.net\/portal\/2022\/03\/11\/padres-de-familia-reclaman-por-descuidar-educacion-especial\/#article","isPartOf":{"@id":"https:\/\/www.eldiario.net\/portal\/2022\/03\/11\/padres-de-familia-reclaman-por-descuidar-educacion-especial\/"},"author":{"name":"Jeanette","@id":"https:\/\/www.eldiario.net\/portal\/#\/schema\/person\/f46445640444750d7d753ccd04ae01b7"},"headline":"Padres de familia reclaman por descuidar educaci\u00f3n especial","datePublished":"2022-03-11T10:06:47+00:00","mainEntityOfPage":{"@id":"https:\/\/www.eldiario.net\/portal\/2022\/03\/11\/padres-de-familia-reclaman-por-descuidar-educacion-especial\/"},"wordCount":274,"publisher":{"@id":"https:\/\/www.eldiario.net\/portal\/#organization"},"articleSection":["Nacional"],"inLanguage":"es"},{"@type":"WebPage","@id":"https:\/\/www.eldiario.net\/portal\/2022\/03\/11\/padres-de-familia-reclaman-por-descuidar-educacion-especial\/","url":"https:\/\/www.eldiario.net\/portal\/2022\/03\/11\/padres-de-familia-reclaman-por-descuidar-educacion-especial\/","name":"Padres de familia reclaman por descuidar educaci\u00f3n especial - El Diario - Bolivia","isPartOf":{"@id":"https:\/\/www.eldiario.net\/portal\/#website"},"datePublished":"2022-03-11T10:06:47+00:00","breadcrumb":{"@id":"https:\/\/www.eldiario.net\/portal\/2022\/03\/11\/padres-de-familia-reclaman-por-descuidar-educacion-especial\/#breadcrumb"},"inLanguage":"es","potentialAction":[{"@type":"ReadAction","target":["https:\/\/www.eldiario.net\/portal\/2022\/03\/11\/padres-de-familia-reclaman-por-descuidar-educacion-especial\/"]}]},{"@type":"BreadcrumbList","@id":"https:\/\/www.eldiario.net\/portal\/2022\/03\/11\/padres-de-familia-reclaman-por-descuidar-educacion-especial\/#breadcrumb","itemListElement":[{"@type":"ListItem","position":1,"name":"Portada","item":"https:\/\/www.eldiario.net\/portal\/"},{"@type":"ListItem","position":2,"name":"Padres de familia reclaman por descuidar educaci\u00f3n especial"}]},{"@type":"WebSite","@id":"https:\/\/www.eldiario.net\/portal\/#website","url":"https:\/\/www.eldiario.net\/portal\/","name":"El Diario - Decano de la prensa nacional","description":"El Diario - Decano de la prensa nacional","publisher":{"@id":"https:\/\/www.eldiario.net\/portal\/#organization"},"potentialAction":[{"@type":"SearchAction","target":{"@type":"EntryPoint","urlTemplate":"https:\/\/www.eldiario.net\/portal\/?s={search_term_string}"},"query-input":{"@type":"PropertyValueSpecification","valueRequired":true,"valueName":"search_term_string"}}],"inLanguage":"es"},{"@type":"Organization","@id":"https:\/\/www.eldiario.net\/portal\/#organization","name":"El Diario - Decano de la prensa nacional","url":"https:\/\/www.eldiario.net\/portal\/","logo":{"@type":"ImageObject","inLanguage":"es","@id":"https:\/\/www.eldiario.net\/portal\/#\/schema\/logo\/image\/","url":"https:\/\/www.eldiario.net\/portal\/wp-content\/uploads\/2023\/07\/logo_ED.jpg","contentUrl":"https:\/\/www.eldiario.net\/portal\/wp-content\/uploads\/2023\/07\/logo_ED.jpg","width":272,"height":52,"caption":"El Diario - Decano de la prensa nacional"},"image":{"@id":"https:\/\/www.eldiario.net\/portal\/#\/schema\/logo\/image\/"},"sameAs":["https:\/\/www.facebook.com\/eldiario.bolivia\/","https:\/\/x.com\/eldiario_net"]},{"@type":"Person","@id":"https:\/\/www.eldiario.net\/portal\/#\/schema\/person\/f46445640444750d7d753ccd04ae01b7","name":"Jeanette","image":{"@type":"ImageObject","inLanguage":"es","@id":"https:\/\/secure.gravatar.com\/avatar\/3ea2118a5f7dad2b7138b1187a6b7ee55f160b9968b66013c3a3ef39dd7e5798?s=96&d=mm&r=g","url":"https:\/\/secure.gravatar.com\/avatar\/3ea2118a5f7dad2b7138b1187a6b7ee55f160b9968b66013c3a3ef39dd7e5798?s=96&d=mm&r=g","contentUrl":"https:\/\/secure.gravatar.com\/avatar\/3ea2118a5f7dad2b7138b1187a6b7ee55f160b9968b66013c3a3ef39dd7e5798?s=96&d=mm&r=g","caption":"Jeanette"},"sameAs":["https:\/\/www.eldiario.net\/portal"],"url":"https:\/\/www.eldiario.net\/portal\/author\/jeanette\/"}]}},"_links":{"self":[{"href":"https:\/\/www.eldiario.net\/portal\/wp-json\/wp\/v2\/posts\/68803","targetHints":{"allow":["GET"]}}],"collection":[{"href":"https:\/\/www.eldiario.net\/portal\/wp-json\/wp\/v2\/posts"}],"about":[{"href":"https:\/\/www.eldiario.net\/portal\/wp-json\/wp\/v2\/types\/post"}],"author":[{"embeddable":true,"href":"https:\/\/www.eldiario.net\/portal\/wp-json\/wp\/v2\/users\/1"}],"replies":[{"embeddable":true,"href":"https:\/\/www.eldiario.net\/portal\/wp-json\/wp\/v2\/comments?post=68803"}],"version-history":[{"count":0,"href":"https:\/\/www.eldiario.net\/portal\/wp-json\/wp\/v2\/posts\/68803\/revisions"}],"wp:attachment":[{"href":"https:\/\/www.eldiario.net\/portal\/wp-json\/wp\/v2\/media?parent=68803"}],"wp:term":[{"taxonomy":"category","embeddable":true,"href":"https:\/\/www.eldiario.net\/portal\/wp-json\/wp\/v2\/categories?post=68803"},{"taxonomy":"post_tag","embeddable":true,"href":"https:\/\/www.eldiario.net\/portal\/wp-json\/wp\/v2\/tags?post=68803"}],"curies":[{"name":"wp","href":"https:\/\/api.w.org\/{rel}","templated":true}]}}