{"id":68794,"date":"2022-03-11T06:04:37","date_gmt":"2022-03-11T10:04:37","guid":{"rendered":"https:\/\/www.eldiario.net\/portal\/?p=68794"},"modified":"2022-03-11T06:04:37","modified_gmt":"2022-03-11T10:04:37","slug":"exigen-conocer-informacion-sobre-la-defensa-del-silala","status":"publish","type":"post","link":"https:\/\/www.eldiario.net\/portal\/2022\/03\/11\/exigen-conocer-informacion-sobre-la-defensa-del-silala\/","title":{"rendered":"Exigen conocer informaci\u00f3n  sobre la defensa del Silala"},"content":{"rendered":"<p>El Comit\u00e9 C\u00edvico Potosinista (Comcipo) exigi\u00f3 al Gobierno nacional conocer informaci\u00f3n sobre los argumentos t\u00e9cnicos y legales de defensa por las aguas del Silala, ante la proximidad de las audiencias orales en abril, para evitar susceptibilidades con un fallo contrario de la Corte Internacional de Justicia (CIJ). Aunque existe un clima de confianza por resultados favorables, advierten que una derrota ser\u00e1 responsabilidad de la administraci\u00f3n del presidente Luis Arce.<br \/>\n\u201cNos llega la informaci\u00f3n que esta resoluci\u00f3n de La Haya pueda ser contraproducente a los intereses que tiene Potos\u00ed con respecto a estas aguas. Como no tenemos ninguna informaci\u00f3n, lo que vamos a hacer es llamar a un consejo consultivo\u201d, dijo a la ANF la presidenta de Comcipo, Roxana Graz.<br \/>\nEl mi\u00e9rcoles, la CIJ, en los Pa\u00edses Bajos, comunic\u00f3 a Bolivia y Chile el cronograma de audiencias orales para los alegatos que ser\u00e1n entre el 1 y 14 de abril, etapa previa al fallo sobre el caso de estatus y uso de las aguas del Silala, que el pa\u00eds vecino activ\u00f3 en 2016 y por el que Bolivia defiende que son acu\u00edferos subterr\u00e1neos y no un r\u00edo transfronterizo.<br \/>\nEn 2020, Comcipo sostuvo la \u00faltima reuni\u00f3n sobre el tema con la entonces canciller, Karen Longaric, quien dijo que los argumentos bolivianos eran confidenciales. Luego, en enero de 2022, los c\u00edvicos remitieron tres cartas a Canciller\u00eda para conocer alguna informaci\u00f3n sobre la defensa t\u00e9cnica y legal.<br \/>\nGraz dijo que el Gobierno nacional no tom\u00f3 en cuenta los estudios de investigadores e instituciones potosinas para sustentar la defensa t\u00e9cnica de las aguas subterr\u00e1neas. Adelant\u00f3 que en el consejo consultivo de la pr\u00f3xima semana \u201cse va a informar estas caracter\u00edsticas, porque no nos quieren hacer conocer (detalles de la defensa). Como departamento y las organizaciones se definir\u00e1 si est\u00e1n en pie de lucha, porque cuando ya se conozca la resoluci\u00f3n ser\u00e1 insulso\u201d.<br \/>\nLa dirigente dijo que existe optimismo por el fallo que podr\u00eda emitir la CIJ, pero alert\u00f3 que una derrota ser\u00e1 responsabilidad del Gobierno.<br \/>\n\u201cEstamos confiados en que pueda existir buenos resultados. Si en caso se tienen buenos resultados, felicidad, alegr\u00eda, las aguas pertenecen a Potos\u00ed, pero si en caso exista alguna irregularidad, decisiones contrarias al departamento, bueno, nosotros vamos a dar la responsabilidad a este Gobierno; el Gobierno ser\u00e1 culpable por no haber hecho una defensa f\u00e9rrea\u201d, enfatiz\u00f3.<br \/>\nGraz dijo que hay malestar y \u201ccausa zozobra\u201d el hecho que el conflicto se haya asumido para una resoluci\u00f3n entre estados. Explic\u00f3 que la iniciativa al interior del departamento era que la Gobernaci\u00f3n departamental resuelva con la empresa privada chilena que us\u00f3 las aguas por d\u00e9cadas. (Potos\u00ed, ANF)<\/p>\n","protected":false},"excerpt":{"rendered":"<p>El Comit\u00e9 C\u00edvico Potosinista (Comcipo) exigi\u00f3 al Gobierno nacional conocer informaci\u00f3n sobre los argumentos t\u00e9cnicos y legales de defensa por las aguas del Silala, ante la proximidad de las audiencias orales en abril, para evitar susceptibilidades con un fallo contrario de la Corte Internacional de Justicia (CIJ). Aunque existe un clima de confianza por resultados [&hellip;]<\/p>\n","protected":false},"author":1,"featured_media":68795,"comment_status":"closed","ping_status":"closed","sticky":false,"template":"","format":"standard","meta":{"_acf_changed":false,"footnotes":""},"categories":[14],"tags":[],"class_list":["post-68794","post","type-post","status-publish","format-standard","has-post-thumbnail","category-politica"],"acf":{"antetitulo":""},"yoast_head":"<!-- This site is optimized with the Yoast SEO plugin v28.3 - https:\/\/yoast.com\/product\/yoast-seo-wordpress\/ -->\n<title>Exigen conocer informaci\u00f3n sobre la defensa del Silala - El Diario - Bolivia<\/title>\n<meta name=\"robots\" content=\"index, follow, max-snippet:-1, max-image-preview:large, max-video-preview:-1\" \/>\n<link rel=\"canonical\" href=\"https:\/\/www.eldiario.net\/portal\/2022\/03\/11\/exigen-conocer-informacion-sobre-la-defensa-del-silala\/\" \/>\n<meta property=\"og:locale\" content=\"es_ES\" \/>\n<meta property=\"og:type\" content=\"article\" \/>\n<meta property=\"og:title\" content=\"Exigen conocer informaci\u00f3n sobre la defensa del Silala - El Diario - Bolivia\" \/>\n<meta property=\"og:description\" content=\"El Comit\u00e9 C\u00edvico Potosinista (Comcipo) exigi\u00f3 al Gobierno nacional conocer informaci\u00f3n sobre los argumentos t\u00e9cnicos y legales de defensa por las aguas del Silala, ante la proximidad de las audiencias orales en abril, para evitar susceptibilidades con un fallo contrario de la Corte Internacional de Justicia (CIJ). Aunque existe un clima de confianza por resultados [&hellip;]\" \/>\n<meta property=\"og:url\" content=\"https:\/\/www.eldiario.net\/portal\/2022\/03\/11\/exigen-conocer-informacion-sobre-la-defensa-del-silala\/\" \/>\n<meta property=\"og:site_name\" content=\"El Diario - Bolivia\" \/>\n<meta property=\"article:publisher\" content=\"https:\/\/www.facebook.com\/eldiario.bolivia\/\" \/>\n<meta property=\"article:published_time\" content=\"2022-03-11T10:04:37+00:00\" \/>\n<meta name=\"author\" content=\"Jeanette\" \/>\n<meta name=\"twitter:card\" content=\"summary_large_image\" \/>\n<meta name=\"twitter:creator\" content=\"@eldiario_net\" \/>\n<meta name=\"twitter:site\" content=\"@eldiario_net\" \/>\n<meta name=\"twitter:label1\" content=\"Escrito por\" \/>\n\t<meta name=\"twitter:data1\" content=\"Jeanette\" \/>\n\t<meta name=\"twitter:label2\" content=\"Tiempo de lectura\" \/>\n\t<meta name=\"twitter:data2\" content=\"2 minutos\" \/>\n<script type=\"application\/ld+json\" class=\"yoast-schema-graph\">{\"@context\":\"https:\\\/\\\/schema.org\",\"@graph\":[{\"@type\":\"Article\",\"@id\":\"https:\\\/\\\/www.eldiario.net\\\/portal\\\/2022\\\/03\\\/11\\\/exigen-conocer-informacion-sobre-la-defensa-del-silala\\\/#article\",\"isPartOf\":{\"@id\":\"https:\\\/\\\/www.eldiario.net\\\/portal\\\/2022\\\/03\\\/11\\\/exigen-conocer-informacion-sobre-la-defensa-del-silala\\\/\"},\"author\":{\"name\":\"Jeanette\",\"@id\":\"https:\\\/\\\/www.eldiario.net\\\/portal\\\/#\\\/schema\\\/person\\\/f46445640444750d7d753ccd04ae01b7\"},\"headline\":\"Exigen conocer informaci\u00f3n sobre la defensa del Silala\",\"datePublished\":\"2022-03-11T10:04:37+00:00\",\"mainEntityOfPage\":{\"@id\":\"https:\\\/\\\/www.eldiario.net\\\/portal\\\/2022\\\/03\\\/11\\\/exigen-conocer-informacion-sobre-la-defensa-del-silala\\\/\"},\"wordCount\":468,\"publisher\":{\"@id\":\"https:\\\/\\\/www.eldiario.net\\\/portal\\\/#organization\"},\"image\":{\"@id\":\"https:\\\/\\\/www.eldiario.net\\\/portal\\\/2022\\\/03\\\/11\\\/exigen-conocer-informacion-sobre-la-defensa-del-silala\\\/#primaryimage\"},\"thumbnailUrl\":\"\",\"articleSection\":[\"Pol\u00edtica\"],\"inLanguage\":\"es\"},{\"@type\":\"WebPage\",\"@id\":\"https:\\\/\\\/www.eldiario.net\\\/portal\\\/2022\\\/03\\\/11\\\/exigen-conocer-informacion-sobre-la-defensa-del-silala\\\/\",\"url\":\"https:\\\/\\\/www.eldiario.net\\\/portal\\\/2022\\\/03\\\/11\\\/exigen-conocer-informacion-sobre-la-defensa-del-silala\\\/\",\"name\":\"Exigen conocer informaci\u00f3n sobre la defensa del Silala - El Diario - Bolivia\",\"isPartOf\":{\"@id\":\"https:\\\/\\\/www.eldiario.net\\\/portal\\\/#website\"},\"primaryImageOfPage\":{\"@id\":\"https:\\\/\\\/www.eldiario.net\\\/portal\\\/2022\\\/03\\\/11\\\/exigen-conocer-informacion-sobre-la-defensa-del-silala\\\/#primaryimage\"},\"image\":{\"@id\":\"https:\\\/\\\/www.eldiario.net\\\/portal\\\/2022\\\/03\\\/11\\\/exigen-conocer-informacion-sobre-la-defensa-del-silala\\\/#primaryimage\"},\"thumbnailUrl\":\"\",\"datePublished\":\"2022-03-11T10:04:37+00:00\",\"breadcrumb\":{\"@id\":\"https:\\\/\\\/www.eldiario.net\\\/portal\\\/2022\\\/03\\\/11\\\/exigen-conocer-informacion-sobre-la-defensa-del-silala\\\/#breadcrumb\"},\"inLanguage\":\"es\",\"potentialAction\":[{\"@type\":\"ReadAction\",\"target\":[\"https:\\\/\\\/www.eldiario.net\\\/portal\\\/2022\\\/03\\\/11\\\/exigen-conocer-informacion-sobre-la-defensa-del-silala\\\/\"]}]},{\"@type\":\"ImageObject\",\"inLanguage\":\"es\",\"@id\":\"https:\\\/\\\/www.eldiario.net\\\/portal\\\/2022\\\/03\\\/11\\\/exigen-conocer-informacion-sobre-la-defensa-del-silala\\\/#primaryimage\",\"url\":\"\",\"contentUrl\":\"\"},{\"@type\":\"BreadcrumbList\",\"@id\":\"https:\\\/\\\/www.eldiario.net\\\/portal\\\/2022\\\/03\\\/11\\\/exigen-conocer-informacion-sobre-la-defensa-del-silala\\\/#breadcrumb\",\"itemListElement\":[{\"@type\":\"ListItem\",\"position\":1,\"name\":\"Portada\",\"item\":\"https:\\\/\\\/www.eldiario.net\\\/portal\\\/\"},{\"@type\":\"ListItem\",\"position\":2,\"name\":\"Exigen conocer informaci\u00f3n sobre la defensa del Silala\"}]},{\"@type\":\"WebSite\",\"@id\":\"https:\\\/\\\/www.eldiario.net\\\/portal\\\/#website\",\"url\":\"https:\\\/\\\/www.eldiario.net\\\/portal\\\/\",\"name\":\"El Diario - Decano de la prensa nacional\",\"description\":\"El Diario - Decano de la prensa nacional\",\"publisher\":{\"@id\":\"https:\\\/\\\/www.eldiario.net\\\/portal\\\/#organization\"},\"potentialAction\":[{\"@type\":\"SearchAction\",\"target\":{\"@type\":\"EntryPoint\",\"urlTemplate\":\"https:\\\/\\\/www.eldiario.net\\\/portal\\\/?s={search_term_string}\"},\"query-input\":{\"@type\":\"PropertyValueSpecification\",\"valueRequired\":true,\"valueName\":\"search_term_string\"}}],\"inLanguage\":\"es\"},{\"@type\":\"Organization\",\"@id\":\"https:\\\/\\\/www.eldiario.net\\\/portal\\\/#organization\",\"name\":\"El Diario - Decano de la prensa nacional\",\"url\":\"https:\\\/\\\/www.eldiario.net\\\/portal\\\/\",\"logo\":{\"@type\":\"ImageObject\",\"inLanguage\":\"es\",\"@id\":\"https:\\\/\\\/www.eldiario.net\\\/portal\\\/#\\\/schema\\\/logo\\\/image\\\/\",\"url\":\"https:\\\/\\\/www.eldiario.net\\\/portal\\\/wp-content\\\/uploads\\\/2023\\\/07\\\/logo_ED.jpg\",\"contentUrl\":\"https:\\\/\\\/www.eldiario.net\\\/portal\\\/wp-content\\\/uploads\\\/2023\\\/07\\\/logo_ED.jpg\",\"width\":272,\"height\":52,\"caption\":\"El Diario - Decano de la prensa nacional\"},\"image\":{\"@id\":\"https:\\\/\\\/www.eldiario.net\\\/portal\\\/#\\\/schema\\\/logo\\\/image\\\/\"},\"sameAs\":[\"https:\\\/\\\/www.facebook.com\\\/eldiario.bolivia\\\/\",\"https:\\\/\\\/x.com\\\/eldiario_net\"]},{\"@type\":\"Person\",\"@id\":\"https:\\\/\\\/www.eldiario.net\\\/portal\\\/#\\\/schema\\\/person\\\/f46445640444750d7d753ccd04ae01b7\",\"name\":\"Jeanette\",\"image\":{\"@type\":\"ImageObject\",\"inLanguage\":\"es\",\"@id\":\"https:\\\/\\\/secure.gravatar.com\\\/avatar\\\/3ea2118a5f7dad2b7138b1187a6b7ee55f160b9968b66013c3a3ef39dd7e5798?s=96&d=mm&r=g\",\"url\":\"https:\\\/\\\/secure.gravatar.com\\\/avatar\\\/3ea2118a5f7dad2b7138b1187a6b7ee55f160b9968b66013c3a3ef39dd7e5798?s=96&d=mm&r=g\",\"contentUrl\":\"https:\\\/\\\/secure.gravatar.com\\\/avatar\\\/3ea2118a5f7dad2b7138b1187a6b7ee55f160b9968b66013c3a3ef39dd7e5798?s=96&d=mm&r=g\",\"caption\":\"Jeanette\"},\"sameAs\":[\"https:\\\/\\\/www.eldiario.net\\\/portal\"],\"url\":\"https:\\\/\\\/www.eldiario.net\\\/portal\\\/author\\\/jeanette\\\/\"}]}<\/script>\n<!-- \/ Yoast SEO plugin. -->","yoast_head_json":{"title":"Exigen conocer informaci\u00f3n sobre la defensa del Silala - El Diario - Bolivia","robots":{"index":"index","follow":"follow","max-snippet":"max-snippet:-1","max-image-preview":"max-image-preview:large","max-video-preview":"max-video-preview:-1"},"canonical":"https:\/\/www.eldiario.net\/portal\/2022\/03\/11\/exigen-conocer-informacion-sobre-la-defensa-del-silala\/","og_locale":"es_ES","og_type":"article","og_title":"Exigen conocer informaci\u00f3n sobre la defensa del Silala - El Diario - Bolivia","og_description":"El Comit\u00e9 C\u00edvico Potosinista (Comcipo) exigi\u00f3 al Gobierno nacional conocer informaci\u00f3n sobre los argumentos t\u00e9cnicos y legales de defensa por las aguas del Silala, ante la proximidad de las audiencias orales en abril, para evitar susceptibilidades con un fallo contrario de la Corte Internacional de Justicia (CIJ). Aunque existe un clima de confianza por resultados [&hellip;]","og_url":"https:\/\/www.eldiario.net\/portal\/2022\/03\/11\/exigen-conocer-informacion-sobre-la-defensa-del-silala\/","og_site_name":"El Diario - Bolivia","article_publisher":"https:\/\/www.facebook.com\/eldiario.bolivia\/","article_published_time":"2022-03-11T10:04:37+00:00","author":"Jeanette","twitter_card":"summary_large_image","twitter_creator":"@eldiario_net","twitter_site":"@eldiario_net","twitter_misc":{"Escrito por":"Jeanette","Tiempo de lectura":"2 minutos"},"schema":{"@context":"https:\/\/schema.org","@graph":[{"@type":"Article","@id":"https:\/\/www.eldiario.net\/portal\/2022\/03\/11\/exigen-conocer-informacion-sobre-la-defensa-del-silala\/#article","isPartOf":{"@id":"https:\/\/www.eldiario.net\/portal\/2022\/03\/11\/exigen-conocer-informacion-sobre-la-defensa-del-silala\/"},"author":{"name":"Jeanette","@id":"https:\/\/www.eldiario.net\/portal\/#\/schema\/person\/f46445640444750d7d753ccd04ae01b7"},"headline":"Exigen conocer informaci\u00f3n sobre la defensa del Silala","datePublished":"2022-03-11T10:04:37+00:00","mainEntityOfPage":{"@id":"https:\/\/www.eldiario.net\/portal\/2022\/03\/11\/exigen-conocer-informacion-sobre-la-defensa-del-silala\/"},"wordCount":468,"publisher":{"@id":"https:\/\/www.eldiario.net\/portal\/#organization"},"image":{"@id":"https:\/\/www.eldiario.net\/portal\/2022\/03\/11\/exigen-conocer-informacion-sobre-la-defensa-del-silala\/#primaryimage"},"thumbnailUrl":"","articleSection":["Pol\u00edtica"],"inLanguage":"es"},{"@type":"WebPage","@id":"https:\/\/www.eldiario.net\/portal\/2022\/03\/11\/exigen-conocer-informacion-sobre-la-defensa-del-silala\/","url":"https:\/\/www.eldiario.net\/portal\/2022\/03\/11\/exigen-conocer-informacion-sobre-la-defensa-del-silala\/","name":"Exigen conocer informaci\u00f3n sobre la defensa del Silala - El Diario - Bolivia","isPartOf":{"@id":"https:\/\/www.eldiario.net\/portal\/#website"},"primaryImageOfPage":{"@id":"https:\/\/www.eldiario.net\/portal\/2022\/03\/11\/exigen-conocer-informacion-sobre-la-defensa-del-silala\/#primaryimage"},"image":{"@id":"https:\/\/www.eldiario.net\/portal\/2022\/03\/11\/exigen-conocer-informacion-sobre-la-defensa-del-silala\/#primaryimage"},"thumbnailUrl":"","datePublished":"2022-03-11T10:04:37+00:00","breadcrumb":{"@id":"https:\/\/www.eldiario.net\/portal\/2022\/03\/11\/exigen-conocer-informacion-sobre-la-defensa-del-silala\/#breadcrumb"},"inLanguage":"es","potentialAction":[{"@type":"ReadAction","target":["https:\/\/www.eldiario.net\/portal\/2022\/03\/11\/exigen-conocer-informacion-sobre-la-defensa-del-silala\/"]}]},{"@type":"ImageObject","inLanguage":"es","@id":"https:\/\/www.eldiario.net\/portal\/2022\/03\/11\/exigen-conocer-informacion-sobre-la-defensa-del-silala\/#primaryimage","url":"","contentUrl":""},{"@type":"BreadcrumbList","@id":"https:\/\/www.eldiario.net\/portal\/2022\/03\/11\/exigen-conocer-informacion-sobre-la-defensa-del-silala\/#breadcrumb","itemListElement":[{"@type":"ListItem","position":1,"name":"Portada","item":"https:\/\/www.eldiario.net\/portal\/"},{"@type":"ListItem","position":2,"name":"Exigen conocer informaci\u00f3n sobre la defensa del Silala"}]},{"@type":"WebSite","@id":"https:\/\/www.eldiario.net\/portal\/#website","url":"https:\/\/www.eldiario.net\/portal\/","name":"El Diario - Decano de la prensa nacional","description":"El Diario - Decano de la prensa nacional","publisher":{"@id":"https:\/\/www.eldiario.net\/portal\/#organization"},"potentialAction":[{"@type":"SearchAction","target":{"@type":"EntryPoint","urlTemplate":"https:\/\/www.eldiario.net\/portal\/?s={search_term_string}"},"query-input":{"@type":"PropertyValueSpecification","valueRequired":true,"valueName":"search_term_string"}}],"inLanguage":"es"},{"@type":"Organization","@id":"https:\/\/www.eldiario.net\/portal\/#organization","name":"El Diario - Decano de la prensa nacional","url":"https:\/\/www.eldiario.net\/portal\/","logo":{"@type":"ImageObject","inLanguage":"es","@id":"https:\/\/www.eldiario.net\/portal\/#\/schema\/logo\/image\/","url":"https:\/\/www.eldiario.net\/portal\/wp-content\/uploads\/2023\/07\/logo_ED.jpg","contentUrl":"https:\/\/www.eldiario.net\/portal\/wp-content\/uploads\/2023\/07\/logo_ED.jpg","width":272,"height":52,"caption":"El Diario - Decano de la prensa nacional"},"image":{"@id":"https:\/\/www.eldiario.net\/portal\/#\/schema\/logo\/image\/"},"sameAs":["https:\/\/www.facebook.com\/eldiario.bolivia\/","https:\/\/x.com\/eldiario_net"]},{"@type":"Person","@id":"https:\/\/www.eldiario.net\/portal\/#\/schema\/person\/f46445640444750d7d753ccd04ae01b7","name":"Jeanette","image":{"@type":"ImageObject","inLanguage":"es","@id":"https:\/\/secure.gravatar.com\/avatar\/3ea2118a5f7dad2b7138b1187a6b7ee55f160b9968b66013c3a3ef39dd7e5798?s=96&d=mm&r=g","url":"https:\/\/secure.gravatar.com\/avatar\/3ea2118a5f7dad2b7138b1187a6b7ee55f160b9968b66013c3a3ef39dd7e5798?s=96&d=mm&r=g","contentUrl":"https:\/\/secure.gravatar.com\/avatar\/3ea2118a5f7dad2b7138b1187a6b7ee55f160b9968b66013c3a3ef39dd7e5798?s=96&d=mm&r=g","caption":"Jeanette"},"sameAs":["https:\/\/www.eldiario.net\/portal"],"url":"https:\/\/www.eldiario.net\/portal\/author\/jeanette\/"}]}},"_links":{"self":[{"href":"https:\/\/www.eldiario.net\/portal\/wp-json\/wp\/v2\/posts\/68794","targetHints":{"allow":["GET"]}}],"collection":[{"href":"https:\/\/www.eldiario.net\/portal\/wp-json\/wp\/v2\/posts"}],"about":[{"href":"https:\/\/www.eldiario.net\/portal\/wp-json\/wp\/v2\/types\/post"}],"author":[{"embeddable":true,"href":"https:\/\/www.eldiario.net\/portal\/wp-json\/wp\/v2\/users\/1"}],"replies":[{"embeddable":true,"href":"https:\/\/www.eldiario.net\/portal\/wp-json\/wp\/v2\/comments?post=68794"}],"version-history":[{"count":0,"href":"https:\/\/www.eldiario.net\/portal\/wp-json\/wp\/v2\/posts\/68794\/revisions"}],"wp:attachment":[{"href":"https:\/\/www.eldiario.net\/portal\/wp-json\/wp\/v2\/media?parent=68794"}],"wp:term":[{"taxonomy":"category","embeddable":true,"href":"https:\/\/www.eldiario.net\/portal\/wp-json\/wp\/v2\/categories?post=68794"},{"taxonomy":"post_tag","embeddable":true,"href":"https:\/\/www.eldiario.net\/portal\/wp-json\/wp\/v2\/tags?post=68794"}],"curies":[{"name":"wp","href":"https:\/\/api.w.org\/{rel}","templated":true}]}}