{"id":6859,"date":"2021-05-28T06:32:07","date_gmt":"2021-05-28T10:32:07","guid":{"rendered":"https:\/\/www.eldiario.net\/portal\/?p=6859"},"modified":"2021-05-28T06:32:07","modified_gmt":"2021-05-28T10:32:07","slug":"lopez-no-esta-implicado-en-investigacion-del-fbi","status":"publish","type":"post","link":"https:\/\/www.eldiario.net\/portal\/2021\/05\/28\/lopez-no-esta-implicado-en-investigacion-del-fbi\/","title":{"rendered":"\u201cL\u00f3pez no est\u00e1 implicado  en investigaci\u00f3n del FBI\u201d"},"content":{"rendered":"<p>Ante el informe del Bur\u00f3 Federal de Investigaciones (FBI), por su sigla en ingl\u00e9s, y las detenciones de Arturo Murillo, Rodrigo M\u00e9ndez y otros, en Estados Unidos, el abogado Gary Prado, parte del patrocinio del exministro de Defensa, Fernando L\u00f3pez, asegur\u00f3 a EL DIARIO que las investigaciones en el pa\u00eds del norte no llegan a su cliente, sino a un exfuncionario del Ministerio de Defensa de iniciales M.R., quien fue desvinculado antes de concluir el proceso de compra del material no letal.<br \/>\n\u201cEn ninguna parte del documento del FBI dice que sea un pariente del Ministro de Defensa, dicen el co-conspirador 2 que es un funcionario de alto rango del Ministerio de Defensa. El investigador dice yo s\u00e9 el nombre, pero \u00e9l no lo pone seguramente porque no ha reunido elementos, en eso, los Estados Unidos tiene una justicia transparente, no ensucian el nombre de alguien sin que puedan probar algo. El co\u2013conspirador 2 que hubiera recibido 20.000 d\u00f3lares, nosotros sabemos que se trata de un funcionario que L\u00f3pez lo desvincul\u00f3 antes que se termine de concretar el contrato\u201d, explic\u00f3 Prado sustentado en investigaciones.<br \/>\nEl martes se conoci\u00f3 un informe del FBI en el que se se\u00f1ala que Murillo, M\u00e9ndez y otras tres personas fueron acusadas por lavado de dinero y sobornos, un delito federal que ser\u00eda sancionado con 20 a\u00f1os de prisi\u00f3n a los implicados.<br \/>\nPrado explic\u00f3 que las investigaciones en el pa\u00eds del norte iniciaron por la transferencia de 700.000 d\u00f3lares que la empresa norteamericana Bravo Tactical Solutions LLC realiza a la cuenta personal del se\u00f1or Philip Lichtenberg, un boliviano\u2013norteamericano, que radicaba en Argentina.<br \/>\n\u201cPor qu\u00e9 una empresa norteamericana gira ese monto a una cuenta particular de un boliviano\u2013americano, desde ah\u00ed indagan los correos electr\u00f3nicos, chats de la gente que va apareciendo, si eso hubiera tenido un respaldo legal ah\u00ed quedaba, pero como no ten\u00eda se continu\u00f3 con la investigaci\u00f3n y se comprob\u00f3 que este se\u00f1or no le hab\u00eda vendido nada para que le paguen ese monto\u201d, precis\u00f3.<br \/>\nAclar\u00f3 que Philip Lichtenberg se prest\u00f3 para \u201cblanquear\u201d el dinero de la \u201ccoima\u201d y por eso pincharon los contactos, principalmente con Rodrigo M\u00e9ndez, quien recibi\u00f3 582.000 d\u00f3lares de los 700.000, porque el primero ya se hab\u00eda quedado con su parte.<\/p>\n<p>CO\u2013CONSPIRADOR 2<br \/>\nEl punto 11 del informe del FBI refiere: \u201cco-conspirador 2, una persona cuya identidad es conocida por su declarante (Jonathan Eades), era ciudadano de Bolivia y un funcionario en el Ministerio de Defensa de Bolivia\u201d.<br \/>\nEl punto 20 dice: \u201cComo se describe con mayor detalle a continuaci\u00f3n, Bryan Samuel Berkman, Luis Berkman, y Philip Lichtenfeld pagaron sobornos por un total de al menos $us 582.000 a Sergio Rodrigo M\u00e9ndez Mendiz\u00e1bal, funcionario del Ministerio de Gobierno de Bolivia, y al menos $us 20.000 al co-conspirador 2, funcionario del Ministerio de Defensa de Bolivia, a cambio de utilizar sus cargos oficiales para asistir a la Empresa Intermediaria (\u2026)\u201d.<br \/>\nEl coronel en servicio pasivo del Ej\u00e9rcito experto en Inteligencia, Jorge Santistevan, en coincidencia con Prado, dijo a EL DIARIO que el co\u2013conspirador 2 es con alta probabilidad un exoficial del Ej\u00e9rcito que se retir\u00f3 en el grado de teniente, desde ese entonces estuvo ligado a diferentes partidos pol\u00edticos como Acci\u00f3n Democr\u00e1tica Nacionalista (ADN), tienda pol\u00edtica con la que lleg\u00f3 a trabajar bastantes a\u00f1os en el Ministerio de Gobierno.<br \/>\nRefiri\u00f3 que cuando Fernando L\u00f3pez asumi\u00f3 el cargo, contrat\u00f3 a algunos de sus compa\u00f1eros de promoci\u00f3n del Ej\u00e9rcito, entre ellos M. R., quien trabaj\u00f3 en funci\u00f3n importante, empero fue desvinculado por algunas irregularidades que le descubrieron.<\/p>\n<p>COMPRA<br \/>\nGary Prado manifest\u00f3 que el proceso de compra del material no letal inici\u00f3 en el gobierno de Evo Morales y se adjudic\u00f3 a una empresa representante de la f\u00e1brica C\u00f3ndor, ese proceso fue impugnado por uno de los perdedores. Posteriormente, se dio la renuncia de Morales y asume el cargo de Ministro de Gobierno Arturo Murillo, a quien le informan de la necesidad de la Polic\u00eda de adquirir material no letal y la autoridad decide que se haga un nuevo proceso de compra.<br \/>\nEl proceso anterior se hab\u00eda adjudicado por una cifra cercana a 40 millones de bolivianos, por la misma cantidad de gas (lacrim\u00f3geno), \u201co sea era m\u00e1s plata de la que se pag\u00f3 en la adquisici\u00f3n nueva\u201d.<br \/>\n\u201cMurillo ve que no hay forma que se haga una compra por excepci\u00f3n, una importaci\u00f3n directa del material por su ministerio, ya que la ley faculta solo al Ministerio de Defensa, por eso hace generar un Decreto Supremo en diciembre del a\u00f1o 2019, mediante el cual se autoriza al Ministerio de Defensa, comprar para la Polic\u00eda esos equipos de gases lacrim\u00f3genos\u201d.<br \/>\nEse Decreto Supremo (DS) llega al Ministerio de Defensa y los abogados dijeron que eso no pod\u00eda aplicarse porque ellos no pod\u00edan hacer compras para otra entidad p\u00fablica, por lo que el DS fue derogado.<br \/>\nPosteriormente, se genera otro DS en el que se resuelve que el Ministerio de Gobierno traspase esos recursos que ten\u00eda presupuestado a Defensa para la compra. Toda la documentaci\u00f3n que hab\u00eda avanzado Murillo en el Ministerio de Gobierno para la compra, se la pasa a Defensa, all\u00ed ya estaba la cotizaci\u00f3n de la empresa Bravo Tactical Solutions LLC de la familia Berkman.<br \/>\nCon ese material remitido por Murillo se inicia el proceso de compra, Fernando L\u00f3pez emite una Resoluci\u00f3n Ministerial de acuerdo al DS para cumplir un procedimiento de adquisici\u00f3n en el extranjero.<br \/>\n\u201cUna vez que compran, cuando est\u00e1n haciendo las averiguaciones, ninguna empresa quiere proveer el plazo en el que se refer\u00eda, como 30 d\u00edas. De los proveedores usuales nadie quer\u00eda proveer porque no hab\u00eda condiciones, y el argumento era que las f\u00e1bricas que produc\u00edan no ten\u00edan material\u201d, explic\u00f3 Prado.<br \/>\n\u201cEstamos hablando de fin de a\u00f1o de 2019, Brasil que tiene una f\u00e1brica importante, que ha sido el proveedor recurrente del Estado boliviano, no ten\u00eda material estaba entrando de vacaciones, hab\u00eda terminado su stock con Ecuador porque hab\u00edan protestas, para Per\u00fa y Chile donde hab\u00eda un alboroto total, entonces ya no ten\u00edan material\u201d, prosigui\u00f3.<br \/>\nPosteriormente, la empresa C\u00f3ndor de Brasil mand\u00f3 al Ministerio de Defensa una nota aclarando que su \u00fanico representante en Bolivia es Bravo Tactical Solutions LLC, la empresa de Brayan Berkman.<br \/>\n\u201cSe dirige desde el Ministerio de Gobierno la compra a Bravo Tactical Solutions LLC, pero esto se apoya en el plazo que se otorgaba para la venta por excepci\u00f3n al Estado y nadie m\u00e1s pod\u00eda proveer, ah\u00ed se hace la compra\u201d, aclar\u00f3.<br \/>\nManifest\u00f3 que inicialmente se intenta pagar el anticipo sobre el primer embarque del armamento a trav\u00e9s de una transferencia del Banco Central de Bolivia a la cuenta de Berkman y la rechazan, por lo que se modifica el contrato para que el pago se haga por transferencia bancaria directa.<br \/>\nLo que hace Defensa es cumplir un DS y los funcionarios cumplieron los requisitos de una Resoluci\u00f3n Ministerial para una compra en el extranjero.<br \/>\nAclar\u00f3 que el contrato que firm\u00f3 L\u00f3pez para la adquisici\u00f3n de material no letal es legal y que el Ministerio de Gobierno y la Polic\u00eda fueron las instancias que elaboraron un requerimiento de cantidad de material con precios referenciales, con los cuales se guiaron para las compras.<br \/>\n\u201cDefensa nunca compr\u00f3 este tipo de material, por lo tanto si de Gobierno pasan a Defensa una primera cotizaci\u00f3n y logran un precio menor, \u00bfse va a pensar que hay negociado?, no tiene por qu\u00e9 pensarlo, porque incluso est\u00e1n rebajados los precios. Hacen su compra y remiten el proceso a todos los elementos que la Resoluci\u00f3n Ministerial hab\u00eda establecido, todo se sigue tal cual y el ministro firma el contrato porque no hay nada irregular, no hay cotizaciones truchas, la empresa no era irregular, es m\u00e1s por ser una empresa norteamericana es que el FBI hizo esta investigaci\u00f3n\u201d, aclar\u00f3.<br \/>\nApunt\u00f3 que cuando se hizo p\u00fablica la investigaci\u00f3n del FBI los funcionarios de Defensa se dieron cuenta que los utilizaron y les hicieron hacer un proceso de compra en el que los \u2018urgieron\u2019 los presionaron porque supuestamente la Polic\u00eda no ten\u00eda ni un solo gas ni siquiera para dividir a las barras de Oriente con Bloomig, si entraban en una gresca, porque todo se hab\u00eda acabado en octubre y noviembre, es m\u00e1s hay informaci\u00f3n de que el gobierno se prest\u00f3 gases del gobierno ecuatoriano\u201d.<\/p>\n","protected":false},"excerpt":{"rendered":"<p>Ante el informe del Bur\u00f3 Federal de Investigaciones (FBI), por su sigla en ingl\u00e9s, y las detenciones de Arturo Murillo, Rodrigo M\u00e9ndez y otros, en Estados Unidos, el abogado Gary Prado, parte del patrocinio del exministro de Defensa, Fernando L\u00f3pez, asegur\u00f3 a EL DIARIO que las investigaciones en el pa\u00eds del norte no llegan a [&hellip;]<\/p>\n","protected":false},"author":1,"featured_media":6861,"comment_status":"closed","ping_status":"closed","sticky":false,"template":"","format":"standard","meta":{"_acf_changed":false,"footnotes":""},"categories":[39],"tags":[],"class_list":["post-6859","post","type-post","status-publish","format-standard","has-post-thumbnail","category-sociedad"],"acf":{"antetitulo":""},"yoast_head":"<!-- This site is optimized with the Yoast SEO plugin v28.3 - https:\/\/yoast.com\/product\/yoast-seo-wordpress\/ -->\n<title>\u201cL\u00f3pez no est\u00e1 implicado en investigaci\u00f3n del FBI\u201d - El Diario - Bolivia<\/title>\n<meta name=\"robots\" content=\"index, follow, max-snippet:-1, max-image-preview:large, max-video-preview:-1\" \/>\n<link rel=\"canonical\" href=\"https:\/\/www.eldiario.net\/portal\/2021\/05\/28\/lopez-no-esta-implicado-en-investigacion-del-fbi\/\" \/>\n<meta property=\"og:locale\" content=\"es_ES\" \/>\n<meta property=\"og:type\" content=\"article\" \/>\n<meta property=\"og:title\" content=\"\u201cL\u00f3pez no est\u00e1 implicado en investigaci\u00f3n del FBI\u201d - El Diario - Bolivia\" \/>\n<meta property=\"og:description\" content=\"Ante el informe del Bur\u00f3 Federal de Investigaciones (FBI), por su sigla en ingl\u00e9s, y las detenciones de Arturo Murillo, Rodrigo M\u00e9ndez y otros, en Estados Unidos, el abogado Gary Prado, parte del patrocinio del exministro de Defensa, Fernando L\u00f3pez, asegur\u00f3 a EL DIARIO que las investigaciones en el pa\u00eds del norte no llegan a [&hellip;]\" \/>\n<meta property=\"og:url\" content=\"https:\/\/www.eldiario.net\/portal\/2021\/05\/28\/lopez-no-esta-implicado-en-investigacion-del-fbi\/\" \/>\n<meta property=\"og:site_name\" content=\"El Diario - Bolivia\" \/>\n<meta property=\"article:publisher\" content=\"https:\/\/www.facebook.com\/eldiario.bolivia\/\" \/>\n<meta property=\"article:published_time\" content=\"2021-05-28T10:32:07+00:00\" \/>\n<meta property=\"og:image\" content=\"https:\/\/www.eldiario.net\/portal\/wp-content\/uploads\/2021\/05\/Lopez.jpg\" \/>\n\t<meta property=\"og:image:width\" content=\"800\" \/>\n\t<meta property=\"og:image:height\" content=\"480\" \/>\n\t<meta property=\"og:image:type\" content=\"image\/jpeg\" \/>\n<meta name=\"author\" content=\"Jeanette\" \/>\n<meta name=\"twitter:card\" content=\"summary_large_image\" \/>\n<meta name=\"twitter:creator\" content=\"@eldiario_net\" \/>\n<meta name=\"twitter:site\" content=\"@eldiario_net\" \/>\n<meta name=\"twitter:label1\" content=\"Escrito por\" \/>\n\t<meta name=\"twitter:data1\" content=\"Jeanette\" \/>\n\t<meta name=\"twitter:label2\" content=\"Tiempo de lectura\" \/>\n\t<meta name=\"twitter:data2\" content=\"7 minutos\" \/>\n<script type=\"application\/ld+json\" class=\"yoast-schema-graph\">{\"@context\":\"https:\\\/\\\/schema.org\",\"@graph\":[{\"@type\":\"Article\",\"@id\":\"https:\\\/\\\/www.eldiario.net\\\/portal\\\/2021\\\/05\\\/28\\\/lopez-no-esta-implicado-en-investigacion-del-fbi\\\/#article\",\"isPartOf\":{\"@id\":\"https:\\\/\\\/www.eldiario.net\\\/portal\\\/2021\\\/05\\\/28\\\/lopez-no-esta-implicado-en-investigacion-del-fbi\\\/\"},\"author\":{\"name\":\"Jeanette\",\"@id\":\"https:\\\/\\\/www.eldiario.net\\\/portal\\\/#\\\/schema\\\/person\\\/f46445640444750d7d753ccd04ae01b7\"},\"headline\":\"\u201cL\u00f3pez no est\u00e1 implicado en investigaci\u00f3n del FBI\u201d\",\"datePublished\":\"2021-05-28T10:32:07+00:00\",\"mainEntityOfPage\":{\"@id\":\"https:\\\/\\\/www.eldiario.net\\\/portal\\\/2021\\\/05\\\/28\\\/lopez-no-esta-implicado-en-investigacion-del-fbi\\\/\"},\"wordCount\":1461,\"publisher\":{\"@id\":\"https:\\\/\\\/www.eldiario.net\\\/portal\\\/#organization\"},\"image\":{\"@id\":\"https:\\\/\\\/www.eldiario.net\\\/portal\\\/2021\\\/05\\\/28\\\/lopez-no-esta-implicado-en-investigacion-del-fbi\\\/#primaryimage\"},\"thumbnailUrl\":\"https:\\\/\\\/www.eldiario.net\\\/portal\\\/wp-content\\\/uploads\\\/2021\\\/05\\\/Lopez.jpg\",\"articleSection\":[\"Sociedad - Seguridad\"],\"inLanguage\":\"es\"},{\"@type\":\"WebPage\",\"@id\":\"https:\\\/\\\/www.eldiario.net\\\/portal\\\/2021\\\/05\\\/28\\\/lopez-no-esta-implicado-en-investigacion-del-fbi\\\/\",\"url\":\"https:\\\/\\\/www.eldiario.net\\\/portal\\\/2021\\\/05\\\/28\\\/lopez-no-esta-implicado-en-investigacion-del-fbi\\\/\",\"name\":\"\u201cL\u00f3pez no est\u00e1 implicado en investigaci\u00f3n del FBI\u201d - El Diario - Bolivia\",\"isPartOf\":{\"@id\":\"https:\\\/\\\/www.eldiario.net\\\/portal\\\/#website\"},\"primaryImageOfPage\":{\"@id\":\"https:\\\/\\\/www.eldiario.net\\\/portal\\\/2021\\\/05\\\/28\\\/lopez-no-esta-implicado-en-investigacion-del-fbi\\\/#primaryimage\"},\"image\":{\"@id\":\"https:\\\/\\\/www.eldiario.net\\\/portal\\\/2021\\\/05\\\/28\\\/lopez-no-esta-implicado-en-investigacion-del-fbi\\\/#primaryimage\"},\"thumbnailUrl\":\"https:\\\/\\\/www.eldiario.net\\\/portal\\\/wp-content\\\/uploads\\\/2021\\\/05\\\/Lopez.jpg\",\"datePublished\":\"2021-05-28T10:32:07+00:00\",\"breadcrumb\":{\"@id\":\"https:\\\/\\\/www.eldiario.net\\\/portal\\\/2021\\\/05\\\/28\\\/lopez-no-esta-implicado-en-investigacion-del-fbi\\\/#breadcrumb\"},\"inLanguage\":\"es\",\"potentialAction\":[{\"@type\":\"ReadAction\",\"target\":[\"https:\\\/\\\/www.eldiario.net\\\/portal\\\/2021\\\/05\\\/28\\\/lopez-no-esta-implicado-en-investigacion-del-fbi\\\/\"]}]},{\"@type\":\"ImageObject\",\"inLanguage\":\"es\",\"@id\":\"https:\\\/\\\/www.eldiario.net\\\/portal\\\/2021\\\/05\\\/28\\\/lopez-no-esta-implicado-en-investigacion-del-fbi\\\/#primaryimage\",\"url\":\"https:\\\/\\\/www.eldiario.net\\\/portal\\\/wp-content\\\/uploads\\\/2021\\\/05\\\/Lopez.jpg\",\"contentUrl\":\"https:\\\/\\\/www.eldiario.net\\\/portal\\\/wp-content\\\/uploads\\\/2021\\\/05\\\/Lopez.jpg\",\"width\":800,\"height\":480},{\"@type\":\"BreadcrumbList\",\"@id\":\"https:\\\/\\\/www.eldiario.net\\\/portal\\\/2021\\\/05\\\/28\\\/lopez-no-esta-implicado-en-investigacion-del-fbi\\\/#breadcrumb\",\"itemListElement\":[{\"@type\":\"ListItem\",\"position\":1,\"name\":\"Portada\",\"item\":\"https:\\\/\\\/www.eldiario.net\\\/portal\\\/\"},{\"@type\":\"ListItem\",\"position\":2,\"name\":\"\u201cL\u00f3pez no est\u00e1 implicado en investigaci\u00f3n del FBI\u201d\"}]},{\"@type\":\"WebSite\",\"@id\":\"https:\\\/\\\/www.eldiario.net\\\/portal\\\/#website\",\"url\":\"https:\\\/\\\/www.eldiario.net\\\/portal\\\/\",\"name\":\"El Diario - Decano de la prensa nacional\",\"description\":\"El Diario - Decano de la prensa nacional\",\"publisher\":{\"@id\":\"https:\\\/\\\/www.eldiario.net\\\/portal\\\/#organization\"},\"potentialAction\":[{\"@type\":\"SearchAction\",\"target\":{\"@type\":\"EntryPoint\",\"urlTemplate\":\"https:\\\/\\\/www.eldiario.net\\\/portal\\\/?s={search_term_string}\"},\"query-input\":{\"@type\":\"PropertyValueSpecification\",\"valueRequired\":true,\"valueName\":\"search_term_string\"}}],\"inLanguage\":\"es\"},{\"@type\":\"Organization\",\"@id\":\"https:\\\/\\\/www.eldiario.net\\\/portal\\\/#organization\",\"name\":\"El Diario - Decano de la prensa nacional\",\"url\":\"https:\\\/\\\/www.eldiario.net\\\/portal\\\/\",\"logo\":{\"@type\":\"ImageObject\",\"inLanguage\":\"es\",\"@id\":\"https:\\\/\\\/www.eldiario.net\\\/portal\\\/#\\\/schema\\\/logo\\\/image\\\/\",\"url\":\"https:\\\/\\\/www.eldiario.net\\\/portal\\\/wp-content\\\/uploads\\\/2023\\\/07\\\/logo_ED.jpg\",\"contentUrl\":\"https:\\\/\\\/www.eldiario.net\\\/portal\\\/wp-content\\\/uploads\\\/2023\\\/07\\\/logo_ED.jpg\",\"width\":272,\"height\":52,\"caption\":\"El Diario - Decano de la prensa nacional\"},\"image\":{\"@id\":\"https:\\\/\\\/www.eldiario.net\\\/portal\\\/#\\\/schema\\\/logo\\\/image\\\/\"},\"sameAs\":[\"https:\\\/\\\/www.facebook.com\\\/eldiario.bolivia\\\/\",\"https:\\\/\\\/x.com\\\/eldiario_net\"]},{\"@type\":\"Person\",\"@id\":\"https:\\\/\\\/www.eldiario.net\\\/portal\\\/#\\\/schema\\\/person\\\/f46445640444750d7d753ccd04ae01b7\",\"name\":\"Jeanette\",\"image\":{\"@type\":\"ImageObject\",\"inLanguage\":\"es\",\"@id\":\"https:\\\/\\\/secure.gravatar.com\\\/avatar\\\/3ea2118a5f7dad2b7138b1187a6b7ee55f160b9968b66013c3a3ef39dd7e5798?s=96&d=mm&r=g\",\"url\":\"https:\\\/\\\/secure.gravatar.com\\\/avatar\\\/3ea2118a5f7dad2b7138b1187a6b7ee55f160b9968b66013c3a3ef39dd7e5798?s=96&d=mm&r=g\",\"contentUrl\":\"https:\\\/\\\/secure.gravatar.com\\\/avatar\\\/3ea2118a5f7dad2b7138b1187a6b7ee55f160b9968b66013c3a3ef39dd7e5798?s=96&d=mm&r=g\",\"caption\":\"Jeanette\"},\"sameAs\":[\"https:\\\/\\\/www.eldiario.net\\\/portal\"],\"url\":\"https:\\\/\\\/www.eldiario.net\\\/portal\\\/author\\\/jeanette\\\/\"}]}<\/script>\n<!-- \/ Yoast SEO plugin. -->","yoast_head_json":{"title":"\u201cL\u00f3pez no est\u00e1 implicado en investigaci\u00f3n del FBI\u201d - El Diario - Bolivia","robots":{"index":"index","follow":"follow","max-snippet":"max-snippet:-1","max-image-preview":"max-image-preview:large","max-video-preview":"max-video-preview:-1"},"canonical":"https:\/\/www.eldiario.net\/portal\/2021\/05\/28\/lopez-no-esta-implicado-en-investigacion-del-fbi\/","og_locale":"es_ES","og_type":"article","og_title":"\u201cL\u00f3pez no est\u00e1 implicado en investigaci\u00f3n del FBI\u201d - El Diario - Bolivia","og_description":"Ante el informe del Bur\u00f3 Federal de Investigaciones (FBI), por su sigla en ingl\u00e9s, y las detenciones de Arturo Murillo, Rodrigo M\u00e9ndez y otros, en Estados Unidos, el abogado Gary Prado, parte del patrocinio del exministro de Defensa, Fernando L\u00f3pez, asegur\u00f3 a EL DIARIO que las investigaciones en el pa\u00eds del norte no llegan a [&hellip;]","og_url":"https:\/\/www.eldiario.net\/portal\/2021\/05\/28\/lopez-no-esta-implicado-en-investigacion-del-fbi\/","og_site_name":"El Diario - Bolivia","article_publisher":"https:\/\/www.facebook.com\/eldiario.bolivia\/","article_published_time":"2021-05-28T10:32:07+00:00","og_image":[{"width":800,"height":480,"url":"https:\/\/www.eldiario.net\/portal\/wp-content\/uploads\/2021\/05\/Lopez.jpg","type":"image\/jpeg"}],"author":"Jeanette","twitter_card":"summary_large_image","twitter_creator":"@eldiario_net","twitter_site":"@eldiario_net","twitter_misc":{"Escrito por":"Jeanette","Tiempo de lectura":"7 minutos"},"schema":{"@context":"https:\/\/schema.org","@graph":[{"@type":"Article","@id":"https:\/\/www.eldiario.net\/portal\/2021\/05\/28\/lopez-no-esta-implicado-en-investigacion-del-fbi\/#article","isPartOf":{"@id":"https:\/\/www.eldiario.net\/portal\/2021\/05\/28\/lopez-no-esta-implicado-en-investigacion-del-fbi\/"},"author":{"name":"Jeanette","@id":"https:\/\/www.eldiario.net\/portal\/#\/schema\/person\/f46445640444750d7d753ccd04ae01b7"},"headline":"\u201cL\u00f3pez no est\u00e1 implicado en investigaci\u00f3n del FBI\u201d","datePublished":"2021-05-28T10:32:07+00:00","mainEntityOfPage":{"@id":"https:\/\/www.eldiario.net\/portal\/2021\/05\/28\/lopez-no-esta-implicado-en-investigacion-del-fbi\/"},"wordCount":1461,"publisher":{"@id":"https:\/\/www.eldiario.net\/portal\/#organization"},"image":{"@id":"https:\/\/www.eldiario.net\/portal\/2021\/05\/28\/lopez-no-esta-implicado-en-investigacion-del-fbi\/#primaryimage"},"thumbnailUrl":"https:\/\/www.eldiario.net\/portal\/wp-content\/uploads\/2021\/05\/Lopez.jpg","articleSection":["Sociedad - Seguridad"],"inLanguage":"es"},{"@type":"WebPage","@id":"https:\/\/www.eldiario.net\/portal\/2021\/05\/28\/lopez-no-esta-implicado-en-investigacion-del-fbi\/","url":"https:\/\/www.eldiario.net\/portal\/2021\/05\/28\/lopez-no-esta-implicado-en-investigacion-del-fbi\/","name":"\u201cL\u00f3pez no est\u00e1 implicado en investigaci\u00f3n del FBI\u201d - El Diario - Bolivia","isPartOf":{"@id":"https:\/\/www.eldiario.net\/portal\/#website"},"primaryImageOfPage":{"@id":"https:\/\/www.eldiario.net\/portal\/2021\/05\/28\/lopez-no-esta-implicado-en-investigacion-del-fbi\/#primaryimage"},"image":{"@id":"https:\/\/www.eldiario.net\/portal\/2021\/05\/28\/lopez-no-esta-implicado-en-investigacion-del-fbi\/#primaryimage"},"thumbnailUrl":"https:\/\/www.eldiario.net\/portal\/wp-content\/uploads\/2021\/05\/Lopez.jpg","datePublished":"2021-05-28T10:32:07+00:00","breadcrumb":{"@id":"https:\/\/www.eldiario.net\/portal\/2021\/05\/28\/lopez-no-esta-implicado-en-investigacion-del-fbi\/#breadcrumb"},"inLanguage":"es","potentialAction":[{"@type":"ReadAction","target":["https:\/\/www.eldiario.net\/portal\/2021\/05\/28\/lopez-no-esta-implicado-en-investigacion-del-fbi\/"]}]},{"@type":"ImageObject","inLanguage":"es","@id":"https:\/\/www.eldiario.net\/portal\/2021\/05\/28\/lopez-no-esta-implicado-en-investigacion-del-fbi\/#primaryimage","url":"https:\/\/www.eldiario.net\/portal\/wp-content\/uploads\/2021\/05\/Lopez.jpg","contentUrl":"https:\/\/www.eldiario.net\/portal\/wp-content\/uploads\/2021\/05\/Lopez.jpg","width":800,"height":480},{"@type":"BreadcrumbList","@id":"https:\/\/www.eldiario.net\/portal\/2021\/05\/28\/lopez-no-esta-implicado-en-investigacion-del-fbi\/#breadcrumb","itemListElement":[{"@type":"ListItem","position":1,"name":"Portada","item":"https:\/\/www.eldiario.net\/portal\/"},{"@type":"ListItem","position":2,"name":"\u201cL\u00f3pez no est\u00e1 implicado en investigaci\u00f3n del FBI\u201d"}]},{"@type":"WebSite","@id":"https:\/\/www.eldiario.net\/portal\/#website","url":"https:\/\/www.eldiario.net\/portal\/","name":"El Diario - Decano de la prensa nacional","description":"El Diario - Decano de la prensa nacional","publisher":{"@id":"https:\/\/www.eldiario.net\/portal\/#organization"},"potentialAction":[{"@type":"SearchAction","target":{"@type":"EntryPoint","urlTemplate":"https:\/\/www.eldiario.net\/portal\/?s={search_term_string}"},"query-input":{"@type":"PropertyValueSpecification","valueRequired":true,"valueName":"search_term_string"}}],"inLanguage":"es"},{"@type":"Organization","@id":"https:\/\/www.eldiario.net\/portal\/#organization","name":"El Diario - Decano de la prensa nacional","url":"https:\/\/www.eldiario.net\/portal\/","logo":{"@type":"ImageObject","inLanguage":"es","@id":"https:\/\/www.eldiario.net\/portal\/#\/schema\/logo\/image\/","url":"https:\/\/www.eldiario.net\/portal\/wp-content\/uploads\/2023\/07\/logo_ED.jpg","contentUrl":"https:\/\/www.eldiario.net\/portal\/wp-content\/uploads\/2023\/07\/logo_ED.jpg","width":272,"height":52,"caption":"El Diario - Decano de la prensa nacional"},"image":{"@id":"https:\/\/www.eldiario.net\/portal\/#\/schema\/logo\/image\/"},"sameAs":["https:\/\/www.facebook.com\/eldiario.bolivia\/","https:\/\/x.com\/eldiario_net"]},{"@type":"Person","@id":"https:\/\/www.eldiario.net\/portal\/#\/schema\/person\/f46445640444750d7d753ccd04ae01b7","name":"Jeanette","image":{"@type":"ImageObject","inLanguage":"es","@id":"https:\/\/secure.gravatar.com\/avatar\/3ea2118a5f7dad2b7138b1187a6b7ee55f160b9968b66013c3a3ef39dd7e5798?s=96&d=mm&r=g","url":"https:\/\/secure.gravatar.com\/avatar\/3ea2118a5f7dad2b7138b1187a6b7ee55f160b9968b66013c3a3ef39dd7e5798?s=96&d=mm&r=g","contentUrl":"https:\/\/secure.gravatar.com\/avatar\/3ea2118a5f7dad2b7138b1187a6b7ee55f160b9968b66013c3a3ef39dd7e5798?s=96&d=mm&r=g","caption":"Jeanette"},"sameAs":["https:\/\/www.eldiario.net\/portal"],"url":"https:\/\/www.eldiario.net\/portal\/author\/jeanette\/"}]}},"_links":{"self":[{"href":"https:\/\/www.eldiario.net\/portal\/wp-json\/wp\/v2\/posts\/6859","targetHints":{"allow":["GET"]}}],"collection":[{"href":"https:\/\/www.eldiario.net\/portal\/wp-json\/wp\/v2\/posts"}],"about":[{"href":"https:\/\/www.eldiario.net\/portal\/wp-json\/wp\/v2\/types\/post"}],"author":[{"embeddable":true,"href":"https:\/\/www.eldiario.net\/portal\/wp-json\/wp\/v2\/users\/1"}],"replies":[{"embeddable":true,"href":"https:\/\/www.eldiario.net\/portal\/wp-json\/wp\/v2\/comments?post=6859"}],"version-history":[{"count":0,"href":"https:\/\/www.eldiario.net\/portal\/wp-json\/wp\/v2\/posts\/6859\/revisions"}],"wp:featuredmedia":[{"embeddable":true,"href":"https:\/\/www.eldiario.net\/portal\/wp-json\/wp\/v2\/media\/6861"}],"wp:attachment":[{"href":"https:\/\/www.eldiario.net\/portal\/wp-json\/wp\/v2\/media?parent=6859"}],"wp:term":[{"taxonomy":"category","embeddable":true,"href":"https:\/\/www.eldiario.net\/portal\/wp-json\/wp\/v2\/categories?post=6859"},{"taxonomy":"post_tag","embeddable":true,"href":"https:\/\/www.eldiario.net\/portal\/wp-json\/wp\/v2\/tags?post=6859"}],"curies":[{"name":"wp","href":"https:\/\/api.w.org\/{rel}","templated":true}]}}