{"id":6856,"date":"2021-05-28T06:27:15","date_gmt":"2021-05-28T10:27:15","guid":{"rendered":"https:\/\/www.eldiario.net\/portal\/?p=6856"},"modified":"2021-05-28T06:27:15","modified_gmt":"2021-05-28T10:27:15","slug":"tres-personas-aprehendidas-por-caso-gases-lacrimogenos","status":"publish","type":"post","link":"https:\/\/www.eldiario.net\/portal\/2021\/05\/28\/tres-personas-aprehendidas-por-caso-gases-lacrimogenos\/","title":{"rendered":"Tres personas aprehendidas por caso gases lacrim\u00f3genos"},"content":{"rendered":"<p>Dentro las investigaciones por corrupci\u00f3n en la compra de material no letal para la Polic\u00eda Boliviana, la Fuerza Especial de Lucha Contra el Crimen (Felcc) aprehendi\u00f3 a tres personas, entre ellas el excu\u00f1ado del exministro Arturo Murillo, su exedec\u00e1n y el capit\u00e1n Ivar G. quien deposit\u00f3 Bs 100.000 a la cuenta de la exautoridad.<br \/>\nPreliminarmente, se inform\u00f3 que el dep\u00f3sito de los Bs 100.000 por el cual se vincula al tercer aprehendido en el pa\u00eds, Ivar G., se realiz\u00f3 por \u00f3rdenes de Daniel B., entonces edec\u00e1n del entonces exministro de Gobierno, Arturo Murillo.<br \/>\nEl ministro de Gobierno, Eduardo del Castillo, advirti\u00f3 que las investigaciones acerca de este caso de corrupci\u00f3n es mucho m\u00e1s amplia y estar\u00edan involucradas m\u00e1s personas, las que deber\u00e1n informar a las autoridades a cargo del caso.<br \/>\n\u201cHay una serie de elementos y personas que estar\u00edan involucradas, como lo venimos diciendo, el se\u00f1or Arturo Murillo no era una persona que no actuaba sola (\u2026). Estamos teniendo los canales de cooperaci\u00f3n correspondientes entre ambas administraciones de justicia (Bolivia y EEUU) estamos haciendo los seguimientos correspondientes\u201d declar\u00f3 Del Castillo en entrevista con el programa Asuntos Centrales.<br \/>\nSeg\u00fan explic\u00f3 el Ministro de Gobierno, los oficiales de Polic\u00eda capturados no supieron explicar el dep\u00f3sito del dinero ni de d\u00f3nde provinieron, lo que da curso a la figura de ganancias il\u00edcitas.<br \/>\nEn este contexto, la autoridad de Gobierno advirti\u00f3 que las investigaciones por este caso podr\u00edan alcanzar a la expresidenta Jeanine A\u00f1ez, a partir del uso de cuentas del Banco Central de Bolivia (BCB), cuya autorizaci\u00f3n son, necesariamente, de conocimiento del Presidente del Estado.<br \/>\nA decir la autoridad, Murillo es el responsable de un grupo de corrupci\u00f3n que operaba dentro del Ministerio de Gobierno que compr\u00f3 equipamiento no letal con un sobreprecio de cerca de $us 2,3 millones.<br \/>\nCon relaci\u00f3n a la situaci\u00f3n del exministro de Defensa, Fernando L\u00f3pez, de quien se supo extraoficialmente se encuentra en Brasil, asegur\u00f3 su implicaci\u00f3n en el hecho y cuya extradici\u00f3n tambi\u00e9n ser\u00e1 solicitada dentro las investigaciones.<\/p>\n<p>ALLANAMIENTOS<br \/>\nEn tanto, el fiscal general, Juan Lanchipa, inform\u00f3 sobre el despliegue de varios operativos de allanamiento a inmuebles de los investigados as\u00ed como visitas a entidades bancarias para establecer el retiro irregular de dinero por parte de Daniel A. excu\u00f1ado de Murillo.<br \/>\nLa autoridad del Ministerio P\u00fablico, asimismo, inform\u00f3 sobre la activaci\u00f3n de nueve procesos en contra del exministro de Gobierno, Arturo Murillo, que tienen que ver con delitos relacionados a uso de instrumento falsificado, falsedad material, falsedad ideol\u00f3gica, uso indebido de influencias, incumplimiento de deberes, uso indebido de influencias, resoluciones contrarias a la constituci\u00f3n y a las leyes, legitimaci\u00f3n de ganancias il\u00edcitas, entre otros.<\/p>\n","protected":false},"excerpt":{"rendered":"<p>Dentro las investigaciones por corrupci\u00f3n en la compra de material no letal para la Polic\u00eda Boliviana, la Fuerza Especial de Lucha Contra el Crimen (Felcc) aprehendi\u00f3 a tres personas, entre ellas el excu\u00f1ado del exministro Arturo Murillo, su exedec\u00e1n y el capit\u00e1n Ivar G. quien deposit\u00f3 Bs 100.000 a la cuenta de la exautoridad. Preliminarmente, [&hellip;]<\/p>\n","protected":false},"author":1,"featured_media":6857,"comment_status":"closed","ping_status":"closed","sticky":false,"template":"","format":"standard","meta":{"_acf_changed":false,"footnotes":""},"categories":[39],"tags":[],"class_list":["post-6856","post","type-post","status-publish","format-standard","has-post-thumbnail","category-sociedad"],"acf":{"antetitulo":""},"yoast_head":"<!-- This site is optimized with the Yoast SEO plugin v28.3 - https:\/\/yoast.com\/product\/yoast-seo-wordpress\/ -->\n<title>Tres personas aprehendidas por caso gases lacrim\u00f3genos - El Diario - Bolivia<\/title>\n<meta name=\"robots\" content=\"index, follow, max-snippet:-1, max-image-preview:large, max-video-preview:-1\" \/>\n<link rel=\"canonical\" href=\"https:\/\/www.eldiario.net\/portal\/2021\/05\/28\/tres-personas-aprehendidas-por-caso-gases-lacrimogenos\/\" \/>\n<meta property=\"og:locale\" content=\"es_ES\" \/>\n<meta property=\"og:type\" content=\"article\" \/>\n<meta property=\"og:title\" content=\"Tres personas aprehendidas por caso gases lacrim\u00f3genos - El Diario - Bolivia\" \/>\n<meta property=\"og:description\" content=\"Dentro las investigaciones por corrupci\u00f3n en la compra de material no letal para la Polic\u00eda Boliviana, la Fuerza Especial de Lucha Contra el Crimen (Felcc) aprehendi\u00f3 a tres personas, entre ellas el excu\u00f1ado del exministro Arturo Murillo, su exedec\u00e1n y el capit\u00e1n Ivar G. quien deposit\u00f3 Bs 100.000 a la cuenta de la exautoridad. Preliminarmente, [&hellip;]\" \/>\n<meta property=\"og:url\" content=\"https:\/\/www.eldiario.net\/portal\/2021\/05\/28\/tres-personas-aprehendidas-por-caso-gases-lacrimogenos\/\" \/>\n<meta property=\"og:site_name\" content=\"El Diario - Bolivia\" \/>\n<meta property=\"article:publisher\" content=\"https:\/\/www.facebook.com\/eldiario.bolivia\/\" \/>\n<meta property=\"article:published_time\" content=\"2021-05-28T10:27:15+00:00\" \/>\n<meta name=\"author\" content=\"Jeanette\" \/>\n<meta name=\"twitter:card\" content=\"summary_large_image\" \/>\n<meta name=\"twitter:creator\" content=\"@eldiario_net\" \/>\n<meta name=\"twitter:site\" content=\"@eldiario_net\" \/>\n<meta name=\"twitter:label1\" content=\"Escrito por\" \/>\n\t<meta name=\"twitter:data1\" content=\"Jeanette\" \/>\n\t<meta name=\"twitter:label2\" content=\"Tiempo de lectura\" \/>\n\t<meta name=\"twitter:data2\" content=\"2 minutos\" \/>\n<script type=\"application\/ld+json\" class=\"yoast-schema-graph\">{\"@context\":\"https:\\\/\\\/schema.org\",\"@graph\":[{\"@type\":\"Article\",\"@id\":\"https:\\\/\\\/www.eldiario.net\\\/portal\\\/2021\\\/05\\\/28\\\/tres-personas-aprehendidas-por-caso-gases-lacrimogenos\\\/#article\",\"isPartOf\":{\"@id\":\"https:\\\/\\\/www.eldiario.net\\\/portal\\\/2021\\\/05\\\/28\\\/tres-personas-aprehendidas-por-caso-gases-lacrimogenos\\\/\"},\"author\":{\"name\":\"Jeanette\",\"@id\":\"https:\\\/\\\/www.eldiario.net\\\/portal\\\/#\\\/schema\\\/person\\\/f46445640444750d7d753ccd04ae01b7\"},\"headline\":\"Tres personas aprehendidas por caso gases lacrim\u00f3genos\",\"datePublished\":\"2021-05-28T10:27:15+00:00\",\"mainEntityOfPage\":{\"@id\":\"https:\\\/\\\/www.eldiario.net\\\/portal\\\/2021\\\/05\\\/28\\\/tres-personas-aprehendidas-por-caso-gases-lacrimogenos\\\/\"},\"wordCount\":479,\"publisher\":{\"@id\":\"https:\\\/\\\/www.eldiario.net\\\/portal\\\/#organization\"},\"image\":{\"@id\":\"https:\\\/\\\/www.eldiario.net\\\/portal\\\/2021\\\/05\\\/28\\\/tres-personas-aprehendidas-por-caso-gases-lacrimogenos\\\/#primaryimage\"},\"thumbnailUrl\":\"\",\"articleSection\":[\"Sociedad - Seguridad\"],\"inLanguage\":\"es\"},{\"@type\":\"WebPage\",\"@id\":\"https:\\\/\\\/www.eldiario.net\\\/portal\\\/2021\\\/05\\\/28\\\/tres-personas-aprehendidas-por-caso-gases-lacrimogenos\\\/\",\"url\":\"https:\\\/\\\/www.eldiario.net\\\/portal\\\/2021\\\/05\\\/28\\\/tres-personas-aprehendidas-por-caso-gases-lacrimogenos\\\/\",\"name\":\"Tres personas aprehendidas por caso gases lacrim\u00f3genos - El Diario - Bolivia\",\"isPartOf\":{\"@id\":\"https:\\\/\\\/www.eldiario.net\\\/portal\\\/#website\"},\"primaryImageOfPage\":{\"@id\":\"https:\\\/\\\/www.eldiario.net\\\/portal\\\/2021\\\/05\\\/28\\\/tres-personas-aprehendidas-por-caso-gases-lacrimogenos\\\/#primaryimage\"},\"image\":{\"@id\":\"https:\\\/\\\/www.eldiario.net\\\/portal\\\/2021\\\/05\\\/28\\\/tres-personas-aprehendidas-por-caso-gases-lacrimogenos\\\/#primaryimage\"},\"thumbnailUrl\":\"\",\"datePublished\":\"2021-05-28T10:27:15+00:00\",\"breadcrumb\":{\"@id\":\"https:\\\/\\\/www.eldiario.net\\\/portal\\\/2021\\\/05\\\/28\\\/tres-personas-aprehendidas-por-caso-gases-lacrimogenos\\\/#breadcrumb\"},\"inLanguage\":\"es\",\"potentialAction\":[{\"@type\":\"ReadAction\",\"target\":[\"https:\\\/\\\/www.eldiario.net\\\/portal\\\/2021\\\/05\\\/28\\\/tres-personas-aprehendidas-por-caso-gases-lacrimogenos\\\/\"]}]},{\"@type\":\"ImageObject\",\"inLanguage\":\"es\",\"@id\":\"https:\\\/\\\/www.eldiario.net\\\/portal\\\/2021\\\/05\\\/28\\\/tres-personas-aprehendidas-por-caso-gases-lacrimogenos\\\/#primaryimage\",\"url\":\"\",\"contentUrl\":\"\"},{\"@type\":\"BreadcrumbList\",\"@id\":\"https:\\\/\\\/www.eldiario.net\\\/portal\\\/2021\\\/05\\\/28\\\/tres-personas-aprehendidas-por-caso-gases-lacrimogenos\\\/#breadcrumb\",\"itemListElement\":[{\"@type\":\"ListItem\",\"position\":1,\"name\":\"Portada\",\"item\":\"https:\\\/\\\/www.eldiario.net\\\/portal\\\/\"},{\"@type\":\"ListItem\",\"position\":2,\"name\":\"Tres personas aprehendidas por caso gases lacrim\u00f3genos\"}]},{\"@type\":\"WebSite\",\"@id\":\"https:\\\/\\\/www.eldiario.net\\\/portal\\\/#website\",\"url\":\"https:\\\/\\\/www.eldiario.net\\\/portal\\\/\",\"name\":\"El Diario - Decano de la prensa nacional\",\"description\":\"El Diario - Decano de la prensa nacional\",\"publisher\":{\"@id\":\"https:\\\/\\\/www.eldiario.net\\\/portal\\\/#organization\"},\"potentialAction\":[{\"@type\":\"SearchAction\",\"target\":{\"@type\":\"EntryPoint\",\"urlTemplate\":\"https:\\\/\\\/www.eldiario.net\\\/portal\\\/?s={search_term_string}\"},\"query-input\":{\"@type\":\"PropertyValueSpecification\",\"valueRequired\":true,\"valueName\":\"search_term_string\"}}],\"inLanguage\":\"es\"},{\"@type\":\"Organization\",\"@id\":\"https:\\\/\\\/www.eldiario.net\\\/portal\\\/#organization\",\"name\":\"El Diario - Decano de la prensa nacional\",\"url\":\"https:\\\/\\\/www.eldiario.net\\\/portal\\\/\",\"logo\":{\"@type\":\"ImageObject\",\"inLanguage\":\"es\",\"@id\":\"https:\\\/\\\/www.eldiario.net\\\/portal\\\/#\\\/schema\\\/logo\\\/image\\\/\",\"url\":\"https:\\\/\\\/www.eldiario.net\\\/portal\\\/wp-content\\\/uploads\\\/2023\\\/07\\\/logo_ED.jpg\",\"contentUrl\":\"https:\\\/\\\/www.eldiario.net\\\/portal\\\/wp-content\\\/uploads\\\/2023\\\/07\\\/logo_ED.jpg\",\"width\":272,\"height\":52,\"caption\":\"El Diario - Decano de la prensa nacional\"},\"image\":{\"@id\":\"https:\\\/\\\/www.eldiario.net\\\/portal\\\/#\\\/schema\\\/logo\\\/image\\\/\"},\"sameAs\":[\"https:\\\/\\\/www.facebook.com\\\/eldiario.bolivia\\\/\",\"https:\\\/\\\/x.com\\\/eldiario_net\"]},{\"@type\":\"Person\",\"@id\":\"https:\\\/\\\/www.eldiario.net\\\/portal\\\/#\\\/schema\\\/person\\\/f46445640444750d7d753ccd04ae01b7\",\"name\":\"Jeanette\",\"image\":{\"@type\":\"ImageObject\",\"inLanguage\":\"es\",\"@id\":\"https:\\\/\\\/secure.gravatar.com\\\/avatar\\\/3ea2118a5f7dad2b7138b1187a6b7ee55f160b9968b66013c3a3ef39dd7e5798?s=96&d=mm&r=g\",\"url\":\"https:\\\/\\\/secure.gravatar.com\\\/avatar\\\/3ea2118a5f7dad2b7138b1187a6b7ee55f160b9968b66013c3a3ef39dd7e5798?s=96&d=mm&r=g\",\"contentUrl\":\"https:\\\/\\\/secure.gravatar.com\\\/avatar\\\/3ea2118a5f7dad2b7138b1187a6b7ee55f160b9968b66013c3a3ef39dd7e5798?s=96&d=mm&r=g\",\"caption\":\"Jeanette\"},\"sameAs\":[\"https:\\\/\\\/www.eldiario.net\\\/portal\"],\"url\":\"https:\\\/\\\/www.eldiario.net\\\/portal\\\/author\\\/jeanette\\\/\"}]}<\/script>\n<!-- \/ Yoast SEO plugin. -->","yoast_head_json":{"title":"Tres personas aprehendidas por caso gases lacrim\u00f3genos - El Diario - Bolivia","robots":{"index":"index","follow":"follow","max-snippet":"max-snippet:-1","max-image-preview":"max-image-preview:large","max-video-preview":"max-video-preview:-1"},"canonical":"https:\/\/www.eldiario.net\/portal\/2021\/05\/28\/tres-personas-aprehendidas-por-caso-gases-lacrimogenos\/","og_locale":"es_ES","og_type":"article","og_title":"Tres personas aprehendidas por caso gases lacrim\u00f3genos - El Diario - Bolivia","og_description":"Dentro las investigaciones por corrupci\u00f3n en la compra de material no letal para la Polic\u00eda Boliviana, la Fuerza Especial de Lucha Contra el Crimen (Felcc) aprehendi\u00f3 a tres personas, entre ellas el excu\u00f1ado del exministro Arturo Murillo, su exedec\u00e1n y el capit\u00e1n Ivar G. quien deposit\u00f3 Bs 100.000 a la cuenta de la exautoridad. Preliminarmente, [&hellip;]","og_url":"https:\/\/www.eldiario.net\/portal\/2021\/05\/28\/tres-personas-aprehendidas-por-caso-gases-lacrimogenos\/","og_site_name":"El Diario - Bolivia","article_publisher":"https:\/\/www.facebook.com\/eldiario.bolivia\/","article_published_time":"2021-05-28T10:27:15+00:00","author":"Jeanette","twitter_card":"summary_large_image","twitter_creator":"@eldiario_net","twitter_site":"@eldiario_net","twitter_misc":{"Escrito por":"Jeanette","Tiempo de lectura":"2 minutos"},"schema":{"@context":"https:\/\/schema.org","@graph":[{"@type":"Article","@id":"https:\/\/www.eldiario.net\/portal\/2021\/05\/28\/tres-personas-aprehendidas-por-caso-gases-lacrimogenos\/#article","isPartOf":{"@id":"https:\/\/www.eldiario.net\/portal\/2021\/05\/28\/tres-personas-aprehendidas-por-caso-gases-lacrimogenos\/"},"author":{"name":"Jeanette","@id":"https:\/\/www.eldiario.net\/portal\/#\/schema\/person\/f46445640444750d7d753ccd04ae01b7"},"headline":"Tres personas aprehendidas por caso gases lacrim\u00f3genos","datePublished":"2021-05-28T10:27:15+00:00","mainEntityOfPage":{"@id":"https:\/\/www.eldiario.net\/portal\/2021\/05\/28\/tres-personas-aprehendidas-por-caso-gases-lacrimogenos\/"},"wordCount":479,"publisher":{"@id":"https:\/\/www.eldiario.net\/portal\/#organization"},"image":{"@id":"https:\/\/www.eldiario.net\/portal\/2021\/05\/28\/tres-personas-aprehendidas-por-caso-gases-lacrimogenos\/#primaryimage"},"thumbnailUrl":"","articleSection":["Sociedad - Seguridad"],"inLanguage":"es"},{"@type":"WebPage","@id":"https:\/\/www.eldiario.net\/portal\/2021\/05\/28\/tres-personas-aprehendidas-por-caso-gases-lacrimogenos\/","url":"https:\/\/www.eldiario.net\/portal\/2021\/05\/28\/tres-personas-aprehendidas-por-caso-gases-lacrimogenos\/","name":"Tres personas aprehendidas por caso gases lacrim\u00f3genos - El Diario - Bolivia","isPartOf":{"@id":"https:\/\/www.eldiario.net\/portal\/#website"},"primaryImageOfPage":{"@id":"https:\/\/www.eldiario.net\/portal\/2021\/05\/28\/tres-personas-aprehendidas-por-caso-gases-lacrimogenos\/#primaryimage"},"image":{"@id":"https:\/\/www.eldiario.net\/portal\/2021\/05\/28\/tres-personas-aprehendidas-por-caso-gases-lacrimogenos\/#primaryimage"},"thumbnailUrl":"","datePublished":"2021-05-28T10:27:15+00:00","breadcrumb":{"@id":"https:\/\/www.eldiario.net\/portal\/2021\/05\/28\/tres-personas-aprehendidas-por-caso-gases-lacrimogenos\/#breadcrumb"},"inLanguage":"es","potentialAction":[{"@type":"ReadAction","target":["https:\/\/www.eldiario.net\/portal\/2021\/05\/28\/tres-personas-aprehendidas-por-caso-gases-lacrimogenos\/"]}]},{"@type":"ImageObject","inLanguage":"es","@id":"https:\/\/www.eldiario.net\/portal\/2021\/05\/28\/tres-personas-aprehendidas-por-caso-gases-lacrimogenos\/#primaryimage","url":"","contentUrl":""},{"@type":"BreadcrumbList","@id":"https:\/\/www.eldiario.net\/portal\/2021\/05\/28\/tres-personas-aprehendidas-por-caso-gases-lacrimogenos\/#breadcrumb","itemListElement":[{"@type":"ListItem","position":1,"name":"Portada","item":"https:\/\/www.eldiario.net\/portal\/"},{"@type":"ListItem","position":2,"name":"Tres personas aprehendidas por caso gases lacrim\u00f3genos"}]},{"@type":"WebSite","@id":"https:\/\/www.eldiario.net\/portal\/#website","url":"https:\/\/www.eldiario.net\/portal\/","name":"El Diario - Decano de la prensa nacional","description":"El Diario - Decano de la prensa nacional","publisher":{"@id":"https:\/\/www.eldiario.net\/portal\/#organization"},"potentialAction":[{"@type":"SearchAction","target":{"@type":"EntryPoint","urlTemplate":"https:\/\/www.eldiario.net\/portal\/?s={search_term_string}"},"query-input":{"@type":"PropertyValueSpecification","valueRequired":true,"valueName":"search_term_string"}}],"inLanguage":"es"},{"@type":"Organization","@id":"https:\/\/www.eldiario.net\/portal\/#organization","name":"El Diario - Decano de la prensa nacional","url":"https:\/\/www.eldiario.net\/portal\/","logo":{"@type":"ImageObject","inLanguage":"es","@id":"https:\/\/www.eldiario.net\/portal\/#\/schema\/logo\/image\/","url":"https:\/\/www.eldiario.net\/portal\/wp-content\/uploads\/2023\/07\/logo_ED.jpg","contentUrl":"https:\/\/www.eldiario.net\/portal\/wp-content\/uploads\/2023\/07\/logo_ED.jpg","width":272,"height":52,"caption":"El Diario - Decano de la prensa nacional"},"image":{"@id":"https:\/\/www.eldiario.net\/portal\/#\/schema\/logo\/image\/"},"sameAs":["https:\/\/www.facebook.com\/eldiario.bolivia\/","https:\/\/x.com\/eldiario_net"]},{"@type":"Person","@id":"https:\/\/www.eldiario.net\/portal\/#\/schema\/person\/f46445640444750d7d753ccd04ae01b7","name":"Jeanette","image":{"@type":"ImageObject","inLanguage":"es","@id":"https:\/\/secure.gravatar.com\/avatar\/3ea2118a5f7dad2b7138b1187a6b7ee55f160b9968b66013c3a3ef39dd7e5798?s=96&d=mm&r=g","url":"https:\/\/secure.gravatar.com\/avatar\/3ea2118a5f7dad2b7138b1187a6b7ee55f160b9968b66013c3a3ef39dd7e5798?s=96&d=mm&r=g","contentUrl":"https:\/\/secure.gravatar.com\/avatar\/3ea2118a5f7dad2b7138b1187a6b7ee55f160b9968b66013c3a3ef39dd7e5798?s=96&d=mm&r=g","caption":"Jeanette"},"sameAs":["https:\/\/www.eldiario.net\/portal"],"url":"https:\/\/www.eldiario.net\/portal\/author\/jeanette\/"}]}},"_links":{"self":[{"href":"https:\/\/www.eldiario.net\/portal\/wp-json\/wp\/v2\/posts\/6856","targetHints":{"allow":["GET"]}}],"collection":[{"href":"https:\/\/www.eldiario.net\/portal\/wp-json\/wp\/v2\/posts"}],"about":[{"href":"https:\/\/www.eldiario.net\/portal\/wp-json\/wp\/v2\/types\/post"}],"author":[{"embeddable":true,"href":"https:\/\/www.eldiario.net\/portal\/wp-json\/wp\/v2\/users\/1"}],"replies":[{"embeddable":true,"href":"https:\/\/www.eldiario.net\/portal\/wp-json\/wp\/v2\/comments?post=6856"}],"version-history":[{"count":0,"href":"https:\/\/www.eldiario.net\/portal\/wp-json\/wp\/v2\/posts\/6856\/revisions"}],"wp:attachment":[{"href":"https:\/\/www.eldiario.net\/portal\/wp-json\/wp\/v2\/media?parent=6856"}],"wp:term":[{"taxonomy":"category","embeddable":true,"href":"https:\/\/www.eldiario.net\/portal\/wp-json\/wp\/v2\/categories?post=6856"},{"taxonomy":"post_tag","embeddable":true,"href":"https:\/\/www.eldiario.net\/portal\/wp-json\/wp\/v2\/tags?post=6856"}],"curies":[{"name":"wp","href":"https:\/\/api.w.org\/{rel}","templated":true}]}}