{"id":6852,"date":"2021-05-28T06:25:51","date_gmt":"2021-05-28T10:25:51","guid":{"rendered":"https:\/\/www.eldiario.net\/portal\/?p=6852"},"modified":"2021-05-28T06:25:51","modified_gmt":"2021-05-28T10:25:51","slug":"gobierno-no-debe-atribuirse-triunfo-de-justicia-de-eeuu","status":"publish","type":"post","link":"https:\/\/www.eldiario.net\/portal\/2021\/05\/28\/gobierno-no-debe-atribuirse-triunfo-de-justicia-de-eeuu\/","title":{"rendered":"Gobierno no debe atribuirse triunfo de justicia de EEUU"},"content":{"rendered":"<p>Tras la aprehensi\u00f3n y el inicio de procesos en contra del exministro de Gobierno Arturo Murillo, opositores condenan que desde el Gobierno se celebre la aprehensi\u00f3n de la exautoridad y esta sea atribuida como una victoria propia, por lo que cuestionan que el oficialismo maneje un doble discurso para referirse a la justicia y al sistema democr\u00e1tico de los Estados Unidos.<br \/>\nLos parlamentarios cuestionaron que desde el oficialismo se celebre una victoria que le corresponde a los organismos de investigaci\u00f3n y a la justicia del pa\u00eds del norte cuando en otros aspectos se critica el proceder de este gobierno.<br \/>\nEl diputado por Comunidad Ciudadana, Alejandro Reyes, descalific\u00f3 la postura de autoridades de Gobierno que expresaron su satisfacci\u00f3n por la labor cumplida por organismos de la justicia norteamericana en el caso del exministro Murillo, pues el Movimiento al Socialismo es abiertamente cr\u00edtico del sistema que rige al pa\u00eds del norte.<br \/>\n\u201cHay que observar el rol del Ministro de Gobierno diciendo que ha felicitado tanto al sistema judicial de los Estados Unidos como la acci\u00f3n del FBI, en ese sentido el sistema democr\u00e1tico es bueno en alg\u00fan momento y es imperialista en otro, estamos viendo una total incongruencia respecto al discurso\u201d, dijo.<br \/>\nPidi\u00f3 al oficialismo no atribuirse logros de la justicia en EEUU y apresurar reformas en el sistema de justicia boliviano, mismas que puedan garantizar procesos transparentes e imparciales.<br \/>\n\u201cEsta victoria no es del Gobierno, el se\u00f1or Murillo seguramente va ser procesado y se le va respetar los derechos y garant\u00edas\u201d, se\u00f1al\u00f3.<br \/>\nPor su parte, el diputado Alberto Astorga cuestion\u00f3 la constante postura oficialista para calificar como imperialista al Gobierno de los Estados Unidos y ahora celebrar la aprehensi\u00f3n de Murillo. Se\u00f1al\u00f3 que de contar con un sistema judicial como el norteamericano, varias exautoridades ya estar\u00edan enfrentando procesos por corrupci\u00f3n y fraude.<br \/>\n\u201cSin duda si tuvi\u00e9ramos una justicia transparente y eficiente como la de Estados Unidos, ahora estar\u00edan en Chonchocoro el se\u00f1or Arturo Murillo y el se\u00f1or Evo Morales, el primero por el sobreprecio de los gases lacrim\u00f3genos y el segundo por el gigantesco fraude de 2019\u201d, manifest\u00f3 Astorga.<br \/>\nDesde el oficialismo, el senador Luis Adolfo Flores, reconoci\u00f3 la labor de los organismos del sistema judicial de EEUU y se\u00f1alo que debe ser un ejemplo para replicar en el pa\u00eds. \u201cHasta ahora est\u00e1 siendo un ejemplo tambi\u00e9n para nuestra justicia boliviana\u201d, manifest\u00f3.<\/p>\n<figure id=\"attachment_6854\" aria-describedby=\"caption-attachment-6854\" style=\"width: 300px\" class=\"wp-caption aligncenter\"><img loading=\"lazy\" decoding=\"async\" class=\"size-medium wp-image-6854\" src=\"https:\/\/www.eldiario.net\/portal\/wp-content\/uploads\/2021\/05\/Pol-271-300x225.jpg\" alt=\"\" width=\"300\" height=\"225\" srcset=\"https:\/\/www.eldiario.net\/portal\/wp-content\/uploads\/2021\/05\/Pol-271-300x225.jpg 300w, https:\/\/www.eldiario.net\/portal\/wp-content\/uploads\/2021\/05\/Pol-271-1024x768.jpg 1024w, https:\/\/www.eldiario.net\/portal\/wp-content\/uploads\/2021\/05\/Pol-271-768x576.jpg 768w, https:\/\/www.eldiario.net\/portal\/wp-content\/uploads\/2021\/05\/Pol-271-696x522.jpg 696w, https:\/\/www.eldiario.net\/portal\/wp-content\/uploads\/2021\/05\/Pol-271-1068x801.jpg 1068w, https:\/\/www.eldiario.net\/portal\/wp-content\/uploads\/2021\/05\/Pol-271.jpg 1280w\" sizes=\"auto, (max-width: 300px) 100vw, 300px\" \/><figcaption id=\"caption-attachment-6854\" class=\"wp-caption-text\">Diputado por CC, Alejandro Reyes.<\/figcaption><\/figure>\n","protected":false},"excerpt":{"rendered":"<p>Tras la aprehensi\u00f3n y el inicio de procesos en contra del exministro de Gobierno Arturo Murillo, opositores condenan que desde el Gobierno se celebre la aprehensi\u00f3n de la exautoridad y esta sea atribuida como una victoria propia, por lo que cuestionan que el oficialismo maneje un doble discurso para referirse a la justicia y al [&hellip;]<\/p>\n","protected":false},"author":1,"featured_media":6853,"comment_status":"closed","ping_status":"closed","sticky":false,"template":"","format":"standard","meta":{"_acf_changed":false,"footnotes":""},"categories":[14],"tags":[],"class_list":["post-6852","post","type-post","status-publish","format-standard","has-post-thumbnail","category-politica"],"acf":{"antetitulo":""},"yoast_head":"<!-- This site is optimized with the Yoast SEO plugin v28.3 - https:\/\/yoast.com\/product\/yoast-seo-wordpress\/ -->\n<title>Gobierno no debe atribuirse triunfo de justicia de EEUU - El Diario - Bolivia<\/title>\n<meta name=\"robots\" content=\"index, follow, max-snippet:-1, max-image-preview:large, max-video-preview:-1\" \/>\n<link rel=\"canonical\" href=\"https:\/\/www.eldiario.net\/portal\/2021\/05\/28\/gobierno-no-debe-atribuirse-triunfo-de-justicia-de-eeuu\/\" \/>\n<meta property=\"og:locale\" content=\"es_ES\" \/>\n<meta property=\"og:type\" content=\"article\" \/>\n<meta property=\"og:title\" content=\"Gobierno no debe atribuirse triunfo de justicia de EEUU - El Diario - Bolivia\" \/>\n<meta property=\"og:description\" content=\"Tras la aprehensi\u00f3n y el inicio de procesos en contra del exministro de Gobierno Arturo Murillo, opositores condenan que desde el Gobierno se celebre la aprehensi\u00f3n de la exautoridad y esta sea atribuida como una victoria propia, por lo que cuestionan que el oficialismo maneje un doble discurso para referirse a la justicia y al [&hellip;]\" \/>\n<meta property=\"og:url\" content=\"https:\/\/www.eldiario.net\/portal\/2021\/05\/28\/gobierno-no-debe-atribuirse-triunfo-de-justicia-de-eeuu\/\" \/>\n<meta property=\"og:site_name\" content=\"El Diario - Bolivia\" \/>\n<meta property=\"article:publisher\" content=\"https:\/\/www.facebook.com\/eldiario.bolivia\/\" \/>\n<meta property=\"article:published_time\" content=\"2021-05-28T10:25:51+00:00\" \/>\n<meta name=\"author\" content=\"Jeanette\" \/>\n<meta name=\"twitter:card\" content=\"summary_large_image\" \/>\n<meta name=\"twitter:creator\" content=\"@eldiario_net\" \/>\n<meta name=\"twitter:site\" content=\"@eldiario_net\" \/>\n<meta name=\"twitter:label1\" content=\"Escrito por\" \/>\n\t<meta name=\"twitter:data1\" content=\"Jeanette\" \/>\n\t<meta name=\"twitter:label2\" content=\"Tiempo de lectura\" \/>\n\t<meta name=\"twitter:data2\" content=\"2 minutos\" \/>\n<script type=\"application\/ld+json\" class=\"yoast-schema-graph\">{\"@context\":\"https:\\\/\\\/schema.org\",\"@graph\":[{\"@type\":\"Article\",\"@id\":\"https:\\\/\\\/www.eldiario.net\\\/portal\\\/2021\\\/05\\\/28\\\/gobierno-no-debe-atribuirse-triunfo-de-justicia-de-eeuu\\\/#article\",\"isPartOf\":{\"@id\":\"https:\\\/\\\/www.eldiario.net\\\/portal\\\/2021\\\/05\\\/28\\\/gobierno-no-debe-atribuirse-triunfo-de-justicia-de-eeuu\\\/\"},\"author\":{\"name\":\"Jeanette\",\"@id\":\"https:\\\/\\\/www.eldiario.net\\\/portal\\\/#\\\/schema\\\/person\\\/f46445640444750d7d753ccd04ae01b7\"},\"headline\":\"Gobierno no debe atribuirse triunfo de justicia de EEUU\",\"datePublished\":\"2021-05-28T10:25:51+00:00\",\"mainEntityOfPage\":{\"@id\":\"https:\\\/\\\/www.eldiario.net\\\/portal\\\/2021\\\/05\\\/28\\\/gobierno-no-debe-atribuirse-triunfo-de-justicia-de-eeuu\\\/\"},\"wordCount\":437,\"publisher\":{\"@id\":\"https:\\\/\\\/www.eldiario.net\\\/portal\\\/#organization\"},\"image\":{\"@id\":\"https:\\\/\\\/www.eldiario.net\\\/portal\\\/2021\\\/05\\\/28\\\/gobierno-no-debe-atribuirse-triunfo-de-justicia-de-eeuu\\\/#primaryimage\"},\"thumbnailUrl\":\"\",\"articleSection\":[\"Pol\u00edtica\"],\"inLanguage\":\"es\"},{\"@type\":\"WebPage\",\"@id\":\"https:\\\/\\\/www.eldiario.net\\\/portal\\\/2021\\\/05\\\/28\\\/gobierno-no-debe-atribuirse-triunfo-de-justicia-de-eeuu\\\/\",\"url\":\"https:\\\/\\\/www.eldiario.net\\\/portal\\\/2021\\\/05\\\/28\\\/gobierno-no-debe-atribuirse-triunfo-de-justicia-de-eeuu\\\/\",\"name\":\"Gobierno no debe atribuirse triunfo de justicia de EEUU - El Diario - Bolivia\",\"isPartOf\":{\"@id\":\"https:\\\/\\\/www.eldiario.net\\\/portal\\\/#website\"},\"primaryImageOfPage\":{\"@id\":\"https:\\\/\\\/www.eldiario.net\\\/portal\\\/2021\\\/05\\\/28\\\/gobierno-no-debe-atribuirse-triunfo-de-justicia-de-eeuu\\\/#primaryimage\"},\"image\":{\"@id\":\"https:\\\/\\\/www.eldiario.net\\\/portal\\\/2021\\\/05\\\/28\\\/gobierno-no-debe-atribuirse-triunfo-de-justicia-de-eeuu\\\/#primaryimage\"},\"thumbnailUrl\":\"\",\"datePublished\":\"2021-05-28T10:25:51+00:00\",\"breadcrumb\":{\"@id\":\"https:\\\/\\\/www.eldiario.net\\\/portal\\\/2021\\\/05\\\/28\\\/gobierno-no-debe-atribuirse-triunfo-de-justicia-de-eeuu\\\/#breadcrumb\"},\"inLanguage\":\"es\",\"potentialAction\":[{\"@type\":\"ReadAction\",\"target\":[\"https:\\\/\\\/www.eldiario.net\\\/portal\\\/2021\\\/05\\\/28\\\/gobierno-no-debe-atribuirse-triunfo-de-justicia-de-eeuu\\\/\"]}]},{\"@type\":\"ImageObject\",\"inLanguage\":\"es\",\"@id\":\"https:\\\/\\\/www.eldiario.net\\\/portal\\\/2021\\\/05\\\/28\\\/gobierno-no-debe-atribuirse-triunfo-de-justicia-de-eeuu\\\/#primaryimage\",\"url\":\"\",\"contentUrl\":\"\"},{\"@type\":\"BreadcrumbList\",\"@id\":\"https:\\\/\\\/www.eldiario.net\\\/portal\\\/2021\\\/05\\\/28\\\/gobierno-no-debe-atribuirse-triunfo-de-justicia-de-eeuu\\\/#breadcrumb\",\"itemListElement\":[{\"@type\":\"ListItem\",\"position\":1,\"name\":\"Portada\",\"item\":\"https:\\\/\\\/www.eldiario.net\\\/portal\\\/\"},{\"@type\":\"ListItem\",\"position\":2,\"name\":\"Gobierno no debe atribuirse triunfo de justicia de EEUU\"}]},{\"@type\":\"WebSite\",\"@id\":\"https:\\\/\\\/www.eldiario.net\\\/portal\\\/#website\",\"url\":\"https:\\\/\\\/www.eldiario.net\\\/portal\\\/\",\"name\":\"El Diario - Decano de la prensa nacional\",\"description\":\"El Diario - Decano de la prensa nacional\",\"publisher\":{\"@id\":\"https:\\\/\\\/www.eldiario.net\\\/portal\\\/#organization\"},\"potentialAction\":[{\"@type\":\"SearchAction\",\"target\":{\"@type\":\"EntryPoint\",\"urlTemplate\":\"https:\\\/\\\/www.eldiario.net\\\/portal\\\/?s={search_term_string}\"},\"query-input\":{\"@type\":\"PropertyValueSpecification\",\"valueRequired\":true,\"valueName\":\"search_term_string\"}}],\"inLanguage\":\"es\"},{\"@type\":\"Organization\",\"@id\":\"https:\\\/\\\/www.eldiario.net\\\/portal\\\/#organization\",\"name\":\"El Diario - Decano de la prensa nacional\",\"url\":\"https:\\\/\\\/www.eldiario.net\\\/portal\\\/\",\"logo\":{\"@type\":\"ImageObject\",\"inLanguage\":\"es\",\"@id\":\"https:\\\/\\\/www.eldiario.net\\\/portal\\\/#\\\/schema\\\/logo\\\/image\\\/\",\"url\":\"https:\\\/\\\/www.eldiario.net\\\/portal\\\/wp-content\\\/uploads\\\/2023\\\/07\\\/logo_ED.jpg\",\"contentUrl\":\"https:\\\/\\\/www.eldiario.net\\\/portal\\\/wp-content\\\/uploads\\\/2023\\\/07\\\/logo_ED.jpg\",\"width\":272,\"height\":52,\"caption\":\"El Diario - Decano de la prensa nacional\"},\"image\":{\"@id\":\"https:\\\/\\\/www.eldiario.net\\\/portal\\\/#\\\/schema\\\/logo\\\/image\\\/\"},\"sameAs\":[\"https:\\\/\\\/www.facebook.com\\\/eldiario.bolivia\\\/\",\"https:\\\/\\\/x.com\\\/eldiario_net\"]},{\"@type\":\"Person\",\"@id\":\"https:\\\/\\\/www.eldiario.net\\\/portal\\\/#\\\/schema\\\/person\\\/f46445640444750d7d753ccd04ae01b7\",\"name\":\"Jeanette\",\"image\":{\"@type\":\"ImageObject\",\"inLanguage\":\"es\",\"@id\":\"https:\\\/\\\/secure.gravatar.com\\\/avatar\\\/3ea2118a5f7dad2b7138b1187a6b7ee55f160b9968b66013c3a3ef39dd7e5798?s=96&d=mm&r=g\",\"url\":\"https:\\\/\\\/secure.gravatar.com\\\/avatar\\\/3ea2118a5f7dad2b7138b1187a6b7ee55f160b9968b66013c3a3ef39dd7e5798?s=96&d=mm&r=g\",\"contentUrl\":\"https:\\\/\\\/secure.gravatar.com\\\/avatar\\\/3ea2118a5f7dad2b7138b1187a6b7ee55f160b9968b66013c3a3ef39dd7e5798?s=96&d=mm&r=g\",\"caption\":\"Jeanette\"},\"sameAs\":[\"https:\\\/\\\/www.eldiario.net\\\/portal\"],\"url\":\"https:\\\/\\\/www.eldiario.net\\\/portal\\\/author\\\/jeanette\\\/\"}]}<\/script>\n<!-- \/ Yoast SEO plugin. -->","yoast_head_json":{"title":"Gobierno no debe atribuirse triunfo de justicia de EEUU - El Diario - Bolivia","robots":{"index":"index","follow":"follow","max-snippet":"max-snippet:-1","max-image-preview":"max-image-preview:large","max-video-preview":"max-video-preview:-1"},"canonical":"https:\/\/www.eldiario.net\/portal\/2021\/05\/28\/gobierno-no-debe-atribuirse-triunfo-de-justicia-de-eeuu\/","og_locale":"es_ES","og_type":"article","og_title":"Gobierno no debe atribuirse triunfo de justicia de EEUU - El Diario - Bolivia","og_description":"Tras la aprehensi\u00f3n y el inicio de procesos en contra del exministro de Gobierno Arturo Murillo, opositores condenan que desde el Gobierno se celebre la aprehensi\u00f3n de la exautoridad y esta sea atribuida como una victoria propia, por lo que cuestionan que el oficialismo maneje un doble discurso para referirse a la justicia y al [&hellip;]","og_url":"https:\/\/www.eldiario.net\/portal\/2021\/05\/28\/gobierno-no-debe-atribuirse-triunfo-de-justicia-de-eeuu\/","og_site_name":"El Diario - Bolivia","article_publisher":"https:\/\/www.facebook.com\/eldiario.bolivia\/","article_published_time":"2021-05-28T10:25:51+00:00","author":"Jeanette","twitter_card":"summary_large_image","twitter_creator":"@eldiario_net","twitter_site":"@eldiario_net","twitter_misc":{"Escrito por":"Jeanette","Tiempo de lectura":"2 minutos"},"schema":{"@context":"https:\/\/schema.org","@graph":[{"@type":"Article","@id":"https:\/\/www.eldiario.net\/portal\/2021\/05\/28\/gobierno-no-debe-atribuirse-triunfo-de-justicia-de-eeuu\/#article","isPartOf":{"@id":"https:\/\/www.eldiario.net\/portal\/2021\/05\/28\/gobierno-no-debe-atribuirse-triunfo-de-justicia-de-eeuu\/"},"author":{"name":"Jeanette","@id":"https:\/\/www.eldiario.net\/portal\/#\/schema\/person\/f46445640444750d7d753ccd04ae01b7"},"headline":"Gobierno no debe atribuirse triunfo de justicia de EEUU","datePublished":"2021-05-28T10:25:51+00:00","mainEntityOfPage":{"@id":"https:\/\/www.eldiario.net\/portal\/2021\/05\/28\/gobierno-no-debe-atribuirse-triunfo-de-justicia-de-eeuu\/"},"wordCount":437,"publisher":{"@id":"https:\/\/www.eldiario.net\/portal\/#organization"},"image":{"@id":"https:\/\/www.eldiario.net\/portal\/2021\/05\/28\/gobierno-no-debe-atribuirse-triunfo-de-justicia-de-eeuu\/#primaryimage"},"thumbnailUrl":"","articleSection":["Pol\u00edtica"],"inLanguage":"es"},{"@type":"WebPage","@id":"https:\/\/www.eldiario.net\/portal\/2021\/05\/28\/gobierno-no-debe-atribuirse-triunfo-de-justicia-de-eeuu\/","url":"https:\/\/www.eldiario.net\/portal\/2021\/05\/28\/gobierno-no-debe-atribuirse-triunfo-de-justicia-de-eeuu\/","name":"Gobierno no debe atribuirse triunfo de justicia de EEUU - El Diario - Bolivia","isPartOf":{"@id":"https:\/\/www.eldiario.net\/portal\/#website"},"primaryImageOfPage":{"@id":"https:\/\/www.eldiario.net\/portal\/2021\/05\/28\/gobierno-no-debe-atribuirse-triunfo-de-justicia-de-eeuu\/#primaryimage"},"image":{"@id":"https:\/\/www.eldiario.net\/portal\/2021\/05\/28\/gobierno-no-debe-atribuirse-triunfo-de-justicia-de-eeuu\/#primaryimage"},"thumbnailUrl":"","datePublished":"2021-05-28T10:25:51+00:00","breadcrumb":{"@id":"https:\/\/www.eldiario.net\/portal\/2021\/05\/28\/gobierno-no-debe-atribuirse-triunfo-de-justicia-de-eeuu\/#breadcrumb"},"inLanguage":"es","potentialAction":[{"@type":"ReadAction","target":["https:\/\/www.eldiario.net\/portal\/2021\/05\/28\/gobierno-no-debe-atribuirse-triunfo-de-justicia-de-eeuu\/"]}]},{"@type":"ImageObject","inLanguage":"es","@id":"https:\/\/www.eldiario.net\/portal\/2021\/05\/28\/gobierno-no-debe-atribuirse-triunfo-de-justicia-de-eeuu\/#primaryimage","url":"","contentUrl":""},{"@type":"BreadcrumbList","@id":"https:\/\/www.eldiario.net\/portal\/2021\/05\/28\/gobierno-no-debe-atribuirse-triunfo-de-justicia-de-eeuu\/#breadcrumb","itemListElement":[{"@type":"ListItem","position":1,"name":"Portada","item":"https:\/\/www.eldiario.net\/portal\/"},{"@type":"ListItem","position":2,"name":"Gobierno no debe atribuirse triunfo de justicia de EEUU"}]},{"@type":"WebSite","@id":"https:\/\/www.eldiario.net\/portal\/#website","url":"https:\/\/www.eldiario.net\/portal\/","name":"El Diario - Decano de la prensa nacional","description":"El Diario - Decano de la prensa nacional","publisher":{"@id":"https:\/\/www.eldiario.net\/portal\/#organization"},"potentialAction":[{"@type":"SearchAction","target":{"@type":"EntryPoint","urlTemplate":"https:\/\/www.eldiario.net\/portal\/?s={search_term_string}"},"query-input":{"@type":"PropertyValueSpecification","valueRequired":true,"valueName":"search_term_string"}}],"inLanguage":"es"},{"@type":"Organization","@id":"https:\/\/www.eldiario.net\/portal\/#organization","name":"El Diario - Decano de la prensa nacional","url":"https:\/\/www.eldiario.net\/portal\/","logo":{"@type":"ImageObject","inLanguage":"es","@id":"https:\/\/www.eldiario.net\/portal\/#\/schema\/logo\/image\/","url":"https:\/\/www.eldiario.net\/portal\/wp-content\/uploads\/2023\/07\/logo_ED.jpg","contentUrl":"https:\/\/www.eldiario.net\/portal\/wp-content\/uploads\/2023\/07\/logo_ED.jpg","width":272,"height":52,"caption":"El Diario - Decano de la prensa nacional"},"image":{"@id":"https:\/\/www.eldiario.net\/portal\/#\/schema\/logo\/image\/"},"sameAs":["https:\/\/www.facebook.com\/eldiario.bolivia\/","https:\/\/x.com\/eldiario_net"]},{"@type":"Person","@id":"https:\/\/www.eldiario.net\/portal\/#\/schema\/person\/f46445640444750d7d753ccd04ae01b7","name":"Jeanette","image":{"@type":"ImageObject","inLanguage":"es","@id":"https:\/\/secure.gravatar.com\/avatar\/3ea2118a5f7dad2b7138b1187a6b7ee55f160b9968b66013c3a3ef39dd7e5798?s=96&d=mm&r=g","url":"https:\/\/secure.gravatar.com\/avatar\/3ea2118a5f7dad2b7138b1187a6b7ee55f160b9968b66013c3a3ef39dd7e5798?s=96&d=mm&r=g","contentUrl":"https:\/\/secure.gravatar.com\/avatar\/3ea2118a5f7dad2b7138b1187a6b7ee55f160b9968b66013c3a3ef39dd7e5798?s=96&d=mm&r=g","caption":"Jeanette"},"sameAs":["https:\/\/www.eldiario.net\/portal"],"url":"https:\/\/www.eldiario.net\/portal\/author\/jeanette\/"}]}},"_links":{"self":[{"href":"https:\/\/www.eldiario.net\/portal\/wp-json\/wp\/v2\/posts\/6852","targetHints":{"allow":["GET"]}}],"collection":[{"href":"https:\/\/www.eldiario.net\/portal\/wp-json\/wp\/v2\/posts"}],"about":[{"href":"https:\/\/www.eldiario.net\/portal\/wp-json\/wp\/v2\/types\/post"}],"author":[{"embeddable":true,"href":"https:\/\/www.eldiario.net\/portal\/wp-json\/wp\/v2\/users\/1"}],"replies":[{"embeddable":true,"href":"https:\/\/www.eldiario.net\/portal\/wp-json\/wp\/v2\/comments?post=6852"}],"version-history":[{"count":0,"href":"https:\/\/www.eldiario.net\/portal\/wp-json\/wp\/v2\/posts\/6852\/revisions"}],"wp:attachment":[{"href":"https:\/\/www.eldiario.net\/portal\/wp-json\/wp\/v2\/media?parent=6852"}],"wp:term":[{"taxonomy":"category","embeddable":true,"href":"https:\/\/www.eldiario.net\/portal\/wp-json\/wp\/v2\/categories?post=6852"},{"taxonomy":"post_tag","embeddable":true,"href":"https:\/\/www.eldiario.net\/portal\/wp-json\/wp\/v2\/tags?post=6852"}],"curies":[{"name":"wp","href":"https:\/\/api.w.org\/{rel}","templated":true}]}}