{"id":6849,"date":"2021-05-28T06:24:19","date_gmt":"2021-05-28T10:24:19","guid":{"rendered":"https:\/\/www.eldiario.net\/portal\/?p=6849"},"modified":"2021-05-28T06:24:19","modified_gmt":"2021-05-28T10:24:19","slug":"cancilleria-anuncia-gestiones-para-importacion-de-oxigeno","status":"publish","type":"post","link":"https:\/\/www.eldiario.net\/portal\/2021\/05\/28\/cancilleria-anuncia-gestiones-para-importacion-de-oxigeno\/","title":{"rendered":"Canciller\u00eda anuncia gestiones  para importaci\u00f3n de ox\u00edgeno"},"content":{"rendered":"<p>Debido al momento cr\u00edtico por el que atraviesan varios centros hospitalarios de distintas ciudades del pa\u00eds a causa de la falta de ox\u00edgeno medicinal para el tratamiento de pacientes infectados con coronavirus, el ministro de Relaciones Exteriores, Rogelio Mayta, anunci\u00f3 que se han realizado gestiones favorables para la importaci\u00f3n de este elemento desde Argentina y Chile.<br \/>\nMayta inform\u00f3 que se ha recurrido al apoyo de pa\u00edses vecinos para poder abastecer la demanda de este elemento en los nosocomios que han registrado una sobre demanda en los \u00faltimos d\u00edas.<br \/>\nDestac\u00f3 que pa\u00edses como Argentina hayan accedido a exportar lotes importantes de este elemento a Bolivia, a pesar de los momentos dif\u00edciles por los que traviesa este pa\u00eds vecino a causa de una alta cifra de nuevos contagios registrados entre su poblaci\u00f3n en las \u00faltimos jornadas.<br \/>\nAdelant\u00f3 que ya se est\u00e1 gestionando la importaci\u00f3n de un nuevo stock de ox\u00edgeno para los pr\u00f3ximos d\u00edas.<br \/>\n\u201cHemos tenido requerimientos significativos en la provisi\u00f3n de ox\u00edgeno y nos han ayudado de alguna forma Estados vecinos. En el caso de la Argentina ha llegado una provisi\u00f3n que se autoriz\u00f3 a pesar de la dif\u00edcil situaci\u00f3n del pa\u00eds vecino nos ha llegado una exportaci\u00f3n inicial, estamos tramitando una segunda exportaci\u00f3n\u201d, manifest\u00f3 el canciller en contacto con medios de comunicaci\u00f3n.<br \/>\nSobre las negociaciones con el vecino pa\u00eds de Chile, se\u00f1al\u00f3 que la respuesta ha sido favorable debido a las nuevas relaciones que se tienen entre ambos estados, por lo que en los pr\u00f3ximos d\u00edas se informar\u00e1 sobre la llegada de este elemento y las cantidades que arribaran al pa\u00eds.<br \/>\n\u201cEn el caso de Chile tambi\u00e9n se han desarrollado gestiones en este sentido y hemos tenido respuesta favorable, fundado en el buen relacionamiento diplom\u00e1tico que tiene nuestro pa\u00eds, estamos pudiendo gestionar esta tipo de importaciones que son complicadas y nos preocupan a todos\u201d, dijo.<br \/>\nEn las \u00faltimas semanas, familiares de pacientes con covid-19 han denunciado la falta de ox\u00edgeno en distintos centros de atenci\u00f3n m\u00e9dica del pa\u00eds, por lo que autoridades y entidades de defensa del consumidor han iniciado operativos para controlar el abastecimiento de este elemento y el control del mercado ilegal para evitar la especulaci\u00f3n.<\/p>\n","protected":false},"excerpt":{"rendered":"<p>Debido al momento cr\u00edtico por el que atraviesan varios centros hospitalarios de distintas ciudades del pa\u00eds a causa de la falta de ox\u00edgeno medicinal para el tratamiento de pacientes infectados con coronavirus, el ministro de Relaciones Exteriores, Rogelio Mayta, anunci\u00f3 que se han realizado gestiones favorables para la importaci\u00f3n de este elemento desde Argentina y [&hellip;]<\/p>\n","protected":false},"author":1,"featured_media":6850,"comment_status":"closed","ping_status":"closed","sticky":false,"template":"","format":"standard","meta":{"_acf_changed":false,"footnotes":""},"categories":[14],"tags":[],"class_list":["post-6849","post","type-post","status-publish","format-standard","has-post-thumbnail","category-politica"],"acf":{"antetitulo":""},"yoast_head":"<!-- This site is optimized with the Yoast SEO plugin v28.3 - https:\/\/yoast.com\/product\/yoast-seo-wordpress\/ -->\n<title>Canciller\u00eda anuncia gestiones para importaci\u00f3n de ox\u00edgeno - El Diario - Bolivia<\/title>\n<meta name=\"robots\" content=\"index, follow, max-snippet:-1, max-image-preview:large, max-video-preview:-1\" \/>\n<link rel=\"canonical\" href=\"https:\/\/www.eldiario.net\/portal\/2021\/05\/28\/cancilleria-anuncia-gestiones-para-importacion-de-oxigeno\/\" \/>\n<meta property=\"og:locale\" content=\"es_ES\" \/>\n<meta property=\"og:type\" content=\"article\" \/>\n<meta property=\"og:title\" content=\"Canciller\u00eda anuncia gestiones para importaci\u00f3n de ox\u00edgeno - El Diario - Bolivia\" \/>\n<meta property=\"og:description\" content=\"Debido al momento cr\u00edtico por el que atraviesan varios centros hospitalarios de distintas ciudades del pa\u00eds a causa de la falta de ox\u00edgeno medicinal para el tratamiento de pacientes infectados con coronavirus, el ministro de Relaciones Exteriores, Rogelio Mayta, anunci\u00f3 que se han realizado gestiones favorables para la importaci\u00f3n de este elemento desde Argentina y [&hellip;]\" \/>\n<meta property=\"og:url\" content=\"https:\/\/www.eldiario.net\/portal\/2021\/05\/28\/cancilleria-anuncia-gestiones-para-importacion-de-oxigeno\/\" \/>\n<meta property=\"og:site_name\" content=\"El Diario - Bolivia\" \/>\n<meta property=\"article:publisher\" content=\"https:\/\/www.facebook.com\/eldiario.bolivia\/\" \/>\n<meta property=\"article:published_time\" content=\"2021-05-28T10:24:19+00:00\" \/>\n<meta property=\"og:image\" content=\"https:\/\/www.eldiario.net\/portal\/wp-content\/uploads\/2021\/05\/Pol-272.jpg\" \/>\n\t<meta property=\"og:image:width\" content=\"1280\" \/>\n\t<meta property=\"og:image:height\" content=\"720\" \/>\n\t<meta property=\"og:image:type\" content=\"image\/jpeg\" \/>\n<meta name=\"author\" content=\"Jeanette\" \/>\n<meta name=\"twitter:card\" content=\"summary_large_image\" \/>\n<meta name=\"twitter:creator\" content=\"@eldiario_net\" \/>\n<meta name=\"twitter:site\" content=\"@eldiario_net\" \/>\n<meta name=\"twitter:label1\" content=\"Escrito por\" \/>\n\t<meta name=\"twitter:data1\" content=\"Jeanette\" \/>\n\t<meta name=\"twitter:label2\" content=\"Tiempo de lectura\" \/>\n\t<meta name=\"twitter:data2\" content=\"2 minutos\" \/>\n<script type=\"application\/ld+json\" class=\"yoast-schema-graph\">{\"@context\":\"https:\\\/\\\/schema.org\",\"@graph\":[{\"@type\":\"Article\",\"@id\":\"https:\\\/\\\/www.eldiario.net\\\/portal\\\/2021\\\/05\\\/28\\\/cancilleria-anuncia-gestiones-para-importacion-de-oxigeno\\\/#article\",\"isPartOf\":{\"@id\":\"https:\\\/\\\/www.eldiario.net\\\/portal\\\/2021\\\/05\\\/28\\\/cancilleria-anuncia-gestiones-para-importacion-de-oxigeno\\\/\"},\"author\":{\"name\":\"Jeanette\",\"@id\":\"https:\\\/\\\/www.eldiario.net\\\/portal\\\/#\\\/schema\\\/person\\\/f46445640444750d7d753ccd04ae01b7\"},\"headline\":\"Canciller\u00eda anuncia gestiones para importaci\u00f3n de ox\u00edgeno\",\"datePublished\":\"2021-05-28T10:24:19+00:00\",\"mainEntityOfPage\":{\"@id\":\"https:\\\/\\\/www.eldiario.net\\\/portal\\\/2021\\\/05\\\/28\\\/cancilleria-anuncia-gestiones-para-importacion-de-oxigeno\\\/\"},\"wordCount\":404,\"publisher\":{\"@id\":\"https:\\\/\\\/www.eldiario.net\\\/portal\\\/#organization\"},\"image\":{\"@id\":\"https:\\\/\\\/www.eldiario.net\\\/portal\\\/2021\\\/05\\\/28\\\/cancilleria-anuncia-gestiones-para-importacion-de-oxigeno\\\/#primaryimage\"},\"thumbnailUrl\":\"https:\\\/\\\/www.eldiario.net\\\/portal\\\/wp-content\\\/uploads\\\/2021\\\/05\\\/Pol-272.jpg\",\"articleSection\":[\"Pol\u00edtica\"],\"inLanguage\":\"es\"},{\"@type\":\"WebPage\",\"@id\":\"https:\\\/\\\/www.eldiario.net\\\/portal\\\/2021\\\/05\\\/28\\\/cancilleria-anuncia-gestiones-para-importacion-de-oxigeno\\\/\",\"url\":\"https:\\\/\\\/www.eldiario.net\\\/portal\\\/2021\\\/05\\\/28\\\/cancilleria-anuncia-gestiones-para-importacion-de-oxigeno\\\/\",\"name\":\"Canciller\u00eda anuncia gestiones para importaci\u00f3n de ox\u00edgeno - El Diario - Bolivia\",\"isPartOf\":{\"@id\":\"https:\\\/\\\/www.eldiario.net\\\/portal\\\/#website\"},\"primaryImageOfPage\":{\"@id\":\"https:\\\/\\\/www.eldiario.net\\\/portal\\\/2021\\\/05\\\/28\\\/cancilleria-anuncia-gestiones-para-importacion-de-oxigeno\\\/#primaryimage\"},\"image\":{\"@id\":\"https:\\\/\\\/www.eldiario.net\\\/portal\\\/2021\\\/05\\\/28\\\/cancilleria-anuncia-gestiones-para-importacion-de-oxigeno\\\/#primaryimage\"},\"thumbnailUrl\":\"https:\\\/\\\/www.eldiario.net\\\/portal\\\/wp-content\\\/uploads\\\/2021\\\/05\\\/Pol-272.jpg\",\"datePublished\":\"2021-05-28T10:24:19+00:00\",\"breadcrumb\":{\"@id\":\"https:\\\/\\\/www.eldiario.net\\\/portal\\\/2021\\\/05\\\/28\\\/cancilleria-anuncia-gestiones-para-importacion-de-oxigeno\\\/#breadcrumb\"},\"inLanguage\":\"es\",\"potentialAction\":[{\"@type\":\"ReadAction\",\"target\":[\"https:\\\/\\\/www.eldiario.net\\\/portal\\\/2021\\\/05\\\/28\\\/cancilleria-anuncia-gestiones-para-importacion-de-oxigeno\\\/\"]}]},{\"@type\":\"ImageObject\",\"inLanguage\":\"es\",\"@id\":\"https:\\\/\\\/www.eldiario.net\\\/portal\\\/2021\\\/05\\\/28\\\/cancilleria-anuncia-gestiones-para-importacion-de-oxigeno\\\/#primaryimage\",\"url\":\"https:\\\/\\\/www.eldiario.net\\\/portal\\\/wp-content\\\/uploads\\\/2021\\\/05\\\/Pol-272.jpg\",\"contentUrl\":\"https:\\\/\\\/www.eldiario.net\\\/portal\\\/wp-content\\\/uploads\\\/2021\\\/05\\\/Pol-272.jpg\",\"width\":1280,\"height\":720},{\"@type\":\"BreadcrumbList\",\"@id\":\"https:\\\/\\\/www.eldiario.net\\\/portal\\\/2021\\\/05\\\/28\\\/cancilleria-anuncia-gestiones-para-importacion-de-oxigeno\\\/#breadcrumb\",\"itemListElement\":[{\"@type\":\"ListItem\",\"position\":1,\"name\":\"Portada\",\"item\":\"https:\\\/\\\/www.eldiario.net\\\/portal\\\/\"},{\"@type\":\"ListItem\",\"position\":2,\"name\":\"Canciller\u00eda anuncia gestiones para importaci\u00f3n de ox\u00edgeno\"}]},{\"@type\":\"WebSite\",\"@id\":\"https:\\\/\\\/www.eldiario.net\\\/portal\\\/#website\",\"url\":\"https:\\\/\\\/www.eldiario.net\\\/portal\\\/\",\"name\":\"El Diario - Decano de la prensa nacional\",\"description\":\"El Diario - Decano de la prensa nacional\",\"publisher\":{\"@id\":\"https:\\\/\\\/www.eldiario.net\\\/portal\\\/#organization\"},\"potentialAction\":[{\"@type\":\"SearchAction\",\"target\":{\"@type\":\"EntryPoint\",\"urlTemplate\":\"https:\\\/\\\/www.eldiario.net\\\/portal\\\/?s={search_term_string}\"},\"query-input\":{\"@type\":\"PropertyValueSpecification\",\"valueRequired\":true,\"valueName\":\"search_term_string\"}}],\"inLanguage\":\"es\"},{\"@type\":\"Organization\",\"@id\":\"https:\\\/\\\/www.eldiario.net\\\/portal\\\/#organization\",\"name\":\"El Diario - Decano de la prensa nacional\",\"url\":\"https:\\\/\\\/www.eldiario.net\\\/portal\\\/\",\"logo\":{\"@type\":\"ImageObject\",\"inLanguage\":\"es\",\"@id\":\"https:\\\/\\\/www.eldiario.net\\\/portal\\\/#\\\/schema\\\/logo\\\/image\\\/\",\"url\":\"https:\\\/\\\/www.eldiario.net\\\/portal\\\/wp-content\\\/uploads\\\/2023\\\/07\\\/logo_ED.jpg\",\"contentUrl\":\"https:\\\/\\\/www.eldiario.net\\\/portal\\\/wp-content\\\/uploads\\\/2023\\\/07\\\/logo_ED.jpg\",\"width\":272,\"height\":52,\"caption\":\"El Diario - Decano de la prensa nacional\"},\"image\":{\"@id\":\"https:\\\/\\\/www.eldiario.net\\\/portal\\\/#\\\/schema\\\/logo\\\/image\\\/\"},\"sameAs\":[\"https:\\\/\\\/www.facebook.com\\\/eldiario.bolivia\\\/\",\"https:\\\/\\\/x.com\\\/eldiario_net\"]},{\"@type\":\"Person\",\"@id\":\"https:\\\/\\\/www.eldiario.net\\\/portal\\\/#\\\/schema\\\/person\\\/f46445640444750d7d753ccd04ae01b7\",\"name\":\"Jeanette\",\"image\":{\"@type\":\"ImageObject\",\"inLanguage\":\"es\",\"@id\":\"https:\\\/\\\/secure.gravatar.com\\\/avatar\\\/3ea2118a5f7dad2b7138b1187a6b7ee55f160b9968b66013c3a3ef39dd7e5798?s=96&d=mm&r=g\",\"url\":\"https:\\\/\\\/secure.gravatar.com\\\/avatar\\\/3ea2118a5f7dad2b7138b1187a6b7ee55f160b9968b66013c3a3ef39dd7e5798?s=96&d=mm&r=g\",\"contentUrl\":\"https:\\\/\\\/secure.gravatar.com\\\/avatar\\\/3ea2118a5f7dad2b7138b1187a6b7ee55f160b9968b66013c3a3ef39dd7e5798?s=96&d=mm&r=g\",\"caption\":\"Jeanette\"},\"sameAs\":[\"https:\\\/\\\/www.eldiario.net\\\/portal\"],\"url\":\"https:\\\/\\\/www.eldiario.net\\\/portal\\\/author\\\/jeanette\\\/\"}]}<\/script>\n<!-- \/ Yoast SEO plugin. -->","yoast_head_json":{"title":"Canciller\u00eda anuncia gestiones para importaci\u00f3n de ox\u00edgeno - El Diario - Bolivia","robots":{"index":"index","follow":"follow","max-snippet":"max-snippet:-1","max-image-preview":"max-image-preview:large","max-video-preview":"max-video-preview:-1"},"canonical":"https:\/\/www.eldiario.net\/portal\/2021\/05\/28\/cancilleria-anuncia-gestiones-para-importacion-de-oxigeno\/","og_locale":"es_ES","og_type":"article","og_title":"Canciller\u00eda anuncia gestiones para importaci\u00f3n de ox\u00edgeno - El Diario - Bolivia","og_description":"Debido al momento cr\u00edtico por el que atraviesan varios centros hospitalarios de distintas ciudades del pa\u00eds a causa de la falta de ox\u00edgeno medicinal para el tratamiento de pacientes infectados con coronavirus, el ministro de Relaciones Exteriores, Rogelio Mayta, anunci\u00f3 que se han realizado gestiones favorables para la importaci\u00f3n de este elemento desde Argentina y [&hellip;]","og_url":"https:\/\/www.eldiario.net\/portal\/2021\/05\/28\/cancilleria-anuncia-gestiones-para-importacion-de-oxigeno\/","og_site_name":"El Diario - Bolivia","article_publisher":"https:\/\/www.facebook.com\/eldiario.bolivia\/","article_published_time":"2021-05-28T10:24:19+00:00","og_image":[{"width":1280,"height":720,"url":"https:\/\/www.eldiario.net\/portal\/wp-content\/uploads\/2021\/05\/Pol-272.jpg","type":"image\/jpeg"}],"author":"Jeanette","twitter_card":"summary_large_image","twitter_creator":"@eldiario_net","twitter_site":"@eldiario_net","twitter_misc":{"Escrito por":"Jeanette","Tiempo de lectura":"2 minutos"},"schema":{"@context":"https:\/\/schema.org","@graph":[{"@type":"Article","@id":"https:\/\/www.eldiario.net\/portal\/2021\/05\/28\/cancilleria-anuncia-gestiones-para-importacion-de-oxigeno\/#article","isPartOf":{"@id":"https:\/\/www.eldiario.net\/portal\/2021\/05\/28\/cancilleria-anuncia-gestiones-para-importacion-de-oxigeno\/"},"author":{"name":"Jeanette","@id":"https:\/\/www.eldiario.net\/portal\/#\/schema\/person\/f46445640444750d7d753ccd04ae01b7"},"headline":"Canciller\u00eda anuncia gestiones para importaci\u00f3n de ox\u00edgeno","datePublished":"2021-05-28T10:24:19+00:00","mainEntityOfPage":{"@id":"https:\/\/www.eldiario.net\/portal\/2021\/05\/28\/cancilleria-anuncia-gestiones-para-importacion-de-oxigeno\/"},"wordCount":404,"publisher":{"@id":"https:\/\/www.eldiario.net\/portal\/#organization"},"image":{"@id":"https:\/\/www.eldiario.net\/portal\/2021\/05\/28\/cancilleria-anuncia-gestiones-para-importacion-de-oxigeno\/#primaryimage"},"thumbnailUrl":"https:\/\/www.eldiario.net\/portal\/wp-content\/uploads\/2021\/05\/Pol-272.jpg","articleSection":["Pol\u00edtica"],"inLanguage":"es"},{"@type":"WebPage","@id":"https:\/\/www.eldiario.net\/portal\/2021\/05\/28\/cancilleria-anuncia-gestiones-para-importacion-de-oxigeno\/","url":"https:\/\/www.eldiario.net\/portal\/2021\/05\/28\/cancilleria-anuncia-gestiones-para-importacion-de-oxigeno\/","name":"Canciller\u00eda anuncia gestiones para importaci\u00f3n de ox\u00edgeno - El Diario - Bolivia","isPartOf":{"@id":"https:\/\/www.eldiario.net\/portal\/#website"},"primaryImageOfPage":{"@id":"https:\/\/www.eldiario.net\/portal\/2021\/05\/28\/cancilleria-anuncia-gestiones-para-importacion-de-oxigeno\/#primaryimage"},"image":{"@id":"https:\/\/www.eldiario.net\/portal\/2021\/05\/28\/cancilleria-anuncia-gestiones-para-importacion-de-oxigeno\/#primaryimage"},"thumbnailUrl":"https:\/\/www.eldiario.net\/portal\/wp-content\/uploads\/2021\/05\/Pol-272.jpg","datePublished":"2021-05-28T10:24:19+00:00","breadcrumb":{"@id":"https:\/\/www.eldiario.net\/portal\/2021\/05\/28\/cancilleria-anuncia-gestiones-para-importacion-de-oxigeno\/#breadcrumb"},"inLanguage":"es","potentialAction":[{"@type":"ReadAction","target":["https:\/\/www.eldiario.net\/portal\/2021\/05\/28\/cancilleria-anuncia-gestiones-para-importacion-de-oxigeno\/"]}]},{"@type":"ImageObject","inLanguage":"es","@id":"https:\/\/www.eldiario.net\/portal\/2021\/05\/28\/cancilleria-anuncia-gestiones-para-importacion-de-oxigeno\/#primaryimage","url":"https:\/\/www.eldiario.net\/portal\/wp-content\/uploads\/2021\/05\/Pol-272.jpg","contentUrl":"https:\/\/www.eldiario.net\/portal\/wp-content\/uploads\/2021\/05\/Pol-272.jpg","width":1280,"height":720},{"@type":"BreadcrumbList","@id":"https:\/\/www.eldiario.net\/portal\/2021\/05\/28\/cancilleria-anuncia-gestiones-para-importacion-de-oxigeno\/#breadcrumb","itemListElement":[{"@type":"ListItem","position":1,"name":"Portada","item":"https:\/\/www.eldiario.net\/portal\/"},{"@type":"ListItem","position":2,"name":"Canciller\u00eda anuncia gestiones para importaci\u00f3n de ox\u00edgeno"}]},{"@type":"WebSite","@id":"https:\/\/www.eldiario.net\/portal\/#website","url":"https:\/\/www.eldiario.net\/portal\/","name":"El Diario - Decano de la prensa nacional","description":"El Diario - Decano de la prensa nacional","publisher":{"@id":"https:\/\/www.eldiario.net\/portal\/#organization"},"potentialAction":[{"@type":"SearchAction","target":{"@type":"EntryPoint","urlTemplate":"https:\/\/www.eldiario.net\/portal\/?s={search_term_string}"},"query-input":{"@type":"PropertyValueSpecification","valueRequired":true,"valueName":"search_term_string"}}],"inLanguage":"es"},{"@type":"Organization","@id":"https:\/\/www.eldiario.net\/portal\/#organization","name":"El Diario - Decano de la prensa nacional","url":"https:\/\/www.eldiario.net\/portal\/","logo":{"@type":"ImageObject","inLanguage":"es","@id":"https:\/\/www.eldiario.net\/portal\/#\/schema\/logo\/image\/","url":"https:\/\/www.eldiario.net\/portal\/wp-content\/uploads\/2023\/07\/logo_ED.jpg","contentUrl":"https:\/\/www.eldiario.net\/portal\/wp-content\/uploads\/2023\/07\/logo_ED.jpg","width":272,"height":52,"caption":"El Diario - Decano de la prensa nacional"},"image":{"@id":"https:\/\/www.eldiario.net\/portal\/#\/schema\/logo\/image\/"},"sameAs":["https:\/\/www.facebook.com\/eldiario.bolivia\/","https:\/\/x.com\/eldiario_net"]},{"@type":"Person","@id":"https:\/\/www.eldiario.net\/portal\/#\/schema\/person\/f46445640444750d7d753ccd04ae01b7","name":"Jeanette","image":{"@type":"ImageObject","inLanguage":"es","@id":"https:\/\/secure.gravatar.com\/avatar\/3ea2118a5f7dad2b7138b1187a6b7ee55f160b9968b66013c3a3ef39dd7e5798?s=96&d=mm&r=g","url":"https:\/\/secure.gravatar.com\/avatar\/3ea2118a5f7dad2b7138b1187a6b7ee55f160b9968b66013c3a3ef39dd7e5798?s=96&d=mm&r=g","contentUrl":"https:\/\/secure.gravatar.com\/avatar\/3ea2118a5f7dad2b7138b1187a6b7ee55f160b9968b66013c3a3ef39dd7e5798?s=96&d=mm&r=g","caption":"Jeanette"},"sameAs":["https:\/\/www.eldiario.net\/portal"],"url":"https:\/\/www.eldiario.net\/portal\/author\/jeanette\/"}]}},"_links":{"self":[{"href":"https:\/\/www.eldiario.net\/portal\/wp-json\/wp\/v2\/posts\/6849","targetHints":{"allow":["GET"]}}],"collection":[{"href":"https:\/\/www.eldiario.net\/portal\/wp-json\/wp\/v2\/posts"}],"about":[{"href":"https:\/\/www.eldiario.net\/portal\/wp-json\/wp\/v2\/types\/post"}],"author":[{"embeddable":true,"href":"https:\/\/www.eldiario.net\/portal\/wp-json\/wp\/v2\/users\/1"}],"replies":[{"embeddable":true,"href":"https:\/\/www.eldiario.net\/portal\/wp-json\/wp\/v2\/comments?post=6849"}],"version-history":[{"count":0,"href":"https:\/\/www.eldiario.net\/portal\/wp-json\/wp\/v2\/posts\/6849\/revisions"}],"wp:featuredmedia":[{"embeddable":true,"href":"https:\/\/www.eldiario.net\/portal\/wp-json\/wp\/v2\/media\/6850"}],"wp:attachment":[{"href":"https:\/\/www.eldiario.net\/portal\/wp-json\/wp\/v2\/media?parent=6849"}],"wp:term":[{"taxonomy":"category","embeddable":true,"href":"https:\/\/www.eldiario.net\/portal\/wp-json\/wp\/v2\/categories?post=6849"},{"taxonomy":"post_tag","embeddable":true,"href":"https:\/\/www.eldiario.net\/portal\/wp-json\/wp\/v2\/tags?post=6849"}],"curies":[{"name":"wp","href":"https:\/\/api.w.org\/{rel}","templated":true}]}}