{"id":6845,"date":"2021-05-28T06:22:31","date_gmt":"2021-05-28T10:22:31","guid":{"rendered":"https:\/\/www.eldiario.net\/portal\/?p=6845"},"modified":"2021-05-28T06:22:31","modified_gmt":"2021-05-28T10:22:31","slug":"oposicion-cuestiona-dejadez-del-gobierno-para-extradicion-a-murillo","status":"publish","type":"post","link":"https:\/\/www.eldiario.net\/portal\/2021\/05\/28\/oposicion-cuestiona-dejadez-del-gobierno-para-extradicion-a-murillo\/","title":{"rendered":"Oposici\u00f3n cuestiona dejadez del  Gobierno para extradici\u00f3n a Murillo"},"content":{"rendered":"<p>Ante el inicio de procesos en los Estados Unidos, en contra del exministro de Gobierno, Arturo Murillo Prijic, por delitos relacionados a conspiraci\u00f3n para el lavado de dinero y sobornos, el jefe de bancada de Comunidad Ciudadana (CC) en diputados, Carlos Alarc\u00f3n, cuestion\u00f3 la tardanza y la \u201cdejadez\u201d del Gobierno del Movimiento al Socialismo (MAS) para agilizar la solicitud de extradici\u00f3n de la exautoridad.<br \/>\nAlarc\u00f3n lament\u00f3 que desde el Gobierno no se prioricen los tr\u00e1mites para solicitar que exfuncionarios implicados en actos de corrupci\u00f3n sean repatriados y enfrenten a la justicia en territorio nacional.<br \/>\nSe\u00f1al\u00f3 que la denuncia por este caso, en primera instancia, se present\u00f3 el pasado 4 de junio del a\u00f1o 2020, y que la Fiscal\u00eda emiti\u00f3 \u00f3rdenes de aprehensi\u00f3n en contra de las exautoridades en noviembre del mismo a\u00f1o, por lo que ya ha transcurrido casi un a\u00f1o del inicio de este proceso, sin avances visibles.<br \/>\n\u201cDe junio hasta la fecha de hoy han transcurrido pr\u00e1cticamente un a\u00f1o de este proceso y no se ha hecho absolutamente nada en relaci\u00f3n a un pedido de extradici\u00f3n\u201d, afirm\u00f3 el legislador.<br \/>\nAlarc\u00f3n tambi\u00e9n cuestion\u00f3 que el Ministro de Gobierno haya manifestado que en caso de que Murillo obtenga una fianza, se proceder\u00e1 a pedir su extradici\u00f3n, como si de esta condici\u00f3n dependiera el poner a la exautoridad ante la justicia.<br \/>\nAgreg\u00f3 que, seg\u00fan el tratado de extradici\u00f3n suscrito entre Bolivia y Estados Unidos, en caso de que el pa\u00eds hubiera solicitado la extradici\u00f3n de Murillo antes del inicio de procesos en su contra en el pa\u00eds del norte, la solicitud habr\u00eda contado con una precedencia formal, lo que facilitar\u00eda y dar\u00eda prioridad a la solicitud.<br \/>\nSe\u00f1al\u00f3 que por la falta de celeridad en los tr\u00e1mites para extraditar a Murillo es posible que se beneficie de una fianza o una pena con posibilidades de ser acortada, por la diferencia en el cumplimiento de penas entre EEUU y Bolivia.<\/p>\n","protected":false},"excerpt":{"rendered":"<p>Ante el inicio de procesos en los Estados Unidos, en contra del exministro de Gobierno, Arturo Murillo Prijic, por delitos relacionados a conspiraci\u00f3n para el lavado de dinero y sobornos, el jefe de bancada de Comunidad Ciudadana (CC) en diputados, Carlos Alarc\u00f3n, cuestion\u00f3 la tardanza y la \u201cdejadez\u201d del Gobierno del Movimiento al Socialismo (MAS) [&hellip;]<\/p>\n","protected":false},"author":1,"featured_media":0,"comment_status":"closed","ping_status":"closed","sticky":false,"template":"","format":"standard","meta":{"_acf_changed":false,"footnotes":""},"categories":[14],"tags":[],"class_list":["post-6845","post","type-post","status-publish","format-standard","category-politica"],"acf":{"antetitulo":""},"yoast_head":"<!-- This site is optimized with the Yoast SEO plugin v28.3 - https:\/\/yoast.com\/product\/yoast-seo-wordpress\/ -->\n<title>Oposici\u00f3n cuestiona dejadez del Gobierno para extradici\u00f3n a Murillo - El Diario - Bolivia<\/title>\n<meta name=\"robots\" content=\"index, follow, max-snippet:-1, max-image-preview:large, max-video-preview:-1\" \/>\n<link rel=\"canonical\" href=\"https:\/\/www.eldiario.net\/portal\/2021\/05\/28\/oposicion-cuestiona-dejadez-del-gobierno-para-extradicion-a-murillo\/\" \/>\n<meta property=\"og:locale\" content=\"es_ES\" \/>\n<meta property=\"og:type\" content=\"article\" \/>\n<meta property=\"og:title\" content=\"Oposici\u00f3n cuestiona dejadez del Gobierno para extradici\u00f3n a Murillo - El Diario - Bolivia\" \/>\n<meta property=\"og:description\" content=\"Ante el inicio de procesos en los Estados Unidos, en contra del exministro de Gobierno, Arturo Murillo Prijic, por delitos relacionados a conspiraci\u00f3n para el lavado de dinero y sobornos, el jefe de bancada de Comunidad Ciudadana (CC) en diputados, Carlos Alarc\u00f3n, cuestion\u00f3 la tardanza y la \u201cdejadez\u201d del Gobierno del Movimiento al Socialismo (MAS) [&hellip;]\" \/>\n<meta property=\"og:url\" content=\"https:\/\/www.eldiario.net\/portal\/2021\/05\/28\/oposicion-cuestiona-dejadez-del-gobierno-para-extradicion-a-murillo\/\" \/>\n<meta property=\"og:site_name\" content=\"El Diario - Bolivia\" \/>\n<meta property=\"article:publisher\" content=\"https:\/\/www.facebook.com\/eldiario.bolivia\/\" \/>\n<meta property=\"article:published_time\" content=\"2021-05-28T10:22:31+00:00\" \/>\n<meta name=\"author\" content=\"Jeanette\" \/>\n<meta name=\"twitter:card\" content=\"summary_large_image\" \/>\n<meta name=\"twitter:creator\" content=\"@eldiario_net\" \/>\n<meta name=\"twitter:site\" content=\"@eldiario_net\" \/>\n<meta name=\"twitter:label1\" content=\"Escrito por\" \/>\n\t<meta name=\"twitter:data1\" content=\"Jeanette\" \/>\n\t<meta name=\"twitter:label2\" content=\"Tiempo de lectura\" \/>\n\t<meta name=\"twitter:data2\" content=\"2 minutos\" \/>\n<script type=\"application\/ld+json\" class=\"yoast-schema-graph\">{\"@context\":\"https:\\\/\\\/schema.org\",\"@graph\":[{\"@type\":\"Article\",\"@id\":\"https:\\\/\\\/www.eldiario.net\\\/portal\\\/2021\\\/05\\\/28\\\/oposicion-cuestiona-dejadez-del-gobierno-para-extradicion-a-murillo\\\/#article\",\"isPartOf\":{\"@id\":\"https:\\\/\\\/www.eldiario.net\\\/portal\\\/2021\\\/05\\\/28\\\/oposicion-cuestiona-dejadez-del-gobierno-para-extradicion-a-murillo\\\/\"},\"author\":{\"name\":\"Jeanette\",\"@id\":\"https:\\\/\\\/www.eldiario.net\\\/portal\\\/#\\\/schema\\\/person\\\/f46445640444750d7d753ccd04ae01b7\"},\"headline\":\"Oposici\u00f3n cuestiona dejadez del Gobierno para extradici\u00f3n a Murillo\",\"datePublished\":\"2021-05-28T10:22:31+00:00\",\"mainEntityOfPage\":{\"@id\":\"https:\\\/\\\/www.eldiario.net\\\/portal\\\/2021\\\/05\\\/28\\\/oposicion-cuestiona-dejadez-del-gobierno-para-extradicion-a-murillo\\\/\"},\"wordCount\":356,\"publisher\":{\"@id\":\"https:\\\/\\\/www.eldiario.net\\\/portal\\\/#organization\"},\"articleSection\":[\"Pol\u00edtica\"],\"inLanguage\":\"es\"},{\"@type\":\"WebPage\",\"@id\":\"https:\\\/\\\/www.eldiario.net\\\/portal\\\/2021\\\/05\\\/28\\\/oposicion-cuestiona-dejadez-del-gobierno-para-extradicion-a-murillo\\\/\",\"url\":\"https:\\\/\\\/www.eldiario.net\\\/portal\\\/2021\\\/05\\\/28\\\/oposicion-cuestiona-dejadez-del-gobierno-para-extradicion-a-murillo\\\/\",\"name\":\"Oposici\u00f3n cuestiona dejadez del Gobierno para extradici\u00f3n a Murillo - El Diario - Bolivia\",\"isPartOf\":{\"@id\":\"https:\\\/\\\/www.eldiario.net\\\/portal\\\/#website\"},\"datePublished\":\"2021-05-28T10:22:31+00:00\",\"breadcrumb\":{\"@id\":\"https:\\\/\\\/www.eldiario.net\\\/portal\\\/2021\\\/05\\\/28\\\/oposicion-cuestiona-dejadez-del-gobierno-para-extradicion-a-murillo\\\/#breadcrumb\"},\"inLanguage\":\"es\",\"potentialAction\":[{\"@type\":\"ReadAction\",\"target\":[\"https:\\\/\\\/www.eldiario.net\\\/portal\\\/2021\\\/05\\\/28\\\/oposicion-cuestiona-dejadez-del-gobierno-para-extradicion-a-murillo\\\/\"]}]},{\"@type\":\"BreadcrumbList\",\"@id\":\"https:\\\/\\\/www.eldiario.net\\\/portal\\\/2021\\\/05\\\/28\\\/oposicion-cuestiona-dejadez-del-gobierno-para-extradicion-a-murillo\\\/#breadcrumb\",\"itemListElement\":[{\"@type\":\"ListItem\",\"position\":1,\"name\":\"Portada\",\"item\":\"https:\\\/\\\/www.eldiario.net\\\/portal\\\/\"},{\"@type\":\"ListItem\",\"position\":2,\"name\":\"Oposici\u00f3n cuestiona dejadez del Gobierno para extradici\u00f3n a Murillo\"}]},{\"@type\":\"WebSite\",\"@id\":\"https:\\\/\\\/www.eldiario.net\\\/portal\\\/#website\",\"url\":\"https:\\\/\\\/www.eldiario.net\\\/portal\\\/\",\"name\":\"El Diario - Decano de la prensa nacional\",\"description\":\"El Diario - Decano de la prensa nacional\",\"publisher\":{\"@id\":\"https:\\\/\\\/www.eldiario.net\\\/portal\\\/#organization\"},\"potentialAction\":[{\"@type\":\"SearchAction\",\"target\":{\"@type\":\"EntryPoint\",\"urlTemplate\":\"https:\\\/\\\/www.eldiario.net\\\/portal\\\/?s={search_term_string}\"},\"query-input\":{\"@type\":\"PropertyValueSpecification\",\"valueRequired\":true,\"valueName\":\"search_term_string\"}}],\"inLanguage\":\"es\"},{\"@type\":\"Organization\",\"@id\":\"https:\\\/\\\/www.eldiario.net\\\/portal\\\/#organization\",\"name\":\"El Diario - Decano de la prensa nacional\",\"url\":\"https:\\\/\\\/www.eldiario.net\\\/portal\\\/\",\"logo\":{\"@type\":\"ImageObject\",\"inLanguage\":\"es\",\"@id\":\"https:\\\/\\\/www.eldiario.net\\\/portal\\\/#\\\/schema\\\/logo\\\/image\\\/\",\"url\":\"https:\\\/\\\/www.eldiario.net\\\/portal\\\/wp-content\\\/uploads\\\/2023\\\/07\\\/logo_ED.jpg\",\"contentUrl\":\"https:\\\/\\\/www.eldiario.net\\\/portal\\\/wp-content\\\/uploads\\\/2023\\\/07\\\/logo_ED.jpg\",\"width\":272,\"height\":52,\"caption\":\"El Diario - Decano de la prensa nacional\"},\"image\":{\"@id\":\"https:\\\/\\\/www.eldiario.net\\\/portal\\\/#\\\/schema\\\/logo\\\/image\\\/\"},\"sameAs\":[\"https:\\\/\\\/www.facebook.com\\\/eldiario.bolivia\\\/\",\"https:\\\/\\\/x.com\\\/eldiario_net\"]},{\"@type\":\"Person\",\"@id\":\"https:\\\/\\\/www.eldiario.net\\\/portal\\\/#\\\/schema\\\/person\\\/f46445640444750d7d753ccd04ae01b7\",\"name\":\"Jeanette\",\"image\":{\"@type\":\"ImageObject\",\"inLanguage\":\"es\",\"@id\":\"https:\\\/\\\/secure.gravatar.com\\\/avatar\\\/3ea2118a5f7dad2b7138b1187a6b7ee55f160b9968b66013c3a3ef39dd7e5798?s=96&d=mm&r=g\",\"url\":\"https:\\\/\\\/secure.gravatar.com\\\/avatar\\\/3ea2118a5f7dad2b7138b1187a6b7ee55f160b9968b66013c3a3ef39dd7e5798?s=96&d=mm&r=g\",\"contentUrl\":\"https:\\\/\\\/secure.gravatar.com\\\/avatar\\\/3ea2118a5f7dad2b7138b1187a6b7ee55f160b9968b66013c3a3ef39dd7e5798?s=96&d=mm&r=g\",\"caption\":\"Jeanette\"},\"sameAs\":[\"https:\\\/\\\/www.eldiario.net\\\/portal\"],\"url\":\"https:\\\/\\\/www.eldiario.net\\\/portal\\\/author\\\/jeanette\\\/\"}]}<\/script>\n<!-- \/ Yoast SEO plugin. -->","yoast_head_json":{"title":"Oposici\u00f3n cuestiona dejadez del Gobierno para extradici\u00f3n a Murillo - El Diario - Bolivia","robots":{"index":"index","follow":"follow","max-snippet":"max-snippet:-1","max-image-preview":"max-image-preview:large","max-video-preview":"max-video-preview:-1"},"canonical":"https:\/\/www.eldiario.net\/portal\/2021\/05\/28\/oposicion-cuestiona-dejadez-del-gobierno-para-extradicion-a-murillo\/","og_locale":"es_ES","og_type":"article","og_title":"Oposici\u00f3n cuestiona dejadez del Gobierno para extradici\u00f3n a Murillo - El Diario - Bolivia","og_description":"Ante el inicio de procesos en los Estados Unidos, en contra del exministro de Gobierno, Arturo Murillo Prijic, por delitos relacionados a conspiraci\u00f3n para el lavado de dinero y sobornos, el jefe de bancada de Comunidad Ciudadana (CC) en diputados, Carlos Alarc\u00f3n, cuestion\u00f3 la tardanza y la \u201cdejadez\u201d del Gobierno del Movimiento al Socialismo (MAS) [&hellip;]","og_url":"https:\/\/www.eldiario.net\/portal\/2021\/05\/28\/oposicion-cuestiona-dejadez-del-gobierno-para-extradicion-a-murillo\/","og_site_name":"El Diario - Bolivia","article_publisher":"https:\/\/www.facebook.com\/eldiario.bolivia\/","article_published_time":"2021-05-28T10:22:31+00:00","author":"Jeanette","twitter_card":"summary_large_image","twitter_creator":"@eldiario_net","twitter_site":"@eldiario_net","twitter_misc":{"Escrito por":"Jeanette","Tiempo de lectura":"2 minutos"},"schema":{"@context":"https:\/\/schema.org","@graph":[{"@type":"Article","@id":"https:\/\/www.eldiario.net\/portal\/2021\/05\/28\/oposicion-cuestiona-dejadez-del-gobierno-para-extradicion-a-murillo\/#article","isPartOf":{"@id":"https:\/\/www.eldiario.net\/portal\/2021\/05\/28\/oposicion-cuestiona-dejadez-del-gobierno-para-extradicion-a-murillo\/"},"author":{"name":"Jeanette","@id":"https:\/\/www.eldiario.net\/portal\/#\/schema\/person\/f46445640444750d7d753ccd04ae01b7"},"headline":"Oposici\u00f3n cuestiona dejadez del Gobierno para extradici\u00f3n a Murillo","datePublished":"2021-05-28T10:22:31+00:00","mainEntityOfPage":{"@id":"https:\/\/www.eldiario.net\/portal\/2021\/05\/28\/oposicion-cuestiona-dejadez-del-gobierno-para-extradicion-a-murillo\/"},"wordCount":356,"publisher":{"@id":"https:\/\/www.eldiario.net\/portal\/#organization"},"articleSection":["Pol\u00edtica"],"inLanguage":"es"},{"@type":"WebPage","@id":"https:\/\/www.eldiario.net\/portal\/2021\/05\/28\/oposicion-cuestiona-dejadez-del-gobierno-para-extradicion-a-murillo\/","url":"https:\/\/www.eldiario.net\/portal\/2021\/05\/28\/oposicion-cuestiona-dejadez-del-gobierno-para-extradicion-a-murillo\/","name":"Oposici\u00f3n cuestiona dejadez del Gobierno para extradici\u00f3n a Murillo - El Diario - Bolivia","isPartOf":{"@id":"https:\/\/www.eldiario.net\/portal\/#website"},"datePublished":"2021-05-28T10:22:31+00:00","breadcrumb":{"@id":"https:\/\/www.eldiario.net\/portal\/2021\/05\/28\/oposicion-cuestiona-dejadez-del-gobierno-para-extradicion-a-murillo\/#breadcrumb"},"inLanguage":"es","potentialAction":[{"@type":"ReadAction","target":["https:\/\/www.eldiario.net\/portal\/2021\/05\/28\/oposicion-cuestiona-dejadez-del-gobierno-para-extradicion-a-murillo\/"]}]},{"@type":"BreadcrumbList","@id":"https:\/\/www.eldiario.net\/portal\/2021\/05\/28\/oposicion-cuestiona-dejadez-del-gobierno-para-extradicion-a-murillo\/#breadcrumb","itemListElement":[{"@type":"ListItem","position":1,"name":"Portada","item":"https:\/\/www.eldiario.net\/portal\/"},{"@type":"ListItem","position":2,"name":"Oposici\u00f3n cuestiona dejadez del Gobierno para extradici\u00f3n a Murillo"}]},{"@type":"WebSite","@id":"https:\/\/www.eldiario.net\/portal\/#website","url":"https:\/\/www.eldiario.net\/portal\/","name":"El Diario - Decano de la prensa nacional","description":"El Diario - Decano de la prensa nacional","publisher":{"@id":"https:\/\/www.eldiario.net\/portal\/#organization"},"potentialAction":[{"@type":"SearchAction","target":{"@type":"EntryPoint","urlTemplate":"https:\/\/www.eldiario.net\/portal\/?s={search_term_string}"},"query-input":{"@type":"PropertyValueSpecification","valueRequired":true,"valueName":"search_term_string"}}],"inLanguage":"es"},{"@type":"Organization","@id":"https:\/\/www.eldiario.net\/portal\/#organization","name":"El Diario - Decano de la prensa nacional","url":"https:\/\/www.eldiario.net\/portal\/","logo":{"@type":"ImageObject","inLanguage":"es","@id":"https:\/\/www.eldiario.net\/portal\/#\/schema\/logo\/image\/","url":"https:\/\/www.eldiario.net\/portal\/wp-content\/uploads\/2023\/07\/logo_ED.jpg","contentUrl":"https:\/\/www.eldiario.net\/portal\/wp-content\/uploads\/2023\/07\/logo_ED.jpg","width":272,"height":52,"caption":"El Diario - Decano de la prensa nacional"},"image":{"@id":"https:\/\/www.eldiario.net\/portal\/#\/schema\/logo\/image\/"},"sameAs":["https:\/\/www.facebook.com\/eldiario.bolivia\/","https:\/\/x.com\/eldiario_net"]},{"@type":"Person","@id":"https:\/\/www.eldiario.net\/portal\/#\/schema\/person\/f46445640444750d7d753ccd04ae01b7","name":"Jeanette","image":{"@type":"ImageObject","inLanguage":"es","@id":"https:\/\/secure.gravatar.com\/avatar\/3ea2118a5f7dad2b7138b1187a6b7ee55f160b9968b66013c3a3ef39dd7e5798?s=96&d=mm&r=g","url":"https:\/\/secure.gravatar.com\/avatar\/3ea2118a5f7dad2b7138b1187a6b7ee55f160b9968b66013c3a3ef39dd7e5798?s=96&d=mm&r=g","contentUrl":"https:\/\/secure.gravatar.com\/avatar\/3ea2118a5f7dad2b7138b1187a6b7ee55f160b9968b66013c3a3ef39dd7e5798?s=96&d=mm&r=g","caption":"Jeanette"},"sameAs":["https:\/\/www.eldiario.net\/portal"],"url":"https:\/\/www.eldiario.net\/portal\/author\/jeanette\/"}]}},"_links":{"self":[{"href":"https:\/\/www.eldiario.net\/portal\/wp-json\/wp\/v2\/posts\/6845","targetHints":{"allow":["GET"]}}],"collection":[{"href":"https:\/\/www.eldiario.net\/portal\/wp-json\/wp\/v2\/posts"}],"about":[{"href":"https:\/\/www.eldiario.net\/portal\/wp-json\/wp\/v2\/types\/post"}],"author":[{"embeddable":true,"href":"https:\/\/www.eldiario.net\/portal\/wp-json\/wp\/v2\/users\/1"}],"replies":[{"embeddable":true,"href":"https:\/\/www.eldiario.net\/portal\/wp-json\/wp\/v2\/comments?post=6845"}],"version-history":[{"count":0,"href":"https:\/\/www.eldiario.net\/portal\/wp-json\/wp\/v2\/posts\/6845\/revisions"}],"wp:attachment":[{"href":"https:\/\/www.eldiario.net\/portal\/wp-json\/wp\/v2\/media?parent=6845"}],"wp:term":[{"taxonomy":"category","embeddable":true,"href":"https:\/\/www.eldiario.net\/portal\/wp-json\/wp\/v2\/categories?post=6845"},{"taxonomy":"post_tag","embeddable":true,"href":"https:\/\/www.eldiario.net\/portal\/wp-json\/wp\/v2\/tags?post=6845"}],"curies":[{"name":"wp","href":"https:\/\/api.w.org\/{rel}","templated":true}]}}