{"id":6842,"date":"2021-05-28T06:21:18","date_gmt":"2021-05-28T10:21:18","guid":{"rendered":"https:\/\/www.eldiario.net\/portal\/?p=6842"},"modified":"2021-05-28T06:21:18","modified_gmt":"2021-05-28T10:21:18","slug":"prohiben-fiestas-con-o-sin-bebidas-alcoholicas","status":"publish","type":"post","link":"https:\/\/www.eldiario.net\/portal\/2021\/05\/28\/prohiben-fiestas-con-o-sin-bebidas-alcoholicas\/","title":{"rendered":"Proh\u00edben fiestas con o sin bebidas alcoh\u00f3licas"},"content":{"rendered":"<p>El Comit\u00e9 de Operaciones de Emergencia Departamental (COED) de La Paz determin\u00f3 ayer la prohibici\u00f3n de fiestas con o sin consumo de bebidas alcoh\u00f3licas entre el 31 de mayo y 7 de junio, como una de las medidas de aplicaci\u00f3n obligatoria para contener el avance del coronavirus en la regi\u00f3n.<br \/>\n\u201cQueda prohibida toda actividad festiva y acontecimiento social que se lleve a cabo en lugares contratados o alquilados con o sin expendio de consumos de bebidas alcoh\u00f3licas\u201d, indica una de las conclusiones.<br \/>\nTambi\u00e9n \u201cqueda prohibido el expendio y consumo de bebidas alcoh\u00f3licas en bares y discotecas, billares, karaokes y otros espacios de acuerdo a ley\u201d y que \u201cel expendio de bebidas alcoh\u00f3licas en licorer\u00edas, supermercados y tiendas de barrio est\u00e1 permitido hasta las 22.00 horas\u201d.<br \/>\nLa reuni\u00f3n del COED fue convocada por el gobernador de La Paz, Santos Quispe, y asistieron los alcaldes Iv\u00e1n Arias y Eva Copa, de La Paz y de El Alto, respectivamente.<br \/>\nLas conclusiones tambi\u00e9n se\u00f1alan que \u201cpara el caso del acontecimiento p\u00fablico educativo, se podr\u00e1 llevar adelante siempre y cuando se cumpla con las medidas de bioseguridad, aforo del 50 %, ventilaci\u00f3n permanente, distanciamiento f\u00edsico y sin consumo de bebidas alcoh\u00f3licas\u201d.<br \/>\nCon relaci\u00f3n a las actividades en los domicilios, estas \u201cpodr\u00e1n realizarse con las respectivas medidas de bioseguridad\u201d.<br \/>\nEl art\u00edculo 2 de la resoluci\u00f3n dispone: \u201cLas medidas se\u00f1aladas precedentemente y otras vinculadas al funcionamiento de las actividades econ\u00f3micas de \u00edndole comercial servicio y otros, ser\u00e1n sujetos de evaluaci\u00f3n cada siete d\u00edas a partir de la emisi\u00f3n de la presente resoluci\u00f3n\u201d.<br \/>\nEl COED determin\u00f3 ampliar los puntos de vacunaci\u00f3n \u201ccon programaci\u00f3n de d\u00edas y lugares en coordinaci\u00f3n con los gobiernos municipales de La Paz, El Alto\u201d.<br \/>\nAsimismo, el documento firmado por las tres autoridades del departamento se\u00f1ala que se solicitar\u00e1 informaci\u00f3n al Gobierno sobre los criterios de distribuci\u00f3n de las vacunas a nivel nacional. En este orden, \u201cse solicitar\u00e1 la asignaci\u00f3n del 25 % de vacunas que llegan al pa\u00eds por poblaci\u00f3n\u201d.<br \/>\nOtra disposici\u00f3n es la de realizar un diagn\u00f3stico oportuno de casos de covid-19 a trav\u00e9s de la habilitaci\u00f3n de m\u00e1s puntos y mayor cantidad de pruebas.<br \/>\nTambi\u00e9n se gestionar\u00e1n \u201cacuerdos con el empresariado privado para pruebas ant\u00edgeno nasales y vacunaci\u00f3n masiva\u201d y se solicitar\u00e1 \u201cante el Ministerio de Salud y Deportes la devoluci\u00f3n de los m\u00e9dicos Safci a los municipios\u201d.<br \/>\nEn cuanto a la alerta temprana, el COED pedir\u00e1 trabajar \u201ccon la ayuda de la Polic\u00eda Boliviana y guardias municipales, de acuerdo a las funciones establecidas de cada unidad\u201d.<br \/>\nY para detectar casos de covid-19 \u201cse incorporar\u00e1n pruebas ant\u00edgeno nasales en mercados y focos rojos de contagio\u201d. Los casos que sean positivos en mercados locales y ferias, ser\u00e1n aislados.<br \/>\nSe proceder\u00e1 a la \u201cactualizaci\u00f3n del sistema de alerta temprana, con datos de la segunda y tercera ola\u201d, y se realizar\u00e1 el \u201ccontrol e intervenci\u00f3n de centros nocturnos y eventos sociales en los municipios de La Paz y El Alto\u201d.<\/p>\n","protected":false},"excerpt":{"rendered":"<p>El Comit\u00e9 de Operaciones de Emergencia Departamental (COED) de La Paz determin\u00f3 ayer la prohibici\u00f3n de fiestas con o sin consumo de bebidas alcoh\u00f3licas entre el 31 de mayo y 7 de junio, como una de las medidas de aplicaci\u00f3n obligatoria para contener el avance del coronavirus en la regi\u00f3n. \u201cQueda prohibida toda actividad festiva [&hellip;]<\/p>\n","protected":false},"author":1,"featured_media":6843,"comment_status":"closed","ping_status":"closed","sticky":false,"template":"","format":"standard","meta":{"_acf_changed":false,"footnotes":""},"categories":[12],"tags":[],"class_list":["post-6842","post","type-post","status-publish","format-standard","has-post-thumbnail","category-nacional"],"acf":{"antetitulo":""},"yoast_head":"<!-- This site is optimized with the Yoast SEO plugin v28.3 - https:\/\/yoast.com\/product\/yoast-seo-wordpress\/ -->\n<title>Proh\u00edben fiestas con o sin bebidas alcoh\u00f3licas - El Diario - Bolivia<\/title>\n<meta name=\"robots\" content=\"index, follow, max-snippet:-1, max-image-preview:large, max-video-preview:-1\" \/>\n<link rel=\"canonical\" href=\"https:\/\/www.eldiario.net\/portal\/2021\/05\/28\/prohiben-fiestas-con-o-sin-bebidas-alcoholicas\/\" \/>\n<meta property=\"og:locale\" content=\"es_ES\" \/>\n<meta property=\"og:type\" content=\"article\" \/>\n<meta property=\"og:title\" content=\"Proh\u00edben fiestas con o sin bebidas alcoh\u00f3licas - El Diario - Bolivia\" \/>\n<meta property=\"og:description\" content=\"El Comit\u00e9 de Operaciones de Emergencia Departamental (COED) de La Paz determin\u00f3 ayer la prohibici\u00f3n de fiestas con o sin consumo de bebidas alcoh\u00f3licas entre el 31 de mayo y 7 de junio, como una de las medidas de aplicaci\u00f3n obligatoria para contener el avance del coronavirus en la regi\u00f3n. \u201cQueda prohibida toda actividad festiva [&hellip;]\" \/>\n<meta property=\"og:url\" content=\"https:\/\/www.eldiario.net\/portal\/2021\/05\/28\/prohiben-fiestas-con-o-sin-bebidas-alcoholicas\/\" \/>\n<meta property=\"og:site_name\" content=\"El Diario - Bolivia\" \/>\n<meta property=\"article:publisher\" content=\"https:\/\/www.facebook.com\/eldiario.bolivia\/\" \/>\n<meta property=\"article:published_time\" content=\"2021-05-28T10:21:18+00:00\" \/>\n<meta name=\"author\" content=\"Jeanette\" \/>\n<meta name=\"twitter:card\" content=\"summary_large_image\" \/>\n<meta name=\"twitter:creator\" content=\"@eldiario_net\" \/>\n<meta name=\"twitter:site\" content=\"@eldiario_net\" \/>\n<meta name=\"twitter:label1\" content=\"Escrito por\" \/>\n\t<meta name=\"twitter:data1\" content=\"Jeanette\" \/>\n\t<meta name=\"twitter:label2\" content=\"Tiempo de lectura\" \/>\n\t<meta name=\"twitter:data2\" content=\"3 minutos\" \/>\n<script type=\"application\/ld+json\" class=\"yoast-schema-graph\">{\"@context\":\"https:\\\/\\\/schema.org\",\"@graph\":[{\"@type\":\"Article\",\"@id\":\"https:\\\/\\\/www.eldiario.net\\\/portal\\\/2021\\\/05\\\/28\\\/prohiben-fiestas-con-o-sin-bebidas-alcoholicas\\\/#article\",\"isPartOf\":{\"@id\":\"https:\\\/\\\/www.eldiario.net\\\/portal\\\/2021\\\/05\\\/28\\\/prohiben-fiestas-con-o-sin-bebidas-alcoholicas\\\/\"},\"author\":{\"name\":\"Jeanette\",\"@id\":\"https:\\\/\\\/www.eldiario.net\\\/portal\\\/#\\\/schema\\\/person\\\/f46445640444750d7d753ccd04ae01b7\"},\"headline\":\"Proh\u00edben fiestas con o sin bebidas alcoh\u00f3licas\",\"datePublished\":\"2021-05-28T10:21:18+00:00\",\"mainEntityOfPage\":{\"@id\":\"https:\\\/\\\/www.eldiario.net\\\/portal\\\/2021\\\/05\\\/28\\\/prohiben-fiestas-con-o-sin-bebidas-alcoholicas\\\/\"},\"wordCount\":541,\"publisher\":{\"@id\":\"https:\\\/\\\/www.eldiario.net\\\/portal\\\/#organization\"},\"image\":{\"@id\":\"https:\\\/\\\/www.eldiario.net\\\/portal\\\/2021\\\/05\\\/28\\\/prohiben-fiestas-con-o-sin-bebidas-alcoholicas\\\/#primaryimage\"},\"thumbnailUrl\":\"\",\"articleSection\":[\"Nacional\"],\"inLanguage\":\"es\"},{\"@type\":\"WebPage\",\"@id\":\"https:\\\/\\\/www.eldiario.net\\\/portal\\\/2021\\\/05\\\/28\\\/prohiben-fiestas-con-o-sin-bebidas-alcoholicas\\\/\",\"url\":\"https:\\\/\\\/www.eldiario.net\\\/portal\\\/2021\\\/05\\\/28\\\/prohiben-fiestas-con-o-sin-bebidas-alcoholicas\\\/\",\"name\":\"Proh\u00edben fiestas con o sin bebidas alcoh\u00f3licas - El Diario - Bolivia\",\"isPartOf\":{\"@id\":\"https:\\\/\\\/www.eldiario.net\\\/portal\\\/#website\"},\"primaryImageOfPage\":{\"@id\":\"https:\\\/\\\/www.eldiario.net\\\/portal\\\/2021\\\/05\\\/28\\\/prohiben-fiestas-con-o-sin-bebidas-alcoholicas\\\/#primaryimage\"},\"image\":{\"@id\":\"https:\\\/\\\/www.eldiario.net\\\/portal\\\/2021\\\/05\\\/28\\\/prohiben-fiestas-con-o-sin-bebidas-alcoholicas\\\/#primaryimage\"},\"thumbnailUrl\":\"\",\"datePublished\":\"2021-05-28T10:21:18+00:00\",\"breadcrumb\":{\"@id\":\"https:\\\/\\\/www.eldiario.net\\\/portal\\\/2021\\\/05\\\/28\\\/prohiben-fiestas-con-o-sin-bebidas-alcoholicas\\\/#breadcrumb\"},\"inLanguage\":\"es\",\"potentialAction\":[{\"@type\":\"ReadAction\",\"target\":[\"https:\\\/\\\/www.eldiario.net\\\/portal\\\/2021\\\/05\\\/28\\\/prohiben-fiestas-con-o-sin-bebidas-alcoholicas\\\/\"]}]},{\"@type\":\"ImageObject\",\"inLanguage\":\"es\",\"@id\":\"https:\\\/\\\/www.eldiario.net\\\/portal\\\/2021\\\/05\\\/28\\\/prohiben-fiestas-con-o-sin-bebidas-alcoholicas\\\/#primaryimage\",\"url\":\"\",\"contentUrl\":\"\"},{\"@type\":\"BreadcrumbList\",\"@id\":\"https:\\\/\\\/www.eldiario.net\\\/portal\\\/2021\\\/05\\\/28\\\/prohiben-fiestas-con-o-sin-bebidas-alcoholicas\\\/#breadcrumb\",\"itemListElement\":[{\"@type\":\"ListItem\",\"position\":1,\"name\":\"Portada\",\"item\":\"https:\\\/\\\/www.eldiario.net\\\/portal\\\/\"},{\"@type\":\"ListItem\",\"position\":2,\"name\":\"Proh\u00edben fiestas con o sin bebidas alcoh\u00f3licas\"}]},{\"@type\":\"WebSite\",\"@id\":\"https:\\\/\\\/www.eldiario.net\\\/portal\\\/#website\",\"url\":\"https:\\\/\\\/www.eldiario.net\\\/portal\\\/\",\"name\":\"El Diario - Decano de la prensa nacional\",\"description\":\"El Diario - Decano de la prensa nacional\",\"publisher\":{\"@id\":\"https:\\\/\\\/www.eldiario.net\\\/portal\\\/#organization\"},\"potentialAction\":[{\"@type\":\"SearchAction\",\"target\":{\"@type\":\"EntryPoint\",\"urlTemplate\":\"https:\\\/\\\/www.eldiario.net\\\/portal\\\/?s={search_term_string}\"},\"query-input\":{\"@type\":\"PropertyValueSpecification\",\"valueRequired\":true,\"valueName\":\"search_term_string\"}}],\"inLanguage\":\"es\"},{\"@type\":\"Organization\",\"@id\":\"https:\\\/\\\/www.eldiario.net\\\/portal\\\/#organization\",\"name\":\"El Diario - Decano de la prensa nacional\",\"url\":\"https:\\\/\\\/www.eldiario.net\\\/portal\\\/\",\"logo\":{\"@type\":\"ImageObject\",\"inLanguage\":\"es\",\"@id\":\"https:\\\/\\\/www.eldiario.net\\\/portal\\\/#\\\/schema\\\/logo\\\/image\\\/\",\"url\":\"https:\\\/\\\/www.eldiario.net\\\/portal\\\/wp-content\\\/uploads\\\/2023\\\/07\\\/logo_ED.jpg\",\"contentUrl\":\"https:\\\/\\\/www.eldiario.net\\\/portal\\\/wp-content\\\/uploads\\\/2023\\\/07\\\/logo_ED.jpg\",\"width\":272,\"height\":52,\"caption\":\"El Diario - Decano de la prensa nacional\"},\"image\":{\"@id\":\"https:\\\/\\\/www.eldiario.net\\\/portal\\\/#\\\/schema\\\/logo\\\/image\\\/\"},\"sameAs\":[\"https:\\\/\\\/www.facebook.com\\\/eldiario.bolivia\\\/\",\"https:\\\/\\\/x.com\\\/eldiario_net\"]},{\"@type\":\"Person\",\"@id\":\"https:\\\/\\\/www.eldiario.net\\\/portal\\\/#\\\/schema\\\/person\\\/f46445640444750d7d753ccd04ae01b7\",\"name\":\"Jeanette\",\"image\":{\"@type\":\"ImageObject\",\"inLanguage\":\"es\",\"@id\":\"https:\\\/\\\/secure.gravatar.com\\\/avatar\\\/3ea2118a5f7dad2b7138b1187a6b7ee55f160b9968b66013c3a3ef39dd7e5798?s=96&d=mm&r=g\",\"url\":\"https:\\\/\\\/secure.gravatar.com\\\/avatar\\\/3ea2118a5f7dad2b7138b1187a6b7ee55f160b9968b66013c3a3ef39dd7e5798?s=96&d=mm&r=g\",\"contentUrl\":\"https:\\\/\\\/secure.gravatar.com\\\/avatar\\\/3ea2118a5f7dad2b7138b1187a6b7ee55f160b9968b66013c3a3ef39dd7e5798?s=96&d=mm&r=g\",\"caption\":\"Jeanette\"},\"sameAs\":[\"https:\\\/\\\/www.eldiario.net\\\/portal\"],\"url\":\"https:\\\/\\\/www.eldiario.net\\\/portal\\\/author\\\/jeanette\\\/\"}]}<\/script>\n<!-- \/ Yoast SEO plugin. -->","yoast_head_json":{"title":"Proh\u00edben fiestas con o sin bebidas alcoh\u00f3licas - El Diario - Bolivia","robots":{"index":"index","follow":"follow","max-snippet":"max-snippet:-1","max-image-preview":"max-image-preview:large","max-video-preview":"max-video-preview:-1"},"canonical":"https:\/\/www.eldiario.net\/portal\/2021\/05\/28\/prohiben-fiestas-con-o-sin-bebidas-alcoholicas\/","og_locale":"es_ES","og_type":"article","og_title":"Proh\u00edben fiestas con o sin bebidas alcoh\u00f3licas - El Diario - Bolivia","og_description":"El Comit\u00e9 de Operaciones de Emergencia Departamental (COED) de La Paz determin\u00f3 ayer la prohibici\u00f3n de fiestas con o sin consumo de bebidas alcoh\u00f3licas entre el 31 de mayo y 7 de junio, como una de las medidas de aplicaci\u00f3n obligatoria para contener el avance del coronavirus en la regi\u00f3n. \u201cQueda prohibida toda actividad festiva [&hellip;]","og_url":"https:\/\/www.eldiario.net\/portal\/2021\/05\/28\/prohiben-fiestas-con-o-sin-bebidas-alcoholicas\/","og_site_name":"El Diario - Bolivia","article_publisher":"https:\/\/www.facebook.com\/eldiario.bolivia\/","article_published_time":"2021-05-28T10:21:18+00:00","author":"Jeanette","twitter_card":"summary_large_image","twitter_creator":"@eldiario_net","twitter_site":"@eldiario_net","twitter_misc":{"Escrito por":"Jeanette","Tiempo de lectura":"3 minutos"},"schema":{"@context":"https:\/\/schema.org","@graph":[{"@type":"Article","@id":"https:\/\/www.eldiario.net\/portal\/2021\/05\/28\/prohiben-fiestas-con-o-sin-bebidas-alcoholicas\/#article","isPartOf":{"@id":"https:\/\/www.eldiario.net\/portal\/2021\/05\/28\/prohiben-fiestas-con-o-sin-bebidas-alcoholicas\/"},"author":{"name":"Jeanette","@id":"https:\/\/www.eldiario.net\/portal\/#\/schema\/person\/f46445640444750d7d753ccd04ae01b7"},"headline":"Proh\u00edben fiestas con o sin bebidas alcoh\u00f3licas","datePublished":"2021-05-28T10:21:18+00:00","mainEntityOfPage":{"@id":"https:\/\/www.eldiario.net\/portal\/2021\/05\/28\/prohiben-fiestas-con-o-sin-bebidas-alcoholicas\/"},"wordCount":541,"publisher":{"@id":"https:\/\/www.eldiario.net\/portal\/#organization"},"image":{"@id":"https:\/\/www.eldiario.net\/portal\/2021\/05\/28\/prohiben-fiestas-con-o-sin-bebidas-alcoholicas\/#primaryimage"},"thumbnailUrl":"","articleSection":["Nacional"],"inLanguage":"es"},{"@type":"WebPage","@id":"https:\/\/www.eldiario.net\/portal\/2021\/05\/28\/prohiben-fiestas-con-o-sin-bebidas-alcoholicas\/","url":"https:\/\/www.eldiario.net\/portal\/2021\/05\/28\/prohiben-fiestas-con-o-sin-bebidas-alcoholicas\/","name":"Proh\u00edben fiestas con o sin bebidas alcoh\u00f3licas - El Diario - Bolivia","isPartOf":{"@id":"https:\/\/www.eldiario.net\/portal\/#website"},"primaryImageOfPage":{"@id":"https:\/\/www.eldiario.net\/portal\/2021\/05\/28\/prohiben-fiestas-con-o-sin-bebidas-alcoholicas\/#primaryimage"},"image":{"@id":"https:\/\/www.eldiario.net\/portal\/2021\/05\/28\/prohiben-fiestas-con-o-sin-bebidas-alcoholicas\/#primaryimage"},"thumbnailUrl":"","datePublished":"2021-05-28T10:21:18+00:00","breadcrumb":{"@id":"https:\/\/www.eldiario.net\/portal\/2021\/05\/28\/prohiben-fiestas-con-o-sin-bebidas-alcoholicas\/#breadcrumb"},"inLanguage":"es","potentialAction":[{"@type":"ReadAction","target":["https:\/\/www.eldiario.net\/portal\/2021\/05\/28\/prohiben-fiestas-con-o-sin-bebidas-alcoholicas\/"]}]},{"@type":"ImageObject","inLanguage":"es","@id":"https:\/\/www.eldiario.net\/portal\/2021\/05\/28\/prohiben-fiestas-con-o-sin-bebidas-alcoholicas\/#primaryimage","url":"","contentUrl":""},{"@type":"BreadcrumbList","@id":"https:\/\/www.eldiario.net\/portal\/2021\/05\/28\/prohiben-fiestas-con-o-sin-bebidas-alcoholicas\/#breadcrumb","itemListElement":[{"@type":"ListItem","position":1,"name":"Portada","item":"https:\/\/www.eldiario.net\/portal\/"},{"@type":"ListItem","position":2,"name":"Proh\u00edben fiestas con o sin bebidas alcoh\u00f3licas"}]},{"@type":"WebSite","@id":"https:\/\/www.eldiario.net\/portal\/#website","url":"https:\/\/www.eldiario.net\/portal\/","name":"El Diario - Decano de la prensa nacional","description":"El Diario - Decano de la prensa nacional","publisher":{"@id":"https:\/\/www.eldiario.net\/portal\/#organization"},"potentialAction":[{"@type":"SearchAction","target":{"@type":"EntryPoint","urlTemplate":"https:\/\/www.eldiario.net\/portal\/?s={search_term_string}"},"query-input":{"@type":"PropertyValueSpecification","valueRequired":true,"valueName":"search_term_string"}}],"inLanguage":"es"},{"@type":"Organization","@id":"https:\/\/www.eldiario.net\/portal\/#organization","name":"El Diario - Decano de la prensa nacional","url":"https:\/\/www.eldiario.net\/portal\/","logo":{"@type":"ImageObject","inLanguage":"es","@id":"https:\/\/www.eldiario.net\/portal\/#\/schema\/logo\/image\/","url":"https:\/\/www.eldiario.net\/portal\/wp-content\/uploads\/2023\/07\/logo_ED.jpg","contentUrl":"https:\/\/www.eldiario.net\/portal\/wp-content\/uploads\/2023\/07\/logo_ED.jpg","width":272,"height":52,"caption":"El Diario - Decano de la prensa nacional"},"image":{"@id":"https:\/\/www.eldiario.net\/portal\/#\/schema\/logo\/image\/"},"sameAs":["https:\/\/www.facebook.com\/eldiario.bolivia\/","https:\/\/x.com\/eldiario_net"]},{"@type":"Person","@id":"https:\/\/www.eldiario.net\/portal\/#\/schema\/person\/f46445640444750d7d753ccd04ae01b7","name":"Jeanette","image":{"@type":"ImageObject","inLanguage":"es","@id":"https:\/\/secure.gravatar.com\/avatar\/3ea2118a5f7dad2b7138b1187a6b7ee55f160b9968b66013c3a3ef39dd7e5798?s=96&d=mm&r=g","url":"https:\/\/secure.gravatar.com\/avatar\/3ea2118a5f7dad2b7138b1187a6b7ee55f160b9968b66013c3a3ef39dd7e5798?s=96&d=mm&r=g","contentUrl":"https:\/\/secure.gravatar.com\/avatar\/3ea2118a5f7dad2b7138b1187a6b7ee55f160b9968b66013c3a3ef39dd7e5798?s=96&d=mm&r=g","caption":"Jeanette"},"sameAs":["https:\/\/www.eldiario.net\/portal"],"url":"https:\/\/www.eldiario.net\/portal\/author\/jeanette\/"}]}},"_links":{"self":[{"href":"https:\/\/www.eldiario.net\/portal\/wp-json\/wp\/v2\/posts\/6842","targetHints":{"allow":["GET"]}}],"collection":[{"href":"https:\/\/www.eldiario.net\/portal\/wp-json\/wp\/v2\/posts"}],"about":[{"href":"https:\/\/www.eldiario.net\/portal\/wp-json\/wp\/v2\/types\/post"}],"author":[{"embeddable":true,"href":"https:\/\/www.eldiario.net\/portal\/wp-json\/wp\/v2\/users\/1"}],"replies":[{"embeddable":true,"href":"https:\/\/www.eldiario.net\/portal\/wp-json\/wp\/v2\/comments?post=6842"}],"version-history":[{"count":0,"href":"https:\/\/www.eldiario.net\/portal\/wp-json\/wp\/v2\/posts\/6842\/revisions"}],"wp:attachment":[{"href":"https:\/\/www.eldiario.net\/portal\/wp-json\/wp\/v2\/media?parent=6842"}],"wp:term":[{"taxonomy":"category","embeddable":true,"href":"https:\/\/www.eldiario.net\/portal\/wp-json\/wp\/v2\/categories?post=6842"},{"taxonomy":"post_tag","embeddable":true,"href":"https:\/\/www.eldiario.net\/portal\/wp-json\/wp\/v2\/tags?post=6842"}],"curies":[{"name":"wp","href":"https:\/\/api.w.org\/{rel}","templated":true}]}}