{"id":68140,"date":"2022-03-08T05:54:49","date_gmt":"2022-03-08T09:54:49","guid":{"rendered":"https:\/\/www.eldiario.net\/portal\/?p=68140"},"modified":"2022-03-08T05:54:49","modified_gmt":"2022-03-08T09:54:49","slug":"piden-inicio-de-tramites-para-adhesion-de-ucrania-georgia-y-moldavia-a-ue","status":"publish","type":"post","link":"https:\/\/www.eldiario.net\/portal\/2022\/03\/08\/piden-inicio-de-tramites-para-adhesion-de-ucrania-georgia-y-moldavia-a-ue\/","title":{"rendered":"Piden inicio de tr\u00e1mites para adhesi\u00f3n de Ucrania, Georgia y Moldavia a UE"},"content":{"rendered":"<p>La presidencia francesa de la Uni\u00f3n Europea ha anunciado que los 27 miembros est\u00e1n de acuerdo en que se inicie el proceso para que Ucrania, Moldavia y Georgia se puedan convertir oficialmente en candidatos a la adhesi\u00f3n plena a la UE.<\/p>\n<p>La semana pasada Ucrania y las otras dos antiguas rep\u00fablicas sovi\u00e9ticas pidieron formalmente su ingreso y la reuni\u00f3n de los embajadores decidi\u00f3 solicitar a la Comisi\u00f3n Europea que eval\u00fae esas solicitudes.<\/p>\n<p>Se trata de una decisi\u00f3n eminentemente pol\u00edtica, puesto que lo que se propone a la Comisi\u00f3n es que determine si los tres pa\u00edses cumplen determinadas condiciones esenciales, entre otras el respeto a los valores fundamentales de la Uni\u00f3n, la existencia de instituciones estables que garanticen la democracia y el estado de Derecho y una econom\u00eda de mercado alineada con la de los miembros de la UE, para ser considerados aptos para aspirar a iniciar el largo proceso para convertirse en miembros del club comunitario.<\/p>\n<p>La presidencia francesa public\u00f3 un mensaje en redes sociales en el que anuncia que se ha alcanzado \u201cun acuerdo para invitar a la Comisi\u00f3n Europea a elaborar una opini\u00f3n sobre cada una de las solicitudes de adhesi\u00f3n a la UE presentadas por Ucrania, Georgia y Moldavia\u201d, en la reuni\u00f3n de los embajadores.<\/p>\n<p>El presidente ucraniano Volodimir Zelenski firm\u00f3 la petici\u00f3n de adhesi\u00f3n desde su bunker en Kiev la semana pasada y acto seguido hicieron lo mismo Moldavia y Georgia. Ahora, si la Comisi\u00f3n acepta esta petici\u00f3n se iniciar\u00e1 un largo proceso de negociaciones antes de que estos tres pa\u00edses puedan ser considerados oficialmente como candidatos. Sin embargo, el mero hecho de que su petici\u00f3n sea considerada representa un espaldarazo simb\u00f3lico en estos momentos dram\u00e1ticos para Ucrania. (ABC de Espa\u00f1a)<\/p>\n","protected":false},"excerpt":{"rendered":"<p>La presidencia francesa de la Uni\u00f3n Europea ha anunciado que los 27 miembros est\u00e1n de acuerdo en que se inicie el proceso para que Ucrania, Moldavia y Georgia se puedan convertir oficialmente en candidatos a la adhesi\u00f3n plena a la UE. La semana pasada Ucrania y las otras dos antiguas rep\u00fablicas sovi\u00e9ticas pidieron formalmente su [&hellip;]<\/p>\n","protected":false},"author":1,"featured_media":68141,"comment_status":"closed","ping_status":"closed","sticky":false,"template":"","format":"standard","meta":{"_acf_changed":false,"footnotes":""},"categories":[15],"tags":[],"class_list":["post-68140","post","type-post","status-publish","format-standard","has-post-thumbnail","category-portada"],"acf":{"antetitulo":""},"yoast_head":"<!-- This site is optimized with the Yoast SEO plugin v28.4 - https:\/\/yoast.com\/product\/yoast-seo-wordpress\/ -->\n<title>Piden inicio de tr\u00e1mites para adhesi\u00f3n de Ucrania, Georgia y Moldavia a UE - El Diario - Bolivia<\/title>\n<meta name=\"robots\" content=\"index, follow, max-snippet:-1, max-image-preview:large, max-video-preview:-1\" \/>\n<link rel=\"canonical\" href=\"https:\/\/www.eldiario.net\/portal\/2022\/03\/08\/piden-inicio-de-tramites-para-adhesion-de-ucrania-georgia-y-moldavia-a-ue\/\" \/>\n<meta property=\"og:locale\" content=\"es_ES\" \/>\n<meta property=\"og:type\" content=\"article\" \/>\n<meta property=\"og:title\" content=\"Piden inicio de tr\u00e1mites para adhesi\u00f3n de Ucrania, Georgia y Moldavia a UE - El Diario - Bolivia\" \/>\n<meta property=\"og:description\" content=\"La presidencia francesa de la Uni\u00f3n Europea ha anunciado que los 27 miembros est\u00e1n de acuerdo en que se inicie el proceso para que Ucrania, Moldavia y Georgia se puedan convertir oficialmente en candidatos a la adhesi\u00f3n plena a la UE. La semana pasada Ucrania y las otras dos antiguas rep\u00fablicas sovi\u00e9ticas pidieron formalmente su [&hellip;]\" \/>\n<meta property=\"og:url\" content=\"https:\/\/www.eldiario.net\/portal\/2022\/03\/08\/piden-inicio-de-tramites-para-adhesion-de-ucrania-georgia-y-moldavia-a-ue\/\" \/>\n<meta property=\"og:site_name\" content=\"El Diario - Bolivia\" \/>\n<meta property=\"article:publisher\" content=\"https:\/\/www.facebook.com\/eldiario.bolivia\/\" \/>\n<meta property=\"article:published_time\" content=\"2022-03-08T09:54:49+00:00\" \/>\n<meta property=\"og:image\" content=\"https:\/\/www.eldiario.net\/portal\/wp-content\/uploads\/2022\/03\/TRAMITES-FOTO.jpg\" \/>\n\t<meta property=\"og:image:width\" content=\"300\" \/>\n\t<meta property=\"og:image:height\" content=\"168\" \/>\n\t<meta property=\"og:image:type\" content=\"image\/jpeg\" \/>\n<meta name=\"author\" content=\"Jeanette\" \/>\n<meta name=\"twitter:card\" content=\"summary_large_image\" \/>\n<meta name=\"twitter:creator\" content=\"@eldiario_net\" \/>\n<meta name=\"twitter:site\" content=\"@eldiario_net\" \/>\n<meta name=\"twitter:label1\" content=\"Escrito por\" \/>\n\t<meta name=\"twitter:data1\" content=\"Jeanette\" \/>\n\t<meta name=\"twitter:label2\" content=\"Tiempo de lectura\" \/>\n\t<meta name=\"twitter:data2\" content=\"2 minutos\" \/>\n<script type=\"application\/ld+json\" class=\"yoast-schema-graph\">{\"@context\":\"https:\\\/\\\/schema.org\",\"@graph\":[{\"@type\":\"Article\",\"@id\":\"https:\\\/\\\/www.eldiario.net\\\/portal\\\/2022\\\/03\\\/08\\\/piden-inicio-de-tramites-para-adhesion-de-ucrania-georgia-y-moldavia-a-ue\\\/#article\",\"isPartOf\":{\"@id\":\"https:\\\/\\\/www.eldiario.net\\\/portal\\\/2022\\\/03\\\/08\\\/piden-inicio-de-tramites-para-adhesion-de-ucrania-georgia-y-moldavia-a-ue\\\/\"},\"author\":{\"name\":\"Jeanette\",\"@id\":\"https:\\\/\\\/www.eldiario.net\\\/portal\\\/#\\\/schema\\\/person\\\/2c57cf2b7a7ae032e449e4c9b1019eac\"},\"headline\":\"Piden inicio de tr\u00e1mites para adhesi\u00f3n de Ucrania, Georgia y Moldavia a UE\",\"datePublished\":\"2022-03-08T09:54:49+00:00\",\"mainEntityOfPage\":{\"@id\":\"https:\\\/\\\/www.eldiario.net\\\/portal\\\/2022\\\/03\\\/08\\\/piden-inicio-de-tramites-para-adhesion-de-ucrania-georgia-y-moldavia-a-ue\\\/\"},\"wordCount\":326,\"publisher\":{\"@id\":\"https:\\\/\\\/www.eldiario.net\\\/portal\\\/#organization\"},\"image\":{\"@id\":\"https:\\\/\\\/www.eldiario.net\\\/portal\\\/2022\\\/03\\\/08\\\/piden-inicio-de-tramites-para-adhesion-de-ucrania-georgia-y-moldavia-a-ue\\\/#primaryimage\"},\"thumbnailUrl\":\"https:\\\/\\\/www.eldiario.net\\\/portal\\\/wp-content\\\/uploads\\\/2022\\\/03\\\/TRAMITES-FOTO.jpg\",\"articleSection\":[\"Portada\"],\"inLanguage\":\"es\"},{\"@type\":\"WebPage\",\"@id\":\"https:\\\/\\\/www.eldiario.net\\\/portal\\\/2022\\\/03\\\/08\\\/piden-inicio-de-tramites-para-adhesion-de-ucrania-georgia-y-moldavia-a-ue\\\/\",\"url\":\"https:\\\/\\\/www.eldiario.net\\\/portal\\\/2022\\\/03\\\/08\\\/piden-inicio-de-tramites-para-adhesion-de-ucrania-georgia-y-moldavia-a-ue\\\/\",\"name\":\"Piden inicio de tr\u00e1mites para adhesi\u00f3n de Ucrania, Georgia y Moldavia a UE - El Diario - Bolivia\",\"isPartOf\":{\"@id\":\"https:\\\/\\\/www.eldiario.net\\\/portal\\\/#website\"},\"primaryImageOfPage\":{\"@id\":\"https:\\\/\\\/www.eldiario.net\\\/portal\\\/2022\\\/03\\\/08\\\/piden-inicio-de-tramites-para-adhesion-de-ucrania-georgia-y-moldavia-a-ue\\\/#primaryimage\"},\"image\":{\"@id\":\"https:\\\/\\\/www.eldiario.net\\\/portal\\\/2022\\\/03\\\/08\\\/piden-inicio-de-tramites-para-adhesion-de-ucrania-georgia-y-moldavia-a-ue\\\/#primaryimage\"},\"thumbnailUrl\":\"https:\\\/\\\/www.eldiario.net\\\/portal\\\/wp-content\\\/uploads\\\/2022\\\/03\\\/TRAMITES-FOTO.jpg\",\"datePublished\":\"2022-03-08T09:54:49+00:00\",\"breadcrumb\":{\"@id\":\"https:\\\/\\\/www.eldiario.net\\\/portal\\\/2022\\\/03\\\/08\\\/piden-inicio-de-tramites-para-adhesion-de-ucrania-georgia-y-moldavia-a-ue\\\/#breadcrumb\"},\"inLanguage\":\"es\",\"potentialAction\":[{\"@type\":\"ReadAction\",\"target\":[\"https:\\\/\\\/www.eldiario.net\\\/portal\\\/2022\\\/03\\\/08\\\/piden-inicio-de-tramites-para-adhesion-de-ucrania-georgia-y-moldavia-a-ue\\\/\"]}]},{\"@type\":\"ImageObject\",\"inLanguage\":\"es\",\"@id\":\"https:\\\/\\\/www.eldiario.net\\\/portal\\\/2022\\\/03\\\/08\\\/piden-inicio-de-tramites-para-adhesion-de-ucrania-georgia-y-moldavia-a-ue\\\/#primaryimage\",\"url\":\"https:\\\/\\\/www.eldiario.net\\\/portal\\\/wp-content\\\/uploads\\\/2022\\\/03\\\/TRAMITES-FOTO.jpg\",\"contentUrl\":\"https:\\\/\\\/www.eldiario.net\\\/portal\\\/wp-content\\\/uploads\\\/2022\\\/03\\\/TRAMITES-FOTO.jpg\",\"width\":300,\"height\":168,\"caption\":\"SEDE DE LA UNI\u00d3N EUROPEA. FOTO: DIARIO AS\"},{\"@type\":\"BreadcrumbList\",\"@id\":\"https:\\\/\\\/www.eldiario.net\\\/portal\\\/2022\\\/03\\\/08\\\/piden-inicio-de-tramites-para-adhesion-de-ucrania-georgia-y-moldavia-a-ue\\\/#breadcrumb\",\"itemListElement\":[{\"@type\":\"ListItem\",\"position\":1,\"name\":\"Portada\",\"item\":\"https:\\\/\\\/www.eldiario.net\\\/portal\\\/\"},{\"@type\":\"ListItem\",\"position\":2,\"name\":\"Piden inicio de tr\u00e1mites para adhesi\u00f3n de Ucrania, Georgia y Moldavia a UE\"}]},{\"@type\":\"WebSite\",\"@id\":\"https:\\\/\\\/www.eldiario.net\\\/portal\\\/#website\",\"url\":\"https:\\\/\\\/www.eldiario.net\\\/portal\\\/\",\"name\":\"El Diario - Decano de la prensa nacional\",\"description\":\"El Diario - Decano de la prensa nacional\",\"publisher\":{\"@id\":\"https:\\\/\\\/www.eldiario.net\\\/portal\\\/#organization\"},\"potentialAction\":[{\"@type\":\"SearchAction\",\"target\":{\"@type\":\"EntryPoint\",\"urlTemplate\":\"https:\\\/\\\/www.eldiario.net\\\/portal\\\/?s={search_term_string}\"},\"query-input\":{\"@type\":\"PropertyValueSpecification\",\"valueRequired\":true,\"valueName\":\"search_term_string\"}}],\"inLanguage\":\"es\"},{\"@type\":\"Organization\",\"@id\":\"https:\\\/\\\/www.eldiario.net\\\/portal\\\/#organization\",\"name\":\"El Diario - Decano de la prensa nacional\",\"url\":\"https:\\\/\\\/www.eldiario.net\\\/portal\\\/\",\"logo\":{\"@type\":\"ImageObject\",\"inLanguage\":\"es\",\"@id\":\"https:\\\/\\\/www.eldiario.net\\\/portal\\\/#\\\/schema\\\/logo\\\/image\\\/\",\"url\":\"https:\\\/\\\/www.eldiario.net\\\/portal\\\/wp-content\\\/uploads\\\/2023\\\/07\\\/logo_ED.jpg\",\"contentUrl\":\"https:\\\/\\\/www.eldiario.net\\\/portal\\\/wp-content\\\/uploads\\\/2023\\\/07\\\/logo_ED.jpg\",\"width\":272,\"height\":52,\"caption\":\"El Diario - Decano de la prensa nacional\"},\"image\":{\"@id\":\"https:\\\/\\\/www.eldiario.net\\\/portal\\\/#\\\/schema\\\/logo\\\/image\\\/\"},\"sameAs\":[\"https:\\\/\\\/www.facebook.com\\\/eldiario.bolivia\\\/\",\"https:\\\/\\\/x.com\\\/eldiario_net\"]},{\"@type\":\"Person\",\"@id\":\"https:\\\/\\\/www.eldiario.net\\\/portal\\\/#\\\/schema\\\/person\\\/2c57cf2b7a7ae032e449e4c9b1019eac\",\"name\":\"Jeanette\",\"image\":{\"@type\":\"ImageObject\",\"inLanguage\":\"es\",\"@id\":\"https:\\\/\\\/secure.gravatar.com\\\/avatar\\\/3ea2118a5f7dad2b7138b1187a6b7ee55f160b9968b66013c3a3ef39dd7e5798?s=96&d=mm&r=g\",\"url\":\"https:\\\/\\\/secure.gravatar.com\\\/avatar\\\/3ea2118a5f7dad2b7138b1187a6b7ee55f160b9968b66013c3a3ef39dd7e5798?s=96&d=mm&r=g\",\"contentUrl\":\"https:\\\/\\\/secure.gravatar.com\\\/avatar\\\/3ea2118a5f7dad2b7138b1187a6b7ee55f160b9968b66013c3a3ef39dd7e5798?s=96&d=mm&r=g\",\"caption\":\"Jeanette\"},\"sameAs\":[\"https:\\\/\\\/www.eldiario.net\\\/portal\"],\"url\":\"https:\\\/\\\/www.eldiario.net\\\/portal\\\/author\\\/jeanette\\\/\"}]}<\/script>\n<!-- \/ Yoast SEO plugin. -->","yoast_head_json":{"title":"Piden inicio de tr\u00e1mites para adhesi\u00f3n de Ucrania, Georgia y Moldavia a UE - El Diario - Bolivia","robots":{"index":"index","follow":"follow","max-snippet":"max-snippet:-1","max-image-preview":"max-image-preview:large","max-video-preview":"max-video-preview:-1"},"canonical":"https:\/\/www.eldiario.net\/portal\/2022\/03\/08\/piden-inicio-de-tramites-para-adhesion-de-ucrania-georgia-y-moldavia-a-ue\/","og_locale":"es_ES","og_type":"article","og_title":"Piden inicio de tr\u00e1mites para adhesi\u00f3n de Ucrania, Georgia y Moldavia a UE - El Diario - Bolivia","og_description":"La presidencia francesa de la Uni\u00f3n Europea ha anunciado que los 27 miembros est\u00e1n de acuerdo en que se inicie el proceso para que Ucrania, Moldavia y Georgia se puedan convertir oficialmente en candidatos a la adhesi\u00f3n plena a la UE. La semana pasada Ucrania y las otras dos antiguas rep\u00fablicas sovi\u00e9ticas pidieron formalmente su [&hellip;]","og_url":"https:\/\/www.eldiario.net\/portal\/2022\/03\/08\/piden-inicio-de-tramites-para-adhesion-de-ucrania-georgia-y-moldavia-a-ue\/","og_site_name":"El Diario - Bolivia","article_publisher":"https:\/\/www.facebook.com\/eldiario.bolivia\/","article_published_time":"2022-03-08T09:54:49+00:00","og_image":[{"width":300,"height":168,"url":"https:\/\/www.eldiario.net\/portal\/wp-content\/uploads\/2022\/03\/TRAMITES-FOTO.jpg","type":"image\/jpeg"}],"author":"Jeanette","twitter_card":"summary_large_image","twitter_creator":"@eldiario_net","twitter_site":"@eldiario_net","twitter_misc":{"Escrito por":"Jeanette","Tiempo de lectura":"2 minutos"},"schema":{"@context":"https:\/\/schema.org","@graph":[{"@type":"Article","@id":"https:\/\/www.eldiario.net\/portal\/2022\/03\/08\/piden-inicio-de-tramites-para-adhesion-de-ucrania-georgia-y-moldavia-a-ue\/#article","isPartOf":{"@id":"https:\/\/www.eldiario.net\/portal\/2022\/03\/08\/piden-inicio-de-tramites-para-adhesion-de-ucrania-georgia-y-moldavia-a-ue\/"},"author":{"name":"Jeanette","@id":"https:\/\/www.eldiario.net\/portal\/#\/schema\/person\/2c57cf2b7a7ae032e449e4c9b1019eac"},"headline":"Piden inicio de tr\u00e1mites para adhesi\u00f3n de Ucrania, Georgia y Moldavia a UE","datePublished":"2022-03-08T09:54:49+00:00","mainEntityOfPage":{"@id":"https:\/\/www.eldiario.net\/portal\/2022\/03\/08\/piden-inicio-de-tramites-para-adhesion-de-ucrania-georgia-y-moldavia-a-ue\/"},"wordCount":326,"publisher":{"@id":"https:\/\/www.eldiario.net\/portal\/#organization"},"image":{"@id":"https:\/\/www.eldiario.net\/portal\/2022\/03\/08\/piden-inicio-de-tramites-para-adhesion-de-ucrania-georgia-y-moldavia-a-ue\/#primaryimage"},"thumbnailUrl":"https:\/\/www.eldiario.net\/portal\/wp-content\/uploads\/2022\/03\/TRAMITES-FOTO.jpg","articleSection":["Portada"],"inLanguage":"es"},{"@type":"WebPage","@id":"https:\/\/www.eldiario.net\/portal\/2022\/03\/08\/piden-inicio-de-tramites-para-adhesion-de-ucrania-georgia-y-moldavia-a-ue\/","url":"https:\/\/www.eldiario.net\/portal\/2022\/03\/08\/piden-inicio-de-tramites-para-adhesion-de-ucrania-georgia-y-moldavia-a-ue\/","name":"Piden inicio de tr\u00e1mites para adhesi\u00f3n de Ucrania, Georgia y Moldavia a UE - El Diario - Bolivia","isPartOf":{"@id":"https:\/\/www.eldiario.net\/portal\/#website"},"primaryImageOfPage":{"@id":"https:\/\/www.eldiario.net\/portal\/2022\/03\/08\/piden-inicio-de-tramites-para-adhesion-de-ucrania-georgia-y-moldavia-a-ue\/#primaryimage"},"image":{"@id":"https:\/\/www.eldiario.net\/portal\/2022\/03\/08\/piden-inicio-de-tramites-para-adhesion-de-ucrania-georgia-y-moldavia-a-ue\/#primaryimage"},"thumbnailUrl":"https:\/\/www.eldiario.net\/portal\/wp-content\/uploads\/2022\/03\/TRAMITES-FOTO.jpg","datePublished":"2022-03-08T09:54:49+00:00","breadcrumb":{"@id":"https:\/\/www.eldiario.net\/portal\/2022\/03\/08\/piden-inicio-de-tramites-para-adhesion-de-ucrania-georgia-y-moldavia-a-ue\/#breadcrumb"},"inLanguage":"es","potentialAction":[{"@type":"ReadAction","target":["https:\/\/www.eldiario.net\/portal\/2022\/03\/08\/piden-inicio-de-tramites-para-adhesion-de-ucrania-georgia-y-moldavia-a-ue\/"]}]},{"@type":"ImageObject","inLanguage":"es","@id":"https:\/\/www.eldiario.net\/portal\/2022\/03\/08\/piden-inicio-de-tramites-para-adhesion-de-ucrania-georgia-y-moldavia-a-ue\/#primaryimage","url":"https:\/\/www.eldiario.net\/portal\/wp-content\/uploads\/2022\/03\/TRAMITES-FOTO.jpg","contentUrl":"https:\/\/www.eldiario.net\/portal\/wp-content\/uploads\/2022\/03\/TRAMITES-FOTO.jpg","width":300,"height":168,"caption":"SEDE DE LA UNI\u00d3N EUROPEA. FOTO: DIARIO AS"},{"@type":"BreadcrumbList","@id":"https:\/\/www.eldiario.net\/portal\/2022\/03\/08\/piden-inicio-de-tramites-para-adhesion-de-ucrania-georgia-y-moldavia-a-ue\/#breadcrumb","itemListElement":[{"@type":"ListItem","position":1,"name":"Portada","item":"https:\/\/www.eldiario.net\/portal\/"},{"@type":"ListItem","position":2,"name":"Piden inicio de tr\u00e1mites para adhesi\u00f3n de Ucrania, Georgia y Moldavia a UE"}]},{"@type":"WebSite","@id":"https:\/\/www.eldiario.net\/portal\/#website","url":"https:\/\/www.eldiario.net\/portal\/","name":"El Diario - Decano de la prensa nacional","description":"El Diario - Decano de la prensa nacional","publisher":{"@id":"https:\/\/www.eldiario.net\/portal\/#organization"},"potentialAction":[{"@type":"SearchAction","target":{"@type":"EntryPoint","urlTemplate":"https:\/\/www.eldiario.net\/portal\/?s={search_term_string}"},"query-input":{"@type":"PropertyValueSpecification","valueRequired":true,"valueName":"search_term_string"}}],"inLanguage":"es"},{"@type":"Organization","@id":"https:\/\/www.eldiario.net\/portal\/#organization","name":"El Diario - Decano de la prensa nacional","url":"https:\/\/www.eldiario.net\/portal\/","logo":{"@type":"ImageObject","inLanguage":"es","@id":"https:\/\/www.eldiario.net\/portal\/#\/schema\/logo\/image\/","url":"https:\/\/www.eldiario.net\/portal\/wp-content\/uploads\/2023\/07\/logo_ED.jpg","contentUrl":"https:\/\/www.eldiario.net\/portal\/wp-content\/uploads\/2023\/07\/logo_ED.jpg","width":272,"height":52,"caption":"El Diario - Decano de la prensa nacional"},"image":{"@id":"https:\/\/www.eldiario.net\/portal\/#\/schema\/logo\/image\/"},"sameAs":["https:\/\/www.facebook.com\/eldiario.bolivia\/","https:\/\/x.com\/eldiario_net"]},{"@type":"Person","@id":"https:\/\/www.eldiario.net\/portal\/#\/schema\/person\/2c57cf2b7a7ae032e449e4c9b1019eac","name":"Jeanette","image":{"@type":"ImageObject","inLanguage":"es","@id":"https:\/\/secure.gravatar.com\/avatar\/3ea2118a5f7dad2b7138b1187a6b7ee55f160b9968b66013c3a3ef39dd7e5798?s=96&d=mm&r=g","url":"https:\/\/secure.gravatar.com\/avatar\/3ea2118a5f7dad2b7138b1187a6b7ee55f160b9968b66013c3a3ef39dd7e5798?s=96&d=mm&r=g","contentUrl":"https:\/\/secure.gravatar.com\/avatar\/3ea2118a5f7dad2b7138b1187a6b7ee55f160b9968b66013c3a3ef39dd7e5798?s=96&d=mm&r=g","caption":"Jeanette"},"sameAs":["https:\/\/www.eldiario.net\/portal"],"url":"https:\/\/www.eldiario.net\/portal\/author\/jeanette\/"}]}},"_links":{"self":[{"href":"https:\/\/www.eldiario.net\/portal\/wp-json\/wp\/v2\/posts\/68140","targetHints":{"allow":["GET"]}}],"collection":[{"href":"https:\/\/www.eldiario.net\/portal\/wp-json\/wp\/v2\/posts"}],"about":[{"href":"https:\/\/www.eldiario.net\/portal\/wp-json\/wp\/v2\/types\/post"}],"author":[{"embeddable":true,"href":"https:\/\/www.eldiario.net\/portal\/wp-json\/wp\/v2\/users\/1"}],"replies":[{"embeddable":true,"href":"https:\/\/www.eldiario.net\/portal\/wp-json\/wp\/v2\/comments?post=68140"}],"version-history":[{"count":0,"href":"https:\/\/www.eldiario.net\/portal\/wp-json\/wp\/v2\/posts\/68140\/revisions"}],"wp:featuredmedia":[{"embeddable":true,"href":"https:\/\/www.eldiario.net\/portal\/wp-json\/wp\/v2\/media\/68141"}],"wp:attachment":[{"href":"https:\/\/www.eldiario.net\/portal\/wp-json\/wp\/v2\/media?parent=68140"}],"wp:term":[{"taxonomy":"category","embeddable":true,"href":"https:\/\/www.eldiario.net\/portal\/wp-json\/wp\/v2\/categories?post=68140"},{"taxonomy":"post_tag","embeddable":true,"href":"https:\/\/www.eldiario.net\/portal\/wp-json\/wp\/v2\/tags?post=68140"}],"curies":[{"name":"wp","href":"https:\/\/api.w.org\/{rel}","templated":true}]}}