{"id":68132,"date":"2022-03-08T05:50:03","date_gmt":"2022-03-08T09:50:03","guid":{"rendered":"https:\/\/www.eldiario.net\/portal\/?p=68132"},"modified":"2022-03-08T05:50:03","modified_gmt":"2022-03-08T09:50:03","slug":"la-alimentacion-en-la-prevencion-de-patologias-celulares","status":"publish","type":"post","link":"https:\/\/www.eldiario.net\/portal\/2022\/03\/08\/la-alimentacion-en-la-prevencion-de-patologias-celulares\/","title":{"rendered":"La alimentaci\u00f3n en la prevenci\u00f3n de patolog\u00edas celulares"},"content":{"rendered":"<p><strong>Por: Equipo editor<\/strong><\/p>\n<p>&nbsp;<\/p>\n<p>Seg\u00fan la Organizaci\u00f3n Mundial de la Salud (OMS), el riesgo de padecer muchos tipos de c\u00e1ncer se puede disminuir mediante la adopci\u00f3n de h\u00e1bitos de vida saludables, como alimentarse bien, hacer ejercicio con regularidad y no fumar. La OMS menciona que existe una relaci\u00f3n entre el sobrepeso y la obesidad con muchos tipos de c\u00e1ncer, como el de es\u00f3fago, colon, recto, mama, endometrio y ri\u00f1\u00f3n.<\/p>\n<p>&nbsp;<\/p>\n<p>Una adecuada alimentaci\u00f3n es esencial para la salud. La higiene alimentaria no solo pasa por los h\u00e1bitos, sino que tambi\u00e9n debe tenerse en cuenta que la composici\u00f3n misma de los alimentos, puede afectar de diferentes maneras la salud de la persona.<\/p>\n<p>&nbsp;<\/p>\n<p>A nivel de los tejidos y las c\u00e9lulas, un aspecto nutricional que est\u00e1 muy de moda y est\u00e1 siendo investigado ampliamente en esta \u00e9poca, es el relacionado a los \u00e1cidos grasos saturados y su relaci\u00f3n con el c\u00e1ncer, obesidad y aumento del colesterol, y la posibilidad de disminuir este efecto mediante el consumo de determinadas vitaminas como la vitamina A, vitamina C y vitamina E, las cuales tienen un efecto antioxidante. Los \u00e1cidos grasos sirven para proporcionar energ\u00eda mediante su oxidaci\u00f3n, la oxidaci\u00f3n de los \u00e1cidos grasos insaturados es mucho m\u00e1s sencilla y no libera radicales oxidativos como los \u00e1cidos grasos saturados y estos radicales son los que pueden ocasionar la aparici\u00f3n de c\u00e1ncer. Los \u00e1cidos grasos saturados se encuentran en grasas animales ricas en colesterol, por lo que se sugiere reducir su consumo.<\/p>\n<p>&nbsp;<\/p>\n<p><strong>Recomendaciones en nuestra alimentaci\u00f3n<\/strong><\/p>\n<p>&nbsp;<\/p>\n<ul>\n<li><strong>Comer pocas grasas<\/strong><strong>.<\/strong> Una de las causas del sobrepeso es el consumo excesivo de grasas.<\/li>\n<\/ul>\n<p><strong>\u00a0<\/strong><\/p>\n<ul>\n<li><strong>Reducir el consumo de az\u00facar.<\/strong> Est\u00e1n relacionados con el riesgo de obesidad.<\/li>\n<\/ul>\n<p><strong>\u00a0<\/strong><\/p>\n<ul>\n<li><strong>No excederse con las carnes rojas.<\/strong> Se debe incorporar m\u00e1s pescado, es necesario comer dos veces a la semana debido a su alto contenido de \u00e1cidos grasos omega 3.<\/li>\n<\/ul>\n<p><strong>\u00a0<\/strong><\/p>\n<ul>\n<li><strong>El m\u00e9todo de cocci\u00f3n.<\/strong> Evitar que los alimentos se cocinen a temperaturas altas sobre una llama abierta, como el asado al carb\u00f3n o a la parrilla. Esto porque a mayor temperatura directa se modifican las mol\u00e9culas de carne y se generan hidrocarburos arom\u00e1ticos que son cancer\u00edgenos.<\/li>\n<\/ul>\n<p>&nbsp;<\/p>\n<ul>\n<li>Seg\u00fan la Asociaci\u00f3n Americana de Oncolog\u00eda Cl\u00ednica (ASCO), el alcohol eleva el riesgo de c\u00e1ncer bucal, laringe, es\u00f3fago, mama, colon e h\u00edgado. Si bien no se sabe exactamente la causa, cient\u00edficos creen que se debe a la exposici\u00f3n a qu\u00edmicos que se producen cuando el alcohol se metaboliza en el cuerpo.<\/li>\n<\/ul>\n<p>&nbsp;<\/p>\n<p><strong>Alimentos que disminuyen el riesgo de desarrollar c\u00e1ncer<\/strong><\/p>\n<p>&nbsp;<\/p>\n<p><strong>Frutas y verduras<\/strong><\/p>\n<p><strong>\u00a0<\/strong><\/p>\n<p>Es la principal estrategia diet\u00e9tica para reducir el riesgo de c\u00e1ncer. Las plantas tienen capacidad de producir compuestos antioxidantes que generan distintos beneficios para el organismo.<\/p>\n<p>&nbsp;<\/p>\n<p>Los agentes fitoqu\u00edmicos son sustancias naturales presentes en las plantas (ajo, tomate, pi\u00f1a, etc.), tienen por misi\u00f3n defender o proteger a las plantas contra agentes pat\u00f3genos que pueden perjudicarlas. Dichas sustancias impiden la activaci\u00f3n de peligrosos oncogenes responsables del c\u00e1ncer. Son en definitiva agentes con poder anticancer\u00edgeno presentes en una gran variedad de frutas y hortalizas.<\/p>\n<p>&nbsp;<\/p>\n<p>Los betacarotenos act\u00faan atrapando radicales libres y mol\u00e9culas de ox\u00edgeno libre que son compuestos t\u00f3xicos y cancer\u00edgenos. Se encuentran en frutas y verduras de distintos colores.<\/p>\n<p>&nbsp;<\/p>\n<p><strong>Fibras<\/strong><\/p>\n<p><strong>\u00a0<\/strong><\/p>\n<p>Su alto consumo disminuye el riesgo de c\u00e1ncer colo &#8211; rectal, acelera el tr\u00e1nsito intestinal por lo que el tiempo que est\u00e1n en contacto los posibles elementos t\u00f3xicos con el tubo digestivo es menor.<\/p>\n<p>&nbsp;<\/p>\n<p><strong>L\u00e1cteos<\/strong><\/p>\n<p>&nbsp;<\/p>\n<p>Sus nutrientes, como el calcio y la vitamina D, son efectivos contra el c\u00e1ncer colo-rectal.<\/p>\n<p>&nbsp;<\/p>\n<p><strong>Algunos alimentos y sus caracter\u00edsticas<\/strong><\/p>\n<p>&nbsp;<\/p>\n<ul>\n<li><strong>Cebolla<\/strong> Contiene alicina, compuesto que act\u00faa como depurador del h\u00edgado, eliminando las sustancias t\u00f3xicas que se acumulan en la sangre y los tejidos.<\/li>\n<\/ul>\n<p>&nbsp;<\/p>\n<ul>\n<li><strong>Espinaca<\/strong> Ricas en carotenos, precursores de la vitamina A, interviene en la prevenci\u00f3n del c\u00e1ncer.<\/li>\n<\/ul>\n<p>&nbsp;<\/p>\n<ul>\n<li><strong>Linaza<\/strong> Importante para la digesti\u00f3n y adem\u00e1s ayuda a prevenir el c\u00e1ncer de colon.<\/li>\n<\/ul>\n<p>&nbsp;<\/p>\n<ul>\n<li><strong>Manzana<\/strong> Contiene fitoqu\u00edmicos que protegen contra la acci\u00f3n de los radicales libres.<\/li>\n<\/ul>\n<p>&nbsp;<\/p>\n<ul>\n<li><strong>Tomate<\/strong> Rico en licopeno, un caroteno que le da su color rojo y protege del c\u00e1ncer de pr\u00f3stata. Su piel y las pepitas tambi\u00e9n tienen efectos anticancer\u00edgenos.<\/li>\n<\/ul>\n<p>&nbsp;<\/p>\n<p><strong>Alimentos que aumentan el riesgo de desarrollar c\u00e1ncer<\/strong><\/p>\n<p>&nbsp;<\/p>\n<p>Investigaciones muestran que ciertos alimentos pueden aumentar el riesgo de tener c\u00e1ncer, los cuales son:<\/p>\n<p>&nbsp;<\/p>\n<ul>\n<li><strong>Carnes altamente procesadas<\/strong>, pueden aumentar el riesgo de tener c\u00e1ncer, si se los consume con frecuencia.<\/li>\n<\/ul>\n<p>&nbsp;<\/p>\n<ul>\n<li><strong>Alimentos altos en grasas saturadas<\/strong>, contribuyen al incremento de peso. El sobrepeso u obesidad aumentan el riesgo de tener muchos tipos de c\u00e1ncer.<\/li>\n<\/ul>\n\n","protected":false},"excerpt":{"rendered":"<p>Por: Equipo editor &nbsp; Seg\u00fan la Organizaci\u00f3n Mundial de la Salud (OMS), el riesgo de padecer muchos tipos de c\u00e1ncer se puede disminuir mediante la adopci\u00f3n de h\u00e1bitos de vida saludables, como alimentarse bien, hacer ejercicio con regularidad y no fumar. La OMS menciona que existe una relaci\u00f3n entre el sobrepeso y la obesidad con [&hellip;]<\/p>\n","protected":false},"author":1,"featured_media":68133,"comment_status":"closed","ping_status":"closed","sticky":false,"template":"","format":"standard","meta":{"_acf_changed":false,"footnotes":""},"categories":[43],"tags":[],"class_list":["post-68132","post","type-post","status-publish","format-standard","has-post-thumbnail","category-nuevos-horizontes"],"acf":{"antetitulo":""},"yoast_head":"<!-- This site is optimized with the Yoast SEO plugin v28.4 - https:\/\/yoast.com\/product\/yoast-seo-wordpress\/ -->\n<title>La alimentaci\u00f3n en la prevenci\u00f3n de patolog\u00edas celulares - El Diario - Bolivia<\/title>\n<meta name=\"robots\" content=\"index, follow, max-snippet:-1, max-image-preview:large, max-video-preview:-1\" \/>\n<link rel=\"canonical\" href=\"https:\/\/www.eldiario.net\/portal\/2022\/03\/08\/la-alimentacion-en-la-prevencion-de-patologias-celulares\/\" \/>\n<meta property=\"og:locale\" content=\"es_ES\" \/>\n<meta property=\"og:type\" content=\"article\" \/>\n<meta property=\"og:title\" content=\"La alimentaci\u00f3n en la prevenci\u00f3n de patolog\u00edas celulares - El Diario - Bolivia\" \/>\n<meta property=\"og:description\" content=\"Por: Equipo editor &nbsp; Seg\u00fan la Organizaci\u00f3n Mundial de la Salud (OMS), el riesgo de padecer muchos tipos de c\u00e1ncer se puede disminuir mediante la adopci\u00f3n de h\u00e1bitos de vida saludables, como alimentarse bien, hacer ejercicio con regularidad y no fumar. La OMS menciona que existe una relaci\u00f3n entre el sobrepeso y la obesidad con [&hellip;]\" \/>\n<meta property=\"og:url\" content=\"https:\/\/www.eldiario.net\/portal\/2022\/03\/08\/la-alimentacion-en-la-prevencion-de-patologias-celulares\/\" \/>\n<meta property=\"og:site_name\" content=\"El Diario - Bolivia\" \/>\n<meta property=\"article:publisher\" content=\"https:\/\/www.facebook.com\/eldiario.bolivia\/\" \/>\n<meta property=\"article:published_time\" content=\"2022-03-08T09:50:03+00:00\" \/>\n<meta name=\"author\" content=\"Jeanette\" \/>\n<meta name=\"twitter:card\" content=\"summary_large_image\" \/>\n<meta name=\"twitter:creator\" content=\"@eldiario_net\" \/>\n<meta name=\"twitter:site\" content=\"@eldiario_net\" \/>\n<meta name=\"twitter:label1\" content=\"Escrito por\" \/>\n\t<meta name=\"twitter:data1\" content=\"Jeanette\" \/>\n\t<meta name=\"twitter:label2\" content=\"Tiempo de lectura\" \/>\n\t<meta name=\"twitter:data2\" content=\"4 minutos\" \/>\n<script type=\"application\/ld+json\" class=\"yoast-schema-graph\">{\"@context\":\"https:\\\/\\\/schema.org\",\"@graph\":[{\"@type\":\"Article\",\"@id\":\"https:\\\/\\\/www.eldiario.net\\\/portal\\\/2022\\\/03\\\/08\\\/la-alimentacion-en-la-prevencion-de-patologias-celulares\\\/#article\",\"isPartOf\":{\"@id\":\"https:\\\/\\\/www.eldiario.net\\\/portal\\\/2022\\\/03\\\/08\\\/la-alimentacion-en-la-prevencion-de-patologias-celulares\\\/\"},\"author\":{\"name\":\"Jeanette\",\"@id\":\"https:\\\/\\\/www.eldiario.net\\\/portal\\\/#\\\/schema\\\/person\\\/2c57cf2b7a7ae032e449e4c9b1019eac\"},\"headline\":\"La alimentaci\u00f3n en la prevenci\u00f3n de patolog\u00edas celulares\",\"datePublished\":\"2022-03-08T09:50:03+00:00\",\"mainEntityOfPage\":{\"@id\":\"https:\\\/\\\/www.eldiario.net\\\/portal\\\/2022\\\/03\\\/08\\\/la-alimentacion-en-la-prevencion-de-patologias-celulares\\\/\"},\"wordCount\":847,\"publisher\":{\"@id\":\"https:\\\/\\\/www.eldiario.net\\\/portal\\\/#organization\"},\"image\":{\"@id\":\"https:\\\/\\\/www.eldiario.net\\\/portal\\\/2022\\\/03\\\/08\\\/la-alimentacion-en-la-prevencion-de-patologias-celulares\\\/#primaryimage\"},\"thumbnailUrl\":\"\",\"articleSection\":[\"Nuevos Horizontes\"],\"inLanguage\":\"es\"},{\"@type\":\"WebPage\",\"@id\":\"https:\\\/\\\/www.eldiario.net\\\/portal\\\/2022\\\/03\\\/08\\\/la-alimentacion-en-la-prevencion-de-patologias-celulares\\\/\",\"url\":\"https:\\\/\\\/www.eldiario.net\\\/portal\\\/2022\\\/03\\\/08\\\/la-alimentacion-en-la-prevencion-de-patologias-celulares\\\/\",\"name\":\"La alimentaci\u00f3n en la prevenci\u00f3n de patolog\u00edas celulares - El Diario - Bolivia\",\"isPartOf\":{\"@id\":\"https:\\\/\\\/www.eldiario.net\\\/portal\\\/#website\"},\"primaryImageOfPage\":{\"@id\":\"https:\\\/\\\/www.eldiario.net\\\/portal\\\/2022\\\/03\\\/08\\\/la-alimentacion-en-la-prevencion-de-patologias-celulares\\\/#primaryimage\"},\"image\":{\"@id\":\"https:\\\/\\\/www.eldiario.net\\\/portal\\\/2022\\\/03\\\/08\\\/la-alimentacion-en-la-prevencion-de-patologias-celulares\\\/#primaryimage\"},\"thumbnailUrl\":\"\",\"datePublished\":\"2022-03-08T09:50:03+00:00\",\"breadcrumb\":{\"@id\":\"https:\\\/\\\/www.eldiario.net\\\/portal\\\/2022\\\/03\\\/08\\\/la-alimentacion-en-la-prevencion-de-patologias-celulares\\\/#breadcrumb\"},\"inLanguage\":\"es\",\"potentialAction\":[{\"@type\":\"ReadAction\",\"target\":[\"https:\\\/\\\/www.eldiario.net\\\/portal\\\/2022\\\/03\\\/08\\\/la-alimentacion-en-la-prevencion-de-patologias-celulares\\\/\"]}]},{\"@type\":\"ImageObject\",\"inLanguage\":\"es\",\"@id\":\"https:\\\/\\\/www.eldiario.net\\\/portal\\\/2022\\\/03\\\/08\\\/la-alimentacion-en-la-prevencion-de-patologias-celulares\\\/#primaryimage\",\"url\":\"\",\"contentUrl\":\"\"},{\"@type\":\"BreadcrumbList\",\"@id\":\"https:\\\/\\\/www.eldiario.net\\\/portal\\\/2022\\\/03\\\/08\\\/la-alimentacion-en-la-prevencion-de-patologias-celulares\\\/#breadcrumb\",\"itemListElement\":[{\"@type\":\"ListItem\",\"position\":1,\"name\":\"Portada\",\"item\":\"https:\\\/\\\/www.eldiario.net\\\/portal\\\/\"},{\"@type\":\"ListItem\",\"position\":2,\"name\":\"La alimentaci\u00f3n en la prevenci\u00f3n de patolog\u00edas celulares\"}]},{\"@type\":\"WebSite\",\"@id\":\"https:\\\/\\\/www.eldiario.net\\\/portal\\\/#website\",\"url\":\"https:\\\/\\\/www.eldiario.net\\\/portal\\\/\",\"name\":\"El Diario - Decano de la prensa nacional\",\"description\":\"El Diario - Decano de la prensa nacional\",\"publisher\":{\"@id\":\"https:\\\/\\\/www.eldiario.net\\\/portal\\\/#organization\"},\"potentialAction\":[{\"@type\":\"SearchAction\",\"target\":{\"@type\":\"EntryPoint\",\"urlTemplate\":\"https:\\\/\\\/www.eldiario.net\\\/portal\\\/?s={search_term_string}\"},\"query-input\":{\"@type\":\"PropertyValueSpecification\",\"valueRequired\":true,\"valueName\":\"search_term_string\"}}],\"inLanguage\":\"es\"},{\"@type\":\"Organization\",\"@id\":\"https:\\\/\\\/www.eldiario.net\\\/portal\\\/#organization\",\"name\":\"El Diario - Decano de la prensa nacional\",\"url\":\"https:\\\/\\\/www.eldiario.net\\\/portal\\\/\",\"logo\":{\"@type\":\"ImageObject\",\"inLanguage\":\"es\",\"@id\":\"https:\\\/\\\/www.eldiario.net\\\/portal\\\/#\\\/schema\\\/logo\\\/image\\\/\",\"url\":\"https:\\\/\\\/www.eldiario.net\\\/portal\\\/wp-content\\\/uploads\\\/2023\\\/07\\\/logo_ED.jpg\",\"contentUrl\":\"https:\\\/\\\/www.eldiario.net\\\/portal\\\/wp-content\\\/uploads\\\/2023\\\/07\\\/logo_ED.jpg\",\"width\":272,\"height\":52,\"caption\":\"El Diario - Decano de la prensa nacional\"},\"image\":{\"@id\":\"https:\\\/\\\/www.eldiario.net\\\/portal\\\/#\\\/schema\\\/logo\\\/image\\\/\"},\"sameAs\":[\"https:\\\/\\\/www.facebook.com\\\/eldiario.bolivia\\\/\",\"https:\\\/\\\/x.com\\\/eldiario_net\"]},{\"@type\":\"Person\",\"@id\":\"https:\\\/\\\/www.eldiario.net\\\/portal\\\/#\\\/schema\\\/person\\\/2c57cf2b7a7ae032e449e4c9b1019eac\",\"name\":\"Jeanette\",\"image\":{\"@type\":\"ImageObject\",\"inLanguage\":\"es\",\"@id\":\"https:\\\/\\\/secure.gravatar.com\\\/avatar\\\/3ea2118a5f7dad2b7138b1187a6b7ee55f160b9968b66013c3a3ef39dd7e5798?s=96&d=mm&r=g\",\"url\":\"https:\\\/\\\/secure.gravatar.com\\\/avatar\\\/3ea2118a5f7dad2b7138b1187a6b7ee55f160b9968b66013c3a3ef39dd7e5798?s=96&d=mm&r=g\",\"contentUrl\":\"https:\\\/\\\/secure.gravatar.com\\\/avatar\\\/3ea2118a5f7dad2b7138b1187a6b7ee55f160b9968b66013c3a3ef39dd7e5798?s=96&d=mm&r=g\",\"caption\":\"Jeanette\"},\"sameAs\":[\"https:\\\/\\\/www.eldiario.net\\\/portal\"],\"url\":\"https:\\\/\\\/www.eldiario.net\\\/portal\\\/author\\\/jeanette\\\/\"}]}<\/script>\n<!-- \/ Yoast SEO plugin. -->","yoast_head_json":{"title":"La alimentaci\u00f3n en la prevenci\u00f3n de patolog\u00edas celulares - El Diario - Bolivia","robots":{"index":"index","follow":"follow","max-snippet":"max-snippet:-1","max-image-preview":"max-image-preview:large","max-video-preview":"max-video-preview:-1"},"canonical":"https:\/\/www.eldiario.net\/portal\/2022\/03\/08\/la-alimentacion-en-la-prevencion-de-patologias-celulares\/","og_locale":"es_ES","og_type":"article","og_title":"La alimentaci\u00f3n en la prevenci\u00f3n de patolog\u00edas celulares - El Diario - Bolivia","og_description":"Por: Equipo editor &nbsp; Seg\u00fan la Organizaci\u00f3n Mundial de la Salud (OMS), el riesgo de padecer muchos tipos de c\u00e1ncer se puede disminuir mediante la adopci\u00f3n de h\u00e1bitos de vida saludables, como alimentarse bien, hacer ejercicio con regularidad y no fumar. La OMS menciona que existe una relaci\u00f3n entre el sobrepeso y la obesidad con [&hellip;]","og_url":"https:\/\/www.eldiario.net\/portal\/2022\/03\/08\/la-alimentacion-en-la-prevencion-de-patologias-celulares\/","og_site_name":"El Diario - Bolivia","article_publisher":"https:\/\/www.facebook.com\/eldiario.bolivia\/","article_published_time":"2022-03-08T09:50:03+00:00","author":"Jeanette","twitter_card":"summary_large_image","twitter_creator":"@eldiario_net","twitter_site":"@eldiario_net","twitter_misc":{"Escrito por":"Jeanette","Tiempo de lectura":"4 minutos"},"schema":{"@context":"https:\/\/schema.org","@graph":[{"@type":"Article","@id":"https:\/\/www.eldiario.net\/portal\/2022\/03\/08\/la-alimentacion-en-la-prevencion-de-patologias-celulares\/#article","isPartOf":{"@id":"https:\/\/www.eldiario.net\/portal\/2022\/03\/08\/la-alimentacion-en-la-prevencion-de-patologias-celulares\/"},"author":{"name":"Jeanette","@id":"https:\/\/www.eldiario.net\/portal\/#\/schema\/person\/2c57cf2b7a7ae032e449e4c9b1019eac"},"headline":"La alimentaci\u00f3n en la prevenci\u00f3n de patolog\u00edas celulares","datePublished":"2022-03-08T09:50:03+00:00","mainEntityOfPage":{"@id":"https:\/\/www.eldiario.net\/portal\/2022\/03\/08\/la-alimentacion-en-la-prevencion-de-patologias-celulares\/"},"wordCount":847,"publisher":{"@id":"https:\/\/www.eldiario.net\/portal\/#organization"},"image":{"@id":"https:\/\/www.eldiario.net\/portal\/2022\/03\/08\/la-alimentacion-en-la-prevencion-de-patologias-celulares\/#primaryimage"},"thumbnailUrl":"","articleSection":["Nuevos Horizontes"],"inLanguage":"es"},{"@type":"WebPage","@id":"https:\/\/www.eldiario.net\/portal\/2022\/03\/08\/la-alimentacion-en-la-prevencion-de-patologias-celulares\/","url":"https:\/\/www.eldiario.net\/portal\/2022\/03\/08\/la-alimentacion-en-la-prevencion-de-patologias-celulares\/","name":"La alimentaci\u00f3n en la prevenci\u00f3n de patolog\u00edas celulares - El Diario - Bolivia","isPartOf":{"@id":"https:\/\/www.eldiario.net\/portal\/#website"},"primaryImageOfPage":{"@id":"https:\/\/www.eldiario.net\/portal\/2022\/03\/08\/la-alimentacion-en-la-prevencion-de-patologias-celulares\/#primaryimage"},"image":{"@id":"https:\/\/www.eldiario.net\/portal\/2022\/03\/08\/la-alimentacion-en-la-prevencion-de-patologias-celulares\/#primaryimage"},"thumbnailUrl":"","datePublished":"2022-03-08T09:50:03+00:00","breadcrumb":{"@id":"https:\/\/www.eldiario.net\/portal\/2022\/03\/08\/la-alimentacion-en-la-prevencion-de-patologias-celulares\/#breadcrumb"},"inLanguage":"es","potentialAction":[{"@type":"ReadAction","target":["https:\/\/www.eldiario.net\/portal\/2022\/03\/08\/la-alimentacion-en-la-prevencion-de-patologias-celulares\/"]}]},{"@type":"ImageObject","inLanguage":"es","@id":"https:\/\/www.eldiario.net\/portal\/2022\/03\/08\/la-alimentacion-en-la-prevencion-de-patologias-celulares\/#primaryimage","url":"","contentUrl":""},{"@type":"BreadcrumbList","@id":"https:\/\/www.eldiario.net\/portal\/2022\/03\/08\/la-alimentacion-en-la-prevencion-de-patologias-celulares\/#breadcrumb","itemListElement":[{"@type":"ListItem","position":1,"name":"Portada","item":"https:\/\/www.eldiario.net\/portal\/"},{"@type":"ListItem","position":2,"name":"La alimentaci\u00f3n en la prevenci\u00f3n de patolog\u00edas celulares"}]},{"@type":"WebSite","@id":"https:\/\/www.eldiario.net\/portal\/#website","url":"https:\/\/www.eldiario.net\/portal\/","name":"El Diario - Decano de la prensa nacional","description":"El Diario - Decano de la prensa nacional","publisher":{"@id":"https:\/\/www.eldiario.net\/portal\/#organization"},"potentialAction":[{"@type":"SearchAction","target":{"@type":"EntryPoint","urlTemplate":"https:\/\/www.eldiario.net\/portal\/?s={search_term_string}"},"query-input":{"@type":"PropertyValueSpecification","valueRequired":true,"valueName":"search_term_string"}}],"inLanguage":"es"},{"@type":"Organization","@id":"https:\/\/www.eldiario.net\/portal\/#organization","name":"El Diario - Decano de la prensa nacional","url":"https:\/\/www.eldiario.net\/portal\/","logo":{"@type":"ImageObject","inLanguage":"es","@id":"https:\/\/www.eldiario.net\/portal\/#\/schema\/logo\/image\/","url":"https:\/\/www.eldiario.net\/portal\/wp-content\/uploads\/2023\/07\/logo_ED.jpg","contentUrl":"https:\/\/www.eldiario.net\/portal\/wp-content\/uploads\/2023\/07\/logo_ED.jpg","width":272,"height":52,"caption":"El Diario - Decano de la prensa nacional"},"image":{"@id":"https:\/\/www.eldiario.net\/portal\/#\/schema\/logo\/image\/"},"sameAs":["https:\/\/www.facebook.com\/eldiario.bolivia\/","https:\/\/x.com\/eldiario_net"]},{"@type":"Person","@id":"https:\/\/www.eldiario.net\/portal\/#\/schema\/person\/2c57cf2b7a7ae032e449e4c9b1019eac","name":"Jeanette","image":{"@type":"ImageObject","inLanguage":"es","@id":"https:\/\/secure.gravatar.com\/avatar\/3ea2118a5f7dad2b7138b1187a6b7ee55f160b9968b66013c3a3ef39dd7e5798?s=96&d=mm&r=g","url":"https:\/\/secure.gravatar.com\/avatar\/3ea2118a5f7dad2b7138b1187a6b7ee55f160b9968b66013c3a3ef39dd7e5798?s=96&d=mm&r=g","contentUrl":"https:\/\/secure.gravatar.com\/avatar\/3ea2118a5f7dad2b7138b1187a6b7ee55f160b9968b66013c3a3ef39dd7e5798?s=96&d=mm&r=g","caption":"Jeanette"},"sameAs":["https:\/\/www.eldiario.net\/portal"],"url":"https:\/\/www.eldiario.net\/portal\/author\/jeanette\/"}]}},"_links":{"self":[{"href":"https:\/\/www.eldiario.net\/portal\/wp-json\/wp\/v2\/posts\/68132","targetHints":{"allow":["GET"]}}],"collection":[{"href":"https:\/\/www.eldiario.net\/portal\/wp-json\/wp\/v2\/posts"}],"about":[{"href":"https:\/\/www.eldiario.net\/portal\/wp-json\/wp\/v2\/types\/post"}],"author":[{"embeddable":true,"href":"https:\/\/www.eldiario.net\/portal\/wp-json\/wp\/v2\/users\/1"}],"replies":[{"embeddable":true,"href":"https:\/\/www.eldiario.net\/portal\/wp-json\/wp\/v2\/comments?post=68132"}],"version-history":[{"count":0,"href":"https:\/\/www.eldiario.net\/portal\/wp-json\/wp\/v2\/posts\/68132\/revisions"}],"wp:attachment":[{"href":"https:\/\/www.eldiario.net\/portal\/wp-json\/wp\/v2\/media?parent=68132"}],"wp:term":[{"taxonomy":"category","embeddable":true,"href":"https:\/\/www.eldiario.net\/portal\/wp-json\/wp\/v2\/categories?post=68132"},{"taxonomy":"post_tag","embeddable":true,"href":"https:\/\/www.eldiario.net\/portal\/wp-json\/wp\/v2\/tags?post=68132"}],"curies":[{"name":"wp","href":"https:\/\/api.w.org\/{rel}","templated":true}]}}