{"id":68119,"date":"2022-03-08T05:45:33","date_gmt":"2022-03-08T09:45:33","guid":{"rendered":"https:\/\/www.eldiario.net\/portal\/?p=68119"},"modified":"2022-03-08T05:45:33","modified_gmt":"2022-03-08T09:45:33","slug":"legisladores-senalan-que-no-es-correcto-sugerir-nombres-para-nuevo-defensor","status":"publish","type":"post","link":"https:\/\/www.eldiario.net\/portal\/2022\/03\/08\/legisladores-senalan-que-no-es-correcto-sugerir-nombres-para-nuevo-defensor\/","title":{"rendered":"Legisladores se\u00f1alan que no es correcto  sugerir nombres para nuevo Defensor"},"content":{"rendered":"<p>Ante el pr\u00f3ximo tratamiento de normativas para la selecci\u00f3n del nuevo Defensor del Pueblo, por parte de la Asamblea Legislativa Plurinacional (ALP), parlamentarios de oposici\u00f3n y oficialismo se\u00f1alaron que no es propio que organizaciones pol\u00edticas sugieran nombres de candidatos para este cargo.<\/p>\n<p>Para el diputado por Comunidad Ciudadana, Alberto Astorga, no es una actitud responsable que los partidos que conforman el \u00d3rgano Legislativo, planteen postulaciones a Defensor, puesto que ser\u00e1n ellos los encargados de designar a esta autoridad en \u00faltima instancia.<\/p>\n<p>\u201cNo me parece responsable que como diputados demos algunos nombres ya que nosotros vamos a ser los que vamos a elegir. Es con dos tercios de votos que se elige al interior del Legislativo, lo que si queremos es que sean personas id\u00f3neas, transparentes y que velen por la seguridad de la ciudadan\u00eda\u201d, dijo.<\/p>\n<p>Astorga adelant\u00f3 que plataformas por la democracia y activistas vigilar\u00e1n el proceso de selecci\u00f3n y no permitir\u00e1n que se vete a ciudadanos que participaron en las protestas tras el fraude electoral de 2019.<\/p>\n<p>Al respecto, el diputado Sergio Maniguary de la alianza Creemos, sostuvo que las postulaciones deben surgir de la poblaci\u00f3n y de organizaciones civiles relacionadas a la defensa de derechos, mientras que los legisladores est\u00e1n en la tarea de investigar y evaluar a todos los aspirantes que se presenten.<\/p>\n<p>\u201cNosotros no estamos barajando ning\u00fan nombre porque los postulantes tienen que presentarse por ellos mismos, personas que tengan los requerimientos para poder presentarse a esta postulaci\u00f3n\u201d, manifest\u00f3.<\/p>\n<p>Agreg\u00f3 que los todos los postulantes a este cargo deber\u00edan contar con una trayectoria que los respalde, similar o mejor al perfil de la exdefensora Ana Mar\u00eda Romero.<\/p>\n<p>Desde el oficialismo, la senadora Virginia Velazco sostuvo que el MAS no maneja ning\u00fan nombre o postulaci\u00f3n y que son las personas interesadas en el cargo los que deben acudir a presentar sus postulaciones. \u201cNosotros no tenemos ning\u00fan nombre, es una convocatoria amplia y libre, pueden participar y presentarse cumpliendo los requisitos indicados\u201d, dijo.<\/p>\n","protected":false},"excerpt":{"rendered":"<p>Ante el pr\u00f3ximo tratamiento de normativas para la selecci\u00f3n del nuevo Defensor del Pueblo, por parte de la Asamblea Legislativa Plurinacional (ALP), parlamentarios de oposici\u00f3n y oficialismo se\u00f1alaron que no es propio que organizaciones pol\u00edticas sugieran nombres de candidatos para este cargo. Para el diputado por Comunidad Ciudadana, Alberto Astorga, no es una actitud responsable [&hellip;]<\/p>\n","protected":false},"author":1,"featured_media":68120,"comment_status":"closed","ping_status":"closed","sticky":false,"template":"","format":"standard","meta":{"_acf_changed":false,"footnotes":""},"categories":[14],"tags":[],"class_list":["post-68119","post","type-post","status-publish","format-standard","has-post-thumbnail","category-politica"],"acf":{"antetitulo":""},"yoast_head":"<!-- This site is optimized with the Yoast SEO plugin v28.4 - https:\/\/yoast.com\/product\/yoast-seo-wordpress\/ -->\n<title>Legisladores se\u00f1alan que no es correcto sugerir nombres para nuevo Defensor - El Diario - Bolivia<\/title>\n<meta name=\"robots\" content=\"index, follow, max-snippet:-1, max-image-preview:large, max-video-preview:-1\" \/>\n<link rel=\"canonical\" href=\"https:\/\/www.eldiario.net\/portal\/2022\/03\/08\/legisladores-senalan-que-no-es-correcto-sugerir-nombres-para-nuevo-defensor\/\" \/>\n<meta property=\"og:locale\" content=\"es_ES\" \/>\n<meta property=\"og:type\" content=\"article\" \/>\n<meta property=\"og:title\" content=\"Legisladores se\u00f1alan que no es correcto sugerir nombres para nuevo Defensor - El Diario - Bolivia\" \/>\n<meta property=\"og:description\" content=\"Ante el pr\u00f3ximo tratamiento de normativas para la selecci\u00f3n del nuevo Defensor del Pueblo, por parte de la Asamblea Legislativa Plurinacional (ALP), parlamentarios de oposici\u00f3n y oficialismo se\u00f1alaron que no es propio que organizaciones pol\u00edticas sugieran nombres de candidatos para este cargo. Para el diputado por Comunidad Ciudadana, Alberto Astorga, no es una actitud responsable [&hellip;]\" \/>\n<meta property=\"og:url\" content=\"https:\/\/www.eldiario.net\/portal\/2022\/03\/08\/legisladores-senalan-que-no-es-correcto-sugerir-nombres-para-nuevo-defensor\/\" \/>\n<meta property=\"og:site_name\" content=\"El Diario - Bolivia\" \/>\n<meta property=\"article:publisher\" content=\"https:\/\/www.facebook.com\/eldiario.bolivia\/\" \/>\n<meta property=\"article:published_time\" content=\"2022-03-08T09:45:33+00:00\" \/>\n<meta name=\"author\" content=\"Jeanette\" \/>\n<meta name=\"twitter:card\" content=\"summary_large_image\" \/>\n<meta name=\"twitter:creator\" content=\"@eldiario_net\" \/>\n<meta name=\"twitter:site\" content=\"@eldiario_net\" \/>\n<meta name=\"twitter:label1\" content=\"Escrito por\" \/>\n\t<meta name=\"twitter:data1\" content=\"Jeanette\" \/>\n\t<meta name=\"twitter:label2\" content=\"Tiempo de lectura\" \/>\n\t<meta name=\"twitter:data2\" content=\"2 minutos\" \/>\n<script type=\"application\/ld+json\" class=\"yoast-schema-graph\">{\"@context\":\"https:\\\/\\\/schema.org\",\"@graph\":[{\"@type\":\"Article\",\"@id\":\"https:\\\/\\\/www.eldiario.net\\\/portal\\\/2022\\\/03\\\/08\\\/legisladores-senalan-que-no-es-correcto-sugerir-nombres-para-nuevo-defensor\\\/#article\",\"isPartOf\":{\"@id\":\"https:\\\/\\\/www.eldiario.net\\\/portal\\\/2022\\\/03\\\/08\\\/legisladores-senalan-que-no-es-correcto-sugerir-nombres-para-nuevo-defensor\\\/\"},\"author\":{\"name\":\"Jeanette\",\"@id\":\"https:\\\/\\\/www.eldiario.net\\\/portal\\\/#\\\/schema\\\/person\\\/2c57cf2b7a7ae032e449e4c9b1019eac\"},\"headline\":\"Legisladores se\u00f1alan que no es correcto sugerir nombres para nuevo Defensor\",\"datePublished\":\"2022-03-08T09:45:33+00:00\",\"mainEntityOfPage\":{\"@id\":\"https:\\\/\\\/www.eldiario.net\\\/portal\\\/2022\\\/03\\\/08\\\/legisladores-senalan-que-no-es-correcto-sugerir-nombres-para-nuevo-defensor\\\/\"},\"wordCount\":356,\"publisher\":{\"@id\":\"https:\\\/\\\/www.eldiario.net\\\/portal\\\/#organization\"},\"image\":{\"@id\":\"https:\\\/\\\/www.eldiario.net\\\/portal\\\/2022\\\/03\\\/08\\\/legisladores-senalan-que-no-es-correcto-sugerir-nombres-para-nuevo-defensor\\\/#primaryimage\"},\"thumbnailUrl\":\"\",\"articleSection\":[\"Pol\u00edtica\"],\"inLanguage\":\"es\"},{\"@type\":\"WebPage\",\"@id\":\"https:\\\/\\\/www.eldiario.net\\\/portal\\\/2022\\\/03\\\/08\\\/legisladores-senalan-que-no-es-correcto-sugerir-nombres-para-nuevo-defensor\\\/\",\"url\":\"https:\\\/\\\/www.eldiario.net\\\/portal\\\/2022\\\/03\\\/08\\\/legisladores-senalan-que-no-es-correcto-sugerir-nombres-para-nuevo-defensor\\\/\",\"name\":\"Legisladores se\u00f1alan que no es correcto sugerir nombres para nuevo Defensor - El Diario - Bolivia\",\"isPartOf\":{\"@id\":\"https:\\\/\\\/www.eldiario.net\\\/portal\\\/#website\"},\"primaryImageOfPage\":{\"@id\":\"https:\\\/\\\/www.eldiario.net\\\/portal\\\/2022\\\/03\\\/08\\\/legisladores-senalan-que-no-es-correcto-sugerir-nombres-para-nuevo-defensor\\\/#primaryimage\"},\"image\":{\"@id\":\"https:\\\/\\\/www.eldiario.net\\\/portal\\\/2022\\\/03\\\/08\\\/legisladores-senalan-que-no-es-correcto-sugerir-nombres-para-nuevo-defensor\\\/#primaryimage\"},\"thumbnailUrl\":\"\",\"datePublished\":\"2022-03-08T09:45:33+00:00\",\"breadcrumb\":{\"@id\":\"https:\\\/\\\/www.eldiario.net\\\/portal\\\/2022\\\/03\\\/08\\\/legisladores-senalan-que-no-es-correcto-sugerir-nombres-para-nuevo-defensor\\\/#breadcrumb\"},\"inLanguage\":\"es\",\"potentialAction\":[{\"@type\":\"ReadAction\",\"target\":[\"https:\\\/\\\/www.eldiario.net\\\/portal\\\/2022\\\/03\\\/08\\\/legisladores-senalan-que-no-es-correcto-sugerir-nombres-para-nuevo-defensor\\\/\"]}]},{\"@type\":\"ImageObject\",\"inLanguage\":\"es\",\"@id\":\"https:\\\/\\\/www.eldiario.net\\\/portal\\\/2022\\\/03\\\/08\\\/legisladores-senalan-que-no-es-correcto-sugerir-nombres-para-nuevo-defensor\\\/#primaryimage\",\"url\":\"\",\"contentUrl\":\"\"},{\"@type\":\"BreadcrumbList\",\"@id\":\"https:\\\/\\\/www.eldiario.net\\\/portal\\\/2022\\\/03\\\/08\\\/legisladores-senalan-que-no-es-correcto-sugerir-nombres-para-nuevo-defensor\\\/#breadcrumb\",\"itemListElement\":[{\"@type\":\"ListItem\",\"position\":1,\"name\":\"Portada\",\"item\":\"https:\\\/\\\/www.eldiario.net\\\/portal\\\/\"},{\"@type\":\"ListItem\",\"position\":2,\"name\":\"Legisladores se\u00f1alan que no es correcto sugerir nombres para nuevo Defensor\"}]},{\"@type\":\"WebSite\",\"@id\":\"https:\\\/\\\/www.eldiario.net\\\/portal\\\/#website\",\"url\":\"https:\\\/\\\/www.eldiario.net\\\/portal\\\/\",\"name\":\"El Diario - Decano de la prensa nacional\",\"description\":\"El Diario - Decano de la prensa nacional\",\"publisher\":{\"@id\":\"https:\\\/\\\/www.eldiario.net\\\/portal\\\/#organization\"},\"potentialAction\":[{\"@type\":\"SearchAction\",\"target\":{\"@type\":\"EntryPoint\",\"urlTemplate\":\"https:\\\/\\\/www.eldiario.net\\\/portal\\\/?s={search_term_string}\"},\"query-input\":{\"@type\":\"PropertyValueSpecification\",\"valueRequired\":true,\"valueName\":\"search_term_string\"}}],\"inLanguage\":\"es\"},{\"@type\":\"Organization\",\"@id\":\"https:\\\/\\\/www.eldiario.net\\\/portal\\\/#organization\",\"name\":\"El Diario - Decano de la prensa nacional\",\"url\":\"https:\\\/\\\/www.eldiario.net\\\/portal\\\/\",\"logo\":{\"@type\":\"ImageObject\",\"inLanguage\":\"es\",\"@id\":\"https:\\\/\\\/www.eldiario.net\\\/portal\\\/#\\\/schema\\\/logo\\\/image\\\/\",\"url\":\"https:\\\/\\\/www.eldiario.net\\\/portal\\\/wp-content\\\/uploads\\\/2023\\\/07\\\/logo_ED.jpg\",\"contentUrl\":\"https:\\\/\\\/www.eldiario.net\\\/portal\\\/wp-content\\\/uploads\\\/2023\\\/07\\\/logo_ED.jpg\",\"width\":272,\"height\":52,\"caption\":\"El Diario - Decano de la prensa nacional\"},\"image\":{\"@id\":\"https:\\\/\\\/www.eldiario.net\\\/portal\\\/#\\\/schema\\\/logo\\\/image\\\/\"},\"sameAs\":[\"https:\\\/\\\/www.facebook.com\\\/eldiario.bolivia\\\/\",\"https:\\\/\\\/x.com\\\/eldiario_net\"]},{\"@type\":\"Person\",\"@id\":\"https:\\\/\\\/www.eldiario.net\\\/portal\\\/#\\\/schema\\\/person\\\/2c57cf2b7a7ae032e449e4c9b1019eac\",\"name\":\"Jeanette\",\"image\":{\"@type\":\"ImageObject\",\"inLanguage\":\"es\",\"@id\":\"https:\\\/\\\/secure.gravatar.com\\\/avatar\\\/3ea2118a5f7dad2b7138b1187a6b7ee55f160b9968b66013c3a3ef39dd7e5798?s=96&d=mm&r=g\",\"url\":\"https:\\\/\\\/secure.gravatar.com\\\/avatar\\\/3ea2118a5f7dad2b7138b1187a6b7ee55f160b9968b66013c3a3ef39dd7e5798?s=96&d=mm&r=g\",\"contentUrl\":\"https:\\\/\\\/secure.gravatar.com\\\/avatar\\\/3ea2118a5f7dad2b7138b1187a6b7ee55f160b9968b66013c3a3ef39dd7e5798?s=96&d=mm&r=g\",\"caption\":\"Jeanette\"},\"sameAs\":[\"https:\\\/\\\/www.eldiario.net\\\/portal\"],\"url\":\"https:\\\/\\\/www.eldiario.net\\\/portal\\\/author\\\/jeanette\\\/\"}]}<\/script>\n<!-- \/ Yoast SEO plugin. -->","yoast_head_json":{"title":"Legisladores se\u00f1alan que no es correcto sugerir nombres para nuevo Defensor - El Diario - Bolivia","robots":{"index":"index","follow":"follow","max-snippet":"max-snippet:-1","max-image-preview":"max-image-preview:large","max-video-preview":"max-video-preview:-1"},"canonical":"https:\/\/www.eldiario.net\/portal\/2022\/03\/08\/legisladores-senalan-que-no-es-correcto-sugerir-nombres-para-nuevo-defensor\/","og_locale":"es_ES","og_type":"article","og_title":"Legisladores se\u00f1alan que no es correcto sugerir nombres para nuevo Defensor - El Diario - Bolivia","og_description":"Ante el pr\u00f3ximo tratamiento de normativas para la selecci\u00f3n del nuevo Defensor del Pueblo, por parte de la Asamblea Legislativa Plurinacional (ALP), parlamentarios de oposici\u00f3n y oficialismo se\u00f1alaron que no es propio que organizaciones pol\u00edticas sugieran nombres de candidatos para este cargo. Para el diputado por Comunidad Ciudadana, Alberto Astorga, no es una actitud responsable [&hellip;]","og_url":"https:\/\/www.eldiario.net\/portal\/2022\/03\/08\/legisladores-senalan-que-no-es-correcto-sugerir-nombres-para-nuevo-defensor\/","og_site_name":"El Diario - Bolivia","article_publisher":"https:\/\/www.facebook.com\/eldiario.bolivia\/","article_published_time":"2022-03-08T09:45:33+00:00","author":"Jeanette","twitter_card":"summary_large_image","twitter_creator":"@eldiario_net","twitter_site":"@eldiario_net","twitter_misc":{"Escrito por":"Jeanette","Tiempo de lectura":"2 minutos"},"schema":{"@context":"https:\/\/schema.org","@graph":[{"@type":"Article","@id":"https:\/\/www.eldiario.net\/portal\/2022\/03\/08\/legisladores-senalan-que-no-es-correcto-sugerir-nombres-para-nuevo-defensor\/#article","isPartOf":{"@id":"https:\/\/www.eldiario.net\/portal\/2022\/03\/08\/legisladores-senalan-que-no-es-correcto-sugerir-nombres-para-nuevo-defensor\/"},"author":{"name":"Jeanette","@id":"https:\/\/www.eldiario.net\/portal\/#\/schema\/person\/2c57cf2b7a7ae032e449e4c9b1019eac"},"headline":"Legisladores se\u00f1alan que no es correcto sugerir nombres para nuevo Defensor","datePublished":"2022-03-08T09:45:33+00:00","mainEntityOfPage":{"@id":"https:\/\/www.eldiario.net\/portal\/2022\/03\/08\/legisladores-senalan-que-no-es-correcto-sugerir-nombres-para-nuevo-defensor\/"},"wordCount":356,"publisher":{"@id":"https:\/\/www.eldiario.net\/portal\/#organization"},"image":{"@id":"https:\/\/www.eldiario.net\/portal\/2022\/03\/08\/legisladores-senalan-que-no-es-correcto-sugerir-nombres-para-nuevo-defensor\/#primaryimage"},"thumbnailUrl":"","articleSection":["Pol\u00edtica"],"inLanguage":"es"},{"@type":"WebPage","@id":"https:\/\/www.eldiario.net\/portal\/2022\/03\/08\/legisladores-senalan-que-no-es-correcto-sugerir-nombres-para-nuevo-defensor\/","url":"https:\/\/www.eldiario.net\/portal\/2022\/03\/08\/legisladores-senalan-que-no-es-correcto-sugerir-nombres-para-nuevo-defensor\/","name":"Legisladores se\u00f1alan que no es correcto sugerir nombres para nuevo Defensor - El Diario - Bolivia","isPartOf":{"@id":"https:\/\/www.eldiario.net\/portal\/#website"},"primaryImageOfPage":{"@id":"https:\/\/www.eldiario.net\/portal\/2022\/03\/08\/legisladores-senalan-que-no-es-correcto-sugerir-nombres-para-nuevo-defensor\/#primaryimage"},"image":{"@id":"https:\/\/www.eldiario.net\/portal\/2022\/03\/08\/legisladores-senalan-que-no-es-correcto-sugerir-nombres-para-nuevo-defensor\/#primaryimage"},"thumbnailUrl":"","datePublished":"2022-03-08T09:45:33+00:00","breadcrumb":{"@id":"https:\/\/www.eldiario.net\/portal\/2022\/03\/08\/legisladores-senalan-que-no-es-correcto-sugerir-nombres-para-nuevo-defensor\/#breadcrumb"},"inLanguage":"es","potentialAction":[{"@type":"ReadAction","target":["https:\/\/www.eldiario.net\/portal\/2022\/03\/08\/legisladores-senalan-que-no-es-correcto-sugerir-nombres-para-nuevo-defensor\/"]}]},{"@type":"ImageObject","inLanguage":"es","@id":"https:\/\/www.eldiario.net\/portal\/2022\/03\/08\/legisladores-senalan-que-no-es-correcto-sugerir-nombres-para-nuevo-defensor\/#primaryimage","url":"","contentUrl":""},{"@type":"BreadcrumbList","@id":"https:\/\/www.eldiario.net\/portal\/2022\/03\/08\/legisladores-senalan-que-no-es-correcto-sugerir-nombres-para-nuevo-defensor\/#breadcrumb","itemListElement":[{"@type":"ListItem","position":1,"name":"Portada","item":"https:\/\/www.eldiario.net\/portal\/"},{"@type":"ListItem","position":2,"name":"Legisladores se\u00f1alan que no es correcto sugerir nombres para nuevo Defensor"}]},{"@type":"WebSite","@id":"https:\/\/www.eldiario.net\/portal\/#website","url":"https:\/\/www.eldiario.net\/portal\/","name":"El Diario - Decano de la prensa nacional","description":"El Diario - Decano de la prensa nacional","publisher":{"@id":"https:\/\/www.eldiario.net\/portal\/#organization"},"potentialAction":[{"@type":"SearchAction","target":{"@type":"EntryPoint","urlTemplate":"https:\/\/www.eldiario.net\/portal\/?s={search_term_string}"},"query-input":{"@type":"PropertyValueSpecification","valueRequired":true,"valueName":"search_term_string"}}],"inLanguage":"es"},{"@type":"Organization","@id":"https:\/\/www.eldiario.net\/portal\/#organization","name":"El Diario - Decano de la prensa nacional","url":"https:\/\/www.eldiario.net\/portal\/","logo":{"@type":"ImageObject","inLanguage":"es","@id":"https:\/\/www.eldiario.net\/portal\/#\/schema\/logo\/image\/","url":"https:\/\/www.eldiario.net\/portal\/wp-content\/uploads\/2023\/07\/logo_ED.jpg","contentUrl":"https:\/\/www.eldiario.net\/portal\/wp-content\/uploads\/2023\/07\/logo_ED.jpg","width":272,"height":52,"caption":"El Diario - Decano de la prensa nacional"},"image":{"@id":"https:\/\/www.eldiario.net\/portal\/#\/schema\/logo\/image\/"},"sameAs":["https:\/\/www.facebook.com\/eldiario.bolivia\/","https:\/\/x.com\/eldiario_net"]},{"@type":"Person","@id":"https:\/\/www.eldiario.net\/portal\/#\/schema\/person\/2c57cf2b7a7ae032e449e4c9b1019eac","name":"Jeanette","image":{"@type":"ImageObject","inLanguage":"es","@id":"https:\/\/secure.gravatar.com\/avatar\/3ea2118a5f7dad2b7138b1187a6b7ee55f160b9968b66013c3a3ef39dd7e5798?s=96&d=mm&r=g","url":"https:\/\/secure.gravatar.com\/avatar\/3ea2118a5f7dad2b7138b1187a6b7ee55f160b9968b66013c3a3ef39dd7e5798?s=96&d=mm&r=g","contentUrl":"https:\/\/secure.gravatar.com\/avatar\/3ea2118a5f7dad2b7138b1187a6b7ee55f160b9968b66013c3a3ef39dd7e5798?s=96&d=mm&r=g","caption":"Jeanette"},"sameAs":["https:\/\/www.eldiario.net\/portal"],"url":"https:\/\/www.eldiario.net\/portal\/author\/jeanette\/"}]}},"_links":{"self":[{"href":"https:\/\/www.eldiario.net\/portal\/wp-json\/wp\/v2\/posts\/68119","targetHints":{"allow":["GET"]}}],"collection":[{"href":"https:\/\/www.eldiario.net\/portal\/wp-json\/wp\/v2\/posts"}],"about":[{"href":"https:\/\/www.eldiario.net\/portal\/wp-json\/wp\/v2\/types\/post"}],"author":[{"embeddable":true,"href":"https:\/\/www.eldiario.net\/portal\/wp-json\/wp\/v2\/users\/1"}],"replies":[{"embeddable":true,"href":"https:\/\/www.eldiario.net\/portal\/wp-json\/wp\/v2\/comments?post=68119"}],"version-history":[{"count":0,"href":"https:\/\/www.eldiario.net\/portal\/wp-json\/wp\/v2\/posts\/68119\/revisions"}],"wp:attachment":[{"href":"https:\/\/www.eldiario.net\/portal\/wp-json\/wp\/v2\/media?parent=68119"}],"wp:term":[{"taxonomy":"category","embeddable":true,"href":"https:\/\/www.eldiario.net\/portal\/wp-json\/wp\/v2\/categories?post=68119"},{"taxonomy":"post_tag","embeddable":true,"href":"https:\/\/www.eldiario.net\/portal\/wp-json\/wp\/v2\/tags?post=68119"}],"curies":[{"name":"wp","href":"https:\/\/api.w.org\/{rel}","templated":true}]}}