{"id":68115,"date":"2022-03-08T05:44:46","date_gmt":"2022-03-08T09:44:46","guid":{"rendered":"https:\/\/www.eldiario.net\/portal\/?p=68115"},"modified":"2022-03-08T05:44:46","modified_gmt":"2022-03-08T09:44:46","slug":"senador-loza-admite-que-existen-diferencias-al-interior-del-mas","status":"publish","type":"post","link":"https:\/\/www.eldiario.net\/portal\/2022\/03\/08\/senador-loza-admite-que-existen-diferencias-al-interior-del-mas\/","title":{"rendered":"Senador Loza admite que existen  diferencias al interior del MAS"},"content":{"rendered":"<p>Adelantando que no existir\u00e1n divisiones en el oficialismo para las pr\u00f3ximas elecciones generales de 2025, el senador por el Movimiento al Socialismo (MAS), Leonardo Loza, reconoci\u00f3 que existen diferencias al interior del partido gobernante.<\/p>\n<p>El parlamentario representante de la regi\u00f3n del Chapare, manifest\u00f3 que siempre han existido diferencias desde la militancia y la dirigencia del partido azul y esta se da mayormente en las instancias municipales desde la fundaci\u00f3n del MAS.<\/p>\n<p>En conferencia de prensa, Loza sostuvo que, pese a todos estos obst\u00e1culos, el partido oficialista se presentar\u00e1 en las elecciones de 2025 sin ninguna divisi\u00f3n.<\/p>\n<p>\u201cNo hay ninguna divisi\u00f3n, por supuesto hay algunas diferencias como siempre ha habido desde la creaci\u00f3n y fundaci\u00f3n del instrumento pol\u00edtico en la provincia y municipios siempre hemos tenido diferencias, eso es normal\u201d, se\u00f1al\u00f3.<\/p>\n<p>Justific\u00f3 estas pugnas como situaciones normales al interior del partido gobernante, mismas que no afectar\u00e1n la participaci\u00f3n de esta organizaci\u00f3n pol\u00edtica en los pr\u00f3ximos comicios nacionales.<\/p>\n<p>\u201cEs parte del instrumento pol\u00edtico as\u00ed que yo les aseguro que podemos tener criterios y pensamientos propios, personalmente estoy seguro que las siguientes elecciones generales, el MAS enfrentar\u00e1 como un solo instrumento, sin ninguna divisi\u00f3n\u201d, asegur\u00f3.<\/p>\n<p>Estas aclaraciones se dan tras las palabras del exvicepresidente, \u00c1lvaro Garc\u00eda, quien adelant\u00f3 la posibilidad de que los pr\u00f3ximos comicios por la presidencia del Estado encuentren al MAS en divisi\u00f3n y con candidaturas separadas.<\/p>\n<p>Esto por una supuesta separaci\u00f3n entre el liderazgo de los actuales gobernantes, Luis Arce y David Choquehuanca y la figura hist\u00f3rica social que estar\u00eda representada por el l\u00edder cocalero, Evo Morales.<\/p>\n<p>\u201cTe\u00f3ricamente, tienen la posibilidad de que pudieran plantear su candidatura el 2025 y tienen todo el derecho a hacerlo (&#8230;), lo que pasa es que no sabemos cu\u00e1l ser\u00e1 la posici\u00f3n de ellos en t\u00e9rmino de las elecciones, si ser\u00e1n candidatos dentro del MAS o no lo ser\u00e1n\u201d, sostuvo la exautoridad.<\/p>\n","protected":false},"excerpt":{"rendered":"<p>Adelantando que no existir\u00e1n divisiones en el oficialismo para las pr\u00f3ximas elecciones generales de 2025, el senador por el Movimiento al Socialismo (MAS), Leonardo Loza, reconoci\u00f3 que existen diferencias al interior del partido gobernante. El parlamentario representante de la regi\u00f3n del Chapare, manifest\u00f3 que siempre han existido diferencias desde la militancia y la dirigencia del [&hellip;]<\/p>\n","protected":false},"author":1,"featured_media":68116,"comment_status":"closed","ping_status":"closed","sticky":false,"template":"","format":"standard","meta":{"_acf_changed":false,"footnotes":""},"categories":[14],"tags":[],"class_list":["post-68115","post","type-post","status-publish","format-standard","has-post-thumbnail","category-politica"],"acf":{"antetitulo":""},"yoast_head":"<!-- This site is optimized with the Yoast SEO plugin v28.4 - https:\/\/yoast.com\/product\/yoast-seo-wordpress\/ -->\n<title>Senador Loza admite que existen diferencias al interior del MAS - El Diario - Bolivia<\/title>\n<meta name=\"robots\" content=\"index, follow, max-snippet:-1, max-image-preview:large, max-video-preview:-1\" \/>\n<link rel=\"canonical\" href=\"https:\/\/www.eldiario.net\/portal\/2022\/03\/08\/senador-loza-admite-que-existen-diferencias-al-interior-del-mas\/\" \/>\n<meta property=\"og:locale\" content=\"es_ES\" \/>\n<meta property=\"og:type\" content=\"article\" \/>\n<meta property=\"og:title\" content=\"Senador Loza admite que existen diferencias al interior del MAS - El Diario - Bolivia\" \/>\n<meta property=\"og:description\" content=\"Adelantando que no existir\u00e1n divisiones en el oficialismo para las pr\u00f3ximas elecciones generales de 2025, el senador por el Movimiento al Socialismo (MAS), Leonardo Loza, reconoci\u00f3 que existen diferencias al interior del partido gobernante. El parlamentario representante de la regi\u00f3n del Chapare, manifest\u00f3 que siempre han existido diferencias desde la militancia y la dirigencia del [&hellip;]\" \/>\n<meta property=\"og:url\" content=\"https:\/\/www.eldiario.net\/portal\/2022\/03\/08\/senador-loza-admite-que-existen-diferencias-al-interior-del-mas\/\" \/>\n<meta property=\"og:site_name\" content=\"El Diario - Bolivia\" \/>\n<meta property=\"article:publisher\" content=\"https:\/\/www.facebook.com\/eldiario.bolivia\/\" \/>\n<meta property=\"article:published_time\" content=\"2022-03-08T09:44:46+00:00\" \/>\n<meta name=\"author\" content=\"Jeanette\" \/>\n<meta name=\"twitter:card\" content=\"summary_large_image\" \/>\n<meta name=\"twitter:creator\" content=\"@eldiario_net\" \/>\n<meta name=\"twitter:site\" content=\"@eldiario_net\" \/>\n<meta name=\"twitter:label1\" content=\"Escrito por\" \/>\n\t<meta name=\"twitter:data1\" content=\"Jeanette\" \/>\n\t<meta name=\"twitter:label2\" content=\"Tiempo de lectura\" \/>\n\t<meta name=\"twitter:data2\" content=\"2 minutos\" \/>\n<script type=\"application\/ld+json\" class=\"yoast-schema-graph\">{\"@context\":\"https:\\\/\\\/schema.org\",\"@graph\":[{\"@type\":\"Article\",\"@id\":\"https:\\\/\\\/www.eldiario.net\\\/portal\\\/2022\\\/03\\\/08\\\/senador-loza-admite-que-existen-diferencias-al-interior-del-mas\\\/#article\",\"isPartOf\":{\"@id\":\"https:\\\/\\\/www.eldiario.net\\\/portal\\\/2022\\\/03\\\/08\\\/senador-loza-admite-que-existen-diferencias-al-interior-del-mas\\\/\"},\"author\":{\"name\":\"Jeanette\",\"@id\":\"https:\\\/\\\/www.eldiario.net\\\/portal\\\/#\\\/schema\\\/person\\\/2c57cf2b7a7ae032e449e4c9b1019eac\"},\"headline\":\"Senador Loza admite que existen diferencias al interior del MAS\",\"datePublished\":\"2022-03-08T09:44:46+00:00\",\"mainEntityOfPage\":{\"@id\":\"https:\\\/\\\/www.eldiario.net\\\/portal\\\/2022\\\/03\\\/08\\\/senador-loza-admite-que-existen-diferencias-al-interior-del-mas\\\/\"},\"wordCount\":345,\"publisher\":{\"@id\":\"https:\\\/\\\/www.eldiario.net\\\/portal\\\/#organization\"},\"image\":{\"@id\":\"https:\\\/\\\/www.eldiario.net\\\/portal\\\/2022\\\/03\\\/08\\\/senador-loza-admite-que-existen-diferencias-al-interior-del-mas\\\/#primaryimage\"},\"thumbnailUrl\":\"\",\"articleSection\":[\"Pol\u00edtica\"],\"inLanguage\":\"es\"},{\"@type\":\"WebPage\",\"@id\":\"https:\\\/\\\/www.eldiario.net\\\/portal\\\/2022\\\/03\\\/08\\\/senador-loza-admite-que-existen-diferencias-al-interior-del-mas\\\/\",\"url\":\"https:\\\/\\\/www.eldiario.net\\\/portal\\\/2022\\\/03\\\/08\\\/senador-loza-admite-que-existen-diferencias-al-interior-del-mas\\\/\",\"name\":\"Senador Loza admite que existen diferencias al interior del MAS - El Diario - Bolivia\",\"isPartOf\":{\"@id\":\"https:\\\/\\\/www.eldiario.net\\\/portal\\\/#website\"},\"primaryImageOfPage\":{\"@id\":\"https:\\\/\\\/www.eldiario.net\\\/portal\\\/2022\\\/03\\\/08\\\/senador-loza-admite-que-existen-diferencias-al-interior-del-mas\\\/#primaryimage\"},\"image\":{\"@id\":\"https:\\\/\\\/www.eldiario.net\\\/portal\\\/2022\\\/03\\\/08\\\/senador-loza-admite-que-existen-diferencias-al-interior-del-mas\\\/#primaryimage\"},\"thumbnailUrl\":\"\",\"datePublished\":\"2022-03-08T09:44:46+00:00\",\"breadcrumb\":{\"@id\":\"https:\\\/\\\/www.eldiario.net\\\/portal\\\/2022\\\/03\\\/08\\\/senador-loza-admite-que-existen-diferencias-al-interior-del-mas\\\/#breadcrumb\"},\"inLanguage\":\"es\",\"potentialAction\":[{\"@type\":\"ReadAction\",\"target\":[\"https:\\\/\\\/www.eldiario.net\\\/portal\\\/2022\\\/03\\\/08\\\/senador-loza-admite-que-existen-diferencias-al-interior-del-mas\\\/\"]}]},{\"@type\":\"ImageObject\",\"inLanguage\":\"es\",\"@id\":\"https:\\\/\\\/www.eldiario.net\\\/portal\\\/2022\\\/03\\\/08\\\/senador-loza-admite-que-existen-diferencias-al-interior-del-mas\\\/#primaryimage\",\"url\":\"\",\"contentUrl\":\"\"},{\"@type\":\"BreadcrumbList\",\"@id\":\"https:\\\/\\\/www.eldiario.net\\\/portal\\\/2022\\\/03\\\/08\\\/senador-loza-admite-que-existen-diferencias-al-interior-del-mas\\\/#breadcrumb\",\"itemListElement\":[{\"@type\":\"ListItem\",\"position\":1,\"name\":\"Portada\",\"item\":\"https:\\\/\\\/www.eldiario.net\\\/portal\\\/\"},{\"@type\":\"ListItem\",\"position\":2,\"name\":\"Senador Loza admite que existen diferencias al interior del MAS\"}]},{\"@type\":\"WebSite\",\"@id\":\"https:\\\/\\\/www.eldiario.net\\\/portal\\\/#website\",\"url\":\"https:\\\/\\\/www.eldiario.net\\\/portal\\\/\",\"name\":\"El Diario - Decano de la prensa nacional\",\"description\":\"El Diario - Decano de la prensa nacional\",\"publisher\":{\"@id\":\"https:\\\/\\\/www.eldiario.net\\\/portal\\\/#organization\"},\"potentialAction\":[{\"@type\":\"SearchAction\",\"target\":{\"@type\":\"EntryPoint\",\"urlTemplate\":\"https:\\\/\\\/www.eldiario.net\\\/portal\\\/?s={search_term_string}\"},\"query-input\":{\"@type\":\"PropertyValueSpecification\",\"valueRequired\":true,\"valueName\":\"search_term_string\"}}],\"inLanguage\":\"es\"},{\"@type\":\"Organization\",\"@id\":\"https:\\\/\\\/www.eldiario.net\\\/portal\\\/#organization\",\"name\":\"El Diario - Decano de la prensa nacional\",\"url\":\"https:\\\/\\\/www.eldiario.net\\\/portal\\\/\",\"logo\":{\"@type\":\"ImageObject\",\"inLanguage\":\"es\",\"@id\":\"https:\\\/\\\/www.eldiario.net\\\/portal\\\/#\\\/schema\\\/logo\\\/image\\\/\",\"url\":\"https:\\\/\\\/www.eldiario.net\\\/portal\\\/wp-content\\\/uploads\\\/2023\\\/07\\\/logo_ED.jpg\",\"contentUrl\":\"https:\\\/\\\/www.eldiario.net\\\/portal\\\/wp-content\\\/uploads\\\/2023\\\/07\\\/logo_ED.jpg\",\"width\":272,\"height\":52,\"caption\":\"El Diario - Decano de la prensa nacional\"},\"image\":{\"@id\":\"https:\\\/\\\/www.eldiario.net\\\/portal\\\/#\\\/schema\\\/logo\\\/image\\\/\"},\"sameAs\":[\"https:\\\/\\\/www.facebook.com\\\/eldiario.bolivia\\\/\",\"https:\\\/\\\/x.com\\\/eldiario_net\"]},{\"@type\":\"Person\",\"@id\":\"https:\\\/\\\/www.eldiario.net\\\/portal\\\/#\\\/schema\\\/person\\\/2c57cf2b7a7ae032e449e4c9b1019eac\",\"name\":\"Jeanette\",\"image\":{\"@type\":\"ImageObject\",\"inLanguage\":\"es\",\"@id\":\"https:\\\/\\\/secure.gravatar.com\\\/avatar\\\/3ea2118a5f7dad2b7138b1187a6b7ee55f160b9968b66013c3a3ef39dd7e5798?s=96&d=mm&r=g\",\"url\":\"https:\\\/\\\/secure.gravatar.com\\\/avatar\\\/3ea2118a5f7dad2b7138b1187a6b7ee55f160b9968b66013c3a3ef39dd7e5798?s=96&d=mm&r=g\",\"contentUrl\":\"https:\\\/\\\/secure.gravatar.com\\\/avatar\\\/3ea2118a5f7dad2b7138b1187a6b7ee55f160b9968b66013c3a3ef39dd7e5798?s=96&d=mm&r=g\",\"caption\":\"Jeanette\"},\"sameAs\":[\"https:\\\/\\\/www.eldiario.net\\\/portal\"],\"url\":\"https:\\\/\\\/www.eldiario.net\\\/portal\\\/author\\\/jeanette\\\/\"}]}<\/script>\n<!-- \/ Yoast SEO plugin. -->","yoast_head_json":{"title":"Senador Loza admite que existen diferencias al interior del MAS - El Diario - Bolivia","robots":{"index":"index","follow":"follow","max-snippet":"max-snippet:-1","max-image-preview":"max-image-preview:large","max-video-preview":"max-video-preview:-1"},"canonical":"https:\/\/www.eldiario.net\/portal\/2022\/03\/08\/senador-loza-admite-que-existen-diferencias-al-interior-del-mas\/","og_locale":"es_ES","og_type":"article","og_title":"Senador Loza admite que existen diferencias al interior del MAS - El Diario - Bolivia","og_description":"Adelantando que no existir\u00e1n divisiones en el oficialismo para las pr\u00f3ximas elecciones generales de 2025, el senador por el Movimiento al Socialismo (MAS), Leonardo Loza, reconoci\u00f3 que existen diferencias al interior del partido gobernante. El parlamentario representante de la regi\u00f3n del Chapare, manifest\u00f3 que siempre han existido diferencias desde la militancia y la dirigencia del [&hellip;]","og_url":"https:\/\/www.eldiario.net\/portal\/2022\/03\/08\/senador-loza-admite-que-existen-diferencias-al-interior-del-mas\/","og_site_name":"El Diario - Bolivia","article_publisher":"https:\/\/www.facebook.com\/eldiario.bolivia\/","article_published_time":"2022-03-08T09:44:46+00:00","author":"Jeanette","twitter_card":"summary_large_image","twitter_creator":"@eldiario_net","twitter_site":"@eldiario_net","twitter_misc":{"Escrito por":"Jeanette","Tiempo de lectura":"2 minutos"},"schema":{"@context":"https:\/\/schema.org","@graph":[{"@type":"Article","@id":"https:\/\/www.eldiario.net\/portal\/2022\/03\/08\/senador-loza-admite-que-existen-diferencias-al-interior-del-mas\/#article","isPartOf":{"@id":"https:\/\/www.eldiario.net\/portal\/2022\/03\/08\/senador-loza-admite-que-existen-diferencias-al-interior-del-mas\/"},"author":{"name":"Jeanette","@id":"https:\/\/www.eldiario.net\/portal\/#\/schema\/person\/2c57cf2b7a7ae032e449e4c9b1019eac"},"headline":"Senador Loza admite que existen diferencias al interior del MAS","datePublished":"2022-03-08T09:44:46+00:00","mainEntityOfPage":{"@id":"https:\/\/www.eldiario.net\/portal\/2022\/03\/08\/senador-loza-admite-que-existen-diferencias-al-interior-del-mas\/"},"wordCount":345,"publisher":{"@id":"https:\/\/www.eldiario.net\/portal\/#organization"},"image":{"@id":"https:\/\/www.eldiario.net\/portal\/2022\/03\/08\/senador-loza-admite-que-existen-diferencias-al-interior-del-mas\/#primaryimage"},"thumbnailUrl":"","articleSection":["Pol\u00edtica"],"inLanguage":"es"},{"@type":"WebPage","@id":"https:\/\/www.eldiario.net\/portal\/2022\/03\/08\/senador-loza-admite-que-existen-diferencias-al-interior-del-mas\/","url":"https:\/\/www.eldiario.net\/portal\/2022\/03\/08\/senador-loza-admite-que-existen-diferencias-al-interior-del-mas\/","name":"Senador Loza admite que existen diferencias al interior del MAS - El Diario - Bolivia","isPartOf":{"@id":"https:\/\/www.eldiario.net\/portal\/#website"},"primaryImageOfPage":{"@id":"https:\/\/www.eldiario.net\/portal\/2022\/03\/08\/senador-loza-admite-que-existen-diferencias-al-interior-del-mas\/#primaryimage"},"image":{"@id":"https:\/\/www.eldiario.net\/portal\/2022\/03\/08\/senador-loza-admite-que-existen-diferencias-al-interior-del-mas\/#primaryimage"},"thumbnailUrl":"","datePublished":"2022-03-08T09:44:46+00:00","breadcrumb":{"@id":"https:\/\/www.eldiario.net\/portal\/2022\/03\/08\/senador-loza-admite-que-existen-diferencias-al-interior-del-mas\/#breadcrumb"},"inLanguage":"es","potentialAction":[{"@type":"ReadAction","target":["https:\/\/www.eldiario.net\/portal\/2022\/03\/08\/senador-loza-admite-que-existen-diferencias-al-interior-del-mas\/"]}]},{"@type":"ImageObject","inLanguage":"es","@id":"https:\/\/www.eldiario.net\/portal\/2022\/03\/08\/senador-loza-admite-que-existen-diferencias-al-interior-del-mas\/#primaryimage","url":"","contentUrl":""},{"@type":"BreadcrumbList","@id":"https:\/\/www.eldiario.net\/portal\/2022\/03\/08\/senador-loza-admite-que-existen-diferencias-al-interior-del-mas\/#breadcrumb","itemListElement":[{"@type":"ListItem","position":1,"name":"Portada","item":"https:\/\/www.eldiario.net\/portal\/"},{"@type":"ListItem","position":2,"name":"Senador Loza admite que existen diferencias al interior del MAS"}]},{"@type":"WebSite","@id":"https:\/\/www.eldiario.net\/portal\/#website","url":"https:\/\/www.eldiario.net\/portal\/","name":"El Diario - Decano de la prensa nacional","description":"El Diario - Decano de la prensa nacional","publisher":{"@id":"https:\/\/www.eldiario.net\/portal\/#organization"},"potentialAction":[{"@type":"SearchAction","target":{"@type":"EntryPoint","urlTemplate":"https:\/\/www.eldiario.net\/portal\/?s={search_term_string}"},"query-input":{"@type":"PropertyValueSpecification","valueRequired":true,"valueName":"search_term_string"}}],"inLanguage":"es"},{"@type":"Organization","@id":"https:\/\/www.eldiario.net\/portal\/#organization","name":"El Diario - Decano de la prensa nacional","url":"https:\/\/www.eldiario.net\/portal\/","logo":{"@type":"ImageObject","inLanguage":"es","@id":"https:\/\/www.eldiario.net\/portal\/#\/schema\/logo\/image\/","url":"https:\/\/www.eldiario.net\/portal\/wp-content\/uploads\/2023\/07\/logo_ED.jpg","contentUrl":"https:\/\/www.eldiario.net\/portal\/wp-content\/uploads\/2023\/07\/logo_ED.jpg","width":272,"height":52,"caption":"El Diario - Decano de la prensa nacional"},"image":{"@id":"https:\/\/www.eldiario.net\/portal\/#\/schema\/logo\/image\/"},"sameAs":["https:\/\/www.facebook.com\/eldiario.bolivia\/","https:\/\/x.com\/eldiario_net"]},{"@type":"Person","@id":"https:\/\/www.eldiario.net\/portal\/#\/schema\/person\/2c57cf2b7a7ae032e449e4c9b1019eac","name":"Jeanette","image":{"@type":"ImageObject","inLanguage":"es","@id":"https:\/\/secure.gravatar.com\/avatar\/3ea2118a5f7dad2b7138b1187a6b7ee55f160b9968b66013c3a3ef39dd7e5798?s=96&d=mm&r=g","url":"https:\/\/secure.gravatar.com\/avatar\/3ea2118a5f7dad2b7138b1187a6b7ee55f160b9968b66013c3a3ef39dd7e5798?s=96&d=mm&r=g","contentUrl":"https:\/\/secure.gravatar.com\/avatar\/3ea2118a5f7dad2b7138b1187a6b7ee55f160b9968b66013c3a3ef39dd7e5798?s=96&d=mm&r=g","caption":"Jeanette"},"sameAs":["https:\/\/www.eldiario.net\/portal"],"url":"https:\/\/www.eldiario.net\/portal\/author\/jeanette\/"}]}},"_links":{"self":[{"href":"https:\/\/www.eldiario.net\/portal\/wp-json\/wp\/v2\/posts\/68115","targetHints":{"allow":["GET"]}}],"collection":[{"href":"https:\/\/www.eldiario.net\/portal\/wp-json\/wp\/v2\/posts"}],"about":[{"href":"https:\/\/www.eldiario.net\/portal\/wp-json\/wp\/v2\/types\/post"}],"author":[{"embeddable":true,"href":"https:\/\/www.eldiario.net\/portal\/wp-json\/wp\/v2\/users\/1"}],"replies":[{"embeddable":true,"href":"https:\/\/www.eldiario.net\/portal\/wp-json\/wp\/v2\/comments?post=68115"}],"version-history":[{"count":0,"href":"https:\/\/www.eldiario.net\/portal\/wp-json\/wp\/v2\/posts\/68115\/revisions"}],"wp:attachment":[{"href":"https:\/\/www.eldiario.net\/portal\/wp-json\/wp\/v2\/media?parent=68115"}],"wp:term":[{"taxonomy":"category","embeddable":true,"href":"https:\/\/www.eldiario.net\/portal\/wp-json\/wp\/v2\/categories?post=68115"},{"taxonomy":"post_tag","embeddable":true,"href":"https:\/\/www.eldiario.net\/portal\/wp-json\/wp\/v2\/tags?post=68115"}],"curies":[{"name":"wp","href":"https:\/\/api.w.org\/{rel}","templated":true}]}}