{"id":6807,"date":"2021-05-28T06:02:29","date_gmt":"2021-05-28T10:02:29","guid":{"rendered":"https:\/\/www.eldiario.net\/portal\/?p=6807"},"modified":"2021-05-28T06:02:29","modified_gmt":"2021-05-28T10:02:29","slug":"evaluan-areas-afectadas-por-fenomenos-climaticos","status":"publish","type":"post","link":"https:\/\/www.eldiario.net\/portal\/2021\/05\/28\/evaluan-areas-afectadas-por-fenomenos-climaticos\/","title":{"rendered":"Eval\u00faan \u00e1reas afectadas por fen\u00f3menos clim\u00e1ticos"},"content":{"rendered":"<p>Los t\u00e9cnicos del Instituto del Seguro Agrario (INSA) realizan trabajos de verificaci\u00f3n y evaluaci\u00f3n de posibles afectaciones de cultivos a consecuencia de fen\u00f3menos clim\u00e1ticos, en el marco de la Ley de Revoluci\u00f3n Productiva Comunitaria (Ley 144), que en sus art\u00edculos del 30 al 35 define la aplicaci\u00f3n del Seguro Agrario Universal \u201cPachamama\u201d, inform\u00f3 el director de esta entidad estatal, Agust\u00edn Cahuana.<br \/>\nLa autoridad inform\u00f3 que se eval\u00faan cultivos de cebada, papa y avena, que fueron afectados en las comunidades de Tunusi, Chauira Pampa, Chauira Chico y Chauira Grande, pertenecientes al municipio de Achacachi en el departamento de La Paz.<br \/>\nComunic\u00f3 que t\u00e9cnicos de esta entidad, se encuentran en el proceso de valoraci\u00f3n y control de da\u00f1o en cultivos reportados como siniestrados y del riesgo en diferentes municipios del territorio nacional en este periodo de la gesti\u00f3n.<br \/>\n\u201cAlrededor de 81 mil hect\u00e1reas, hasta el momento, fueron evaluadas en el territorio nacional para determinar el nivel de afectaci\u00f3n por diferentes fen\u00f3menos clim\u00e1ticos\u201d, manifest\u00f3 Cahuana.<br \/>\nSostuvo que, en este proceso, posterior a la verificaci\u00f3n y evaluaci\u00f3n, se indemniza a los afectados con un pago en efectivo al productor asegurado; el agricultor afectado recibe 1.000 bolivianos por hect\u00e1rea perdida o severamente da\u00f1ada.<br \/>\nLos cultivos que cubre este seguro son papa, ma\u00edz, trigo, haba, quinua, frejol, cebada, avena, alfalfa, yuca, arveja y aj\u00ed. Los eventos clim\u00e1ticos que cubre el seguro son sequ\u00eda, inundaci\u00f3n, helada y granizada.<br \/>\nEsta entidad aseguradora, tiene cobertura en los departamentos de La Paz, Cochabamba, Santa Cruz, Chuquisaca, Tarija, Potos\u00ed y Oruro.<\/p>\n","protected":false},"excerpt":{"rendered":"<p>Los t\u00e9cnicos del Instituto del Seguro Agrario (INSA) realizan trabajos de verificaci\u00f3n y evaluaci\u00f3n de posibles afectaciones de cultivos a consecuencia de fen\u00f3menos clim\u00e1ticos, en el marco de la Ley de Revoluci\u00f3n Productiva Comunitaria (Ley 144), que en sus art\u00edculos del 30 al 35 define la aplicaci\u00f3n del Seguro Agrario Universal \u201cPachamama\u201d, inform\u00f3 el director [&hellip;]<\/p>\n","protected":false},"author":1,"featured_media":0,"comment_status":"closed","ping_status":"closed","sticky":false,"template":"","format":"standard","meta":{"_acf_changed":false,"footnotes":""},"categories":[7],"tags":[],"class_list":["post-6807","post","type-post","status-publish","format-standard","category-economia"],"acf":{"antetitulo":""},"yoast_head":"<!-- This site is optimized with the Yoast SEO plugin v28.3 - https:\/\/yoast.com\/product\/yoast-seo-wordpress\/ -->\n<title>Eval\u00faan \u00e1reas afectadas por fen\u00f3menos clim\u00e1ticos - El Diario - Bolivia<\/title>\n<meta name=\"robots\" content=\"index, follow, max-snippet:-1, max-image-preview:large, max-video-preview:-1\" \/>\n<link rel=\"canonical\" href=\"https:\/\/www.eldiario.net\/portal\/2021\/05\/28\/evaluan-areas-afectadas-por-fenomenos-climaticos\/\" \/>\n<meta property=\"og:locale\" content=\"es_ES\" \/>\n<meta property=\"og:type\" content=\"article\" \/>\n<meta property=\"og:title\" content=\"Eval\u00faan \u00e1reas afectadas por fen\u00f3menos clim\u00e1ticos - El Diario - Bolivia\" \/>\n<meta property=\"og:description\" content=\"Los t\u00e9cnicos del Instituto del Seguro Agrario (INSA) realizan trabajos de verificaci\u00f3n y evaluaci\u00f3n de posibles afectaciones de cultivos a consecuencia de fen\u00f3menos clim\u00e1ticos, en el marco de la Ley de Revoluci\u00f3n Productiva Comunitaria (Ley 144), que en sus art\u00edculos del 30 al 35 define la aplicaci\u00f3n del Seguro Agrario Universal \u201cPachamama\u201d, inform\u00f3 el director [&hellip;]\" \/>\n<meta property=\"og:url\" content=\"https:\/\/www.eldiario.net\/portal\/2021\/05\/28\/evaluan-areas-afectadas-por-fenomenos-climaticos\/\" \/>\n<meta property=\"og:site_name\" content=\"El Diario - Bolivia\" \/>\n<meta property=\"article:publisher\" content=\"https:\/\/www.facebook.com\/eldiario.bolivia\/\" \/>\n<meta property=\"article:published_time\" content=\"2021-05-28T10:02:29+00:00\" \/>\n<meta name=\"author\" content=\"Jeanette\" \/>\n<meta name=\"twitter:card\" content=\"summary_large_image\" \/>\n<meta name=\"twitter:creator\" content=\"@eldiario_net\" \/>\n<meta name=\"twitter:site\" content=\"@eldiario_net\" \/>\n<meta name=\"twitter:label1\" content=\"Escrito por\" \/>\n\t<meta name=\"twitter:data1\" content=\"Jeanette\" \/>\n\t<meta name=\"twitter:label2\" content=\"Tiempo de lectura\" \/>\n\t<meta name=\"twitter:data2\" content=\"2 minutos\" \/>\n<script type=\"application\/ld+json\" class=\"yoast-schema-graph\">{\"@context\":\"https:\\\/\\\/schema.org\",\"@graph\":[{\"@type\":\"Article\",\"@id\":\"https:\\\/\\\/www.eldiario.net\\\/portal\\\/2021\\\/05\\\/28\\\/evaluan-areas-afectadas-por-fenomenos-climaticos\\\/#article\",\"isPartOf\":{\"@id\":\"https:\\\/\\\/www.eldiario.net\\\/portal\\\/2021\\\/05\\\/28\\\/evaluan-areas-afectadas-por-fenomenos-climaticos\\\/\"},\"author\":{\"name\":\"Jeanette\",\"@id\":\"https:\\\/\\\/www.eldiario.net\\\/portal\\\/#\\\/schema\\\/person\\\/f46445640444750d7d753ccd04ae01b7\"},\"headline\":\"Eval\u00faan \u00e1reas afectadas por fen\u00f3menos clim\u00e1ticos\",\"datePublished\":\"2021-05-28T10:02:29+00:00\",\"mainEntityOfPage\":{\"@id\":\"https:\\\/\\\/www.eldiario.net\\\/portal\\\/2021\\\/05\\\/28\\\/evaluan-areas-afectadas-por-fenomenos-climaticos\\\/\"},\"wordCount\":280,\"publisher\":{\"@id\":\"https:\\\/\\\/www.eldiario.net\\\/portal\\\/#organization\"},\"articleSection\":[\"Econom\u00eda\"],\"inLanguage\":\"es\"},{\"@type\":\"WebPage\",\"@id\":\"https:\\\/\\\/www.eldiario.net\\\/portal\\\/2021\\\/05\\\/28\\\/evaluan-areas-afectadas-por-fenomenos-climaticos\\\/\",\"url\":\"https:\\\/\\\/www.eldiario.net\\\/portal\\\/2021\\\/05\\\/28\\\/evaluan-areas-afectadas-por-fenomenos-climaticos\\\/\",\"name\":\"Eval\u00faan \u00e1reas afectadas por fen\u00f3menos clim\u00e1ticos - El Diario - Bolivia\",\"isPartOf\":{\"@id\":\"https:\\\/\\\/www.eldiario.net\\\/portal\\\/#website\"},\"datePublished\":\"2021-05-28T10:02:29+00:00\",\"breadcrumb\":{\"@id\":\"https:\\\/\\\/www.eldiario.net\\\/portal\\\/2021\\\/05\\\/28\\\/evaluan-areas-afectadas-por-fenomenos-climaticos\\\/#breadcrumb\"},\"inLanguage\":\"es\",\"potentialAction\":[{\"@type\":\"ReadAction\",\"target\":[\"https:\\\/\\\/www.eldiario.net\\\/portal\\\/2021\\\/05\\\/28\\\/evaluan-areas-afectadas-por-fenomenos-climaticos\\\/\"]}]},{\"@type\":\"BreadcrumbList\",\"@id\":\"https:\\\/\\\/www.eldiario.net\\\/portal\\\/2021\\\/05\\\/28\\\/evaluan-areas-afectadas-por-fenomenos-climaticos\\\/#breadcrumb\",\"itemListElement\":[{\"@type\":\"ListItem\",\"position\":1,\"name\":\"Portada\",\"item\":\"https:\\\/\\\/www.eldiario.net\\\/portal\\\/\"},{\"@type\":\"ListItem\",\"position\":2,\"name\":\"Eval\u00faan \u00e1reas afectadas por fen\u00f3menos clim\u00e1ticos\"}]},{\"@type\":\"WebSite\",\"@id\":\"https:\\\/\\\/www.eldiario.net\\\/portal\\\/#website\",\"url\":\"https:\\\/\\\/www.eldiario.net\\\/portal\\\/\",\"name\":\"El Diario - Decano de la prensa nacional\",\"description\":\"El Diario - Decano de la prensa nacional\",\"publisher\":{\"@id\":\"https:\\\/\\\/www.eldiario.net\\\/portal\\\/#organization\"},\"potentialAction\":[{\"@type\":\"SearchAction\",\"target\":{\"@type\":\"EntryPoint\",\"urlTemplate\":\"https:\\\/\\\/www.eldiario.net\\\/portal\\\/?s={search_term_string}\"},\"query-input\":{\"@type\":\"PropertyValueSpecification\",\"valueRequired\":true,\"valueName\":\"search_term_string\"}}],\"inLanguage\":\"es\"},{\"@type\":\"Organization\",\"@id\":\"https:\\\/\\\/www.eldiario.net\\\/portal\\\/#organization\",\"name\":\"El Diario - Decano de la prensa nacional\",\"url\":\"https:\\\/\\\/www.eldiario.net\\\/portal\\\/\",\"logo\":{\"@type\":\"ImageObject\",\"inLanguage\":\"es\",\"@id\":\"https:\\\/\\\/www.eldiario.net\\\/portal\\\/#\\\/schema\\\/logo\\\/image\\\/\",\"url\":\"https:\\\/\\\/www.eldiario.net\\\/portal\\\/wp-content\\\/uploads\\\/2023\\\/07\\\/logo_ED.jpg\",\"contentUrl\":\"https:\\\/\\\/www.eldiario.net\\\/portal\\\/wp-content\\\/uploads\\\/2023\\\/07\\\/logo_ED.jpg\",\"width\":272,\"height\":52,\"caption\":\"El Diario - Decano de la prensa nacional\"},\"image\":{\"@id\":\"https:\\\/\\\/www.eldiario.net\\\/portal\\\/#\\\/schema\\\/logo\\\/image\\\/\"},\"sameAs\":[\"https:\\\/\\\/www.facebook.com\\\/eldiario.bolivia\\\/\",\"https:\\\/\\\/x.com\\\/eldiario_net\"]},{\"@type\":\"Person\",\"@id\":\"https:\\\/\\\/www.eldiario.net\\\/portal\\\/#\\\/schema\\\/person\\\/f46445640444750d7d753ccd04ae01b7\",\"name\":\"Jeanette\",\"image\":{\"@type\":\"ImageObject\",\"inLanguage\":\"es\",\"@id\":\"https:\\\/\\\/secure.gravatar.com\\\/avatar\\\/3ea2118a5f7dad2b7138b1187a6b7ee55f160b9968b66013c3a3ef39dd7e5798?s=96&d=mm&r=g\",\"url\":\"https:\\\/\\\/secure.gravatar.com\\\/avatar\\\/3ea2118a5f7dad2b7138b1187a6b7ee55f160b9968b66013c3a3ef39dd7e5798?s=96&d=mm&r=g\",\"contentUrl\":\"https:\\\/\\\/secure.gravatar.com\\\/avatar\\\/3ea2118a5f7dad2b7138b1187a6b7ee55f160b9968b66013c3a3ef39dd7e5798?s=96&d=mm&r=g\",\"caption\":\"Jeanette\"},\"sameAs\":[\"https:\\\/\\\/www.eldiario.net\\\/portal\"],\"url\":\"https:\\\/\\\/www.eldiario.net\\\/portal\\\/author\\\/jeanette\\\/\"}]}<\/script>\n<!-- \/ Yoast SEO plugin. -->","yoast_head_json":{"title":"Eval\u00faan \u00e1reas afectadas por fen\u00f3menos clim\u00e1ticos - El Diario - Bolivia","robots":{"index":"index","follow":"follow","max-snippet":"max-snippet:-1","max-image-preview":"max-image-preview:large","max-video-preview":"max-video-preview:-1"},"canonical":"https:\/\/www.eldiario.net\/portal\/2021\/05\/28\/evaluan-areas-afectadas-por-fenomenos-climaticos\/","og_locale":"es_ES","og_type":"article","og_title":"Eval\u00faan \u00e1reas afectadas por fen\u00f3menos clim\u00e1ticos - El Diario - Bolivia","og_description":"Los t\u00e9cnicos del Instituto del Seguro Agrario (INSA) realizan trabajos de verificaci\u00f3n y evaluaci\u00f3n de posibles afectaciones de cultivos a consecuencia de fen\u00f3menos clim\u00e1ticos, en el marco de la Ley de Revoluci\u00f3n Productiva Comunitaria (Ley 144), que en sus art\u00edculos del 30 al 35 define la aplicaci\u00f3n del Seguro Agrario Universal \u201cPachamama\u201d, inform\u00f3 el director [&hellip;]","og_url":"https:\/\/www.eldiario.net\/portal\/2021\/05\/28\/evaluan-areas-afectadas-por-fenomenos-climaticos\/","og_site_name":"El Diario - Bolivia","article_publisher":"https:\/\/www.facebook.com\/eldiario.bolivia\/","article_published_time":"2021-05-28T10:02:29+00:00","author":"Jeanette","twitter_card":"summary_large_image","twitter_creator":"@eldiario_net","twitter_site":"@eldiario_net","twitter_misc":{"Escrito por":"Jeanette","Tiempo de lectura":"2 minutos"},"schema":{"@context":"https:\/\/schema.org","@graph":[{"@type":"Article","@id":"https:\/\/www.eldiario.net\/portal\/2021\/05\/28\/evaluan-areas-afectadas-por-fenomenos-climaticos\/#article","isPartOf":{"@id":"https:\/\/www.eldiario.net\/portal\/2021\/05\/28\/evaluan-areas-afectadas-por-fenomenos-climaticos\/"},"author":{"name":"Jeanette","@id":"https:\/\/www.eldiario.net\/portal\/#\/schema\/person\/f46445640444750d7d753ccd04ae01b7"},"headline":"Eval\u00faan \u00e1reas afectadas por fen\u00f3menos clim\u00e1ticos","datePublished":"2021-05-28T10:02:29+00:00","mainEntityOfPage":{"@id":"https:\/\/www.eldiario.net\/portal\/2021\/05\/28\/evaluan-areas-afectadas-por-fenomenos-climaticos\/"},"wordCount":280,"publisher":{"@id":"https:\/\/www.eldiario.net\/portal\/#organization"},"articleSection":["Econom\u00eda"],"inLanguage":"es"},{"@type":"WebPage","@id":"https:\/\/www.eldiario.net\/portal\/2021\/05\/28\/evaluan-areas-afectadas-por-fenomenos-climaticos\/","url":"https:\/\/www.eldiario.net\/portal\/2021\/05\/28\/evaluan-areas-afectadas-por-fenomenos-climaticos\/","name":"Eval\u00faan \u00e1reas afectadas por fen\u00f3menos clim\u00e1ticos - El Diario - Bolivia","isPartOf":{"@id":"https:\/\/www.eldiario.net\/portal\/#website"},"datePublished":"2021-05-28T10:02:29+00:00","breadcrumb":{"@id":"https:\/\/www.eldiario.net\/portal\/2021\/05\/28\/evaluan-areas-afectadas-por-fenomenos-climaticos\/#breadcrumb"},"inLanguage":"es","potentialAction":[{"@type":"ReadAction","target":["https:\/\/www.eldiario.net\/portal\/2021\/05\/28\/evaluan-areas-afectadas-por-fenomenos-climaticos\/"]}]},{"@type":"BreadcrumbList","@id":"https:\/\/www.eldiario.net\/portal\/2021\/05\/28\/evaluan-areas-afectadas-por-fenomenos-climaticos\/#breadcrumb","itemListElement":[{"@type":"ListItem","position":1,"name":"Portada","item":"https:\/\/www.eldiario.net\/portal\/"},{"@type":"ListItem","position":2,"name":"Eval\u00faan \u00e1reas afectadas por fen\u00f3menos clim\u00e1ticos"}]},{"@type":"WebSite","@id":"https:\/\/www.eldiario.net\/portal\/#website","url":"https:\/\/www.eldiario.net\/portal\/","name":"El Diario - Decano de la prensa nacional","description":"El Diario - Decano de la prensa nacional","publisher":{"@id":"https:\/\/www.eldiario.net\/portal\/#organization"},"potentialAction":[{"@type":"SearchAction","target":{"@type":"EntryPoint","urlTemplate":"https:\/\/www.eldiario.net\/portal\/?s={search_term_string}"},"query-input":{"@type":"PropertyValueSpecification","valueRequired":true,"valueName":"search_term_string"}}],"inLanguage":"es"},{"@type":"Organization","@id":"https:\/\/www.eldiario.net\/portal\/#organization","name":"El Diario - Decano de la prensa nacional","url":"https:\/\/www.eldiario.net\/portal\/","logo":{"@type":"ImageObject","inLanguage":"es","@id":"https:\/\/www.eldiario.net\/portal\/#\/schema\/logo\/image\/","url":"https:\/\/www.eldiario.net\/portal\/wp-content\/uploads\/2023\/07\/logo_ED.jpg","contentUrl":"https:\/\/www.eldiario.net\/portal\/wp-content\/uploads\/2023\/07\/logo_ED.jpg","width":272,"height":52,"caption":"El Diario - Decano de la prensa nacional"},"image":{"@id":"https:\/\/www.eldiario.net\/portal\/#\/schema\/logo\/image\/"},"sameAs":["https:\/\/www.facebook.com\/eldiario.bolivia\/","https:\/\/x.com\/eldiario_net"]},{"@type":"Person","@id":"https:\/\/www.eldiario.net\/portal\/#\/schema\/person\/f46445640444750d7d753ccd04ae01b7","name":"Jeanette","image":{"@type":"ImageObject","inLanguage":"es","@id":"https:\/\/secure.gravatar.com\/avatar\/3ea2118a5f7dad2b7138b1187a6b7ee55f160b9968b66013c3a3ef39dd7e5798?s=96&d=mm&r=g","url":"https:\/\/secure.gravatar.com\/avatar\/3ea2118a5f7dad2b7138b1187a6b7ee55f160b9968b66013c3a3ef39dd7e5798?s=96&d=mm&r=g","contentUrl":"https:\/\/secure.gravatar.com\/avatar\/3ea2118a5f7dad2b7138b1187a6b7ee55f160b9968b66013c3a3ef39dd7e5798?s=96&d=mm&r=g","caption":"Jeanette"},"sameAs":["https:\/\/www.eldiario.net\/portal"],"url":"https:\/\/www.eldiario.net\/portal\/author\/jeanette\/"}]}},"_links":{"self":[{"href":"https:\/\/www.eldiario.net\/portal\/wp-json\/wp\/v2\/posts\/6807","targetHints":{"allow":["GET"]}}],"collection":[{"href":"https:\/\/www.eldiario.net\/portal\/wp-json\/wp\/v2\/posts"}],"about":[{"href":"https:\/\/www.eldiario.net\/portal\/wp-json\/wp\/v2\/types\/post"}],"author":[{"embeddable":true,"href":"https:\/\/www.eldiario.net\/portal\/wp-json\/wp\/v2\/users\/1"}],"replies":[{"embeddable":true,"href":"https:\/\/www.eldiario.net\/portal\/wp-json\/wp\/v2\/comments?post=6807"}],"version-history":[{"count":0,"href":"https:\/\/www.eldiario.net\/portal\/wp-json\/wp\/v2\/posts\/6807\/revisions"}],"wp:attachment":[{"href":"https:\/\/www.eldiario.net\/portal\/wp-json\/wp\/v2\/media?parent=6807"}],"wp:term":[{"taxonomy":"category","embeddable":true,"href":"https:\/\/www.eldiario.net\/portal\/wp-json\/wp\/v2\/categories?post=6807"},{"taxonomy":"post_tag","embeddable":true,"href":"https:\/\/www.eldiario.net\/portal\/wp-json\/wp\/v2\/tags?post=6807"}],"curies":[{"name":"wp","href":"https:\/\/api.w.org\/{rel}","templated":true}]}}