{"id":6805,"date":"2021-05-28T06:01:53","date_gmt":"2021-05-28T10:01:53","guid":{"rendered":"https:\/\/www.eldiario.net\/portal\/?p=6805"},"modified":"2021-05-28T06:01:53","modified_gmt":"2021-05-28T10:01:53","slug":"ylb-denuncia-dano-economico-por-170-000-bolivianos-en-2020","status":"publish","type":"post","link":"https:\/\/www.eldiario.net\/portal\/2021\/05\/28\/ylb-denuncia-dano-economico-por-170-000-bolivianos-en-2020\/","title":{"rendered":"YLB denuncia da\u00f1o econ\u00f3mico por 170.000 bolivianos en 2020"},"content":{"rendered":"<p>Yacimientos de Litio Boliviano (YLB) denuncia da\u00f1o econ\u00f3mico de 170.000 bolivianos en la gesti\u00f3n 2020, cifra que podr\u00eda subir una vez terminada las auditor\u00edas que se realizan de la gesti\u00f3n pasada, inform\u00f3 el presidente ejecutivo de la empresa estatal, Marcelo Gonzales.<br \/>\nDijo que est\u00e1 en investigaci\u00f3n sobre la sustracci\u00f3n de varios activos de un almac\u00e9n de la industria ubicada en Llipi, como bombas de agua, repuestos de veh\u00edculos, que sumar\u00edan un da\u00f1o econ\u00f3mico de 100.000 bolivianos.<br \/>\nOtra irregularidad encontrada est\u00e1 la contrataci\u00f3n de personal eventual fuera de la normativa de YLB y sin aprobaci\u00f3n del directorio, cuyos pagos sumar\u00edan m\u00e1s de 600 mil bolivianos; tambi\u00e9n est\u00e1 el pago a una persona de comunicaci\u00f3n con t\u00edtulo falso, cuya cifra asciende a 70.000 bolivianos.<br \/>\nEst\u00e1 tambi\u00e9n las contrataciones directas fuera de normativa, que suman 14 contratos bajo normativas ajenas a YLB, el monto aproximado est\u00e1 sujeto a auditor\u00eda, que estar\u00eda bordeando los 10 millones de bolivianos.<br \/>\nY, finalmente, inform\u00f3 que la anterior administraci\u00f3n no ejecut\u00f3 la contrataci\u00f3n para la planta de agua, lo que perjudicar\u00eda al funcionamiento de la planta de carbonato de litio.<\/p>\n<p>Datos<br \/>\nYacimientos de Litio Bolivianos (YLB) gener\u00f3 42 millones de bolivianos, de enero a mayo de este a\u00f1o, por la comercializaci\u00f3n de cloruro de potasio (agrofertilizante) y carbonato de litio, inform\u00f3 Gonz\u00e1les.<br \/>\nInform\u00f3 que durante el gobierno de Jeanine A\u00f1ez, YLB deb\u00eda percibir m\u00e1s de 40 millones de bolivianos por las ventas de cloruro de potasio, sin embargo, s\u00f3lo gener\u00f3 13,6 millones.<br \/>\nBolivia inici\u00f3 la industrializaci\u00f3n del litio, obtenido del salar de Uyuni, mediante la construcci\u00f3n y puesta en funcionamiento de plantas a escala piloto e industrial. De esa manera, produce cloruro de potasio, carbonato de litio y bater\u00edas en la actualidad.<\/p>\n","protected":false},"excerpt":{"rendered":"<p>Yacimientos de Litio Boliviano (YLB) denuncia da\u00f1o econ\u00f3mico de 170.000 bolivianos en la gesti\u00f3n 2020, cifra que podr\u00eda subir una vez terminada las auditor\u00edas que se realizan de la gesti\u00f3n pasada, inform\u00f3 el presidente ejecutivo de la empresa estatal, Marcelo Gonzales. Dijo que est\u00e1 en investigaci\u00f3n sobre la sustracci\u00f3n de varios activos de un almac\u00e9n [&hellip;]<\/p>\n","protected":false},"author":1,"featured_media":0,"comment_status":"closed","ping_status":"closed","sticky":false,"template":"","format":"standard","meta":{"_acf_changed":false,"footnotes":""},"categories":[7],"tags":[],"class_list":["post-6805","post","type-post","status-publish","format-standard","category-economia"],"acf":{"antetitulo":""},"yoast_head":"<!-- This site is optimized with the Yoast SEO plugin v28.3 - https:\/\/yoast.com\/product\/yoast-seo-wordpress\/ -->\n<title>YLB denuncia da\u00f1o econ\u00f3mico por 170.000 bolivianos en 2020 - El Diario - Bolivia<\/title>\n<meta name=\"robots\" content=\"index, follow, max-snippet:-1, max-image-preview:large, max-video-preview:-1\" \/>\n<link rel=\"canonical\" href=\"https:\/\/www.eldiario.net\/portal\/2021\/05\/28\/ylb-denuncia-dano-economico-por-170-000-bolivianos-en-2020\/\" \/>\n<meta property=\"og:locale\" content=\"es_ES\" \/>\n<meta property=\"og:type\" content=\"article\" \/>\n<meta property=\"og:title\" content=\"YLB denuncia da\u00f1o econ\u00f3mico por 170.000 bolivianos en 2020 - El Diario - Bolivia\" \/>\n<meta property=\"og:description\" content=\"Yacimientos de Litio Boliviano (YLB) denuncia da\u00f1o econ\u00f3mico de 170.000 bolivianos en la gesti\u00f3n 2020, cifra que podr\u00eda subir una vez terminada las auditor\u00edas que se realizan de la gesti\u00f3n pasada, inform\u00f3 el presidente ejecutivo de la empresa estatal, Marcelo Gonzales. Dijo que est\u00e1 en investigaci\u00f3n sobre la sustracci\u00f3n de varios activos de un almac\u00e9n [&hellip;]\" \/>\n<meta property=\"og:url\" content=\"https:\/\/www.eldiario.net\/portal\/2021\/05\/28\/ylb-denuncia-dano-economico-por-170-000-bolivianos-en-2020\/\" \/>\n<meta property=\"og:site_name\" content=\"El Diario - Bolivia\" \/>\n<meta property=\"article:publisher\" content=\"https:\/\/www.facebook.com\/eldiario.bolivia\/\" \/>\n<meta property=\"article:published_time\" content=\"2021-05-28T10:01:53+00:00\" \/>\n<meta name=\"author\" content=\"Jeanette\" \/>\n<meta name=\"twitter:card\" content=\"summary_large_image\" \/>\n<meta name=\"twitter:creator\" content=\"@eldiario_net\" \/>\n<meta name=\"twitter:site\" content=\"@eldiario_net\" \/>\n<meta name=\"twitter:label1\" content=\"Escrito por\" \/>\n\t<meta name=\"twitter:data1\" content=\"Jeanette\" \/>\n\t<meta name=\"twitter:label2\" content=\"Tiempo de lectura\" \/>\n\t<meta name=\"twitter:data2\" content=\"2 minutos\" \/>\n<script type=\"application\/ld+json\" class=\"yoast-schema-graph\">{\"@context\":\"https:\\\/\\\/schema.org\",\"@graph\":[{\"@type\":\"Article\",\"@id\":\"https:\\\/\\\/www.eldiario.net\\\/portal\\\/2021\\\/05\\\/28\\\/ylb-denuncia-dano-economico-por-170-000-bolivianos-en-2020\\\/#article\",\"isPartOf\":{\"@id\":\"https:\\\/\\\/www.eldiario.net\\\/portal\\\/2021\\\/05\\\/28\\\/ylb-denuncia-dano-economico-por-170-000-bolivianos-en-2020\\\/\"},\"author\":{\"name\":\"Jeanette\",\"@id\":\"https:\\\/\\\/www.eldiario.net\\\/portal\\\/#\\\/schema\\\/person\\\/f46445640444750d7d753ccd04ae01b7\"},\"headline\":\"YLB denuncia da\u00f1o econ\u00f3mico por 170.000 bolivianos en 2020\",\"datePublished\":\"2021-05-28T10:01:53+00:00\",\"mainEntityOfPage\":{\"@id\":\"https:\\\/\\\/www.eldiario.net\\\/portal\\\/2021\\\/05\\\/28\\\/ylb-denuncia-dano-economico-por-170-000-bolivianos-en-2020\\\/\"},\"wordCount\":319,\"publisher\":{\"@id\":\"https:\\\/\\\/www.eldiario.net\\\/portal\\\/#organization\"},\"articleSection\":[\"Econom\u00eda\"],\"inLanguage\":\"es\"},{\"@type\":\"WebPage\",\"@id\":\"https:\\\/\\\/www.eldiario.net\\\/portal\\\/2021\\\/05\\\/28\\\/ylb-denuncia-dano-economico-por-170-000-bolivianos-en-2020\\\/\",\"url\":\"https:\\\/\\\/www.eldiario.net\\\/portal\\\/2021\\\/05\\\/28\\\/ylb-denuncia-dano-economico-por-170-000-bolivianos-en-2020\\\/\",\"name\":\"YLB denuncia da\u00f1o econ\u00f3mico por 170.000 bolivianos en 2020 - El Diario - Bolivia\",\"isPartOf\":{\"@id\":\"https:\\\/\\\/www.eldiario.net\\\/portal\\\/#website\"},\"datePublished\":\"2021-05-28T10:01:53+00:00\",\"breadcrumb\":{\"@id\":\"https:\\\/\\\/www.eldiario.net\\\/portal\\\/2021\\\/05\\\/28\\\/ylb-denuncia-dano-economico-por-170-000-bolivianos-en-2020\\\/#breadcrumb\"},\"inLanguage\":\"es\",\"potentialAction\":[{\"@type\":\"ReadAction\",\"target\":[\"https:\\\/\\\/www.eldiario.net\\\/portal\\\/2021\\\/05\\\/28\\\/ylb-denuncia-dano-economico-por-170-000-bolivianos-en-2020\\\/\"]}]},{\"@type\":\"BreadcrumbList\",\"@id\":\"https:\\\/\\\/www.eldiario.net\\\/portal\\\/2021\\\/05\\\/28\\\/ylb-denuncia-dano-economico-por-170-000-bolivianos-en-2020\\\/#breadcrumb\",\"itemListElement\":[{\"@type\":\"ListItem\",\"position\":1,\"name\":\"Portada\",\"item\":\"https:\\\/\\\/www.eldiario.net\\\/portal\\\/\"},{\"@type\":\"ListItem\",\"position\":2,\"name\":\"YLB denuncia da\u00f1o econ\u00f3mico por 170.000 bolivianos en 2020\"}]},{\"@type\":\"WebSite\",\"@id\":\"https:\\\/\\\/www.eldiario.net\\\/portal\\\/#website\",\"url\":\"https:\\\/\\\/www.eldiario.net\\\/portal\\\/\",\"name\":\"El Diario - Decano de la prensa nacional\",\"description\":\"El Diario - Decano de la prensa nacional\",\"publisher\":{\"@id\":\"https:\\\/\\\/www.eldiario.net\\\/portal\\\/#organization\"},\"potentialAction\":[{\"@type\":\"SearchAction\",\"target\":{\"@type\":\"EntryPoint\",\"urlTemplate\":\"https:\\\/\\\/www.eldiario.net\\\/portal\\\/?s={search_term_string}\"},\"query-input\":{\"@type\":\"PropertyValueSpecification\",\"valueRequired\":true,\"valueName\":\"search_term_string\"}}],\"inLanguage\":\"es\"},{\"@type\":\"Organization\",\"@id\":\"https:\\\/\\\/www.eldiario.net\\\/portal\\\/#organization\",\"name\":\"El Diario - Decano de la prensa nacional\",\"url\":\"https:\\\/\\\/www.eldiario.net\\\/portal\\\/\",\"logo\":{\"@type\":\"ImageObject\",\"inLanguage\":\"es\",\"@id\":\"https:\\\/\\\/www.eldiario.net\\\/portal\\\/#\\\/schema\\\/logo\\\/image\\\/\",\"url\":\"https:\\\/\\\/www.eldiario.net\\\/portal\\\/wp-content\\\/uploads\\\/2023\\\/07\\\/logo_ED.jpg\",\"contentUrl\":\"https:\\\/\\\/www.eldiario.net\\\/portal\\\/wp-content\\\/uploads\\\/2023\\\/07\\\/logo_ED.jpg\",\"width\":272,\"height\":52,\"caption\":\"El Diario - Decano de la prensa nacional\"},\"image\":{\"@id\":\"https:\\\/\\\/www.eldiario.net\\\/portal\\\/#\\\/schema\\\/logo\\\/image\\\/\"},\"sameAs\":[\"https:\\\/\\\/www.facebook.com\\\/eldiario.bolivia\\\/\",\"https:\\\/\\\/x.com\\\/eldiario_net\"]},{\"@type\":\"Person\",\"@id\":\"https:\\\/\\\/www.eldiario.net\\\/portal\\\/#\\\/schema\\\/person\\\/f46445640444750d7d753ccd04ae01b7\",\"name\":\"Jeanette\",\"image\":{\"@type\":\"ImageObject\",\"inLanguage\":\"es\",\"@id\":\"https:\\\/\\\/secure.gravatar.com\\\/avatar\\\/3ea2118a5f7dad2b7138b1187a6b7ee55f160b9968b66013c3a3ef39dd7e5798?s=96&d=mm&r=g\",\"url\":\"https:\\\/\\\/secure.gravatar.com\\\/avatar\\\/3ea2118a5f7dad2b7138b1187a6b7ee55f160b9968b66013c3a3ef39dd7e5798?s=96&d=mm&r=g\",\"contentUrl\":\"https:\\\/\\\/secure.gravatar.com\\\/avatar\\\/3ea2118a5f7dad2b7138b1187a6b7ee55f160b9968b66013c3a3ef39dd7e5798?s=96&d=mm&r=g\",\"caption\":\"Jeanette\"},\"sameAs\":[\"https:\\\/\\\/www.eldiario.net\\\/portal\"],\"url\":\"https:\\\/\\\/www.eldiario.net\\\/portal\\\/author\\\/jeanette\\\/\"}]}<\/script>\n<!-- \/ Yoast SEO plugin. -->","yoast_head_json":{"title":"YLB denuncia da\u00f1o econ\u00f3mico por 170.000 bolivianos en 2020 - El Diario - Bolivia","robots":{"index":"index","follow":"follow","max-snippet":"max-snippet:-1","max-image-preview":"max-image-preview:large","max-video-preview":"max-video-preview:-1"},"canonical":"https:\/\/www.eldiario.net\/portal\/2021\/05\/28\/ylb-denuncia-dano-economico-por-170-000-bolivianos-en-2020\/","og_locale":"es_ES","og_type":"article","og_title":"YLB denuncia da\u00f1o econ\u00f3mico por 170.000 bolivianos en 2020 - El Diario - Bolivia","og_description":"Yacimientos de Litio Boliviano (YLB) denuncia da\u00f1o econ\u00f3mico de 170.000 bolivianos en la gesti\u00f3n 2020, cifra que podr\u00eda subir una vez terminada las auditor\u00edas que se realizan de la gesti\u00f3n pasada, inform\u00f3 el presidente ejecutivo de la empresa estatal, Marcelo Gonzales. Dijo que est\u00e1 en investigaci\u00f3n sobre la sustracci\u00f3n de varios activos de un almac\u00e9n [&hellip;]","og_url":"https:\/\/www.eldiario.net\/portal\/2021\/05\/28\/ylb-denuncia-dano-economico-por-170-000-bolivianos-en-2020\/","og_site_name":"El Diario - Bolivia","article_publisher":"https:\/\/www.facebook.com\/eldiario.bolivia\/","article_published_time":"2021-05-28T10:01:53+00:00","author":"Jeanette","twitter_card":"summary_large_image","twitter_creator":"@eldiario_net","twitter_site":"@eldiario_net","twitter_misc":{"Escrito por":"Jeanette","Tiempo de lectura":"2 minutos"},"schema":{"@context":"https:\/\/schema.org","@graph":[{"@type":"Article","@id":"https:\/\/www.eldiario.net\/portal\/2021\/05\/28\/ylb-denuncia-dano-economico-por-170-000-bolivianos-en-2020\/#article","isPartOf":{"@id":"https:\/\/www.eldiario.net\/portal\/2021\/05\/28\/ylb-denuncia-dano-economico-por-170-000-bolivianos-en-2020\/"},"author":{"name":"Jeanette","@id":"https:\/\/www.eldiario.net\/portal\/#\/schema\/person\/f46445640444750d7d753ccd04ae01b7"},"headline":"YLB denuncia da\u00f1o econ\u00f3mico por 170.000 bolivianos en 2020","datePublished":"2021-05-28T10:01:53+00:00","mainEntityOfPage":{"@id":"https:\/\/www.eldiario.net\/portal\/2021\/05\/28\/ylb-denuncia-dano-economico-por-170-000-bolivianos-en-2020\/"},"wordCount":319,"publisher":{"@id":"https:\/\/www.eldiario.net\/portal\/#organization"},"articleSection":["Econom\u00eda"],"inLanguage":"es"},{"@type":"WebPage","@id":"https:\/\/www.eldiario.net\/portal\/2021\/05\/28\/ylb-denuncia-dano-economico-por-170-000-bolivianos-en-2020\/","url":"https:\/\/www.eldiario.net\/portal\/2021\/05\/28\/ylb-denuncia-dano-economico-por-170-000-bolivianos-en-2020\/","name":"YLB denuncia da\u00f1o econ\u00f3mico por 170.000 bolivianos en 2020 - El Diario - Bolivia","isPartOf":{"@id":"https:\/\/www.eldiario.net\/portal\/#website"},"datePublished":"2021-05-28T10:01:53+00:00","breadcrumb":{"@id":"https:\/\/www.eldiario.net\/portal\/2021\/05\/28\/ylb-denuncia-dano-economico-por-170-000-bolivianos-en-2020\/#breadcrumb"},"inLanguage":"es","potentialAction":[{"@type":"ReadAction","target":["https:\/\/www.eldiario.net\/portal\/2021\/05\/28\/ylb-denuncia-dano-economico-por-170-000-bolivianos-en-2020\/"]}]},{"@type":"BreadcrumbList","@id":"https:\/\/www.eldiario.net\/portal\/2021\/05\/28\/ylb-denuncia-dano-economico-por-170-000-bolivianos-en-2020\/#breadcrumb","itemListElement":[{"@type":"ListItem","position":1,"name":"Portada","item":"https:\/\/www.eldiario.net\/portal\/"},{"@type":"ListItem","position":2,"name":"YLB denuncia da\u00f1o econ\u00f3mico por 170.000 bolivianos en 2020"}]},{"@type":"WebSite","@id":"https:\/\/www.eldiario.net\/portal\/#website","url":"https:\/\/www.eldiario.net\/portal\/","name":"El Diario - Decano de la prensa nacional","description":"El Diario - Decano de la prensa nacional","publisher":{"@id":"https:\/\/www.eldiario.net\/portal\/#organization"},"potentialAction":[{"@type":"SearchAction","target":{"@type":"EntryPoint","urlTemplate":"https:\/\/www.eldiario.net\/portal\/?s={search_term_string}"},"query-input":{"@type":"PropertyValueSpecification","valueRequired":true,"valueName":"search_term_string"}}],"inLanguage":"es"},{"@type":"Organization","@id":"https:\/\/www.eldiario.net\/portal\/#organization","name":"El Diario - Decano de la prensa nacional","url":"https:\/\/www.eldiario.net\/portal\/","logo":{"@type":"ImageObject","inLanguage":"es","@id":"https:\/\/www.eldiario.net\/portal\/#\/schema\/logo\/image\/","url":"https:\/\/www.eldiario.net\/portal\/wp-content\/uploads\/2023\/07\/logo_ED.jpg","contentUrl":"https:\/\/www.eldiario.net\/portal\/wp-content\/uploads\/2023\/07\/logo_ED.jpg","width":272,"height":52,"caption":"El Diario - Decano de la prensa nacional"},"image":{"@id":"https:\/\/www.eldiario.net\/portal\/#\/schema\/logo\/image\/"},"sameAs":["https:\/\/www.facebook.com\/eldiario.bolivia\/","https:\/\/x.com\/eldiario_net"]},{"@type":"Person","@id":"https:\/\/www.eldiario.net\/portal\/#\/schema\/person\/f46445640444750d7d753ccd04ae01b7","name":"Jeanette","image":{"@type":"ImageObject","inLanguage":"es","@id":"https:\/\/secure.gravatar.com\/avatar\/3ea2118a5f7dad2b7138b1187a6b7ee55f160b9968b66013c3a3ef39dd7e5798?s=96&d=mm&r=g","url":"https:\/\/secure.gravatar.com\/avatar\/3ea2118a5f7dad2b7138b1187a6b7ee55f160b9968b66013c3a3ef39dd7e5798?s=96&d=mm&r=g","contentUrl":"https:\/\/secure.gravatar.com\/avatar\/3ea2118a5f7dad2b7138b1187a6b7ee55f160b9968b66013c3a3ef39dd7e5798?s=96&d=mm&r=g","caption":"Jeanette"},"sameAs":["https:\/\/www.eldiario.net\/portal"],"url":"https:\/\/www.eldiario.net\/portal\/author\/jeanette\/"}]}},"_links":{"self":[{"href":"https:\/\/www.eldiario.net\/portal\/wp-json\/wp\/v2\/posts\/6805","targetHints":{"allow":["GET"]}}],"collection":[{"href":"https:\/\/www.eldiario.net\/portal\/wp-json\/wp\/v2\/posts"}],"about":[{"href":"https:\/\/www.eldiario.net\/portal\/wp-json\/wp\/v2\/types\/post"}],"author":[{"embeddable":true,"href":"https:\/\/www.eldiario.net\/portal\/wp-json\/wp\/v2\/users\/1"}],"replies":[{"embeddable":true,"href":"https:\/\/www.eldiario.net\/portal\/wp-json\/wp\/v2\/comments?post=6805"}],"version-history":[{"count":0,"href":"https:\/\/www.eldiario.net\/portal\/wp-json\/wp\/v2\/posts\/6805\/revisions"}],"wp:attachment":[{"href":"https:\/\/www.eldiario.net\/portal\/wp-json\/wp\/v2\/media?parent=6805"}],"wp:term":[{"taxonomy":"category","embeddable":true,"href":"https:\/\/www.eldiario.net\/portal\/wp-json\/wp\/v2\/categories?post=6805"},{"taxonomy":"post_tag","embeddable":true,"href":"https:\/\/www.eldiario.net\/portal\/wp-json\/wp\/v2\/tags?post=6805"}],"curies":[{"name":"wp","href":"https:\/\/api.w.org\/{rel}","templated":true}]}}