{"id":6795,"date":"2021-05-28T05:46:21","date_gmt":"2021-05-28T09:46:21","guid":{"rendered":"https:\/\/www.eldiario.net\/portal\/?p=6795"},"modified":"2021-05-28T05:46:21","modified_gmt":"2021-05-28T09:46:21","slug":"cientificos-advierten-mal-ano-de-incendios-en-amazonia","status":"publish","type":"post","link":"https:\/\/www.eldiario.net\/portal\/2021\/05\/28\/cientificos-advierten-mal-ano-de-incendios-en-amazonia\/","title":{"rendered":"Cient\u00edficos advierten mal a\u00f1o  de incendios en Amazonia"},"content":{"rendered":"<p>Brasilia.- El clima seco de este a\u00f1o aumenta el riesgo de incendios graves en la selva amaz\u00f3nica de Brasil y en los humedales del Pantanal, dijeron cient\u00edficos, que advirtieron de que una sequ\u00eda podr\u00eda aumentar la destrucci\u00f3n de biomas cr\u00edticos para frenar el cambio clim\u00e1tico.<br \/>\nEl a\u00f1o pasado, el clima seco contribuy\u00f3 a un r\u00e9cord de incendios en el Pantanal, mientras que la Amazonia experiment\u00f3 la peor racha de incendios desde 2017, seg\u00fan el instituto nacional de investigaci\u00f3n espacial de Brasil INPE.<br \/>\nLa temporada de lluvias de este a\u00f1o -que va aproximadamente de noviembre a abril- fue a\u00fan m\u00e1s seca en las partes de la Amazonia m\u00e1s amenazadas, conocidas como el \u00abarco de la deforestaci\u00f3n\u00bb, seg\u00fan datos del INPE.<br \/>\nLa sequ\u00eda de este a\u00f1o en el Pantanal es m\u00e1s severa y extendida que la que la de 2020, muestran los datos.<br \/>\n\u00abLa temporada de lluvias ya termin\u00f3 y fue mala\u00bb, dijo Marcelo Seluchi, meteor\u00f3logo del centro de monitoreo de desastres del Ministerio de Ciencia. \u00abLa temporada de incendios probablemente ser\u00e1 mala\u00bb.<br \/>\nLos incendios y la deforestaci\u00f3n en la selva amaz\u00f3nica han aumentado desde que el presidente derechista Jair Bolsonaro asumi\u00f3 el poder en 2019, pidiendo m\u00e1s desarrollo para la regi\u00f3n.<br \/>\nAdem\u00e1s, los defensores medioambientales dicen que la ret\u00f3rica de Bolsonaro y el debilitamiento de la vigilancia han animado a los delincuentes a talar \u00e1rboles y provocar incendios para reclamar ilegalmente tierras p\u00fablicas.<br \/>\nLa Amazonia es la mayor selva tropical del mundo y el Pantanal es el mayor humedal. Los cient\u00edficos afirman que su conservaci\u00f3n es vital para frenar el catastr\u00f3fico cambio clim\u00e1tico debido a las enormes cantidades de gases de efecto invernadero que absorben.<br \/>\nAsimismo, la previsi\u00f3n para los pr\u00f3ximos meses es que contin\u00fae la sequ\u00eda al sur del r\u00edo Amazonas, seg\u00fan Renata Libonati, especialista en teledetecci\u00f3n de la Universidad Federal de R\u00edo de Janeiro.<br \/>\n\u00abCualquier ignici\u00f3n tiene una alta probabilidad de provocar grandes incendios que se salgan de control\u00bb, dijo Libonati.<br \/>\nMientras esas regiones vulnerables experimentan menos precipitaciones de lo habitual, la cuenca norte del Amazonas se est\u00e1 inundando debido a las fuertes lluvias.<br \/>\nEse fen\u00f3meno est\u00e1 en consonancia con la humedad y la sequedad extremas que los cient\u00edficos esperan ver con m\u00e1s frecuencia debido al cambio clim\u00e1tico, dijo Maria Silva Dias, cient\u00edfica atmosf\u00e9rica de la Universidad de Sao Paulo.<br \/>\nEl aumento de las condiciones meteorol\u00f3gicas extremas en la Amazonia est\u00e1 relacionado en parte con el calentamiento del Atl\u00e1ntico Norte tropical en los \u00faltimos 20 a\u00f1os, que ha provocado vientos m\u00e1s fuertes y cambios en la circulaci\u00f3n atmosf\u00e9rica, dijo Dias.<br \/>\nElla y otros cient\u00edficos advirtieron que nadie sabe con certeza en qu\u00e9 medida el cambio clim\u00e1tico est\u00e1 contribuyendo a los cambios en los patrones meteorol\u00f3gicos. \u00abSe trata de una cuesti\u00f3n abierta que nos preocupa\u00bb, dijo Dias.<br \/>\nEs probable que el cambio clim\u00e1tico sea uno de los factores que afectan al tiempo, junto con la deforestaci\u00f3n de la Amazonia, que cambia los patrones de lluvia regionales y los ciclos existentes a largo plazo en el tiempo.<br \/>\nMientras que el clima seco proporciona el combustible, los seres humanos proporcionan la chispa. Los incendios naturales, causados por un rayo, por ejemplo, son extremadamente raros en la exuberante selva tropical.<br \/>\nLos incendios en la Amazonia suelen ser provocados por agricultores que renuevan sus campos o por ganaderos y especuladores que desbrozan ilegalmente. (Reuters)<\/p>\n","protected":false},"excerpt":{"rendered":"<p>Brasilia.- El clima seco de este a\u00f1o aumenta el riesgo de incendios graves en la selva amaz\u00f3nica de Brasil y en los humedales del Pantanal, dijeron cient\u00edficos, que advirtieron de que una sequ\u00eda podr\u00eda aumentar la destrucci\u00f3n de biomas cr\u00edticos para frenar el cambio clim\u00e1tico. El a\u00f1o pasado, el clima seco contribuy\u00f3 a un r\u00e9cord [&hellip;]<\/p>\n","protected":false},"author":1,"featured_media":6796,"comment_status":"closed","ping_status":"closed","sticky":false,"template":"","format":"standard","meta":{"_acf_changed":false,"footnotes":""},"categories":[3],"tags":[],"class_list":["post-6795","post","type-post","status-publish","format-standard","has-post-thumbnail","category-internacional"],"acf":{"antetitulo":""},"yoast_head":"<!-- This site is optimized with the Yoast SEO plugin v28.3 - https:\/\/yoast.com\/product\/yoast-seo-wordpress\/ -->\n<title>Cient\u00edficos advierten mal a\u00f1o de incendios en Amazonia - El Diario - Bolivia<\/title>\n<meta name=\"robots\" content=\"index, follow, max-snippet:-1, max-image-preview:large, max-video-preview:-1\" \/>\n<link rel=\"canonical\" href=\"https:\/\/www.eldiario.net\/portal\/2021\/05\/28\/cientificos-advierten-mal-ano-de-incendios-en-amazonia\/\" \/>\n<meta property=\"og:locale\" content=\"es_ES\" \/>\n<meta property=\"og:type\" content=\"article\" \/>\n<meta property=\"og:title\" content=\"Cient\u00edficos advierten mal a\u00f1o de incendios en Amazonia - El Diario - Bolivia\" \/>\n<meta property=\"og:description\" content=\"Brasilia.- El clima seco de este a\u00f1o aumenta el riesgo de incendios graves en la selva amaz\u00f3nica de Brasil y en los humedales del Pantanal, dijeron cient\u00edficos, que advirtieron de que una sequ\u00eda podr\u00eda aumentar la destrucci\u00f3n de biomas cr\u00edticos para frenar el cambio clim\u00e1tico. El a\u00f1o pasado, el clima seco contribuy\u00f3 a un r\u00e9cord [&hellip;]\" \/>\n<meta property=\"og:url\" content=\"https:\/\/www.eldiario.net\/portal\/2021\/05\/28\/cientificos-advierten-mal-ano-de-incendios-en-amazonia\/\" \/>\n<meta property=\"og:site_name\" content=\"El Diario - Bolivia\" \/>\n<meta property=\"article:publisher\" content=\"https:\/\/www.facebook.com\/eldiario.bolivia\/\" \/>\n<meta property=\"article:published_time\" content=\"2021-05-28T09:46:21+00:00\" \/>\n<meta name=\"author\" content=\"Jeanette\" \/>\n<meta name=\"twitter:card\" content=\"summary_large_image\" \/>\n<meta name=\"twitter:creator\" content=\"@eldiario_net\" \/>\n<meta name=\"twitter:site\" content=\"@eldiario_net\" \/>\n<meta name=\"twitter:label1\" content=\"Escrito por\" \/>\n\t<meta name=\"twitter:data1\" content=\"Jeanette\" \/>\n\t<meta name=\"twitter:label2\" content=\"Tiempo de lectura\" \/>\n\t<meta name=\"twitter:data2\" content=\"3 minutos\" \/>\n<script type=\"application\/ld+json\" class=\"yoast-schema-graph\">{\"@context\":\"https:\\\/\\\/schema.org\",\"@graph\":[{\"@type\":\"Article\",\"@id\":\"https:\\\/\\\/www.eldiario.net\\\/portal\\\/2021\\\/05\\\/28\\\/cientificos-advierten-mal-ano-de-incendios-en-amazonia\\\/#article\",\"isPartOf\":{\"@id\":\"https:\\\/\\\/www.eldiario.net\\\/portal\\\/2021\\\/05\\\/28\\\/cientificos-advierten-mal-ano-de-incendios-en-amazonia\\\/\"},\"author\":{\"name\":\"Jeanette\",\"@id\":\"https:\\\/\\\/www.eldiario.net\\\/portal\\\/#\\\/schema\\\/person\\\/f46445640444750d7d753ccd04ae01b7\"},\"headline\":\"Cient\u00edficos advierten mal a\u00f1o de incendios en Amazonia\",\"datePublished\":\"2021-05-28T09:46:21+00:00\",\"mainEntityOfPage\":{\"@id\":\"https:\\\/\\\/www.eldiario.net\\\/portal\\\/2021\\\/05\\\/28\\\/cientificos-advierten-mal-ano-de-incendios-en-amazonia\\\/\"},\"wordCount\":617,\"publisher\":{\"@id\":\"https:\\\/\\\/www.eldiario.net\\\/portal\\\/#organization\"},\"image\":{\"@id\":\"https:\\\/\\\/www.eldiario.net\\\/portal\\\/2021\\\/05\\\/28\\\/cientificos-advierten-mal-ano-de-incendios-en-amazonia\\\/#primaryimage\"},\"thumbnailUrl\":\"\",\"articleSection\":[\"Internacional\"],\"inLanguage\":\"es\"},{\"@type\":\"WebPage\",\"@id\":\"https:\\\/\\\/www.eldiario.net\\\/portal\\\/2021\\\/05\\\/28\\\/cientificos-advierten-mal-ano-de-incendios-en-amazonia\\\/\",\"url\":\"https:\\\/\\\/www.eldiario.net\\\/portal\\\/2021\\\/05\\\/28\\\/cientificos-advierten-mal-ano-de-incendios-en-amazonia\\\/\",\"name\":\"Cient\u00edficos advierten mal a\u00f1o de incendios en Amazonia - El Diario - Bolivia\",\"isPartOf\":{\"@id\":\"https:\\\/\\\/www.eldiario.net\\\/portal\\\/#website\"},\"primaryImageOfPage\":{\"@id\":\"https:\\\/\\\/www.eldiario.net\\\/portal\\\/2021\\\/05\\\/28\\\/cientificos-advierten-mal-ano-de-incendios-en-amazonia\\\/#primaryimage\"},\"image\":{\"@id\":\"https:\\\/\\\/www.eldiario.net\\\/portal\\\/2021\\\/05\\\/28\\\/cientificos-advierten-mal-ano-de-incendios-en-amazonia\\\/#primaryimage\"},\"thumbnailUrl\":\"\",\"datePublished\":\"2021-05-28T09:46:21+00:00\",\"breadcrumb\":{\"@id\":\"https:\\\/\\\/www.eldiario.net\\\/portal\\\/2021\\\/05\\\/28\\\/cientificos-advierten-mal-ano-de-incendios-en-amazonia\\\/#breadcrumb\"},\"inLanguage\":\"es\",\"potentialAction\":[{\"@type\":\"ReadAction\",\"target\":[\"https:\\\/\\\/www.eldiario.net\\\/portal\\\/2021\\\/05\\\/28\\\/cientificos-advierten-mal-ano-de-incendios-en-amazonia\\\/\"]}]},{\"@type\":\"ImageObject\",\"inLanguage\":\"es\",\"@id\":\"https:\\\/\\\/www.eldiario.net\\\/portal\\\/2021\\\/05\\\/28\\\/cientificos-advierten-mal-ano-de-incendios-en-amazonia\\\/#primaryimage\",\"url\":\"\",\"contentUrl\":\"\"},{\"@type\":\"BreadcrumbList\",\"@id\":\"https:\\\/\\\/www.eldiario.net\\\/portal\\\/2021\\\/05\\\/28\\\/cientificos-advierten-mal-ano-de-incendios-en-amazonia\\\/#breadcrumb\",\"itemListElement\":[{\"@type\":\"ListItem\",\"position\":1,\"name\":\"Portada\",\"item\":\"https:\\\/\\\/www.eldiario.net\\\/portal\\\/\"},{\"@type\":\"ListItem\",\"position\":2,\"name\":\"Cient\u00edficos advierten mal a\u00f1o de incendios en Amazonia\"}]},{\"@type\":\"WebSite\",\"@id\":\"https:\\\/\\\/www.eldiario.net\\\/portal\\\/#website\",\"url\":\"https:\\\/\\\/www.eldiario.net\\\/portal\\\/\",\"name\":\"El Diario - Decano de la prensa nacional\",\"description\":\"El Diario - Decano de la prensa nacional\",\"publisher\":{\"@id\":\"https:\\\/\\\/www.eldiario.net\\\/portal\\\/#organization\"},\"potentialAction\":[{\"@type\":\"SearchAction\",\"target\":{\"@type\":\"EntryPoint\",\"urlTemplate\":\"https:\\\/\\\/www.eldiario.net\\\/portal\\\/?s={search_term_string}\"},\"query-input\":{\"@type\":\"PropertyValueSpecification\",\"valueRequired\":true,\"valueName\":\"search_term_string\"}}],\"inLanguage\":\"es\"},{\"@type\":\"Organization\",\"@id\":\"https:\\\/\\\/www.eldiario.net\\\/portal\\\/#organization\",\"name\":\"El Diario - Decano de la prensa nacional\",\"url\":\"https:\\\/\\\/www.eldiario.net\\\/portal\\\/\",\"logo\":{\"@type\":\"ImageObject\",\"inLanguage\":\"es\",\"@id\":\"https:\\\/\\\/www.eldiario.net\\\/portal\\\/#\\\/schema\\\/logo\\\/image\\\/\",\"url\":\"https:\\\/\\\/www.eldiario.net\\\/portal\\\/wp-content\\\/uploads\\\/2023\\\/07\\\/logo_ED.jpg\",\"contentUrl\":\"https:\\\/\\\/www.eldiario.net\\\/portal\\\/wp-content\\\/uploads\\\/2023\\\/07\\\/logo_ED.jpg\",\"width\":272,\"height\":52,\"caption\":\"El Diario - Decano de la prensa nacional\"},\"image\":{\"@id\":\"https:\\\/\\\/www.eldiario.net\\\/portal\\\/#\\\/schema\\\/logo\\\/image\\\/\"},\"sameAs\":[\"https:\\\/\\\/www.facebook.com\\\/eldiario.bolivia\\\/\",\"https:\\\/\\\/x.com\\\/eldiario_net\"]},{\"@type\":\"Person\",\"@id\":\"https:\\\/\\\/www.eldiario.net\\\/portal\\\/#\\\/schema\\\/person\\\/f46445640444750d7d753ccd04ae01b7\",\"name\":\"Jeanette\",\"image\":{\"@type\":\"ImageObject\",\"inLanguage\":\"es\",\"@id\":\"https:\\\/\\\/secure.gravatar.com\\\/avatar\\\/3ea2118a5f7dad2b7138b1187a6b7ee55f160b9968b66013c3a3ef39dd7e5798?s=96&d=mm&r=g\",\"url\":\"https:\\\/\\\/secure.gravatar.com\\\/avatar\\\/3ea2118a5f7dad2b7138b1187a6b7ee55f160b9968b66013c3a3ef39dd7e5798?s=96&d=mm&r=g\",\"contentUrl\":\"https:\\\/\\\/secure.gravatar.com\\\/avatar\\\/3ea2118a5f7dad2b7138b1187a6b7ee55f160b9968b66013c3a3ef39dd7e5798?s=96&d=mm&r=g\",\"caption\":\"Jeanette\"},\"sameAs\":[\"https:\\\/\\\/www.eldiario.net\\\/portal\"],\"url\":\"https:\\\/\\\/www.eldiario.net\\\/portal\\\/author\\\/jeanette\\\/\"}]}<\/script>\n<!-- \/ Yoast SEO plugin. -->","yoast_head_json":{"title":"Cient\u00edficos advierten mal a\u00f1o de incendios en Amazonia - El Diario - Bolivia","robots":{"index":"index","follow":"follow","max-snippet":"max-snippet:-1","max-image-preview":"max-image-preview:large","max-video-preview":"max-video-preview:-1"},"canonical":"https:\/\/www.eldiario.net\/portal\/2021\/05\/28\/cientificos-advierten-mal-ano-de-incendios-en-amazonia\/","og_locale":"es_ES","og_type":"article","og_title":"Cient\u00edficos advierten mal a\u00f1o de incendios en Amazonia - El Diario - Bolivia","og_description":"Brasilia.- El clima seco de este a\u00f1o aumenta el riesgo de incendios graves en la selva amaz\u00f3nica de Brasil y en los humedales del Pantanal, dijeron cient\u00edficos, que advirtieron de que una sequ\u00eda podr\u00eda aumentar la destrucci\u00f3n de biomas cr\u00edticos para frenar el cambio clim\u00e1tico. El a\u00f1o pasado, el clima seco contribuy\u00f3 a un r\u00e9cord [&hellip;]","og_url":"https:\/\/www.eldiario.net\/portal\/2021\/05\/28\/cientificos-advierten-mal-ano-de-incendios-en-amazonia\/","og_site_name":"El Diario - Bolivia","article_publisher":"https:\/\/www.facebook.com\/eldiario.bolivia\/","article_published_time":"2021-05-28T09:46:21+00:00","author":"Jeanette","twitter_card":"summary_large_image","twitter_creator":"@eldiario_net","twitter_site":"@eldiario_net","twitter_misc":{"Escrito por":"Jeanette","Tiempo de lectura":"3 minutos"},"schema":{"@context":"https:\/\/schema.org","@graph":[{"@type":"Article","@id":"https:\/\/www.eldiario.net\/portal\/2021\/05\/28\/cientificos-advierten-mal-ano-de-incendios-en-amazonia\/#article","isPartOf":{"@id":"https:\/\/www.eldiario.net\/portal\/2021\/05\/28\/cientificos-advierten-mal-ano-de-incendios-en-amazonia\/"},"author":{"name":"Jeanette","@id":"https:\/\/www.eldiario.net\/portal\/#\/schema\/person\/f46445640444750d7d753ccd04ae01b7"},"headline":"Cient\u00edficos advierten mal a\u00f1o de incendios en Amazonia","datePublished":"2021-05-28T09:46:21+00:00","mainEntityOfPage":{"@id":"https:\/\/www.eldiario.net\/portal\/2021\/05\/28\/cientificos-advierten-mal-ano-de-incendios-en-amazonia\/"},"wordCount":617,"publisher":{"@id":"https:\/\/www.eldiario.net\/portal\/#organization"},"image":{"@id":"https:\/\/www.eldiario.net\/portal\/2021\/05\/28\/cientificos-advierten-mal-ano-de-incendios-en-amazonia\/#primaryimage"},"thumbnailUrl":"","articleSection":["Internacional"],"inLanguage":"es"},{"@type":"WebPage","@id":"https:\/\/www.eldiario.net\/portal\/2021\/05\/28\/cientificos-advierten-mal-ano-de-incendios-en-amazonia\/","url":"https:\/\/www.eldiario.net\/portal\/2021\/05\/28\/cientificos-advierten-mal-ano-de-incendios-en-amazonia\/","name":"Cient\u00edficos advierten mal a\u00f1o de incendios en Amazonia - El Diario - Bolivia","isPartOf":{"@id":"https:\/\/www.eldiario.net\/portal\/#website"},"primaryImageOfPage":{"@id":"https:\/\/www.eldiario.net\/portal\/2021\/05\/28\/cientificos-advierten-mal-ano-de-incendios-en-amazonia\/#primaryimage"},"image":{"@id":"https:\/\/www.eldiario.net\/portal\/2021\/05\/28\/cientificos-advierten-mal-ano-de-incendios-en-amazonia\/#primaryimage"},"thumbnailUrl":"","datePublished":"2021-05-28T09:46:21+00:00","breadcrumb":{"@id":"https:\/\/www.eldiario.net\/portal\/2021\/05\/28\/cientificos-advierten-mal-ano-de-incendios-en-amazonia\/#breadcrumb"},"inLanguage":"es","potentialAction":[{"@type":"ReadAction","target":["https:\/\/www.eldiario.net\/portal\/2021\/05\/28\/cientificos-advierten-mal-ano-de-incendios-en-amazonia\/"]}]},{"@type":"ImageObject","inLanguage":"es","@id":"https:\/\/www.eldiario.net\/portal\/2021\/05\/28\/cientificos-advierten-mal-ano-de-incendios-en-amazonia\/#primaryimage","url":"","contentUrl":""},{"@type":"BreadcrumbList","@id":"https:\/\/www.eldiario.net\/portal\/2021\/05\/28\/cientificos-advierten-mal-ano-de-incendios-en-amazonia\/#breadcrumb","itemListElement":[{"@type":"ListItem","position":1,"name":"Portada","item":"https:\/\/www.eldiario.net\/portal\/"},{"@type":"ListItem","position":2,"name":"Cient\u00edficos advierten mal a\u00f1o de incendios en Amazonia"}]},{"@type":"WebSite","@id":"https:\/\/www.eldiario.net\/portal\/#website","url":"https:\/\/www.eldiario.net\/portal\/","name":"El Diario - Decano de la prensa nacional","description":"El Diario - Decano de la prensa nacional","publisher":{"@id":"https:\/\/www.eldiario.net\/portal\/#organization"},"potentialAction":[{"@type":"SearchAction","target":{"@type":"EntryPoint","urlTemplate":"https:\/\/www.eldiario.net\/portal\/?s={search_term_string}"},"query-input":{"@type":"PropertyValueSpecification","valueRequired":true,"valueName":"search_term_string"}}],"inLanguage":"es"},{"@type":"Organization","@id":"https:\/\/www.eldiario.net\/portal\/#organization","name":"El Diario - Decano de la prensa nacional","url":"https:\/\/www.eldiario.net\/portal\/","logo":{"@type":"ImageObject","inLanguage":"es","@id":"https:\/\/www.eldiario.net\/portal\/#\/schema\/logo\/image\/","url":"https:\/\/www.eldiario.net\/portal\/wp-content\/uploads\/2023\/07\/logo_ED.jpg","contentUrl":"https:\/\/www.eldiario.net\/portal\/wp-content\/uploads\/2023\/07\/logo_ED.jpg","width":272,"height":52,"caption":"El Diario - Decano de la prensa nacional"},"image":{"@id":"https:\/\/www.eldiario.net\/portal\/#\/schema\/logo\/image\/"},"sameAs":["https:\/\/www.facebook.com\/eldiario.bolivia\/","https:\/\/x.com\/eldiario_net"]},{"@type":"Person","@id":"https:\/\/www.eldiario.net\/portal\/#\/schema\/person\/f46445640444750d7d753ccd04ae01b7","name":"Jeanette","image":{"@type":"ImageObject","inLanguage":"es","@id":"https:\/\/secure.gravatar.com\/avatar\/3ea2118a5f7dad2b7138b1187a6b7ee55f160b9968b66013c3a3ef39dd7e5798?s=96&d=mm&r=g","url":"https:\/\/secure.gravatar.com\/avatar\/3ea2118a5f7dad2b7138b1187a6b7ee55f160b9968b66013c3a3ef39dd7e5798?s=96&d=mm&r=g","contentUrl":"https:\/\/secure.gravatar.com\/avatar\/3ea2118a5f7dad2b7138b1187a6b7ee55f160b9968b66013c3a3ef39dd7e5798?s=96&d=mm&r=g","caption":"Jeanette"},"sameAs":["https:\/\/www.eldiario.net\/portal"],"url":"https:\/\/www.eldiario.net\/portal\/author\/jeanette\/"}]}},"_links":{"self":[{"href":"https:\/\/www.eldiario.net\/portal\/wp-json\/wp\/v2\/posts\/6795","targetHints":{"allow":["GET"]}}],"collection":[{"href":"https:\/\/www.eldiario.net\/portal\/wp-json\/wp\/v2\/posts"}],"about":[{"href":"https:\/\/www.eldiario.net\/portal\/wp-json\/wp\/v2\/types\/post"}],"author":[{"embeddable":true,"href":"https:\/\/www.eldiario.net\/portal\/wp-json\/wp\/v2\/users\/1"}],"replies":[{"embeddable":true,"href":"https:\/\/www.eldiario.net\/portal\/wp-json\/wp\/v2\/comments?post=6795"}],"version-history":[{"count":0,"href":"https:\/\/www.eldiario.net\/portal\/wp-json\/wp\/v2\/posts\/6795\/revisions"}],"wp:attachment":[{"href":"https:\/\/www.eldiario.net\/portal\/wp-json\/wp\/v2\/media?parent=6795"}],"wp:term":[{"taxonomy":"category","embeddable":true,"href":"https:\/\/www.eldiario.net\/portal\/wp-json\/wp\/v2\/categories?post=6795"},{"taxonomy":"post_tag","embeddable":true,"href":"https:\/\/www.eldiario.net\/portal\/wp-json\/wp\/v2\/tags?post=6795"}],"curies":[{"name":"wp","href":"https:\/\/api.w.org\/{rel}","templated":true}]}}