{"id":6792,"date":"2021-05-28T05:44:27","date_gmt":"2021-05-28T09:44:27","guid":{"rendered":"https:\/\/www.eldiario.net\/portal\/?p=6792"},"modified":"2021-05-28T05:44:27","modified_gmt":"2021-05-28T09:44:27","slug":"venezuela-soporta-una-de-las-peores-crisis-de-desplazados","status":"publish","type":"post","link":"https:\/\/www.eldiario.net\/portal\/2021\/05\/28\/venezuela-soporta-una-de-las-peores-crisis-de-desplazados\/","title":{"rendered":"Venezuela soporta una de las  peores crisis de desplazados"},"content":{"rendered":"<p>Venezuela se ubica en la cuarta de las diez crisis de desplazados m\u00e1s olvidadas del mundo, seg\u00fan inform\u00f3 ayer el Consejo Noruego para los Refugiados (NRC), que sit\u00faa en esa lista a \u00c1frica y Honduras en el octavo y quinto lugar, respectivamente.<br \/>\nEn su clasificaci\u00f3n anual de las crisis de desplazados m\u00e1s desatendidas correspondiente a 2020, el NRC coloc\u00f3 en primera posici\u00f3n a la Rep\u00fablica Democr\u00e1tica del Congo (RDC), que cuenta con \u00abm\u00e1s de cinco millones\u00bb de personas desplazadas internamente.<br \/>\nUn mill\u00f3n adicional ha abandonado la RDC y huido a pa\u00edses vecinos, donde viven como refugiados.<br \/>\nEse pa\u00eds sufre \u201cuna de las peores crisis humanitarias del siglo XXI. Una combinaci\u00f3n letal de violencia en espiral, niveles r\u00e9cord de hambre y negligencia total ha provocado una megacrisis que justifica una megarespuesta\u201d, afirm\u00f3 el secretario general del NRC, Jan Egeland.<br \/>\nUn a\u00f1o m\u00e1s, las crisis en \u00c1frica dominan el \u00edndice que elabora la organizaci\u00f3n humanitaria, en la que a la RDC le siguen Camer\u00fan, Burundi, Venezuela, Honduras, Nigeria, Burkina Faso, Etiop\u00eda, Rep\u00fablica Centroafricana y Mal\u00ed.<br \/>\nCamer\u00fan, que encabez\u00f3 la lista en 2018 y 2019, padece, entre otros problemas de violencia, los ataques del grupo yihadista nigeriano Boko Haram en el extremo norte, lo que ha forzado a \u201cm\u00e1s de 300.000 personas a huir de sus hogares\u201d.<br \/>\nFuera de \u00c1frica sobresale la crisis en Venezuela, que en la clasificaci\u00f3n de 2019 ocupaba el quinto puesto y en la de 2020 escala hasta la cuarta posici\u00f3n.<br \/>\n\u201cLos venezolanos continuaron sufriendo bajo la presi\u00f3n de siete a\u00f1os de ca\u00edda libre econ\u00f3mica e hiperinflaci\u00f3n, y un imp\u00e1s pol\u00edtico en 2019 provocado por el presidente de la Asamblea Nacional liderada por la oposici\u00f3n, que se declar\u00f3 \u00e9l mismo jefe de Estado\u201d, indic\u00f3 la organizaci\u00f3n humanitaria.<br \/>\nEl NRC indic\u00f3 que m\u00e1s de cinco millones de venezolanos han huido del pa\u00eds debido a \u201cla represi\u00f3n y escasez de alimentos y medicinas desde 2014, convirti\u00e9ndola en una de las mayores crisis de desplazamiento en el mundo\u201d.<br \/>\n\u201cMientras el flujo de personas fuera de Venezuela en 2020 se contuvo por el cierre de fronteras y las restricciones de movimiento debido a la pandemia (de covid-19), las medidas plantearon problemas de protecci\u00f3n para refugiados y migrantes en movimiento\u201d, se\u00f1al\u00f3.<br \/>\nEn la clasificaci\u00f3n entra por primera vez Honduras, \u201cdevastada por dos tormentas tropicales en 2020\u201d que se sumaron a \u201ca\u00f1os de inseguridad alimentaria cr\u00f3nica, bandas criminales, violencia de g\u00e9nero, cambio clim\u00e1tico y desempleo generalizado agravado por las consecuencias econ\u00f3micas de la covid-19\u201d.<br \/>\nEl NRC destaca sobre Honduras que \u201cdecenas de miles de personas fueron desplazadas por la violencia o perdieron la esperanza de una vida digna en 2020, y se embarcaron en peligrosos viajes en busca de seguridad en M\u00e9xico y Estados Unidos\u201d.<br \/>\nAdem\u00e1s de los problemas particulares de cada pa\u00eds, advirti\u00f3 Egeland, \u201cla pandemia de covid-19 ha provocado que millones de personas que ya estaban luchando por sobrevivir en crisis desatendidas se queden a\u00fan m\u00e1s rezagadas\u201d. (El Nacional)<\/p>\n","protected":false},"excerpt":{"rendered":"<p>Venezuela se ubica en la cuarta de las diez crisis de desplazados m\u00e1s olvidadas del mundo, seg\u00fan inform\u00f3 ayer el Consejo Noruego para los Refugiados (NRC), que sit\u00faa en esa lista a \u00c1frica y Honduras en el octavo y quinto lugar, respectivamente. En su clasificaci\u00f3n anual de las crisis de desplazados m\u00e1s desatendidas correspondiente a [&hellip;]<\/p>\n","protected":false},"author":1,"featured_media":6793,"comment_status":"closed","ping_status":"closed","sticky":false,"template":"","format":"standard","meta":{"_acf_changed":false,"footnotes":""},"categories":[3],"tags":[],"class_list":["post-6792","post","type-post","status-publish","format-standard","has-post-thumbnail","category-internacional"],"acf":{"antetitulo":""},"yoast_head":"<!-- This site is optimized with the Yoast SEO plugin v28.3 - https:\/\/yoast.com\/product\/yoast-seo-wordpress\/ -->\n<title>Venezuela soporta una de las peores crisis de desplazados - El Diario - Bolivia<\/title>\n<meta name=\"robots\" content=\"index, follow, max-snippet:-1, max-image-preview:large, max-video-preview:-1\" \/>\n<link rel=\"canonical\" href=\"https:\/\/www.eldiario.net\/portal\/2021\/05\/28\/venezuela-soporta-una-de-las-peores-crisis-de-desplazados\/\" \/>\n<meta property=\"og:locale\" content=\"es_ES\" \/>\n<meta property=\"og:type\" content=\"article\" \/>\n<meta property=\"og:title\" content=\"Venezuela soporta una de las peores crisis de desplazados - El Diario - Bolivia\" \/>\n<meta property=\"og:description\" content=\"Venezuela se ubica en la cuarta de las diez crisis de desplazados m\u00e1s olvidadas del mundo, seg\u00fan inform\u00f3 ayer el Consejo Noruego para los Refugiados (NRC), que sit\u00faa en esa lista a \u00c1frica y Honduras en el octavo y quinto lugar, respectivamente. En su clasificaci\u00f3n anual de las crisis de desplazados m\u00e1s desatendidas correspondiente a [&hellip;]\" \/>\n<meta property=\"og:url\" content=\"https:\/\/www.eldiario.net\/portal\/2021\/05\/28\/venezuela-soporta-una-de-las-peores-crisis-de-desplazados\/\" \/>\n<meta property=\"og:site_name\" content=\"El Diario - Bolivia\" \/>\n<meta property=\"article:publisher\" content=\"https:\/\/www.facebook.com\/eldiario.bolivia\/\" \/>\n<meta property=\"article:published_time\" content=\"2021-05-28T09:44:27+00:00\" \/>\n<meta name=\"author\" content=\"Jeanette\" \/>\n<meta name=\"twitter:card\" content=\"summary_large_image\" \/>\n<meta name=\"twitter:creator\" content=\"@eldiario_net\" \/>\n<meta name=\"twitter:site\" content=\"@eldiario_net\" \/>\n<meta name=\"twitter:label1\" content=\"Escrito por\" \/>\n\t<meta name=\"twitter:data1\" content=\"Jeanette\" \/>\n\t<meta name=\"twitter:label2\" content=\"Tiempo de lectura\" \/>\n\t<meta name=\"twitter:data2\" content=\"3 minutos\" \/>\n<script type=\"application\/ld+json\" class=\"yoast-schema-graph\">{\"@context\":\"https:\\\/\\\/schema.org\",\"@graph\":[{\"@type\":\"Article\",\"@id\":\"https:\\\/\\\/www.eldiario.net\\\/portal\\\/2021\\\/05\\\/28\\\/venezuela-soporta-una-de-las-peores-crisis-de-desplazados\\\/#article\",\"isPartOf\":{\"@id\":\"https:\\\/\\\/www.eldiario.net\\\/portal\\\/2021\\\/05\\\/28\\\/venezuela-soporta-una-de-las-peores-crisis-de-desplazados\\\/\"},\"author\":{\"name\":\"Jeanette\",\"@id\":\"https:\\\/\\\/www.eldiario.net\\\/portal\\\/#\\\/schema\\\/person\\\/f46445640444750d7d753ccd04ae01b7\"},\"headline\":\"Venezuela soporta una de las peores crisis de desplazados\",\"datePublished\":\"2021-05-28T09:44:27+00:00\",\"mainEntityOfPage\":{\"@id\":\"https:\\\/\\\/www.eldiario.net\\\/portal\\\/2021\\\/05\\\/28\\\/venezuela-soporta-una-de-las-peores-crisis-de-desplazados\\\/\"},\"wordCount\":534,\"publisher\":{\"@id\":\"https:\\\/\\\/www.eldiario.net\\\/portal\\\/#organization\"},\"image\":{\"@id\":\"https:\\\/\\\/www.eldiario.net\\\/portal\\\/2021\\\/05\\\/28\\\/venezuela-soporta-una-de-las-peores-crisis-de-desplazados\\\/#primaryimage\"},\"thumbnailUrl\":\"\",\"articleSection\":[\"Internacional\"],\"inLanguage\":\"es\"},{\"@type\":\"WebPage\",\"@id\":\"https:\\\/\\\/www.eldiario.net\\\/portal\\\/2021\\\/05\\\/28\\\/venezuela-soporta-una-de-las-peores-crisis-de-desplazados\\\/\",\"url\":\"https:\\\/\\\/www.eldiario.net\\\/portal\\\/2021\\\/05\\\/28\\\/venezuela-soporta-una-de-las-peores-crisis-de-desplazados\\\/\",\"name\":\"Venezuela soporta una de las peores crisis de desplazados - El Diario - Bolivia\",\"isPartOf\":{\"@id\":\"https:\\\/\\\/www.eldiario.net\\\/portal\\\/#website\"},\"primaryImageOfPage\":{\"@id\":\"https:\\\/\\\/www.eldiario.net\\\/portal\\\/2021\\\/05\\\/28\\\/venezuela-soporta-una-de-las-peores-crisis-de-desplazados\\\/#primaryimage\"},\"image\":{\"@id\":\"https:\\\/\\\/www.eldiario.net\\\/portal\\\/2021\\\/05\\\/28\\\/venezuela-soporta-una-de-las-peores-crisis-de-desplazados\\\/#primaryimage\"},\"thumbnailUrl\":\"\",\"datePublished\":\"2021-05-28T09:44:27+00:00\",\"breadcrumb\":{\"@id\":\"https:\\\/\\\/www.eldiario.net\\\/portal\\\/2021\\\/05\\\/28\\\/venezuela-soporta-una-de-las-peores-crisis-de-desplazados\\\/#breadcrumb\"},\"inLanguage\":\"es\",\"potentialAction\":[{\"@type\":\"ReadAction\",\"target\":[\"https:\\\/\\\/www.eldiario.net\\\/portal\\\/2021\\\/05\\\/28\\\/venezuela-soporta-una-de-las-peores-crisis-de-desplazados\\\/\"]}]},{\"@type\":\"ImageObject\",\"inLanguage\":\"es\",\"@id\":\"https:\\\/\\\/www.eldiario.net\\\/portal\\\/2021\\\/05\\\/28\\\/venezuela-soporta-una-de-las-peores-crisis-de-desplazados\\\/#primaryimage\",\"url\":\"\",\"contentUrl\":\"\"},{\"@type\":\"BreadcrumbList\",\"@id\":\"https:\\\/\\\/www.eldiario.net\\\/portal\\\/2021\\\/05\\\/28\\\/venezuela-soporta-una-de-las-peores-crisis-de-desplazados\\\/#breadcrumb\",\"itemListElement\":[{\"@type\":\"ListItem\",\"position\":1,\"name\":\"Portada\",\"item\":\"https:\\\/\\\/www.eldiario.net\\\/portal\\\/\"},{\"@type\":\"ListItem\",\"position\":2,\"name\":\"Venezuela soporta una de las peores crisis de desplazados\"}]},{\"@type\":\"WebSite\",\"@id\":\"https:\\\/\\\/www.eldiario.net\\\/portal\\\/#website\",\"url\":\"https:\\\/\\\/www.eldiario.net\\\/portal\\\/\",\"name\":\"El Diario - Decano de la prensa nacional\",\"description\":\"El Diario - Decano de la prensa nacional\",\"publisher\":{\"@id\":\"https:\\\/\\\/www.eldiario.net\\\/portal\\\/#organization\"},\"potentialAction\":[{\"@type\":\"SearchAction\",\"target\":{\"@type\":\"EntryPoint\",\"urlTemplate\":\"https:\\\/\\\/www.eldiario.net\\\/portal\\\/?s={search_term_string}\"},\"query-input\":{\"@type\":\"PropertyValueSpecification\",\"valueRequired\":true,\"valueName\":\"search_term_string\"}}],\"inLanguage\":\"es\"},{\"@type\":\"Organization\",\"@id\":\"https:\\\/\\\/www.eldiario.net\\\/portal\\\/#organization\",\"name\":\"El Diario - Decano de la prensa nacional\",\"url\":\"https:\\\/\\\/www.eldiario.net\\\/portal\\\/\",\"logo\":{\"@type\":\"ImageObject\",\"inLanguage\":\"es\",\"@id\":\"https:\\\/\\\/www.eldiario.net\\\/portal\\\/#\\\/schema\\\/logo\\\/image\\\/\",\"url\":\"https:\\\/\\\/www.eldiario.net\\\/portal\\\/wp-content\\\/uploads\\\/2023\\\/07\\\/logo_ED.jpg\",\"contentUrl\":\"https:\\\/\\\/www.eldiario.net\\\/portal\\\/wp-content\\\/uploads\\\/2023\\\/07\\\/logo_ED.jpg\",\"width\":272,\"height\":52,\"caption\":\"El Diario - Decano de la prensa nacional\"},\"image\":{\"@id\":\"https:\\\/\\\/www.eldiario.net\\\/portal\\\/#\\\/schema\\\/logo\\\/image\\\/\"},\"sameAs\":[\"https:\\\/\\\/www.facebook.com\\\/eldiario.bolivia\\\/\",\"https:\\\/\\\/x.com\\\/eldiario_net\"]},{\"@type\":\"Person\",\"@id\":\"https:\\\/\\\/www.eldiario.net\\\/portal\\\/#\\\/schema\\\/person\\\/f46445640444750d7d753ccd04ae01b7\",\"name\":\"Jeanette\",\"image\":{\"@type\":\"ImageObject\",\"inLanguage\":\"es\",\"@id\":\"https:\\\/\\\/secure.gravatar.com\\\/avatar\\\/3ea2118a5f7dad2b7138b1187a6b7ee55f160b9968b66013c3a3ef39dd7e5798?s=96&d=mm&r=g\",\"url\":\"https:\\\/\\\/secure.gravatar.com\\\/avatar\\\/3ea2118a5f7dad2b7138b1187a6b7ee55f160b9968b66013c3a3ef39dd7e5798?s=96&d=mm&r=g\",\"contentUrl\":\"https:\\\/\\\/secure.gravatar.com\\\/avatar\\\/3ea2118a5f7dad2b7138b1187a6b7ee55f160b9968b66013c3a3ef39dd7e5798?s=96&d=mm&r=g\",\"caption\":\"Jeanette\"},\"sameAs\":[\"https:\\\/\\\/www.eldiario.net\\\/portal\"],\"url\":\"https:\\\/\\\/www.eldiario.net\\\/portal\\\/author\\\/jeanette\\\/\"}]}<\/script>\n<!-- \/ Yoast SEO plugin. -->","yoast_head_json":{"title":"Venezuela soporta una de las peores crisis de desplazados - El Diario - Bolivia","robots":{"index":"index","follow":"follow","max-snippet":"max-snippet:-1","max-image-preview":"max-image-preview:large","max-video-preview":"max-video-preview:-1"},"canonical":"https:\/\/www.eldiario.net\/portal\/2021\/05\/28\/venezuela-soporta-una-de-las-peores-crisis-de-desplazados\/","og_locale":"es_ES","og_type":"article","og_title":"Venezuela soporta una de las peores crisis de desplazados - El Diario - Bolivia","og_description":"Venezuela se ubica en la cuarta de las diez crisis de desplazados m\u00e1s olvidadas del mundo, seg\u00fan inform\u00f3 ayer el Consejo Noruego para los Refugiados (NRC), que sit\u00faa en esa lista a \u00c1frica y Honduras en el octavo y quinto lugar, respectivamente. En su clasificaci\u00f3n anual de las crisis de desplazados m\u00e1s desatendidas correspondiente a [&hellip;]","og_url":"https:\/\/www.eldiario.net\/portal\/2021\/05\/28\/venezuela-soporta-una-de-las-peores-crisis-de-desplazados\/","og_site_name":"El Diario - Bolivia","article_publisher":"https:\/\/www.facebook.com\/eldiario.bolivia\/","article_published_time":"2021-05-28T09:44:27+00:00","author":"Jeanette","twitter_card":"summary_large_image","twitter_creator":"@eldiario_net","twitter_site":"@eldiario_net","twitter_misc":{"Escrito por":"Jeanette","Tiempo de lectura":"3 minutos"},"schema":{"@context":"https:\/\/schema.org","@graph":[{"@type":"Article","@id":"https:\/\/www.eldiario.net\/portal\/2021\/05\/28\/venezuela-soporta-una-de-las-peores-crisis-de-desplazados\/#article","isPartOf":{"@id":"https:\/\/www.eldiario.net\/portal\/2021\/05\/28\/venezuela-soporta-una-de-las-peores-crisis-de-desplazados\/"},"author":{"name":"Jeanette","@id":"https:\/\/www.eldiario.net\/portal\/#\/schema\/person\/f46445640444750d7d753ccd04ae01b7"},"headline":"Venezuela soporta una de las peores crisis de desplazados","datePublished":"2021-05-28T09:44:27+00:00","mainEntityOfPage":{"@id":"https:\/\/www.eldiario.net\/portal\/2021\/05\/28\/venezuela-soporta-una-de-las-peores-crisis-de-desplazados\/"},"wordCount":534,"publisher":{"@id":"https:\/\/www.eldiario.net\/portal\/#organization"},"image":{"@id":"https:\/\/www.eldiario.net\/portal\/2021\/05\/28\/venezuela-soporta-una-de-las-peores-crisis-de-desplazados\/#primaryimage"},"thumbnailUrl":"","articleSection":["Internacional"],"inLanguage":"es"},{"@type":"WebPage","@id":"https:\/\/www.eldiario.net\/portal\/2021\/05\/28\/venezuela-soporta-una-de-las-peores-crisis-de-desplazados\/","url":"https:\/\/www.eldiario.net\/portal\/2021\/05\/28\/venezuela-soporta-una-de-las-peores-crisis-de-desplazados\/","name":"Venezuela soporta una de las peores crisis de desplazados - El Diario - Bolivia","isPartOf":{"@id":"https:\/\/www.eldiario.net\/portal\/#website"},"primaryImageOfPage":{"@id":"https:\/\/www.eldiario.net\/portal\/2021\/05\/28\/venezuela-soporta-una-de-las-peores-crisis-de-desplazados\/#primaryimage"},"image":{"@id":"https:\/\/www.eldiario.net\/portal\/2021\/05\/28\/venezuela-soporta-una-de-las-peores-crisis-de-desplazados\/#primaryimage"},"thumbnailUrl":"","datePublished":"2021-05-28T09:44:27+00:00","breadcrumb":{"@id":"https:\/\/www.eldiario.net\/portal\/2021\/05\/28\/venezuela-soporta-una-de-las-peores-crisis-de-desplazados\/#breadcrumb"},"inLanguage":"es","potentialAction":[{"@type":"ReadAction","target":["https:\/\/www.eldiario.net\/portal\/2021\/05\/28\/venezuela-soporta-una-de-las-peores-crisis-de-desplazados\/"]}]},{"@type":"ImageObject","inLanguage":"es","@id":"https:\/\/www.eldiario.net\/portal\/2021\/05\/28\/venezuela-soporta-una-de-las-peores-crisis-de-desplazados\/#primaryimage","url":"","contentUrl":""},{"@type":"BreadcrumbList","@id":"https:\/\/www.eldiario.net\/portal\/2021\/05\/28\/venezuela-soporta-una-de-las-peores-crisis-de-desplazados\/#breadcrumb","itemListElement":[{"@type":"ListItem","position":1,"name":"Portada","item":"https:\/\/www.eldiario.net\/portal\/"},{"@type":"ListItem","position":2,"name":"Venezuela soporta una de las peores crisis de desplazados"}]},{"@type":"WebSite","@id":"https:\/\/www.eldiario.net\/portal\/#website","url":"https:\/\/www.eldiario.net\/portal\/","name":"El Diario - Decano de la prensa nacional","description":"El Diario - Decano de la prensa nacional","publisher":{"@id":"https:\/\/www.eldiario.net\/portal\/#organization"},"potentialAction":[{"@type":"SearchAction","target":{"@type":"EntryPoint","urlTemplate":"https:\/\/www.eldiario.net\/portal\/?s={search_term_string}"},"query-input":{"@type":"PropertyValueSpecification","valueRequired":true,"valueName":"search_term_string"}}],"inLanguage":"es"},{"@type":"Organization","@id":"https:\/\/www.eldiario.net\/portal\/#organization","name":"El Diario - Decano de la prensa nacional","url":"https:\/\/www.eldiario.net\/portal\/","logo":{"@type":"ImageObject","inLanguage":"es","@id":"https:\/\/www.eldiario.net\/portal\/#\/schema\/logo\/image\/","url":"https:\/\/www.eldiario.net\/portal\/wp-content\/uploads\/2023\/07\/logo_ED.jpg","contentUrl":"https:\/\/www.eldiario.net\/portal\/wp-content\/uploads\/2023\/07\/logo_ED.jpg","width":272,"height":52,"caption":"El Diario - Decano de la prensa nacional"},"image":{"@id":"https:\/\/www.eldiario.net\/portal\/#\/schema\/logo\/image\/"},"sameAs":["https:\/\/www.facebook.com\/eldiario.bolivia\/","https:\/\/x.com\/eldiario_net"]},{"@type":"Person","@id":"https:\/\/www.eldiario.net\/portal\/#\/schema\/person\/f46445640444750d7d753ccd04ae01b7","name":"Jeanette","image":{"@type":"ImageObject","inLanguage":"es","@id":"https:\/\/secure.gravatar.com\/avatar\/3ea2118a5f7dad2b7138b1187a6b7ee55f160b9968b66013c3a3ef39dd7e5798?s=96&d=mm&r=g","url":"https:\/\/secure.gravatar.com\/avatar\/3ea2118a5f7dad2b7138b1187a6b7ee55f160b9968b66013c3a3ef39dd7e5798?s=96&d=mm&r=g","contentUrl":"https:\/\/secure.gravatar.com\/avatar\/3ea2118a5f7dad2b7138b1187a6b7ee55f160b9968b66013c3a3ef39dd7e5798?s=96&d=mm&r=g","caption":"Jeanette"},"sameAs":["https:\/\/www.eldiario.net\/portal"],"url":"https:\/\/www.eldiario.net\/portal\/author\/jeanette\/"}]}},"_links":{"self":[{"href":"https:\/\/www.eldiario.net\/portal\/wp-json\/wp\/v2\/posts\/6792","targetHints":{"allow":["GET"]}}],"collection":[{"href":"https:\/\/www.eldiario.net\/portal\/wp-json\/wp\/v2\/posts"}],"about":[{"href":"https:\/\/www.eldiario.net\/portal\/wp-json\/wp\/v2\/types\/post"}],"author":[{"embeddable":true,"href":"https:\/\/www.eldiario.net\/portal\/wp-json\/wp\/v2\/users\/1"}],"replies":[{"embeddable":true,"href":"https:\/\/www.eldiario.net\/portal\/wp-json\/wp\/v2\/comments?post=6792"}],"version-history":[{"count":0,"href":"https:\/\/www.eldiario.net\/portal\/wp-json\/wp\/v2\/posts\/6792\/revisions"}],"wp:attachment":[{"href":"https:\/\/www.eldiario.net\/portal\/wp-json\/wp\/v2\/media?parent=6792"}],"wp:term":[{"taxonomy":"category","embeddable":true,"href":"https:\/\/www.eldiario.net\/portal\/wp-json\/wp\/v2\/categories?post=6792"},{"taxonomy":"post_tag","embeddable":true,"href":"https:\/\/www.eldiario.net\/portal\/wp-json\/wp\/v2\/tags?post=6792"}],"curies":[{"name":"wp","href":"https:\/\/api.w.org\/{rel}","templated":true}]}}