{"id":67254,"date":"2022-03-04T06:14:49","date_gmt":"2022-03-04T10:14:49","guid":{"rendered":"https:\/\/www.eldiario.net\/portal\/?p=67254"},"modified":"2022-03-04T06:14:49","modified_gmt":"2022-03-04T10:14:49","slug":"productores-esta-en-riesgo-el-abastecimiento-de-granos","status":"publish","type":"post","link":"https:\/\/www.eldiario.net\/portal\/2022\/03\/04\/productores-esta-en-riesgo-el-abastecimiento-de-granos\/","title":{"rendered":"Productores: Est\u00e1 en riesgo  el abastecimiento de granos"},"content":{"rendered":"<p class=\"v1MsoNormalCxSpMiddle\">La C\u00e1mara Agropecuaria del Oriente (CAO), junto al sector pecuario y agr\u00edcola, alertaron que existe un alto riesgo de que la producci\u00f3n de granos se vea afectada debido a la falta de evento biotecnol\u00f3gicos, mismos que permiten incrementar los rendimientos de los cultivos y bajar los costos garantizando la producci\u00f3n del sector agropecuarioinform\u00f3 el\u00a0presidente de la C\u00e1mara Agropecuaria del Oriente (CAO), Oscar Mario Justiniano, inform\u00f3\u00a0presidente de la C\u00e1mara Agropecuaria del Oriente (CAO), Oscar Mario Justiniano<\/p>\n<p class=\"v1MsoNormalCxSpMiddle\">El sector productivo viene desde hace muchos a\u00f1os advirtiendo del riesgo latente de no tener acceso a la biotecnolog\u00eda para mejorar rendimientos en productos como la soya y ma\u00edz en Bolivia, que comparado a pa\u00edses vecinos existe un gran margen de diferencia, inform\u00f3<\/p>\n<p class=\"v1MsoNormalCxSpMiddle\">\u201cEsto afecta de forma significativa a los productores agr\u00edcolas y pecuarios, estos \u00faltimos a nivel nacional, por la incertidumbre de abastecimiento de sus principales insumos y sus precios elevados, con lo cual se corre el riesgo que muchos queden inviabilizados para producir, debido al incremento de sus costos de producci\u00f3n\u201d.<\/p>\n<p class=\"v1MsoNormalCxSpMiddle\">\u201cUna consecuencia de las diferencias del rendimiento se ve plasmada en el ingreso de contrabando, especialmente en ma\u00edz\u201d, explic\u00f3 Justiniano a tiempo de lamentar que cada vez se cuenta con una menor cantidad de hect\u00e1reas de producci\u00f3n.<\/p>\n<p class=\"v1MsoNormalCxSpMiddle\">La situaci\u00f3n ocasiona que los productores pecuarios pasen por una escasez de ma\u00edz y, por su parte, los productores de ma\u00edz no podr\u00e1n abastecer el mercado ante la lucha que llevan contra el contrabando, donde no pueden competir en precio, costo y volumen.<\/p>\n<p class=\"v1MsoNormalCxSpMiddle\">Todo esto conlleva a que nuestros sectores productivos, principalmente pecuarios, que pasan por una escasez de ma\u00edz, y los productores de ma\u00edz no tienen la cantidad suficiente de siembra porque nadie trabaja para perder, ellos han enfrentado una lucha sin cuartel contra el contrabando sin poder competir en precio, costo y volumen.<\/p>\n<p class=\"v1MsoNormalCxSpMiddle\">Justiniano inform\u00f3 que con el uso de una semilla gen\u00e9ticamente mejorada Bolivia registra un rendimiento promedio en los \u00faltimos a\u00f1os de 2 toneladas por hect\u00e1rea en soya, y en los pa\u00edses vecinos, como Brasil y Argentina, son 3 toneladas, un 50% superior. En el caso del ma\u00edz, Bolivia tiene un rendimiento promedio de 2,5 toneladas por hect\u00e1rea, mientras que Argentina logra hasta 8 toneladas, lo que equivale a 3 veces m\u00e1s de la producci\u00f3n nacional.<\/p>\n<p class=\"v1MsoNormalCxSpMiddle\">\n<p class=\"v1MsoNormalCxSpMiddle\">Justiniano indic\u00f3 que desde el 2006 no se incorporan nuevos eventos biotecnol\u00f3gicos y los \u00fanicos con los que se cuentan son en soya, por tanto, dio a conocer que como sector productivo enviar\u00e1n cartas al Gobierno y al comit\u00e9 de biotecnolog\u00eda para realizar propuestas para iniciar con nuevos eventos biotecnol\u00f3gicos.<\/p>\n<p class=\"v1MsoNormalCxSpMiddle\">En tanto, el presidente de la Asociaci\u00f3n de Productores de Oleaginosas y Trigo (Anapo), Fidel Flores, en representaci\u00f3n de su sector pidi\u00f3 que se facilite el acceso a la biotecnolog\u00eda para que puedan abastecer al sector pecuario. \u201cDebemos mejorar la productividad para responder a las demandas crecientes del mercado interno y generar mayores excedentes para la exportaci\u00f3n y con ello contribuir a la reactivaci\u00f3n productiva y econ\u00f3mica del pa\u00eds\u201d.<\/p>\n<p class=\"v1MsoNormalCxSpMiddle\">Asimismo, hizo notar que los agricultores actualmente est\u00e1n siendo afectados con p\u00e9rdidas en su producci\u00f3n y su econom\u00eda debido a los efectos de la sequ\u00eda y al ingreso de contrabando, especialmente en ma\u00edz que ingresa de Argentina.<\/p>\n<p class=\"v1MsoNormalCxSpMiddle\">Por su parte, Mauricio Serrate, presidente de la Federaci\u00f3n Departamental de Productores de Leche (Fedeple), indic\u00f3 que el uso de la biotecnolog\u00eda en el futuro brindar\u00e1 la seguridad alimentaria que necesita el pa\u00eds y de no hacer uso de ella los sectores agropecuarios est\u00e1n \u201cdestinados a una lenta muerte\u201d. \u201cLa sobrevivencia de varios sectores agropecuarios est\u00e1 dependiendo a corto y a largo plazo de la autorizaci\u00f3n del uso de la biotecnolog\u00eda\u201d, asever\u00f3.<\/p>\n<p class=\"v1MsoNormalCxSpMiddle\">El presidente<\/p>\n<p class=\"v1MsoNormalCxSpMiddle\">de la Asociaci\u00f3n de Avicultores de Santa Cruz (ADA), Omar Castro, record\u00f3 que en el sector av\u00edcola se tiene un problema con el abastecimiento de ma\u00edz y en reiteradas ocasiones solicitaron que se de curso al uso de biotecnolog\u00eda para que el producto de grano tenga asegurada su campa\u00f1a, con buen rendimiento y rentabilidad, es lo mejor que puede suceder para que podamos tener grado en demas\u00eda y a buen precio. \u201cCreemos que es imperiosa la necesidad de que se vuelvan a las mesas de trabajo, de que se toquen estos temas y a la brevedad posible se de luz verde al uso de la biotecnolog\u00eda\u201d.<\/p>\n<p class=\"v1MsoNormalCxSpMiddle\">\n","protected":false},"excerpt":{"rendered":"<p>La C\u00e1mara Agropecuaria del Oriente (CAO), junto al sector pecuario y agr\u00edcola, alertaron que existe un alto riesgo de que la producci\u00f3n de granos se vea afectada debido a la falta de evento biotecnol\u00f3gicos, mismos que permiten incrementar los rendimientos de los cultivos y bajar los costos garantizando la producci\u00f3n del sector agropecuarioinform\u00f3 el\u00a0presidente de [&hellip;]<\/p>\n","protected":false},"author":1,"featured_media":67255,"comment_status":"closed","ping_status":"closed","sticky":false,"template":"","format":"standard","meta":{"_acf_changed":false,"footnotes":""},"categories":[12],"tags":[],"class_list":["post-67254","post","type-post","status-publish","format-standard","has-post-thumbnail","category-nacional"],"acf":{"antetitulo":""},"yoast_head":"<!-- This site is optimized with the Yoast SEO plugin v28.4 - https:\/\/yoast.com\/product\/yoast-seo-wordpress\/ -->\n<title>Productores: Est\u00e1 en riesgo el abastecimiento de granos - El Diario - Bolivia<\/title>\n<meta name=\"robots\" content=\"index, follow, max-snippet:-1, max-image-preview:large, max-video-preview:-1\" \/>\n<link rel=\"canonical\" href=\"https:\/\/www.eldiario.net\/portal\/2022\/03\/04\/productores-esta-en-riesgo-el-abastecimiento-de-granos\/\" \/>\n<meta property=\"og:locale\" content=\"es_ES\" \/>\n<meta property=\"og:type\" content=\"article\" \/>\n<meta property=\"og:title\" content=\"Productores: Est\u00e1 en riesgo el abastecimiento de granos - El Diario - Bolivia\" \/>\n<meta property=\"og:description\" content=\"La C\u00e1mara Agropecuaria del Oriente (CAO), junto al sector pecuario y agr\u00edcola, alertaron que existe un alto riesgo de que la producci\u00f3n de granos se vea afectada debido a la falta de evento biotecnol\u00f3gicos, mismos que permiten incrementar los rendimientos de los cultivos y bajar los costos garantizando la producci\u00f3n del sector agropecuarioinform\u00f3 el\u00a0presidente de [&hellip;]\" \/>\n<meta property=\"og:url\" content=\"https:\/\/www.eldiario.net\/portal\/2022\/03\/04\/productores-esta-en-riesgo-el-abastecimiento-de-granos\/\" \/>\n<meta property=\"og:site_name\" content=\"El Diario - Bolivia\" \/>\n<meta property=\"article:publisher\" content=\"https:\/\/www.facebook.com\/eldiario.bolivia\/\" \/>\n<meta property=\"article:published_time\" content=\"2022-03-04T10:14:49+00:00\" \/>\n<meta name=\"author\" content=\"Jeanette\" \/>\n<meta name=\"twitter:card\" content=\"summary_large_image\" \/>\n<meta name=\"twitter:creator\" content=\"@eldiario_net\" \/>\n<meta name=\"twitter:site\" content=\"@eldiario_net\" \/>\n<meta name=\"twitter:label1\" content=\"Escrito por\" \/>\n\t<meta name=\"twitter:data1\" content=\"Jeanette\" \/>\n\t<meta name=\"twitter:label2\" content=\"Tiempo de lectura\" \/>\n\t<meta name=\"twitter:data2\" content=\"4 minutos\" \/>\n<script type=\"application\/ld+json\" class=\"yoast-schema-graph\">{\"@context\":\"https:\\\/\\\/schema.org\",\"@graph\":[{\"@type\":\"Article\",\"@id\":\"https:\\\/\\\/www.eldiario.net\\\/portal\\\/2022\\\/03\\\/04\\\/productores-esta-en-riesgo-el-abastecimiento-de-granos\\\/#article\",\"isPartOf\":{\"@id\":\"https:\\\/\\\/www.eldiario.net\\\/portal\\\/2022\\\/03\\\/04\\\/productores-esta-en-riesgo-el-abastecimiento-de-granos\\\/\"},\"author\":{\"name\":\"Jeanette\",\"@id\":\"https:\\\/\\\/www.eldiario.net\\\/portal\\\/#\\\/schema\\\/person\\\/2c57cf2b7a7ae032e449e4c9b1019eac\"},\"headline\":\"Productores: Est\u00e1 en riesgo el abastecimiento de granos\",\"datePublished\":\"2022-03-04T10:14:49+00:00\",\"mainEntityOfPage\":{\"@id\":\"https:\\\/\\\/www.eldiario.net\\\/portal\\\/2022\\\/03\\\/04\\\/productores-esta-en-riesgo-el-abastecimiento-de-granos\\\/\"},\"wordCount\":774,\"publisher\":{\"@id\":\"https:\\\/\\\/www.eldiario.net\\\/portal\\\/#organization\"},\"image\":{\"@id\":\"https:\\\/\\\/www.eldiario.net\\\/portal\\\/2022\\\/03\\\/04\\\/productores-esta-en-riesgo-el-abastecimiento-de-granos\\\/#primaryimage\"},\"thumbnailUrl\":\"\",\"articleSection\":[\"Nacional\"],\"inLanguage\":\"es\"},{\"@type\":\"WebPage\",\"@id\":\"https:\\\/\\\/www.eldiario.net\\\/portal\\\/2022\\\/03\\\/04\\\/productores-esta-en-riesgo-el-abastecimiento-de-granos\\\/\",\"url\":\"https:\\\/\\\/www.eldiario.net\\\/portal\\\/2022\\\/03\\\/04\\\/productores-esta-en-riesgo-el-abastecimiento-de-granos\\\/\",\"name\":\"Productores: Est\u00e1 en riesgo el abastecimiento de granos - El Diario - Bolivia\",\"isPartOf\":{\"@id\":\"https:\\\/\\\/www.eldiario.net\\\/portal\\\/#website\"},\"primaryImageOfPage\":{\"@id\":\"https:\\\/\\\/www.eldiario.net\\\/portal\\\/2022\\\/03\\\/04\\\/productores-esta-en-riesgo-el-abastecimiento-de-granos\\\/#primaryimage\"},\"image\":{\"@id\":\"https:\\\/\\\/www.eldiario.net\\\/portal\\\/2022\\\/03\\\/04\\\/productores-esta-en-riesgo-el-abastecimiento-de-granos\\\/#primaryimage\"},\"thumbnailUrl\":\"\",\"datePublished\":\"2022-03-04T10:14:49+00:00\",\"breadcrumb\":{\"@id\":\"https:\\\/\\\/www.eldiario.net\\\/portal\\\/2022\\\/03\\\/04\\\/productores-esta-en-riesgo-el-abastecimiento-de-granos\\\/#breadcrumb\"},\"inLanguage\":\"es\",\"potentialAction\":[{\"@type\":\"ReadAction\",\"target\":[\"https:\\\/\\\/www.eldiario.net\\\/portal\\\/2022\\\/03\\\/04\\\/productores-esta-en-riesgo-el-abastecimiento-de-granos\\\/\"]}]},{\"@type\":\"ImageObject\",\"inLanguage\":\"es\",\"@id\":\"https:\\\/\\\/www.eldiario.net\\\/portal\\\/2022\\\/03\\\/04\\\/productores-esta-en-riesgo-el-abastecimiento-de-granos\\\/#primaryimage\",\"url\":\"\",\"contentUrl\":\"\"},{\"@type\":\"BreadcrumbList\",\"@id\":\"https:\\\/\\\/www.eldiario.net\\\/portal\\\/2022\\\/03\\\/04\\\/productores-esta-en-riesgo-el-abastecimiento-de-granos\\\/#breadcrumb\",\"itemListElement\":[{\"@type\":\"ListItem\",\"position\":1,\"name\":\"Portada\",\"item\":\"https:\\\/\\\/www.eldiario.net\\\/portal\\\/\"},{\"@type\":\"ListItem\",\"position\":2,\"name\":\"Productores: Est\u00e1 en riesgo el abastecimiento de granos\"}]},{\"@type\":\"WebSite\",\"@id\":\"https:\\\/\\\/www.eldiario.net\\\/portal\\\/#website\",\"url\":\"https:\\\/\\\/www.eldiario.net\\\/portal\\\/\",\"name\":\"El Diario - Decano de la prensa nacional\",\"description\":\"El Diario - Decano de la prensa nacional\",\"publisher\":{\"@id\":\"https:\\\/\\\/www.eldiario.net\\\/portal\\\/#organization\"},\"potentialAction\":[{\"@type\":\"SearchAction\",\"target\":{\"@type\":\"EntryPoint\",\"urlTemplate\":\"https:\\\/\\\/www.eldiario.net\\\/portal\\\/?s={search_term_string}\"},\"query-input\":{\"@type\":\"PropertyValueSpecification\",\"valueRequired\":true,\"valueName\":\"search_term_string\"}}],\"inLanguage\":\"es\"},{\"@type\":\"Organization\",\"@id\":\"https:\\\/\\\/www.eldiario.net\\\/portal\\\/#organization\",\"name\":\"El Diario - Decano de la prensa nacional\",\"url\":\"https:\\\/\\\/www.eldiario.net\\\/portal\\\/\",\"logo\":{\"@type\":\"ImageObject\",\"inLanguage\":\"es\",\"@id\":\"https:\\\/\\\/www.eldiario.net\\\/portal\\\/#\\\/schema\\\/logo\\\/image\\\/\",\"url\":\"https:\\\/\\\/www.eldiario.net\\\/portal\\\/wp-content\\\/uploads\\\/2023\\\/07\\\/logo_ED.jpg\",\"contentUrl\":\"https:\\\/\\\/www.eldiario.net\\\/portal\\\/wp-content\\\/uploads\\\/2023\\\/07\\\/logo_ED.jpg\",\"width\":272,\"height\":52,\"caption\":\"El Diario - Decano de la prensa nacional\"},\"image\":{\"@id\":\"https:\\\/\\\/www.eldiario.net\\\/portal\\\/#\\\/schema\\\/logo\\\/image\\\/\"},\"sameAs\":[\"https:\\\/\\\/www.facebook.com\\\/eldiario.bolivia\\\/\",\"https:\\\/\\\/x.com\\\/eldiario_net\"]},{\"@type\":\"Person\",\"@id\":\"https:\\\/\\\/www.eldiario.net\\\/portal\\\/#\\\/schema\\\/person\\\/2c57cf2b7a7ae032e449e4c9b1019eac\",\"name\":\"Jeanette\",\"image\":{\"@type\":\"ImageObject\",\"inLanguage\":\"es\",\"@id\":\"https:\\\/\\\/secure.gravatar.com\\\/avatar\\\/3ea2118a5f7dad2b7138b1187a6b7ee55f160b9968b66013c3a3ef39dd7e5798?s=96&d=mm&r=g\",\"url\":\"https:\\\/\\\/secure.gravatar.com\\\/avatar\\\/3ea2118a5f7dad2b7138b1187a6b7ee55f160b9968b66013c3a3ef39dd7e5798?s=96&d=mm&r=g\",\"contentUrl\":\"https:\\\/\\\/secure.gravatar.com\\\/avatar\\\/3ea2118a5f7dad2b7138b1187a6b7ee55f160b9968b66013c3a3ef39dd7e5798?s=96&d=mm&r=g\",\"caption\":\"Jeanette\"},\"sameAs\":[\"https:\\\/\\\/www.eldiario.net\\\/portal\"],\"url\":\"https:\\\/\\\/www.eldiario.net\\\/portal\\\/author\\\/jeanette\\\/\"}]}<\/script>\n<!-- \/ Yoast SEO plugin. -->","yoast_head_json":{"title":"Productores: Est\u00e1 en riesgo el abastecimiento de granos - El Diario - Bolivia","robots":{"index":"index","follow":"follow","max-snippet":"max-snippet:-1","max-image-preview":"max-image-preview:large","max-video-preview":"max-video-preview:-1"},"canonical":"https:\/\/www.eldiario.net\/portal\/2022\/03\/04\/productores-esta-en-riesgo-el-abastecimiento-de-granos\/","og_locale":"es_ES","og_type":"article","og_title":"Productores: Est\u00e1 en riesgo el abastecimiento de granos - El Diario - Bolivia","og_description":"La C\u00e1mara Agropecuaria del Oriente (CAO), junto al sector pecuario y agr\u00edcola, alertaron que existe un alto riesgo de que la producci\u00f3n de granos se vea afectada debido a la falta de evento biotecnol\u00f3gicos, mismos que permiten incrementar los rendimientos de los cultivos y bajar los costos garantizando la producci\u00f3n del sector agropecuarioinform\u00f3 el\u00a0presidente de [&hellip;]","og_url":"https:\/\/www.eldiario.net\/portal\/2022\/03\/04\/productores-esta-en-riesgo-el-abastecimiento-de-granos\/","og_site_name":"El Diario - Bolivia","article_publisher":"https:\/\/www.facebook.com\/eldiario.bolivia\/","article_published_time":"2022-03-04T10:14:49+00:00","author":"Jeanette","twitter_card":"summary_large_image","twitter_creator":"@eldiario_net","twitter_site":"@eldiario_net","twitter_misc":{"Escrito por":"Jeanette","Tiempo de lectura":"4 minutos"},"schema":{"@context":"https:\/\/schema.org","@graph":[{"@type":"Article","@id":"https:\/\/www.eldiario.net\/portal\/2022\/03\/04\/productores-esta-en-riesgo-el-abastecimiento-de-granos\/#article","isPartOf":{"@id":"https:\/\/www.eldiario.net\/portal\/2022\/03\/04\/productores-esta-en-riesgo-el-abastecimiento-de-granos\/"},"author":{"name":"Jeanette","@id":"https:\/\/www.eldiario.net\/portal\/#\/schema\/person\/2c57cf2b7a7ae032e449e4c9b1019eac"},"headline":"Productores: Est\u00e1 en riesgo el abastecimiento de granos","datePublished":"2022-03-04T10:14:49+00:00","mainEntityOfPage":{"@id":"https:\/\/www.eldiario.net\/portal\/2022\/03\/04\/productores-esta-en-riesgo-el-abastecimiento-de-granos\/"},"wordCount":774,"publisher":{"@id":"https:\/\/www.eldiario.net\/portal\/#organization"},"image":{"@id":"https:\/\/www.eldiario.net\/portal\/2022\/03\/04\/productores-esta-en-riesgo-el-abastecimiento-de-granos\/#primaryimage"},"thumbnailUrl":"","articleSection":["Nacional"],"inLanguage":"es"},{"@type":"WebPage","@id":"https:\/\/www.eldiario.net\/portal\/2022\/03\/04\/productores-esta-en-riesgo-el-abastecimiento-de-granos\/","url":"https:\/\/www.eldiario.net\/portal\/2022\/03\/04\/productores-esta-en-riesgo-el-abastecimiento-de-granos\/","name":"Productores: Est\u00e1 en riesgo el abastecimiento de granos - El Diario - Bolivia","isPartOf":{"@id":"https:\/\/www.eldiario.net\/portal\/#website"},"primaryImageOfPage":{"@id":"https:\/\/www.eldiario.net\/portal\/2022\/03\/04\/productores-esta-en-riesgo-el-abastecimiento-de-granos\/#primaryimage"},"image":{"@id":"https:\/\/www.eldiario.net\/portal\/2022\/03\/04\/productores-esta-en-riesgo-el-abastecimiento-de-granos\/#primaryimage"},"thumbnailUrl":"","datePublished":"2022-03-04T10:14:49+00:00","breadcrumb":{"@id":"https:\/\/www.eldiario.net\/portal\/2022\/03\/04\/productores-esta-en-riesgo-el-abastecimiento-de-granos\/#breadcrumb"},"inLanguage":"es","potentialAction":[{"@type":"ReadAction","target":["https:\/\/www.eldiario.net\/portal\/2022\/03\/04\/productores-esta-en-riesgo-el-abastecimiento-de-granos\/"]}]},{"@type":"ImageObject","inLanguage":"es","@id":"https:\/\/www.eldiario.net\/portal\/2022\/03\/04\/productores-esta-en-riesgo-el-abastecimiento-de-granos\/#primaryimage","url":"","contentUrl":""},{"@type":"BreadcrumbList","@id":"https:\/\/www.eldiario.net\/portal\/2022\/03\/04\/productores-esta-en-riesgo-el-abastecimiento-de-granos\/#breadcrumb","itemListElement":[{"@type":"ListItem","position":1,"name":"Portada","item":"https:\/\/www.eldiario.net\/portal\/"},{"@type":"ListItem","position":2,"name":"Productores: Est\u00e1 en riesgo el abastecimiento de granos"}]},{"@type":"WebSite","@id":"https:\/\/www.eldiario.net\/portal\/#website","url":"https:\/\/www.eldiario.net\/portal\/","name":"El Diario - Decano de la prensa nacional","description":"El Diario - Decano de la prensa nacional","publisher":{"@id":"https:\/\/www.eldiario.net\/portal\/#organization"},"potentialAction":[{"@type":"SearchAction","target":{"@type":"EntryPoint","urlTemplate":"https:\/\/www.eldiario.net\/portal\/?s={search_term_string}"},"query-input":{"@type":"PropertyValueSpecification","valueRequired":true,"valueName":"search_term_string"}}],"inLanguage":"es"},{"@type":"Organization","@id":"https:\/\/www.eldiario.net\/portal\/#organization","name":"El Diario - Decano de la prensa nacional","url":"https:\/\/www.eldiario.net\/portal\/","logo":{"@type":"ImageObject","inLanguage":"es","@id":"https:\/\/www.eldiario.net\/portal\/#\/schema\/logo\/image\/","url":"https:\/\/www.eldiario.net\/portal\/wp-content\/uploads\/2023\/07\/logo_ED.jpg","contentUrl":"https:\/\/www.eldiario.net\/portal\/wp-content\/uploads\/2023\/07\/logo_ED.jpg","width":272,"height":52,"caption":"El Diario - Decano de la prensa nacional"},"image":{"@id":"https:\/\/www.eldiario.net\/portal\/#\/schema\/logo\/image\/"},"sameAs":["https:\/\/www.facebook.com\/eldiario.bolivia\/","https:\/\/x.com\/eldiario_net"]},{"@type":"Person","@id":"https:\/\/www.eldiario.net\/portal\/#\/schema\/person\/2c57cf2b7a7ae032e449e4c9b1019eac","name":"Jeanette","image":{"@type":"ImageObject","inLanguage":"es","@id":"https:\/\/secure.gravatar.com\/avatar\/3ea2118a5f7dad2b7138b1187a6b7ee55f160b9968b66013c3a3ef39dd7e5798?s=96&d=mm&r=g","url":"https:\/\/secure.gravatar.com\/avatar\/3ea2118a5f7dad2b7138b1187a6b7ee55f160b9968b66013c3a3ef39dd7e5798?s=96&d=mm&r=g","contentUrl":"https:\/\/secure.gravatar.com\/avatar\/3ea2118a5f7dad2b7138b1187a6b7ee55f160b9968b66013c3a3ef39dd7e5798?s=96&d=mm&r=g","caption":"Jeanette"},"sameAs":["https:\/\/www.eldiario.net\/portal"],"url":"https:\/\/www.eldiario.net\/portal\/author\/jeanette\/"}]}},"_links":{"self":[{"href":"https:\/\/www.eldiario.net\/portal\/wp-json\/wp\/v2\/posts\/67254","targetHints":{"allow":["GET"]}}],"collection":[{"href":"https:\/\/www.eldiario.net\/portal\/wp-json\/wp\/v2\/posts"}],"about":[{"href":"https:\/\/www.eldiario.net\/portal\/wp-json\/wp\/v2\/types\/post"}],"author":[{"embeddable":true,"href":"https:\/\/www.eldiario.net\/portal\/wp-json\/wp\/v2\/users\/1"}],"replies":[{"embeddable":true,"href":"https:\/\/www.eldiario.net\/portal\/wp-json\/wp\/v2\/comments?post=67254"}],"version-history":[{"count":0,"href":"https:\/\/www.eldiario.net\/portal\/wp-json\/wp\/v2\/posts\/67254\/revisions"}],"wp:attachment":[{"href":"https:\/\/www.eldiario.net\/portal\/wp-json\/wp\/v2\/media?parent=67254"}],"wp:term":[{"taxonomy":"category","embeddable":true,"href":"https:\/\/www.eldiario.net\/portal\/wp-json\/wp\/v2\/categories?post=67254"},{"taxonomy":"post_tag","embeddable":true,"href":"https:\/\/www.eldiario.net\/portal\/wp-json\/wp\/v2\/tags?post=67254"}],"curies":[{"name":"wp","href":"https:\/\/api.w.org\/{rel}","templated":true}]}}