{"id":67167,"date":"2022-03-04T05:45:00","date_gmt":"2022-03-04T09:45:00","guid":{"rendered":"https:\/\/www.eldiario.net\/portal\/?p=67167"},"modified":"2022-03-04T05:45:00","modified_gmt":"2022-03-04T09:45:00","slug":"salem-arce-tavares","status":"publish","type":"post","link":"https:\/\/www.eldiario.net\/portal\/2022\/03\/04\/salem-arce-tavares\/","title":{"rendered":"Salem Arce Tavares"},"content":{"rendered":"<p>El invitado de hoy en Cvltvral es un joven escritor, guionista y cineasta nacido en la ciudad de La Paz que se decidi\u00f3 por estudiar cine y producci\u00f3n audiovisual; ah\u00ed es donde empieza a realizar cortometrajes y a escribir sus primeros guiones f\u00edlmicos. En su primer a\u00f1o de universidad empieza a esbozar y a escribir las p\u00e1ginas de su primer libro de cuentos \u201cAnimal de Medianoche\u201d, un libro que cuenta con mucho reconocimiento, y al mismo tiempo logra trabajar con profesionales consagrados del medio cinematogr\u00e1fico boliviano como Marcos Loayza, solo por mencionar alguno. En esta exclusiva conoceremos m\u00e1s de este narrador de historias\u2026 Sean todos bienvenidos al show.<\/p>\n<p><strong>\u00bfQu\u00e9 frase literaria te identifica?<\/strong><br \/>\nNo siento que pueda definirme con una sola frase le\u00edda o escuchada. Creo que la vida es un c\u00famulo de experiencias que nos construyen, experiencias tan antag\u00f3nicas unas de otras que todo ser humano es un enigma andante en s\u00ed mismo. Por ello, si tuviera que elegir una frase ser\u00eda el di\u00e1logo final de la pel\u00edcula \u201cEyes Wide Shut\u201d de Stanley Kubrick, que reza \u00abla verdad de una noche, incluso la verdad de toda una vida, no puede ser nunca toda la verdad\u00bb.<\/p>\n<p><strong>\u00bfEn qu\u00e9 momento de tu vida eliges el rumbo literario?<\/strong><br \/>\nDesde peque\u00f1o siempre me interes\u00f3 mucho el acto de contar y escuchar historias, reflejado, en primera instancia, en mi gran afici\u00f3n primordial, jugar videojuegos. Gracias a los videojuegos tuve la oportunidad, desde muy temprana edad, de explorar y hacer m\u00edas muchas historias fascinantes. Gracias a los videojuegos conocer\u00eda despu\u00e9s al cine y a la literatura, y con cada nuevo descubrimiento encontraba adem\u00e1s una nueva forma de narrar y de abordar las historias. Con el tiempo fui d\u00e1ndome cuenta de que uno de los principales pilares que constituyen nuestra civilizaci\u00f3n, y toda nuestra humanidad, es precisamente el acto de contar historias, el acto de plasmar la realidad y las ideas de una \u00e9poca en un todo m\u00e1s grande. La literatura, el cine, el teatro, los videojuegos, todos parten de esta misma b\u00fasqueda, solo que a trav\u00e9s de diferentes medios, propios de su \u00e9poca. Yo solo uso la literatura como un medio para contar cosas m\u00e1s grandes, cosas que quiero compartir con mi generaci\u00f3n y el mundo, pero no veo a la literatura como el medio \u00fanico para conseguir este objetivo. Si tuviera que definir mi trabajo y mi carrera ser\u00eda con el apelativo de \u00abnarrador\u00bb, un narrador que busca explorar todos los medios posibles, acordes con cada nueva b\u00fasqueda de sensaciones.<\/p>\n<p><strong>\u00bfC\u00f3mo definir\u00edas tu estilo como escritor?<\/strong><br \/>\nCreo que no podr\u00eda definir un estilo que defina todos mis trabajos en conjunto, ni a m\u00ed como persona. Siempre trato de buscar el estilo que mejor se adapte a la historia que trato de contar. Pero podr\u00eda hablar, m\u00e1s bien, de los temas que m\u00e1s interesan explorar como autor. Al final el tema es una parte constituyente del estilo que se busca. A m\u00ed siempre me fascin\u00f3 explorar los aspectos m\u00e1s oscuros y desagradables del animal humano, en cualquier faceta de su vida. En este sentido a m\u00ed, lo que m\u00e1s me fascina, es la exploraci\u00f3n de la maldad, manifestada en las relaciones interpersonales, familiares, sociales, pero en especial respecto a la relaci\u00f3n que tiene con uno mismo; por ello siempre me enfoco mucho en las profundas implicaciones psicol\u00f3gicas de los personajes que atraviesan por estos eventos extremos. Busco una est\u00e9tica del trauma, del trauma social, de la realidad cruda. Pero al mismo tiempo me interesa explorar c\u00f3mo estas implicaciones psicol\u00f3gicas se manifiestan a un nivel sociol\u00f3gico, a una escala mucho m\u00e1s macrosc\u00f3pica que explique la dial\u00e9ctica hist\u00f3rica de todos estos sucesos. En una \u00e9poca en la que estamos viendo un aumento de las enfermedades psicol\u00f3gicas en toda la sociedad en su conjunto, me parece de suma importancia explorar los temas m\u00e1s inc\u00f3modos y desagradables de la sociedad.<\/p>\n<p><strong>\u00bfCu\u00e1l ha sido el primer libro que te cautiv\u00f3?<\/strong><br \/>\nEsta es una pregunta muy dif\u00edcil. Hay muchos libros que me cautivaron a lo largo de mi vida. Uno de los primeros fue \u201cEl Padrino\u201d de Mario Puzzo, que le\u00ed antes de ver la pel\u00edcula incluso. Adem\u00e1s me encantaron libros como \u201cEnsayo sobre la ceguera\u201d de Jos\u00e9 Saramago; \u201cMemorias del Subsuelo\u201d de Dostoyevsky; \u201cLa Ciudad y Los Perros\u201d de Vargas Llosa, por mencionar algunos.<\/p>\n<p><strong>\u00bfCu\u00e1l fue tu primer texto publicado?<\/strong><br \/>\nFue un peque\u00f1o poema llamado \u00abReflexiones Nocturnas\u00bb el cual escrib\u00ed con 17 a\u00f1os, y en el que narraba un viaje psicod\u00e9lico donde trataba de explorar lo que ser\u00eda la literatura psicod\u00e9lica, llegando a la conclusi\u00f3n de que toda literatura es psicod\u00e9lica de forma intr\u00ednseca.<\/p>\n<p><strong>Tienes algunos premios ganados en tu carrera, \u00bfcu\u00e1l es el que m\u00e1s te enorgullece al momento?<\/strong><br \/>\nHasta ahora el que m\u00e1s me enorgullece, y el que m\u00e1s frutos me rindi\u00f3, es precisamente el premio que gan\u00e9 con mi libro \u201cAnimal de Medianoche\u201d y que me vali\u00f3 la publicaci\u00f3n y distribuci\u00f3n del escrito.<\/p>\n<p><strong>\u00bfA qu\u00e9 le atribuyes el \u00e9xito de \u201cAnimal de Medianoche\u201d?<\/strong><br \/>\nCreo que en gran parte se lo atribuir\u00eda a la honestidad con la que impregn\u00e9 cada p\u00e1gina del libro. La mirada sincera y cr\u00edtica, capaz de quedarse en la mente del lector mucho despu\u00e9s de concluida la lectura. Esos son los escritos que perduran. A\u00fan as\u00ed quisiera ver si mi obra supera la prueba del tiempo para realmente llamarla \u00abexitosa\u00bb.<\/p>\n<p><strong>\u00bfC\u00f3mo incursionas en la escritura de guiones para cine?<\/strong><br \/>\nGracias a que empec\u00e9 a estudiar cine una vez sal\u00ed del colegio. En realidad, antes de ser escritor quer\u00eda ser guionista y director de cine, sue\u00f1o que persigo hoy por hoy. Una vez que empec\u00e9 a estudiar cine, empec\u00e9 a escribir guiones para cortometrajes, y con el tiempo llegu\u00e9 a escribir largometrajes.<\/p>\n<p><strong>Al momento te encuentras en la producci\u00f3n de tu primera pel\u00edcula como Director. \u00bfPuedes adelantarnos algo sobre la l\u00ednea tem\u00e1tica de la misma?<\/strong><br \/>\nPor supuesto. La pel\u00edcula aborda temas tales como las relaciones t\u00f3xicas y la manifestaci\u00f3n de las personalidades narcisistas en una relaci\u00f3n afectiva, junto a una exploraci\u00f3n de c\u00f3mo se manifiesta la justicia en la \u00e9poca de la posverdad. Para abordar estos temas nos centramos en la historia de un chico acusado por la desaparici\u00f3n de su pareja, explorando las diferentes facetas de su vida.<\/p>\n<p><strong>\u00bfPara cu\u00e1ndo tienes proyectado poder terminar todo el largo proceso de producci\u00f3n?<\/strong><br \/>\nTengo la esperanza de que la pel\u00edcula sea concluida al pr\u00f3ximo a\u00f1o 2023, lista para su distribuci\u00f3n al gran p\u00fablico.<\/p>\n<p>Checklist:<\/p>\n<p>3 libros que te marcaron:<br \/>\n&#8211; Ensayo sobre la Ceguera de Jos\u00e9 Saramago<br \/>\n&#8211; El Coraz\u00f3n de las Tinieblas de Joseph Conrad<br \/>\n&#8211; Damian de Herman Hesse<\/p>\n<p>3 discos inolvidables:<br \/>\n&#8211; Doolittle de Pixies<br \/>\n&#8211; Plastic Beach de Gorillaz<br \/>\n&#8211; Cocoa Sugar de Young Fathers<\/p>\n<p>3 escritores que m\u00e1s admiras:<br \/>\n&#8211; Mario Vargas Llosa<br \/>\n&#8211; Charlie Kaufman<br \/>\n&#8211; Haruki Murakami<br \/>\n3 cosas imprescindibles en la vida:<br \/>\n&#8211; Arte &#8211; Aventura &#8211; Incertidumbre<\/p>\n<div id='gallery-1' class='gallery galleryid-67167 gallery-columns-3 gallery-size-medium'><figure class='gallery-item'>\n\t\t\t<div class='gallery-icon portrait'>\n\t\t\t\t<a href='https:\/\/www.eldiario.net\/portal\/2022\/03\/04\/salem-arce-tavares\/whatsapp-image-2022-03-03-at-15-18-30-jpeg-126-kb\/'><img loading=\"lazy\" decoding=\"async\" width=\"240\" height=\"300\" src=\"https:\/\/www.eldiario.net\/portal\/wp-content\/uploads\/2022\/03\/WhatsApp-Image-2022-03-03-at-15.18.30.jpeg-126-KB-240x300.jpg\" class=\"attachment-medium size-medium\" alt=\"\" srcset=\"https:\/\/www.eldiario.net\/portal\/wp-content\/uploads\/2022\/03\/WhatsApp-Image-2022-03-03-at-15.18.30.jpeg-126-KB-240x300.jpg 240w, https:\/\/www.eldiario.net\/portal\/wp-content\/uploads\/2022\/03\/WhatsApp-Image-2022-03-03-at-15.18.30.jpeg-126-KB-819x1024.jpg 819w, https:\/\/www.eldiario.net\/portal\/wp-content\/uploads\/2022\/03\/WhatsApp-Image-2022-03-03-at-15.18.30.jpeg-126-KB-768x960.jpg 768w, https:\/\/www.eldiario.net\/portal\/wp-content\/uploads\/2022\/03\/WhatsApp-Image-2022-03-03-at-15.18.30.jpeg-126-KB-696x870.jpg 696w, https:\/\/www.eldiario.net\/portal\/wp-content\/uploads\/2022\/03\/WhatsApp-Image-2022-03-03-at-15.18.30.jpeg-126-KB.jpg 1000w\" sizes=\"auto, (max-width: 240px) 100vw, 240px\" \/><\/a>\n\t\t\t<\/div><\/figure>\n\t\t<\/div>\n\n","protected":false},"excerpt":{"rendered":"<p>El invitado de hoy en Cvltvral es un joven escritor, guionista y cineasta nacido en la ciudad de La Paz que se decidi\u00f3 por estudiar cine y producci\u00f3n audiovisual; ah\u00ed es donde empieza a realizar cortometrajes y a escribir sus primeros guiones f\u00edlmicos. En su primer a\u00f1o de universidad empieza a esbozar y a escribir [&hellip;]<\/p>\n","protected":false},"author":1,"featured_media":67168,"comment_status":"closed","ping_status":"closed","sticky":false,"template":"","format":"standard","meta":{"_acf_changed":false,"footnotes":""},"categories":[8],"tags":[],"class_list":["post-67167","post","type-post","status-publish","format-standard","has-post-thumbnail","category-cultural"],"acf":{"antetitulo":""},"yoast_head":"<!-- This site is optimized with the Yoast SEO plugin v28.4 - https:\/\/yoast.com\/product\/yoast-seo-wordpress\/ -->\n<title>Salem Arce Tavares - El Diario - Bolivia<\/title>\n<meta name=\"robots\" content=\"index, follow, max-snippet:-1, max-image-preview:large, max-video-preview:-1\" \/>\n<link rel=\"canonical\" href=\"https:\/\/www.eldiario.net\/portal\/2022\/03\/04\/salem-arce-tavares\/\" \/>\n<meta property=\"og:locale\" content=\"es_ES\" \/>\n<meta property=\"og:type\" content=\"article\" \/>\n<meta property=\"og:title\" content=\"Salem Arce Tavares - El Diario - Bolivia\" \/>\n<meta property=\"og:description\" content=\"El invitado de hoy en Cvltvral es un joven escritor, guionista y cineasta nacido en la ciudad de La Paz que se decidi\u00f3 por estudiar cine y producci\u00f3n audiovisual; ah\u00ed es donde empieza a realizar cortometrajes y a escribir sus primeros guiones f\u00edlmicos. En su primer a\u00f1o de universidad empieza a esbozar y a escribir [&hellip;]\" \/>\n<meta property=\"og:url\" content=\"https:\/\/www.eldiario.net\/portal\/2022\/03\/04\/salem-arce-tavares\/\" \/>\n<meta property=\"og:site_name\" content=\"El Diario - Bolivia\" \/>\n<meta property=\"article:publisher\" content=\"https:\/\/www.facebook.com\/eldiario.bolivia\/\" \/>\n<meta property=\"article:published_time\" content=\"2022-03-04T09:45:00+00:00\" \/>\n<meta name=\"author\" content=\"Jeanette\" \/>\n<meta name=\"twitter:card\" content=\"summary_large_image\" \/>\n<meta name=\"twitter:creator\" content=\"@eldiario_net\" \/>\n<meta name=\"twitter:site\" content=\"@eldiario_net\" \/>\n<meta name=\"twitter:label1\" content=\"Escrito por\" \/>\n\t<meta name=\"twitter:data1\" content=\"Jeanette\" \/>\n\t<meta name=\"twitter:label2\" content=\"Tiempo de lectura\" \/>\n\t<meta name=\"twitter:data2\" content=\"6 minutos\" \/>\n<script type=\"application\/ld+json\" class=\"yoast-schema-graph\">{\"@context\":\"https:\\\/\\\/schema.org\",\"@graph\":[{\"@type\":\"Article\",\"@id\":\"https:\\\/\\\/www.eldiario.net\\\/portal\\\/2022\\\/03\\\/04\\\/salem-arce-tavares\\\/#article\",\"isPartOf\":{\"@id\":\"https:\\\/\\\/www.eldiario.net\\\/portal\\\/2022\\\/03\\\/04\\\/salem-arce-tavares\\\/\"},\"author\":{\"name\":\"Jeanette\",\"@id\":\"https:\\\/\\\/www.eldiario.net\\\/portal\\\/#\\\/schema\\\/person\\\/2c57cf2b7a7ae032e449e4c9b1019eac\"},\"headline\":\"Salem Arce Tavares\",\"datePublished\":\"2022-03-04T09:45:00+00:00\",\"mainEntityOfPage\":{\"@id\":\"https:\\\/\\\/www.eldiario.net\\\/portal\\\/2022\\\/03\\\/04\\\/salem-arce-tavares\\\/\"},\"wordCount\":1236,\"publisher\":{\"@id\":\"https:\\\/\\\/www.eldiario.net\\\/portal\\\/#organization\"},\"image\":{\"@id\":\"https:\\\/\\\/www.eldiario.net\\\/portal\\\/2022\\\/03\\\/04\\\/salem-arce-tavares\\\/#primaryimage\"},\"thumbnailUrl\":\"\",\"articleSection\":[\"Cultural\"],\"inLanguage\":\"es\"},{\"@type\":\"WebPage\",\"@id\":\"https:\\\/\\\/www.eldiario.net\\\/portal\\\/2022\\\/03\\\/04\\\/salem-arce-tavares\\\/\",\"url\":\"https:\\\/\\\/www.eldiario.net\\\/portal\\\/2022\\\/03\\\/04\\\/salem-arce-tavares\\\/\",\"name\":\"Salem Arce Tavares - El Diario - Bolivia\",\"isPartOf\":{\"@id\":\"https:\\\/\\\/www.eldiario.net\\\/portal\\\/#website\"},\"primaryImageOfPage\":{\"@id\":\"https:\\\/\\\/www.eldiario.net\\\/portal\\\/2022\\\/03\\\/04\\\/salem-arce-tavares\\\/#primaryimage\"},\"image\":{\"@id\":\"https:\\\/\\\/www.eldiario.net\\\/portal\\\/2022\\\/03\\\/04\\\/salem-arce-tavares\\\/#primaryimage\"},\"thumbnailUrl\":\"\",\"datePublished\":\"2022-03-04T09:45:00+00:00\",\"breadcrumb\":{\"@id\":\"https:\\\/\\\/www.eldiario.net\\\/portal\\\/2022\\\/03\\\/04\\\/salem-arce-tavares\\\/#breadcrumb\"},\"inLanguage\":\"es\",\"potentialAction\":[{\"@type\":\"ReadAction\",\"target\":[\"https:\\\/\\\/www.eldiario.net\\\/portal\\\/2022\\\/03\\\/04\\\/salem-arce-tavares\\\/\"]}]},{\"@type\":\"ImageObject\",\"inLanguage\":\"es\",\"@id\":\"https:\\\/\\\/www.eldiario.net\\\/portal\\\/2022\\\/03\\\/04\\\/salem-arce-tavares\\\/#primaryimage\",\"url\":\"\",\"contentUrl\":\"\"},{\"@type\":\"BreadcrumbList\",\"@id\":\"https:\\\/\\\/www.eldiario.net\\\/portal\\\/2022\\\/03\\\/04\\\/salem-arce-tavares\\\/#breadcrumb\",\"itemListElement\":[{\"@type\":\"ListItem\",\"position\":1,\"name\":\"Portada\",\"item\":\"https:\\\/\\\/www.eldiario.net\\\/portal\\\/\"},{\"@type\":\"ListItem\",\"position\":2,\"name\":\"Salem Arce Tavares\"}]},{\"@type\":\"WebSite\",\"@id\":\"https:\\\/\\\/www.eldiario.net\\\/portal\\\/#website\",\"url\":\"https:\\\/\\\/www.eldiario.net\\\/portal\\\/\",\"name\":\"El Diario - Decano de la prensa nacional\",\"description\":\"El Diario - Decano de la prensa nacional\",\"publisher\":{\"@id\":\"https:\\\/\\\/www.eldiario.net\\\/portal\\\/#organization\"},\"potentialAction\":[{\"@type\":\"SearchAction\",\"target\":{\"@type\":\"EntryPoint\",\"urlTemplate\":\"https:\\\/\\\/www.eldiario.net\\\/portal\\\/?s={search_term_string}\"},\"query-input\":{\"@type\":\"PropertyValueSpecification\",\"valueRequired\":true,\"valueName\":\"search_term_string\"}}],\"inLanguage\":\"es\"},{\"@type\":\"Organization\",\"@id\":\"https:\\\/\\\/www.eldiario.net\\\/portal\\\/#organization\",\"name\":\"El Diario - Decano de la prensa nacional\",\"url\":\"https:\\\/\\\/www.eldiario.net\\\/portal\\\/\",\"logo\":{\"@type\":\"ImageObject\",\"inLanguage\":\"es\",\"@id\":\"https:\\\/\\\/www.eldiario.net\\\/portal\\\/#\\\/schema\\\/logo\\\/image\\\/\",\"url\":\"https:\\\/\\\/www.eldiario.net\\\/portal\\\/wp-content\\\/uploads\\\/2023\\\/07\\\/logo_ED.jpg\",\"contentUrl\":\"https:\\\/\\\/www.eldiario.net\\\/portal\\\/wp-content\\\/uploads\\\/2023\\\/07\\\/logo_ED.jpg\",\"width\":272,\"height\":52,\"caption\":\"El Diario - Decano de la prensa nacional\"},\"image\":{\"@id\":\"https:\\\/\\\/www.eldiario.net\\\/portal\\\/#\\\/schema\\\/logo\\\/image\\\/\"},\"sameAs\":[\"https:\\\/\\\/www.facebook.com\\\/eldiario.bolivia\\\/\",\"https:\\\/\\\/x.com\\\/eldiario_net\"]},{\"@type\":\"Person\",\"@id\":\"https:\\\/\\\/www.eldiario.net\\\/portal\\\/#\\\/schema\\\/person\\\/2c57cf2b7a7ae032e449e4c9b1019eac\",\"name\":\"Jeanette\",\"image\":{\"@type\":\"ImageObject\",\"inLanguage\":\"es\",\"@id\":\"https:\\\/\\\/secure.gravatar.com\\\/avatar\\\/3ea2118a5f7dad2b7138b1187a6b7ee55f160b9968b66013c3a3ef39dd7e5798?s=96&d=mm&r=g\",\"url\":\"https:\\\/\\\/secure.gravatar.com\\\/avatar\\\/3ea2118a5f7dad2b7138b1187a6b7ee55f160b9968b66013c3a3ef39dd7e5798?s=96&d=mm&r=g\",\"contentUrl\":\"https:\\\/\\\/secure.gravatar.com\\\/avatar\\\/3ea2118a5f7dad2b7138b1187a6b7ee55f160b9968b66013c3a3ef39dd7e5798?s=96&d=mm&r=g\",\"caption\":\"Jeanette\"},\"sameAs\":[\"https:\\\/\\\/www.eldiario.net\\\/portal\"],\"url\":\"https:\\\/\\\/www.eldiario.net\\\/portal\\\/author\\\/jeanette\\\/\"}]}<\/script>\n<!-- \/ Yoast SEO plugin. -->","yoast_head_json":{"title":"Salem Arce Tavares - El Diario - Bolivia","robots":{"index":"index","follow":"follow","max-snippet":"max-snippet:-1","max-image-preview":"max-image-preview:large","max-video-preview":"max-video-preview:-1"},"canonical":"https:\/\/www.eldiario.net\/portal\/2022\/03\/04\/salem-arce-tavares\/","og_locale":"es_ES","og_type":"article","og_title":"Salem Arce Tavares - El Diario - Bolivia","og_description":"El invitado de hoy en Cvltvral es un joven escritor, guionista y cineasta nacido en la ciudad de La Paz que se decidi\u00f3 por estudiar cine y producci\u00f3n audiovisual; ah\u00ed es donde empieza a realizar cortometrajes y a escribir sus primeros guiones f\u00edlmicos. En su primer a\u00f1o de universidad empieza a esbozar y a escribir [&hellip;]","og_url":"https:\/\/www.eldiario.net\/portal\/2022\/03\/04\/salem-arce-tavares\/","og_site_name":"El Diario - Bolivia","article_publisher":"https:\/\/www.facebook.com\/eldiario.bolivia\/","article_published_time":"2022-03-04T09:45:00+00:00","author":"Jeanette","twitter_card":"summary_large_image","twitter_creator":"@eldiario_net","twitter_site":"@eldiario_net","twitter_misc":{"Escrito por":"Jeanette","Tiempo de lectura":"6 minutos"},"schema":{"@context":"https:\/\/schema.org","@graph":[{"@type":"Article","@id":"https:\/\/www.eldiario.net\/portal\/2022\/03\/04\/salem-arce-tavares\/#article","isPartOf":{"@id":"https:\/\/www.eldiario.net\/portal\/2022\/03\/04\/salem-arce-tavares\/"},"author":{"name":"Jeanette","@id":"https:\/\/www.eldiario.net\/portal\/#\/schema\/person\/2c57cf2b7a7ae032e449e4c9b1019eac"},"headline":"Salem Arce Tavares","datePublished":"2022-03-04T09:45:00+00:00","mainEntityOfPage":{"@id":"https:\/\/www.eldiario.net\/portal\/2022\/03\/04\/salem-arce-tavares\/"},"wordCount":1236,"publisher":{"@id":"https:\/\/www.eldiario.net\/portal\/#organization"},"image":{"@id":"https:\/\/www.eldiario.net\/portal\/2022\/03\/04\/salem-arce-tavares\/#primaryimage"},"thumbnailUrl":"","articleSection":["Cultural"],"inLanguage":"es"},{"@type":"WebPage","@id":"https:\/\/www.eldiario.net\/portal\/2022\/03\/04\/salem-arce-tavares\/","url":"https:\/\/www.eldiario.net\/portal\/2022\/03\/04\/salem-arce-tavares\/","name":"Salem Arce Tavares - El Diario - Bolivia","isPartOf":{"@id":"https:\/\/www.eldiario.net\/portal\/#website"},"primaryImageOfPage":{"@id":"https:\/\/www.eldiario.net\/portal\/2022\/03\/04\/salem-arce-tavares\/#primaryimage"},"image":{"@id":"https:\/\/www.eldiario.net\/portal\/2022\/03\/04\/salem-arce-tavares\/#primaryimage"},"thumbnailUrl":"","datePublished":"2022-03-04T09:45:00+00:00","breadcrumb":{"@id":"https:\/\/www.eldiario.net\/portal\/2022\/03\/04\/salem-arce-tavares\/#breadcrumb"},"inLanguage":"es","potentialAction":[{"@type":"ReadAction","target":["https:\/\/www.eldiario.net\/portal\/2022\/03\/04\/salem-arce-tavares\/"]}]},{"@type":"ImageObject","inLanguage":"es","@id":"https:\/\/www.eldiario.net\/portal\/2022\/03\/04\/salem-arce-tavares\/#primaryimage","url":"","contentUrl":""},{"@type":"BreadcrumbList","@id":"https:\/\/www.eldiario.net\/portal\/2022\/03\/04\/salem-arce-tavares\/#breadcrumb","itemListElement":[{"@type":"ListItem","position":1,"name":"Portada","item":"https:\/\/www.eldiario.net\/portal\/"},{"@type":"ListItem","position":2,"name":"Salem Arce Tavares"}]},{"@type":"WebSite","@id":"https:\/\/www.eldiario.net\/portal\/#website","url":"https:\/\/www.eldiario.net\/portal\/","name":"El Diario - Decano de la prensa nacional","description":"El Diario - Decano de la prensa nacional","publisher":{"@id":"https:\/\/www.eldiario.net\/portal\/#organization"},"potentialAction":[{"@type":"SearchAction","target":{"@type":"EntryPoint","urlTemplate":"https:\/\/www.eldiario.net\/portal\/?s={search_term_string}"},"query-input":{"@type":"PropertyValueSpecification","valueRequired":true,"valueName":"search_term_string"}}],"inLanguage":"es"},{"@type":"Organization","@id":"https:\/\/www.eldiario.net\/portal\/#organization","name":"El Diario - Decano de la prensa nacional","url":"https:\/\/www.eldiario.net\/portal\/","logo":{"@type":"ImageObject","inLanguage":"es","@id":"https:\/\/www.eldiario.net\/portal\/#\/schema\/logo\/image\/","url":"https:\/\/www.eldiario.net\/portal\/wp-content\/uploads\/2023\/07\/logo_ED.jpg","contentUrl":"https:\/\/www.eldiario.net\/portal\/wp-content\/uploads\/2023\/07\/logo_ED.jpg","width":272,"height":52,"caption":"El Diario - Decano de la prensa nacional"},"image":{"@id":"https:\/\/www.eldiario.net\/portal\/#\/schema\/logo\/image\/"},"sameAs":["https:\/\/www.facebook.com\/eldiario.bolivia\/","https:\/\/x.com\/eldiario_net"]},{"@type":"Person","@id":"https:\/\/www.eldiario.net\/portal\/#\/schema\/person\/2c57cf2b7a7ae032e449e4c9b1019eac","name":"Jeanette","image":{"@type":"ImageObject","inLanguage":"es","@id":"https:\/\/secure.gravatar.com\/avatar\/3ea2118a5f7dad2b7138b1187a6b7ee55f160b9968b66013c3a3ef39dd7e5798?s=96&d=mm&r=g","url":"https:\/\/secure.gravatar.com\/avatar\/3ea2118a5f7dad2b7138b1187a6b7ee55f160b9968b66013c3a3ef39dd7e5798?s=96&d=mm&r=g","contentUrl":"https:\/\/secure.gravatar.com\/avatar\/3ea2118a5f7dad2b7138b1187a6b7ee55f160b9968b66013c3a3ef39dd7e5798?s=96&d=mm&r=g","caption":"Jeanette"},"sameAs":["https:\/\/www.eldiario.net\/portal"],"url":"https:\/\/www.eldiario.net\/portal\/author\/jeanette\/"}]}},"_links":{"self":[{"href":"https:\/\/www.eldiario.net\/portal\/wp-json\/wp\/v2\/posts\/67167","targetHints":{"allow":["GET"]}}],"collection":[{"href":"https:\/\/www.eldiario.net\/portal\/wp-json\/wp\/v2\/posts"}],"about":[{"href":"https:\/\/www.eldiario.net\/portal\/wp-json\/wp\/v2\/types\/post"}],"author":[{"embeddable":true,"href":"https:\/\/www.eldiario.net\/portal\/wp-json\/wp\/v2\/users\/1"}],"replies":[{"embeddable":true,"href":"https:\/\/www.eldiario.net\/portal\/wp-json\/wp\/v2\/comments?post=67167"}],"version-history":[{"count":0,"href":"https:\/\/www.eldiario.net\/portal\/wp-json\/wp\/v2\/posts\/67167\/revisions"}],"wp:attachment":[{"href":"https:\/\/www.eldiario.net\/portal\/wp-json\/wp\/v2\/media?parent=67167"}],"wp:term":[{"taxonomy":"category","embeddable":true,"href":"https:\/\/www.eldiario.net\/portal\/wp-json\/wp\/v2\/categories?post=67167"},{"taxonomy":"post_tag","embeddable":true,"href":"https:\/\/www.eldiario.net\/portal\/wp-json\/wp\/v2\/tags?post=67167"}],"curies":[{"name":"wp","href":"https:\/\/api.w.org\/{rel}","templated":true}]}}