{"id":67164,"date":"2022-03-04T05:41:51","date_gmt":"2022-03-04T09:41:51","guid":{"rendered":"https:\/\/www.eldiario.net\/portal\/?p=67164"},"modified":"2022-03-04T05:41:51","modified_gmt":"2022-03-04T09:41:51","slug":"nosotras-somos-rinde-homenaje-a-las-mujeres","status":"publish","type":"post","link":"https:\/\/www.eldiario.net\/portal\/2022\/03\/04\/nosotras-somos-rinde-homenaje-a-las-mujeres\/","title":{"rendered":"\u201cNosotras somos\u201d rinde homenaje a las mujeres"},"content":{"rendered":"<p>\u00abNosotras Somos\u00bb es un movimiento de mujeres cantantes y compositoras que viven de la m\u00fasica y la producen en Bolivia. Este a\u00f1o celebran 10 a\u00f1os de brindar un espacio en el que cada compositora comparte sus canciones y conoce las composiciones de las otras cantantes. Es en ese marco, se realizar\u00e1 un concierto el s\u00e1bado, 5 de marzo, en el Boulevard El Bosque.<br \/>\nEl movimiento ha permitido la mezcla de varios g\u00e9neros como el rock sinf\u00f3nico, blues, jazz, hip hop, pop, rock, soul, entre otros. Para ofrecer siempre un mejor ensamble se trabaja con una banda de m\u00fasicos, un director musical y todo un equipo t\u00e9cnico para que el p\u00fablico disfrute de una experiencia con mujeres que inspiran.<br \/>\nLas creadoras del movimiento, refieren que han realizado tambi\u00e9n un micro homenaje a cantantes con trayectoria como Matilde Cazasola, de quien, dicen, atesoramos una bella carta dirigida a \u201cNosotras somos\u201d.<br \/>\n\u201cEste a\u00f1o el homenaje es a las mujeres que, aqu\u00ed y ahora y a lo largo de su trabajo, han sabido convocar a otras mujeres y que, adem\u00e1s de los m\u00faltiples proyectos en los que han forjado su ruta musical, todas son compositoras\u201d, se\u00f1alan.<br \/>\nLa banda est\u00e1 fundamentalmente conformada por mujeres, con una destacada trayectoria. El repertorio del concierto denominado \u201cMujeres que inspiran\u201d constar\u00e1 de la presentaci\u00f3n de composiciones de cada una de las cantantes, \u201cY es que es un concepto que vibra desde sus ra\u00edces, y es ahora que queremos compartirles el origen de este nombre del concierto\u201d, mencionan las organizadoras.<br \/>\nLas voces de la velada ser\u00e1n Marie Jord\u00e1n, Susana Rengel, Imilla\/Valeria Milligan, Vero P\u00e9rez, Valeria Moeller y Sibah. Adem\u00e1s en el piano estar\u00e1n Melanie Lagos y Heber Peredo, en el bajo Laurent Pech y en el viol\u00edn estar\u00e1 Delina Pineda Fern\u00e1ndez.<br \/>\nEl concierto se iniciar\u00e1 a horas 18:00, del s\u00e1bado 5, y tendr\u00e1 como escenario el Boulevard El Bosque, ubicado en la calle 15 de Calacoto.<br \/>\nEl concierto se repetir\u00e1 el d\u00eda 18 de marzo, a horas 19:00, en el Teatro Do\u00f1a Albina, ubicado en el Espacio Sim\u00f3n I. Pati\u00f1o. Cualquier contacto se lo puede hacer al n\u00famero 69774757.<\/p>\n<p>Sobre Nosotras<br \/>\nSomos<br \/>\nEl nombre \u00a8Nosotras somos\u201d, viene del t\u00e9rmino filos\u00f3fico \u00a8Ubuntu\u00a8, que en la cultura africana Xhosa, significa \u201cyo soy porque nosotros somos\u201d. Se describe tambi\u00e9n como \u201cmi felicidad se complementa con la tuya\u201d. Ellas creen en un mundo distinto en el que la solidaridad y la complementariedad es la conexi\u00f3n de cada accionar.<\/p>\n","protected":false},"excerpt":{"rendered":"<p>\u00abNosotras Somos\u00bb es un movimiento de mujeres cantantes y compositoras que viven de la m\u00fasica y la producen en Bolivia. Este a\u00f1o celebran 10 a\u00f1os de brindar un espacio en el que cada compositora comparte sus canciones y conoce las composiciones de las otras cantantes. Es en ese marco, se realizar\u00e1 un concierto el s\u00e1bado, [&hellip;]<\/p>\n","protected":false},"author":1,"featured_media":67165,"comment_status":"closed","ping_status":"closed","sticky":false,"template":"","format":"standard","meta":{"_acf_changed":false,"footnotes":""},"categories":[7],"tags":[],"class_list":["post-67164","post","type-post","status-publish","format-standard","has-post-thumbnail","category-economia"],"acf":{"antetitulo":""},"yoast_head":"<!-- This site is optimized with the Yoast SEO plugin v28.4 - https:\/\/yoast.com\/product\/yoast-seo-wordpress\/ -->\n<title>\u201cNosotras somos\u201d rinde homenaje a las mujeres - El Diario - Bolivia<\/title>\n<meta name=\"robots\" content=\"index, follow, max-snippet:-1, max-image-preview:large, max-video-preview:-1\" \/>\n<link rel=\"canonical\" href=\"https:\/\/www.eldiario.net\/portal\/2022\/03\/04\/nosotras-somos-rinde-homenaje-a-las-mujeres\/\" \/>\n<meta property=\"og:locale\" content=\"es_ES\" \/>\n<meta property=\"og:type\" content=\"article\" \/>\n<meta property=\"og:title\" content=\"\u201cNosotras somos\u201d rinde homenaje a las mujeres - El Diario - Bolivia\" \/>\n<meta property=\"og:description\" content=\"\u00abNosotras Somos\u00bb es un movimiento de mujeres cantantes y compositoras que viven de la m\u00fasica y la producen en Bolivia. Este a\u00f1o celebran 10 a\u00f1os de brindar un espacio en el que cada compositora comparte sus canciones y conoce las composiciones de las otras cantantes. Es en ese marco, se realizar\u00e1 un concierto el s\u00e1bado, [&hellip;]\" \/>\n<meta property=\"og:url\" content=\"https:\/\/www.eldiario.net\/portal\/2022\/03\/04\/nosotras-somos-rinde-homenaje-a-las-mujeres\/\" \/>\n<meta property=\"og:site_name\" content=\"El Diario - Bolivia\" \/>\n<meta property=\"article:publisher\" content=\"https:\/\/www.facebook.com\/eldiario.bolivia\/\" \/>\n<meta property=\"article:published_time\" content=\"2022-03-04T09:41:51+00:00\" \/>\n<meta name=\"author\" content=\"Jeanette\" \/>\n<meta name=\"twitter:card\" content=\"summary_large_image\" \/>\n<meta name=\"twitter:creator\" content=\"@eldiario_net\" \/>\n<meta name=\"twitter:site\" content=\"@eldiario_net\" \/>\n<meta name=\"twitter:label1\" content=\"Escrito por\" \/>\n\t<meta name=\"twitter:data1\" content=\"Jeanette\" \/>\n\t<meta name=\"twitter:label2\" content=\"Tiempo de lectura\" \/>\n\t<meta name=\"twitter:data2\" content=\"2 minutos\" \/>\n<script type=\"application\/ld+json\" class=\"yoast-schema-graph\">{\"@context\":\"https:\\\/\\\/schema.org\",\"@graph\":[{\"@type\":\"Article\",\"@id\":\"https:\\\/\\\/www.eldiario.net\\\/portal\\\/2022\\\/03\\\/04\\\/nosotras-somos-rinde-homenaje-a-las-mujeres\\\/#article\",\"isPartOf\":{\"@id\":\"https:\\\/\\\/www.eldiario.net\\\/portal\\\/2022\\\/03\\\/04\\\/nosotras-somos-rinde-homenaje-a-las-mujeres\\\/\"},\"author\":{\"name\":\"Jeanette\",\"@id\":\"https:\\\/\\\/www.eldiario.net\\\/portal\\\/#\\\/schema\\\/person\\\/2c57cf2b7a7ae032e449e4c9b1019eac\"},\"headline\":\"\u201cNosotras somos\u201d rinde homenaje a las mujeres\",\"datePublished\":\"2022-03-04T09:41:51+00:00\",\"mainEntityOfPage\":{\"@id\":\"https:\\\/\\\/www.eldiario.net\\\/portal\\\/2022\\\/03\\\/04\\\/nosotras-somos-rinde-homenaje-a-las-mujeres\\\/\"},\"wordCount\":437,\"publisher\":{\"@id\":\"https:\\\/\\\/www.eldiario.net\\\/portal\\\/#organization\"},\"image\":{\"@id\":\"https:\\\/\\\/www.eldiario.net\\\/portal\\\/2022\\\/03\\\/04\\\/nosotras-somos-rinde-homenaje-a-las-mujeres\\\/#primaryimage\"},\"thumbnailUrl\":\"\",\"articleSection\":[\"Econom\u00eda\"],\"inLanguage\":\"es\"},{\"@type\":\"WebPage\",\"@id\":\"https:\\\/\\\/www.eldiario.net\\\/portal\\\/2022\\\/03\\\/04\\\/nosotras-somos-rinde-homenaje-a-las-mujeres\\\/\",\"url\":\"https:\\\/\\\/www.eldiario.net\\\/portal\\\/2022\\\/03\\\/04\\\/nosotras-somos-rinde-homenaje-a-las-mujeres\\\/\",\"name\":\"\u201cNosotras somos\u201d rinde homenaje a las mujeres - El Diario - Bolivia\",\"isPartOf\":{\"@id\":\"https:\\\/\\\/www.eldiario.net\\\/portal\\\/#website\"},\"primaryImageOfPage\":{\"@id\":\"https:\\\/\\\/www.eldiario.net\\\/portal\\\/2022\\\/03\\\/04\\\/nosotras-somos-rinde-homenaje-a-las-mujeres\\\/#primaryimage\"},\"image\":{\"@id\":\"https:\\\/\\\/www.eldiario.net\\\/portal\\\/2022\\\/03\\\/04\\\/nosotras-somos-rinde-homenaje-a-las-mujeres\\\/#primaryimage\"},\"thumbnailUrl\":\"\",\"datePublished\":\"2022-03-04T09:41:51+00:00\",\"breadcrumb\":{\"@id\":\"https:\\\/\\\/www.eldiario.net\\\/portal\\\/2022\\\/03\\\/04\\\/nosotras-somos-rinde-homenaje-a-las-mujeres\\\/#breadcrumb\"},\"inLanguage\":\"es\",\"potentialAction\":[{\"@type\":\"ReadAction\",\"target\":[\"https:\\\/\\\/www.eldiario.net\\\/portal\\\/2022\\\/03\\\/04\\\/nosotras-somos-rinde-homenaje-a-las-mujeres\\\/\"]}]},{\"@type\":\"ImageObject\",\"inLanguage\":\"es\",\"@id\":\"https:\\\/\\\/www.eldiario.net\\\/portal\\\/2022\\\/03\\\/04\\\/nosotras-somos-rinde-homenaje-a-las-mujeres\\\/#primaryimage\",\"url\":\"\",\"contentUrl\":\"\"},{\"@type\":\"BreadcrumbList\",\"@id\":\"https:\\\/\\\/www.eldiario.net\\\/portal\\\/2022\\\/03\\\/04\\\/nosotras-somos-rinde-homenaje-a-las-mujeres\\\/#breadcrumb\",\"itemListElement\":[{\"@type\":\"ListItem\",\"position\":1,\"name\":\"Portada\",\"item\":\"https:\\\/\\\/www.eldiario.net\\\/portal\\\/\"},{\"@type\":\"ListItem\",\"position\":2,\"name\":\"\u201cNosotras somos\u201d rinde homenaje a las mujeres\"}]},{\"@type\":\"WebSite\",\"@id\":\"https:\\\/\\\/www.eldiario.net\\\/portal\\\/#website\",\"url\":\"https:\\\/\\\/www.eldiario.net\\\/portal\\\/\",\"name\":\"El Diario - Decano de la prensa nacional\",\"description\":\"El Diario - Decano de la prensa nacional\",\"publisher\":{\"@id\":\"https:\\\/\\\/www.eldiario.net\\\/portal\\\/#organization\"},\"potentialAction\":[{\"@type\":\"SearchAction\",\"target\":{\"@type\":\"EntryPoint\",\"urlTemplate\":\"https:\\\/\\\/www.eldiario.net\\\/portal\\\/?s={search_term_string}\"},\"query-input\":{\"@type\":\"PropertyValueSpecification\",\"valueRequired\":true,\"valueName\":\"search_term_string\"}}],\"inLanguage\":\"es\"},{\"@type\":\"Organization\",\"@id\":\"https:\\\/\\\/www.eldiario.net\\\/portal\\\/#organization\",\"name\":\"El Diario - Decano de la prensa nacional\",\"url\":\"https:\\\/\\\/www.eldiario.net\\\/portal\\\/\",\"logo\":{\"@type\":\"ImageObject\",\"inLanguage\":\"es\",\"@id\":\"https:\\\/\\\/www.eldiario.net\\\/portal\\\/#\\\/schema\\\/logo\\\/image\\\/\",\"url\":\"https:\\\/\\\/www.eldiario.net\\\/portal\\\/wp-content\\\/uploads\\\/2023\\\/07\\\/logo_ED.jpg\",\"contentUrl\":\"https:\\\/\\\/www.eldiario.net\\\/portal\\\/wp-content\\\/uploads\\\/2023\\\/07\\\/logo_ED.jpg\",\"width\":272,\"height\":52,\"caption\":\"El Diario - Decano de la prensa nacional\"},\"image\":{\"@id\":\"https:\\\/\\\/www.eldiario.net\\\/portal\\\/#\\\/schema\\\/logo\\\/image\\\/\"},\"sameAs\":[\"https:\\\/\\\/www.facebook.com\\\/eldiario.bolivia\\\/\",\"https:\\\/\\\/x.com\\\/eldiario_net\"]},{\"@type\":\"Person\",\"@id\":\"https:\\\/\\\/www.eldiario.net\\\/portal\\\/#\\\/schema\\\/person\\\/2c57cf2b7a7ae032e449e4c9b1019eac\",\"name\":\"Jeanette\",\"image\":{\"@type\":\"ImageObject\",\"inLanguage\":\"es\",\"@id\":\"https:\\\/\\\/secure.gravatar.com\\\/avatar\\\/3ea2118a5f7dad2b7138b1187a6b7ee55f160b9968b66013c3a3ef39dd7e5798?s=96&d=mm&r=g\",\"url\":\"https:\\\/\\\/secure.gravatar.com\\\/avatar\\\/3ea2118a5f7dad2b7138b1187a6b7ee55f160b9968b66013c3a3ef39dd7e5798?s=96&d=mm&r=g\",\"contentUrl\":\"https:\\\/\\\/secure.gravatar.com\\\/avatar\\\/3ea2118a5f7dad2b7138b1187a6b7ee55f160b9968b66013c3a3ef39dd7e5798?s=96&d=mm&r=g\",\"caption\":\"Jeanette\"},\"sameAs\":[\"https:\\\/\\\/www.eldiario.net\\\/portal\"],\"url\":\"https:\\\/\\\/www.eldiario.net\\\/portal\\\/author\\\/jeanette\\\/\"}]}<\/script>\n<!-- \/ Yoast SEO plugin. -->","yoast_head_json":{"title":"\u201cNosotras somos\u201d rinde homenaje a las mujeres - El Diario - Bolivia","robots":{"index":"index","follow":"follow","max-snippet":"max-snippet:-1","max-image-preview":"max-image-preview:large","max-video-preview":"max-video-preview:-1"},"canonical":"https:\/\/www.eldiario.net\/portal\/2022\/03\/04\/nosotras-somos-rinde-homenaje-a-las-mujeres\/","og_locale":"es_ES","og_type":"article","og_title":"\u201cNosotras somos\u201d rinde homenaje a las mujeres - El Diario - Bolivia","og_description":"\u00abNosotras Somos\u00bb es un movimiento de mujeres cantantes y compositoras que viven de la m\u00fasica y la producen en Bolivia. Este a\u00f1o celebran 10 a\u00f1os de brindar un espacio en el que cada compositora comparte sus canciones y conoce las composiciones de las otras cantantes. Es en ese marco, se realizar\u00e1 un concierto el s\u00e1bado, [&hellip;]","og_url":"https:\/\/www.eldiario.net\/portal\/2022\/03\/04\/nosotras-somos-rinde-homenaje-a-las-mujeres\/","og_site_name":"El Diario - Bolivia","article_publisher":"https:\/\/www.facebook.com\/eldiario.bolivia\/","article_published_time":"2022-03-04T09:41:51+00:00","author":"Jeanette","twitter_card":"summary_large_image","twitter_creator":"@eldiario_net","twitter_site":"@eldiario_net","twitter_misc":{"Escrito por":"Jeanette","Tiempo de lectura":"2 minutos"},"schema":{"@context":"https:\/\/schema.org","@graph":[{"@type":"Article","@id":"https:\/\/www.eldiario.net\/portal\/2022\/03\/04\/nosotras-somos-rinde-homenaje-a-las-mujeres\/#article","isPartOf":{"@id":"https:\/\/www.eldiario.net\/portal\/2022\/03\/04\/nosotras-somos-rinde-homenaje-a-las-mujeres\/"},"author":{"name":"Jeanette","@id":"https:\/\/www.eldiario.net\/portal\/#\/schema\/person\/2c57cf2b7a7ae032e449e4c9b1019eac"},"headline":"\u201cNosotras somos\u201d rinde homenaje a las mujeres","datePublished":"2022-03-04T09:41:51+00:00","mainEntityOfPage":{"@id":"https:\/\/www.eldiario.net\/portal\/2022\/03\/04\/nosotras-somos-rinde-homenaje-a-las-mujeres\/"},"wordCount":437,"publisher":{"@id":"https:\/\/www.eldiario.net\/portal\/#organization"},"image":{"@id":"https:\/\/www.eldiario.net\/portal\/2022\/03\/04\/nosotras-somos-rinde-homenaje-a-las-mujeres\/#primaryimage"},"thumbnailUrl":"","articleSection":["Econom\u00eda"],"inLanguage":"es"},{"@type":"WebPage","@id":"https:\/\/www.eldiario.net\/portal\/2022\/03\/04\/nosotras-somos-rinde-homenaje-a-las-mujeres\/","url":"https:\/\/www.eldiario.net\/portal\/2022\/03\/04\/nosotras-somos-rinde-homenaje-a-las-mujeres\/","name":"\u201cNosotras somos\u201d rinde homenaje a las mujeres - El Diario - Bolivia","isPartOf":{"@id":"https:\/\/www.eldiario.net\/portal\/#website"},"primaryImageOfPage":{"@id":"https:\/\/www.eldiario.net\/portal\/2022\/03\/04\/nosotras-somos-rinde-homenaje-a-las-mujeres\/#primaryimage"},"image":{"@id":"https:\/\/www.eldiario.net\/portal\/2022\/03\/04\/nosotras-somos-rinde-homenaje-a-las-mujeres\/#primaryimage"},"thumbnailUrl":"","datePublished":"2022-03-04T09:41:51+00:00","breadcrumb":{"@id":"https:\/\/www.eldiario.net\/portal\/2022\/03\/04\/nosotras-somos-rinde-homenaje-a-las-mujeres\/#breadcrumb"},"inLanguage":"es","potentialAction":[{"@type":"ReadAction","target":["https:\/\/www.eldiario.net\/portal\/2022\/03\/04\/nosotras-somos-rinde-homenaje-a-las-mujeres\/"]}]},{"@type":"ImageObject","inLanguage":"es","@id":"https:\/\/www.eldiario.net\/portal\/2022\/03\/04\/nosotras-somos-rinde-homenaje-a-las-mujeres\/#primaryimage","url":"","contentUrl":""},{"@type":"BreadcrumbList","@id":"https:\/\/www.eldiario.net\/portal\/2022\/03\/04\/nosotras-somos-rinde-homenaje-a-las-mujeres\/#breadcrumb","itemListElement":[{"@type":"ListItem","position":1,"name":"Portada","item":"https:\/\/www.eldiario.net\/portal\/"},{"@type":"ListItem","position":2,"name":"\u201cNosotras somos\u201d rinde homenaje a las mujeres"}]},{"@type":"WebSite","@id":"https:\/\/www.eldiario.net\/portal\/#website","url":"https:\/\/www.eldiario.net\/portal\/","name":"El Diario - Decano de la prensa nacional","description":"El Diario - Decano de la prensa nacional","publisher":{"@id":"https:\/\/www.eldiario.net\/portal\/#organization"},"potentialAction":[{"@type":"SearchAction","target":{"@type":"EntryPoint","urlTemplate":"https:\/\/www.eldiario.net\/portal\/?s={search_term_string}"},"query-input":{"@type":"PropertyValueSpecification","valueRequired":true,"valueName":"search_term_string"}}],"inLanguage":"es"},{"@type":"Organization","@id":"https:\/\/www.eldiario.net\/portal\/#organization","name":"El Diario - Decano de la prensa nacional","url":"https:\/\/www.eldiario.net\/portal\/","logo":{"@type":"ImageObject","inLanguage":"es","@id":"https:\/\/www.eldiario.net\/portal\/#\/schema\/logo\/image\/","url":"https:\/\/www.eldiario.net\/portal\/wp-content\/uploads\/2023\/07\/logo_ED.jpg","contentUrl":"https:\/\/www.eldiario.net\/portal\/wp-content\/uploads\/2023\/07\/logo_ED.jpg","width":272,"height":52,"caption":"El Diario - Decano de la prensa nacional"},"image":{"@id":"https:\/\/www.eldiario.net\/portal\/#\/schema\/logo\/image\/"},"sameAs":["https:\/\/www.facebook.com\/eldiario.bolivia\/","https:\/\/x.com\/eldiario_net"]},{"@type":"Person","@id":"https:\/\/www.eldiario.net\/portal\/#\/schema\/person\/2c57cf2b7a7ae032e449e4c9b1019eac","name":"Jeanette","image":{"@type":"ImageObject","inLanguage":"es","@id":"https:\/\/secure.gravatar.com\/avatar\/3ea2118a5f7dad2b7138b1187a6b7ee55f160b9968b66013c3a3ef39dd7e5798?s=96&d=mm&r=g","url":"https:\/\/secure.gravatar.com\/avatar\/3ea2118a5f7dad2b7138b1187a6b7ee55f160b9968b66013c3a3ef39dd7e5798?s=96&d=mm&r=g","contentUrl":"https:\/\/secure.gravatar.com\/avatar\/3ea2118a5f7dad2b7138b1187a6b7ee55f160b9968b66013c3a3ef39dd7e5798?s=96&d=mm&r=g","caption":"Jeanette"},"sameAs":["https:\/\/www.eldiario.net\/portal"],"url":"https:\/\/www.eldiario.net\/portal\/author\/jeanette\/"}]}},"_links":{"self":[{"href":"https:\/\/www.eldiario.net\/portal\/wp-json\/wp\/v2\/posts\/67164","targetHints":{"allow":["GET"]}}],"collection":[{"href":"https:\/\/www.eldiario.net\/portal\/wp-json\/wp\/v2\/posts"}],"about":[{"href":"https:\/\/www.eldiario.net\/portal\/wp-json\/wp\/v2\/types\/post"}],"author":[{"embeddable":true,"href":"https:\/\/www.eldiario.net\/portal\/wp-json\/wp\/v2\/users\/1"}],"replies":[{"embeddable":true,"href":"https:\/\/www.eldiario.net\/portal\/wp-json\/wp\/v2\/comments?post=67164"}],"version-history":[{"count":0,"href":"https:\/\/www.eldiario.net\/portal\/wp-json\/wp\/v2\/posts\/67164\/revisions"}],"wp:attachment":[{"href":"https:\/\/www.eldiario.net\/portal\/wp-json\/wp\/v2\/media?parent=67164"}],"wp:term":[{"taxonomy":"category","embeddable":true,"href":"https:\/\/www.eldiario.net\/portal\/wp-json\/wp\/v2\/categories?post=67164"},{"taxonomy":"post_tag","embeddable":true,"href":"https:\/\/www.eldiario.net\/portal\/wp-json\/wp\/v2\/tags?post=67164"}],"curies":[{"name":"wp","href":"https:\/\/api.w.org\/{rel}","templated":true}]}}