{"id":67154,"date":"2022-03-04T05:40:18","date_gmt":"2022-03-04T09:40:18","guid":{"rendered":"https:\/\/www.eldiario.net\/portal\/?p=67154"},"modified":"2022-03-04T05:40:18","modified_gmt":"2022-03-04T09:40:18","slug":"nubes-negras","status":"publish","type":"post","link":"https:\/\/www.eldiario.net\/portal\/2022\/03\/04\/nubes-negras\/","title":{"rendered":"Nubes negras"},"content":{"rendered":"<p>La criminal invasi\u00f3n de Rusia sobre territorio de Ucrania provoca una grave crisis econ\u00f3mica para todo el mundo, que para Bolivia podr\u00eda ser particularmente desastrosa.<br \/>\nEn lugar de mostrarse solidario con el dictador ruso en las Naciones Unidas, el gobierno boliviano deber\u00eda aborrecerlo por el desastre que est\u00e1 causando a nuestra econom\u00eda.<br \/>\nCon el petr\u00f3leo por encima de los 110 d\u00f3lares el barril, la escasa producci\u00f3n nacional de crudo y gas proyecta una situaci\u00f3n explosiva para la econom\u00eda.<br \/>\nHay que lamentar que la p\u00e9sima pol\u00edtica econ\u00f3mica del cocalero Morales haya ahuyentado las inversiones petroleras, pero hay que mirar con horror c\u00f3mo aumentar\u00e1 el precio de las importaciones de combustibles.<br \/>\nNos hubiera ido bien si el pa\u00eds siguiera exportando gas, pero nos ir\u00e1 muy mal ahora que el precio de la gasolina y el di\u00e9sel de importaci\u00f3n subir\u00e1n dos o tres veces.<br \/>\nLos autores de este desastre no han hecho una autocr\u00edtica y es probable que no la hagan nunca, pero eso no impide que todos los bolivianos con alg\u00fan criterio se\u00f1alen a los culpables de esta situaci\u00f3n.<br \/>\nA todo esto, con las actividades econ\u00f3micas legales en agon\u00eda, las noticias sobre la pujanza del narcotr\u00e1fico muestran que, definitivamente, las prioridades no fueron bien elegidas por quienes gobernaron el pa\u00eds en los \u00faltimos quince a\u00f1os. Hubiera sido mejor apostar a las actividades econ\u00f3micas legales.<br \/>\nEl panorama se ennegrece a\u00fan m\u00e1s con las noticias sobre la situaci\u00f3n ca\u00f3tica de la empresa estatal del petr\u00f3leo, que ahora tiene m\u00e1s de 5.000 empleados (m\u00e1s del doble que en 2006).<br \/>\nLos dirigentes sindicales \u201cen comisi\u00f3n\u201d, que reciben sus salarios sin trabajar, suman cerca de 150, mientras que no hay dinero para las exploraciones. La \u00fanica obligaci\u00f3n que ellos tienen es servir al partido de gobierno.<br \/>\nLa deuda p\u00fablica ha llegado a 26.000 millones de d\u00f3lares, equivalente a 2.200 d\u00f3lares por cada ciudadano, a pesar de que entre 2008 y 2014 el pa\u00eds tuvo ingresos como siete gobiernos anteriores juntos.<br \/>\nEl despilfarro, con gastos irresponsables y corruptos, se ocup\u00f3 de hacer que desaparezcan todos esos recursos, para lo que fue necesario anular a la Contralor\u00eda, que fue virtualmente cerrada desde 2006.<br \/>\nNo hay que descartar que pronto el Gobierno se quede sin los recursos necesarios para mantener los subsidios a los carburantes, aunque por el momento asegure, sabiendo que es imposible, que los precios al consumidor se mantendr\u00e1n.<br \/>\nLa pandemia hab\u00eda golpeado la econom\u00eda del pa\u00eds, pero la locura de Vladimir Put\u00edn ha venido a crear la situaci\u00f3n m\u00e1s desastrosa para la econom\u00eda de que se tenga memoria. Superior incluso a la crisis de la hiperinflaci\u00f3n de los a\u00f1os ochenta.<\/p>\n<p><a href=\"https:\/\/www.eldiario.net\/portal\/wp-content\/uploads\/2022\/03\/Sin-titulo-1.jpg\"><img loading=\"lazy\" decoding=\"async\" class=\"aligncenter size-medium wp-image-67155\" src=\"https:\/\/www.eldiario.net\/portal\/wp-content\/uploads\/2022\/03\/Sin-titulo-1-300x60.jpg\" alt=\"\" width=\"300\" height=\"60\" \/><\/a><\/p>\n<p><img loading=\"lazy\" decoding=\"async\" class=\"alignleft size-full wp-image-67156\" src=\"https:\/\/www.eldiario.net\/portal\/wp-content\/uploads\/2022\/03\/PETROLEO.jpg\" alt=\"\" width=\"150\" height=\"199\" \/>PETR\u00d3LEO<\/p>\n<p>El precio del petr\u00f3leo sigue navegando sobre la ola de precios creada por la invasi\u00f3n rusa a Ucrania. Las ventas de petr\u00f3leo ruso han ca\u00eddo pero tambi\u00e9n se cotizan por encima de los US$ 100 el barril. El problema que tiene Rusia es que no puede usar d\u00f3lares ni el sistema SWIFT de transferencias de fondos. Las sanciones contra Rusia no incluyen el sector de energ\u00eda aunque sus clientes est\u00e1n tratando de encontrar alternativas antes de que las sanciones cambien.<\/p>\n<p>&nbsp;<\/p>\n<p>&nbsp;<\/p>\n<p><img loading=\"lazy\" decoding=\"async\" class=\"alignleft size-full wp-image-67157\" src=\"https:\/\/www.eldiario.net\/portal\/wp-content\/uploads\/2022\/03\/ORO.jpg\" alt=\"\" width=\"150\" height=\"194\" \/>ORO<\/p>\n<p>Una tensa calma en los mercados ha estabilizado el precio del oro. La invasi\u00f3n rusa no se ha detenido y no hay indicios de un cambio de estrategia en ninguno de los bandos ni en las sanciones impuestas por Estados Unidos, ni la Uni\u00f3n Europea, los miembros de la OTAN ni el resto de pa\u00edses que han condenado la invasi\u00f3n a Ucrania. Bajo este panorama el mercado del oro est\u00e1 a la espera de la pr\u00f3xima novedad que defina la tendencia de inversi\u00f3n mundial.<\/p>\n<p>&nbsp;<\/p>\n<p>&nbsp;<\/p>\n<p><img loading=\"lazy\" decoding=\"async\" class=\"alignleft size-full wp-image-67158\" src=\"https:\/\/www.eldiario.net\/portal\/wp-content\/uploads\/2022\/03\/ZINC.jpg\" alt=\"\" width=\"150\" height=\"197\" \/>ZINC<\/p>\n<p>Los precios de los metales industriales en el mercado de Londres siguen subiendo por el temor de que el suministro se reduzca. En particular el aluminio y el n\u00edquel, podr\u00edan sufrir por la invasi\u00f3n Rusa. Los aumentos en los precios de la energ\u00eda tambi\u00e9n elevaron los precios de los metales que consumen mucha energ\u00eda en su refinado, como el aluminio y el zinc. Los precios del zinc alcanzaron m\u00e1ximos no vistos desde mayo de 2007 tras un alza de 4,6 %.<\/p>\n<p>&nbsp;<\/p>\n<p>&nbsp;<\/p>\n<p><em><strong>Al cabo que ni quer\u00eda<\/strong><\/em><\/p>\n<p>\u201cGracias a Dios y a la virgen, en Venezuela no hay sistema SWIFT\u201d, asegur\u00f3 el presidente de Venezuela Nicol\u00e1s Maduro. SWIFT es el sistema internacional para mover dinero electr\u00f3nicamente de un pa\u00eds a otro. Lo usan, por ejemplo, las empresas importadoras y exportadoras, de las que quedan muy pocas en Venezuela.<\/p>\n<p><em><strong>Molinos vac\u00edos<\/strong><\/em><\/p>\n<p>Los molinos de harina de trigo de Argentina mantuvieron reuniones de emergencia con el ministerio de agricultura por la falta de materia prima en el mercado local. Los precios del trigo se dispararon en el Mercado internacional por lo que los agricultores no quieren vender. Argentina representa el 88 % de las importaciones de trigo de Bolivia en 2021.<\/p>\n<p><em><strong>Fondo salvador<\/strong><\/em><\/p>\n<p>Per\u00fa no compra petr\u00f3leo directamente de Rusia. Sin embargo, las preocupaciones por el alza en el precio de los combustibles que Per\u00fa importa del resto del mundo si afectar\u00e1 su econom\u00eda. Per\u00fa tiene el Fondo de Estabilizaci\u00f3n del Precio de los Combustibles del que podr\u00e1n echar mano ahora que el precio est\u00e1 aumentando en todo el mundo.<\/p>\n<p style=\"text-align: center;\">Lo bueno<br \/>\n***<br \/>\nEs que los bonos soberanos por 2.000 millones de d\u00f3lares fueron colocados despu\u00e9s de una muy larga espera.<\/p>\n<p style=\"text-align: center;\">Lo malo<br \/>\n***<br \/>\nEs que se logr\u00f3 colocar solamente 850 millones, con una tasa de rendimiento de 7,5 %, la m\u00e1s alta ofrecida jam\u00e1s por el pa\u00eds y eso solo tras una extensi\u00f3n del plazo de colocaci\u00f3n.<\/p>\n<p style=\"text-align: center;\">Lo feo<br \/>\n***<br \/>\nEs que la compra fue hecha por las AFP bolivianas, que deb\u00edan haber sido reemplazadas hace diez a\u00f1os por la Gestora. Las AFPs o la Gestora pueden ser obligadas a refinanciar nuevamente los bonos.<\/p>\n","protected":false},"excerpt":{"rendered":"<p>La criminal invasi\u00f3n de Rusia sobre territorio de Ucrania provoca una grave crisis econ\u00f3mica para todo el mundo, que para Bolivia podr\u00eda ser particularmente desastrosa. En lugar de mostrarse solidario con el dictador ruso en las Naciones Unidas, el gobierno boliviano deber\u00eda aborrecerlo por el desastre que est\u00e1 causando a nuestra econom\u00eda. Con el petr\u00f3leo [&hellip;]<\/p>\n","protected":false},"author":1,"featured_media":67159,"comment_status":"closed","ping_status":"closed","sticky":false,"template":"","format":"standard","meta":{"_acf_changed":false,"footnotes":""},"categories":[7],"tags":[],"class_list":["post-67154","post","type-post","status-publish","format-standard","has-post-thumbnail","category-economia"],"acf":{"antetitulo":""},"yoast_head":"<!-- This site is optimized with the Yoast SEO plugin v28.4 - https:\/\/yoast.com\/product\/yoast-seo-wordpress\/ -->\n<title>Nubes negras - El Diario - Bolivia<\/title>\n<meta name=\"robots\" content=\"index, follow, max-snippet:-1, max-image-preview:large, max-video-preview:-1\" \/>\n<link rel=\"canonical\" href=\"https:\/\/www.eldiario.net\/portal\/2022\/03\/04\/nubes-negras\/\" \/>\n<meta property=\"og:locale\" content=\"es_ES\" \/>\n<meta property=\"og:type\" content=\"article\" \/>\n<meta property=\"og:title\" content=\"Nubes negras - El Diario - Bolivia\" \/>\n<meta property=\"og:description\" content=\"La criminal invasi\u00f3n de Rusia sobre territorio de Ucrania provoca una grave crisis econ\u00f3mica para todo el mundo, que para Bolivia podr\u00eda ser particularmente desastrosa. En lugar de mostrarse solidario con el dictador ruso en las Naciones Unidas, el gobierno boliviano deber\u00eda aborrecerlo por el desastre que est\u00e1 causando a nuestra econom\u00eda. Con el petr\u00f3leo [&hellip;]\" \/>\n<meta property=\"og:url\" content=\"https:\/\/www.eldiario.net\/portal\/2022\/03\/04\/nubes-negras\/\" \/>\n<meta property=\"og:site_name\" content=\"El Diario - Bolivia\" \/>\n<meta property=\"article:publisher\" content=\"https:\/\/www.facebook.com\/eldiario.bolivia\/\" \/>\n<meta property=\"article:published_time\" content=\"2022-03-04T09:40:18+00:00\" \/>\n<meta property=\"og:image\" content=\"https:\/\/www.eldiario.net\/portal\/wp-content\/uploads\/2022\/03\/economia_v.jpg\" \/>\n\t<meta property=\"og:image:width\" content=\"1000\" \/>\n\t<meta property=\"og:image:height\" content=\"551\" \/>\n\t<meta property=\"og:image:type\" content=\"image\/jpeg\" \/>\n<meta name=\"author\" content=\"Jeanette\" \/>\n<meta name=\"twitter:card\" content=\"summary_large_image\" \/>\n<meta name=\"twitter:creator\" content=\"@eldiario_net\" \/>\n<meta name=\"twitter:site\" content=\"@eldiario_net\" \/>\n<meta name=\"twitter:label1\" content=\"Escrito por\" \/>\n\t<meta name=\"twitter:data1\" content=\"Jeanette\" \/>\n\t<meta name=\"twitter:label2\" content=\"Tiempo de lectura\" \/>\n\t<meta name=\"twitter:data2\" content=\"6 minutos\" \/>\n<script type=\"application\/ld+json\" class=\"yoast-schema-graph\">{\"@context\":\"https:\\\/\\\/schema.org\",\"@graph\":[{\"@type\":\"Article\",\"@id\":\"https:\\\/\\\/www.eldiario.net\\\/portal\\\/2022\\\/03\\\/04\\\/nubes-negras\\\/#article\",\"isPartOf\":{\"@id\":\"https:\\\/\\\/www.eldiario.net\\\/portal\\\/2022\\\/03\\\/04\\\/nubes-negras\\\/\"},\"author\":{\"name\":\"Jeanette\",\"@id\":\"https:\\\/\\\/www.eldiario.net\\\/portal\\\/#\\\/schema\\\/person\\\/f46445640444750d7d753ccd04ae01b7\"},\"headline\":\"Nubes negras\",\"datePublished\":\"2022-03-04T09:40:18+00:00\",\"mainEntityOfPage\":{\"@id\":\"https:\\\/\\\/www.eldiario.net\\\/portal\\\/2022\\\/03\\\/04\\\/nubes-negras\\\/\"},\"wordCount\":1029,\"publisher\":{\"@id\":\"https:\\\/\\\/www.eldiario.net\\\/portal\\\/#organization\"},\"image\":{\"@id\":\"https:\\\/\\\/www.eldiario.net\\\/portal\\\/2022\\\/03\\\/04\\\/nubes-negras\\\/#primaryimage\"},\"thumbnailUrl\":\"https:\\\/\\\/www.eldiario.net\\\/portal\\\/wp-content\\\/uploads\\\/2022\\\/03\\\/economia_v.jpg\",\"articleSection\":[\"Econom\u00eda\"],\"inLanguage\":\"es\"},{\"@type\":\"WebPage\",\"@id\":\"https:\\\/\\\/www.eldiario.net\\\/portal\\\/2022\\\/03\\\/04\\\/nubes-negras\\\/\",\"url\":\"https:\\\/\\\/www.eldiario.net\\\/portal\\\/2022\\\/03\\\/04\\\/nubes-negras\\\/\",\"name\":\"Nubes negras - El Diario - Bolivia\",\"isPartOf\":{\"@id\":\"https:\\\/\\\/www.eldiario.net\\\/portal\\\/#website\"},\"primaryImageOfPage\":{\"@id\":\"https:\\\/\\\/www.eldiario.net\\\/portal\\\/2022\\\/03\\\/04\\\/nubes-negras\\\/#primaryimage\"},\"image\":{\"@id\":\"https:\\\/\\\/www.eldiario.net\\\/portal\\\/2022\\\/03\\\/04\\\/nubes-negras\\\/#primaryimage\"},\"thumbnailUrl\":\"https:\\\/\\\/www.eldiario.net\\\/portal\\\/wp-content\\\/uploads\\\/2022\\\/03\\\/economia_v.jpg\",\"datePublished\":\"2022-03-04T09:40:18+00:00\",\"breadcrumb\":{\"@id\":\"https:\\\/\\\/www.eldiario.net\\\/portal\\\/2022\\\/03\\\/04\\\/nubes-negras\\\/#breadcrumb\"},\"inLanguage\":\"es\",\"potentialAction\":[{\"@type\":\"ReadAction\",\"target\":[\"https:\\\/\\\/www.eldiario.net\\\/portal\\\/2022\\\/03\\\/04\\\/nubes-negras\\\/\"]}]},{\"@type\":\"ImageObject\",\"inLanguage\":\"es\",\"@id\":\"https:\\\/\\\/www.eldiario.net\\\/portal\\\/2022\\\/03\\\/04\\\/nubes-negras\\\/#primaryimage\",\"url\":\"https:\\\/\\\/www.eldiario.net\\\/portal\\\/wp-content\\\/uploads\\\/2022\\\/03\\\/economia_v.jpg\",\"contentUrl\":\"https:\\\/\\\/www.eldiario.net\\\/portal\\\/wp-content\\\/uploads\\\/2022\\\/03\\\/economia_v.jpg\",\"width\":1000,\"height\":551},{\"@type\":\"BreadcrumbList\",\"@id\":\"https:\\\/\\\/www.eldiario.net\\\/portal\\\/2022\\\/03\\\/04\\\/nubes-negras\\\/#breadcrumb\",\"itemListElement\":[{\"@type\":\"ListItem\",\"position\":1,\"name\":\"Portada\",\"item\":\"https:\\\/\\\/www.eldiario.net\\\/portal\\\/\"},{\"@type\":\"ListItem\",\"position\":2,\"name\":\"Nubes negras\"}]},{\"@type\":\"WebSite\",\"@id\":\"https:\\\/\\\/www.eldiario.net\\\/portal\\\/#website\",\"url\":\"https:\\\/\\\/www.eldiario.net\\\/portal\\\/\",\"name\":\"El Diario - Decano de la prensa nacional\",\"description\":\"El Diario - Decano de la prensa nacional\",\"publisher\":{\"@id\":\"https:\\\/\\\/www.eldiario.net\\\/portal\\\/#organization\"},\"potentialAction\":[{\"@type\":\"SearchAction\",\"target\":{\"@type\":\"EntryPoint\",\"urlTemplate\":\"https:\\\/\\\/www.eldiario.net\\\/portal\\\/?s={search_term_string}\"},\"query-input\":{\"@type\":\"PropertyValueSpecification\",\"valueRequired\":true,\"valueName\":\"search_term_string\"}}],\"inLanguage\":\"es\"},{\"@type\":\"Organization\",\"@id\":\"https:\\\/\\\/www.eldiario.net\\\/portal\\\/#organization\",\"name\":\"El Diario - Decano de la prensa nacional\",\"url\":\"https:\\\/\\\/www.eldiario.net\\\/portal\\\/\",\"logo\":{\"@type\":\"ImageObject\",\"inLanguage\":\"es\",\"@id\":\"https:\\\/\\\/www.eldiario.net\\\/portal\\\/#\\\/schema\\\/logo\\\/image\\\/\",\"url\":\"https:\\\/\\\/www.eldiario.net\\\/portal\\\/wp-content\\\/uploads\\\/2023\\\/07\\\/logo_ED.jpg\",\"contentUrl\":\"https:\\\/\\\/www.eldiario.net\\\/portal\\\/wp-content\\\/uploads\\\/2023\\\/07\\\/logo_ED.jpg\",\"width\":272,\"height\":52,\"caption\":\"El Diario - Decano de la prensa nacional\"},\"image\":{\"@id\":\"https:\\\/\\\/www.eldiario.net\\\/portal\\\/#\\\/schema\\\/logo\\\/image\\\/\"},\"sameAs\":[\"https:\\\/\\\/www.facebook.com\\\/eldiario.bolivia\\\/\",\"https:\\\/\\\/x.com\\\/eldiario_net\"]},{\"@type\":\"Person\",\"@id\":\"https:\\\/\\\/www.eldiario.net\\\/portal\\\/#\\\/schema\\\/person\\\/f46445640444750d7d753ccd04ae01b7\",\"name\":\"Jeanette\",\"image\":{\"@type\":\"ImageObject\",\"inLanguage\":\"es\",\"@id\":\"https:\\\/\\\/secure.gravatar.com\\\/avatar\\\/3ea2118a5f7dad2b7138b1187a6b7ee55f160b9968b66013c3a3ef39dd7e5798?s=96&d=mm&r=g\",\"url\":\"https:\\\/\\\/secure.gravatar.com\\\/avatar\\\/3ea2118a5f7dad2b7138b1187a6b7ee55f160b9968b66013c3a3ef39dd7e5798?s=96&d=mm&r=g\",\"contentUrl\":\"https:\\\/\\\/secure.gravatar.com\\\/avatar\\\/3ea2118a5f7dad2b7138b1187a6b7ee55f160b9968b66013c3a3ef39dd7e5798?s=96&d=mm&r=g\",\"caption\":\"Jeanette\"},\"sameAs\":[\"https:\\\/\\\/www.eldiario.net\\\/portal\"],\"url\":\"https:\\\/\\\/www.eldiario.net\\\/portal\\\/author\\\/jeanette\\\/\"}]}<\/script>\n<!-- \/ Yoast SEO plugin. -->","yoast_head_json":{"title":"Nubes negras - El Diario - Bolivia","robots":{"index":"index","follow":"follow","max-snippet":"max-snippet:-1","max-image-preview":"max-image-preview:large","max-video-preview":"max-video-preview:-1"},"canonical":"https:\/\/www.eldiario.net\/portal\/2022\/03\/04\/nubes-negras\/","og_locale":"es_ES","og_type":"article","og_title":"Nubes negras - El Diario - Bolivia","og_description":"La criminal invasi\u00f3n de Rusia sobre territorio de Ucrania provoca una grave crisis econ\u00f3mica para todo el mundo, que para Bolivia podr\u00eda ser particularmente desastrosa. En lugar de mostrarse solidario con el dictador ruso en las Naciones Unidas, el gobierno boliviano deber\u00eda aborrecerlo por el desastre que est\u00e1 causando a nuestra econom\u00eda. Con el petr\u00f3leo [&hellip;]","og_url":"https:\/\/www.eldiario.net\/portal\/2022\/03\/04\/nubes-negras\/","og_site_name":"El Diario - Bolivia","article_publisher":"https:\/\/www.facebook.com\/eldiario.bolivia\/","article_published_time":"2022-03-04T09:40:18+00:00","og_image":[{"width":1000,"height":551,"url":"https:\/\/www.eldiario.net\/portal\/wp-content\/uploads\/2022\/03\/economia_v.jpg","type":"image\/jpeg"}],"author":"Jeanette","twitter_card":"summary_large_image","twitter_creator":"@eldiario_net","twitter_site":"@eldiario_net","twitter_misc":{"Escrito por":"Jeanette","Tiempo de lectura":"6 minutos"},"schema":{"@context":"https:\/\/schema.org","@graph":[{"@type":"Article","@id":"https:\/\/www.eldiario.net\/portal\/2022\/03\/04\/nubes-negras\/#article","isPartOf":{"@id":"https:\/\/www.eldiario.net\/portal\/2022\/03\/04\/nubes-negras\/"},"author":{"name":"Jeanette","@id":"https:\/\/www.eldiario.net\/portal\/#\/schema\/person\/f46445640444750d7d753ccd04ae01b7"},"headline":"Nubes negras","datePublished":"2022-03-04T09:40:18+00:00","mainEntityOfPage":{"@id":"https:\/\/www.eldiario.net\/portal\/2022\/03\/04\/nubes-negras\/"},"wordCount":1029,"publisher":{"@id":"https:\/\/www.eldiario.net\/portal\/#organization"},"image":{"@id":"https:\/\/www.eldiario.net\/portal\/2022\/03\/04\/nubes-negras\/#primaryimage"},"thumbnailUrl":"https:\/\/www.eldiario.net\/portal\/wp-content\/uploads\/2022\/03\/economia_v.jpg","articleSection":["Econom\u00eda"],"inLanguage":"es"},{"@type":"WebPage","@id":"https:\/\/www.eldiario.net\/portal\/2022\/03\/04\/nubes-negras\/","url":"https:\/\/www.eldiario.net\/portal\/2022\/03\/04\/nubes-negras\/","name":"Nubes negras - El Diario - Bolivia","isPartOf":{"@id":"https:\/\/www.eldiario.net\/portal\/#website"},"primaryImageOfPage":{"@id":"https:\/\/www.eldiario.net\/portal\/2022\/03\/04\/nubes-negras\/#primaryimage"},"image":{"@id":"https:\/\/www.eldiario.net\/portal\/2022\/03\/04\/nubes-negras\/#primaryimage"},"thumbnailUrl":"https:\/\/www.eldiario.net\/portal\/wp-content\/uploads\/2022\/03\/economia_v.jpg","datePublished":"2022-03-04T09:40:18+00:00","breadcrumb":{"@id":"https:\/\/www.eldiario.net\/portal\/2022\/03\/04\/nubes-negras\/#breadcrumb"},"inLanguage":"es","potentialAction":[{"@type":"ReadAction","target":["https:\/\/www.eldiario.net\/portal\/2022\/03\/04\/nubes-negras\/"]}]},{"@type":"ImageObject","inLanguage":"es","@id":"https:\/\/www.eldiario.net\/portal\/2022\/03\/04\/nubes-negras\/#primaryimage","url":"https:\/\/www.eldiario.net\/portal\/wp-content\/uploads\/2022\/03\/economia_v.jpg","contentUrl":"https:\/\/www.eldiario.net\/portal\/wp-content\/uploads\/2022\/03\/economia_v.jpg","width":1000,"height":551},{"@type":"BreadcrumbList","@id":"https:\/\/www.eldiario.net\/portal\/2022\/03\/04\/nubes-negras\/#breadcrumb","itemListElement":[{"@type":"ListItem","position":1,"name":"Portada","item":"https:\/\/www.eldiario.net\/portal\/"},{"@type":"ListItem","position":2,"name":"Nubes negras"}]},{"@type":"WebSite","@id":"https:\/\/www.eldiario.net\/portal\/#website","url":"https:\/\/www.eldiario.net\/portal\/","name":"El Diario - Decano de la prensa nacional","description":"El Diario - Decano de la prensa nacional","publisher":{"@id":"https:\/\/www.eldiario.net\/portal\/#organization"},"potentialAction":[{"@type":"SearchAction","target":{"@type":"EntryPoint","urlTemplate":"https:\/\/www.eldiario.net\/portal\/?s={search_term_string}"},"query-input":{"@type":"PropertyValueSpecification","valueRequired":true,"valueName":"search_term_string"}}],"inLanguage":"es"},{"@type":"Organization","@id":"https:\/\/www.eldiario.net\/portal\/#organization","name":"El Diario - Decano de la prensa nacional","url":"https:\/\/www.eldiario.net\/portal\/","logo":{"@type":"ImageObject","inLanguage":"es","@id":"https:\/\/www.eldiario.net\/portal\/#\/schema\/logo\/image\/","url":"https:\/\/www.eldiario.net\/portal\/wp-content\/uploads\/2023\/07\/logo_ED.jpg","contentUrl":"https:\/\/www.eldiario.net\/portal\/wp-content\/uploads\/2023\/07\/logo_ED.jpg","width":272,"height":52,"caption":"El Diario - Decano de la prensa nacional"},"image":{"@id":"https:\/\/www.eldiario.net\/portal\/#\/schema\/logo\/image\/"},"sameAs":["https:\/\/www.facebook.com\/eldiario.bolivia\/","https:\/\/x.com\/eldiario_net"]},{"@type":"Person","@id":"https:\/\/www.eldiario.net\/portal\/#\/schema\/person\/f46445640444750d7d753ccd04ae01b7","name":"Jeanette","image":{"@type":"ImageObject","inLanguage":"es","@id":"https:\/\/secure.gravatar.com\/avatar\/3ea2118a5f7dad2b7138b1187a6b7ee55f160b9968b66013c3a3ef39dd7e5798?s=96&d=mm&r=g","url":"https:\/\/secure.gravatar.com\/avatar\/3ea2118a5f7dad2b7138b1187a6b7ee55f160b9968b66013c3a3ef39dd7e5798?s=96&d=mm&r=g","contentUrl":"https:\/\/secure.gravatar.com\/avatar\/3ea2118a5f7dad2b7138b1187a6b7ee55f160b9968b66013c3a3ef39dd7e5798?s=96&d=mm&r=g","caption":"Jeanette"},"sameAs":["https:\/\/www.eldiario.net\/portal"],"url":"https:\/\/www.eldiario.net\/portal\/author\/jeanette\/"}]}},"_links":{"self":[{"href":"https:\/\/www.eldiario.net\/portal\/wp-json\/wp\/v2\/posts\/67154","targetHints":{"allow":["GET"]}}],"collection":[{"href":"https:\/\/www.eldiario.net\/portal\/wp-json\/wp\/v2\/posts"}],"about":[{"href":"https:\/\/www.eldiario.net\/portal\/wp-json\/wp\/v2\/types\/post"}],"author":[{"embeddable":true,"href":"https:\/\/www.eldiario.net\/portal\/wp-json\/wp\/v2\/users\/1"}],"replies":[{"embeddable":true,"href":"https:\/\/www.eldiario.net\/portal\/wp-json\/wp\/v2\/comments?post=67154"}],"version-history":[{"count":0,"href":"https:\/\/www.eldiario.net\/portal\/wp-json\/wp\/v2\/posts\/67154\/revisions"}],"wp:featuredmedia":[{"embeddable":true,"href":"https:\/\/www.eldiario.net\/portal\/wp-json\/wp\/v2\/media\/67159"}],"wp:attachment":[{"href":"https:\/\/www.eldiario.net\/portal\/wp-json\/wp\/v2\/media?parent=67154"}],"wp:term":[{"taxonomy":"category","embeddable":true,"href":"https:\/\/www.eldiario.net\/portal\/wp-json\/wp\/v2\/categories?post=67154"},{"taxonomy":"post_tag","embeddable":true,"href":"https:\/\/www.eldiario.net\/portal\/wp-json\/wp\/v2\/tags?post=67154"}],"curies":[{"name":"wp","href":"https:\/\/api.w.org\/{rel}","templated":true}]}}