{"id":67145,"date":"2022-03-04T05:31:47","date_gmt":"2022-03-04T09:31:47","guid":{"rendered":"https:\/\/www.eldiario.net\/portal\/?p=67145"},"modified":"2022-03-04T05:31:47","modified_gmt":"2022-03-04T09:31:47","slug":"gestionan-refaccion-de-vias-para-transporte-de-produccion-agropecuaria","status":"publish","type":"post","link":"https:\/\/www.eldiario.net\/portal\/2022\/03\/04\/gestionan-refaccion-de-vias-para-transporte-de-produccion-agropecuaria\/","title":{"rendered":"Gestionan refacci\u00f3n de v\u00edas para transporte de producci\u00f3n agropecuaria"},"content":{"rendered":"<p>El Gobierno inform\u00f3 a productores y autoridades del municipio de Trinidad, en el departamento del Beni, sobre las gestiones que realiza para la refacci\u00f3n de v\u00edas para transporte de productos, se\u00f1al\u00f3 el ministro de Desarrollo Rural y Tierras, Remmy Gonzales Atila.<br \/>\nLa autoridad sostuvo una reuni\u00f3n informativa y de socializaci\u00f3n con autoridades nacionales, departamentales, municipales y de organizaciones sociales, sobre las acciones que el Ministerio lleva adelante en el marco de reconstrucci\u00f3n econ\u00f3mica y productiva de Bolivia.<br \/>\nEl Ministro afirm\u00f3 que estar\u00e1 presente en distintas comunidades de Beni socializando los Programas aprobados con una inversi\u00f3n hist\u00f3rica en la gesti\u00f3n 2021 para la reactivaci\u00f3n del trabajo agropecuario.<br \/>\nSin embargo, a la fecha no se tiene informaci\u00f3n de una evaluaci\u00f3n de impacto de los recursos destinados al \u00e1rea rural.<br \/>\nY en su momento el investigador y docente de la Universidad Mayor de San Andr\u00e9s (UMSA), Lucio Tito, lament\u00f3 que los programas implementados no coordinen acciones para apoyar de una mejor manera a los productores.<\/p>\n<p>Programas<br \/>\nLa autoridad explic\u00f3 los programas que se aprobaron en la gesti\u00f3n pasada, as\u00ed como los requisitos para que puedan acceder a los mismos.<br \/>\nGonzales gestion\u00f3 la participaci\u00f3n del gerente departamental de la Administradora Boliviana de Carreteras (ABC), Aldo Burgos, en la reuni\u00f3n, con la finalidad de presentar el perfil de dise\u00f1o del tramo caminero que une a la Provincia Marb\u00e1n, espec\u00edficamente al municipio de San Andr\u00e9s, con el resto del departamento y el pa\u00eds.<br \/>\nEse camino se vio afectado por los recientes eventos clim\u00e1ticos, lo que impide el traslado de la producci\u00f3n, principalmente de arroz, ma\u00edz y soya, generando grandes p\u00e9rdidas para el sector agropecuario, se\u00f1ala la nota de prensa del Ministerio.<br \/>\n\u201cEstamos buscando la forma de coadyuvar, se ha elaborado un perfil de proyecto (\u2026) una comisi\u00f3n t\u00e9cnica bajar\u00e1 a La Paz para el martes 15, para hacer realidad este tramo caminero\u201d, inform\u00f3 la autoridad Nacional.<br \/>\nEn el encuentro participaron tambi\u00e9n el alcalde de San Andr\u00e9s, Rudy V\u00e1squez; el Diputado Nacional, Santos Cory, y pobladores de las comunidades anegadas por la falta de v\u00edas.<br \/>\nEl alcalde de San Andr\u00e9s manifest\u00f3 que, con la refacci\u00f3n de esas rutas se mejorar\u00eda la transitabilidad de, aproximadamente, 1.800 familias de 30 comunidades productoras.<\/p>\n","protected":false},"excerpt":{"rendered":"<p>El Gobierno inform\u00f3 a productores y autoridades del municipio de Trinidad, en el departamento del Beni, sobre las gestiones que realiza para la refacci\u00f3n de v\u00edas para transporte de productos, se\u00f1al\u00f3 el ministro de Desarrollo Rural y Tierras, Remmy Gonzales Atila. La autoridad sostuvo una reuni\u00f3n informativa y de socializaci\u00f3n con autoridades nacionales, departamentales, municipales [&hellip;]<\/p>\n","protected":false},"author":1,"featured_media":67146,"comment_status":"closed","ping_status":"closed","sticky":false,"template":"","format":"standard","meta":{"_acf_changed":false,"footnotes":""},"categories":[7],"tags":[],"class_list":["post-67145","post","type-post","status-publish","format-standard","has-post-thumbnail","category-economia"],"acf":{"antetitulo":""},"yoast_head":"<!-- This site is optimized with the Yoast SEO plugin v28.4 - https:\/\/yoast.com\/product\/yoast-seo-wordpress\/ -->\n<title>Gestionan refacci\u00f3n de v\u00edas para transporte de producci\u00f3n agropecuaria - El Diario - Bolivia<\/title>\n<meta name=\"robots\" content=\"index, follow, max-snippet:-1, max-image-preview:large, max-video-preview:-1\" \/>\n<link rel=\"canonical\" href=\"https:\/\/www.eldiario.net\/portal\/2022\/03\/04\/gestionan-refaccion-de-vias-para-transporte-de-produccion-agropecuaria\/\" \/>\n<meta property=\"og:locale\" content=\"es_ES\" \/>\n<meta property=\"og:type\" content=\"article\" \/>\n<meta property=\"og:title\" content=\"Gestionan refacci\u00f3n de v\u00edas para transporte de producci\u00f3n agropecuaria - El Diario - Bolivia\" \/>\n<meta property=\"og:description\" content=\"El Gobierno inform\u00f3 a productores y autoridades del municipio de Trinidad, en el departamento del Beni, sobre las gestiones que realiza para la refacci\u00f3n de v\u00edas para transporte de productos, se\u00f1al\u00f3 el ministro de Desarrollo Rural y Tierras, Remmy Gonzales Atila. La autoridad sostuvo una reuni\u00f3n informativa y de socializaci\u00f3n con autoridades nacionales, departamentales, municipales [&hellip;]\" \/>\n<meta property=\"og:url\" content=\"https:\/\/www.eldiario.net\/portal\/2022\/03\/04\/gestionan-refaccion-de-vias-para-transporte-de-produccion-agropecuaria\/\" \/>\n<meta property=\"og:site_name\" content=\"El Diario - Bolivia\" \/>\n<meta property=\"article:publisher\" content=\"https:\/\/www.facebook.com\/eldiario.bolivia\/\" \/>\n<meta property=\"article:published_time\" content=\"2022-03-04T09:31:47+00:00\" \/>\n<meta name=\"author\" content=\"Jeanette\" \/>\n<meta name=\"twitter:card\" content=\"summary_large_image\" \/>\n<meta name=\"twitter:creator\" content=\"@eldiario_net\" \/>\n<meta name=\"twitter:site\" content=\"@eldiario_net\" \/>\n<meta name=\"twitter:label1\" content=\"Escrito por\" \/>\n\t<meta name=\"twitter:data1\" content=\"Jeanette\" \/>\n\t<meta name=\"twitter:label2\" content=\"Tiempo de lectura\" \/>\n\t<meta name=\"twitter:data2\" content=\"2 minutos\" \/>\n<script type=\"application\/ld+json\" class=\"yoast-schema-graph\">{\"@context\":\"https:\\\/\\\/schema.org\",\"@graph\":[{\"@type\":\"Article\",\"@id\":\"https:\\\/\\\/www.eldiario.net\\\/portal\\\/2022\\\/03\\\/04\\\/gestionan-refaccion-de-vias-para-transporte-de-produccion-agropecuaria\\\/#article\",\"isPartOf\":{\"@id\":\"https:\\\/\\\/www.eldiario.net\\\/portal\\\/2022\\\/03\\\/04\\\/gestionan-refaccion-de-vias-para-transporte-de-produccion-agropecuaria\\\/\"},\"author\":{\"name\":\"Jeanette\",\"@id\":\"https:\\\/\\\/www.eldiario.net\\\/portal\\\/#\\\/schema\\\/person\\\/2c57cf2b7a7ae032e449e4c9b1019eac\"},\"headline\":\"Gestionan refacci\u00f3n de v\u00edas para transporte de producci\u00f3n agropecuaria\",\"datePublished\":\"2022-03-04T09:31:47+00:00\",\"mainEntityOfPage\":{\"@id\":\"https:\\\/\\\/www.eldiario.net\\\/portal\\\/2022\\\/03\\\/04\\\/gestionan-refaccion-de-vias-para-transporte-de-produccion-agropecuaria\\\/\"},\"wordCount\":406,\"publisher\":{\"@id\":\"https:\\\/\\\/www.eldiario.net\\\/portal\\\/#organization\"},\"image\":{\"@id\":\"https:\\\/\\\/www.eldiario.net\\\/portal\\\/2022\\\/03\\\/04\\\/gestionan-refaccion-de-vias-para-transporte-de-produccion-agropecuaria\\\/#primaryimage\"},\"thumbnailUrl\":\"\",\"articleSection\":[\"Econom\u00eda\"],\"inLanguage\":\"es\"},{\"@type\":\"WebPage\",\"@id\":\"https:\\\/\\\/www.eldiario.net\\\/portal\\\/2022\\\/03\\\/04\\\/gestionan-refaccion-de-vias-para-transporte-de-produccion-agropecuaria\\\/\",\"url\":\"https:\\\/\\\/www.eldiario.net\\\/portal\\\/2022\\\/03\\\/04\\\/gestionan-refaccion-de-vias-para-transporte-de-produccion-agropecuaria\\\/\",\"name\":\"Gestionan refacci\u00f3n de v\u00edas para transporte de producci\u00f3n agropecuaria - El Diario - Bolivia\",\"isPartOf\":{\"@id\":\"https:\\\/\\\/www.eldiario.net\\\/portal\\\/#website\"},\"primaryImageOfPage\":{\"@id\":\"https:\\\/\\\/www.eldiario.net\\\/portal\\\/2022\\\/03\\\/04\\\/gestionan-refaccion-de-vias-para-transporte-de-produccion-agropecuaria\\\/#primaryimage\"},\"image\":{\"@id\":\"https:\\\/\\\/www.eldiario.net\\\/portal\\\/2022\\\/03\\\/04\\\/gestionan-refaccion-de-vias-para-transporte-de-produccion-agropecuaria\\\/#primaryimage\"},\"thumbnailUrl\":\"\",\"datePublished\":\"2022-03-04T09:31:47+00:00\",\"breadcrumb\":{\"@id\":\"https:\\\/\\\/www.eldiario.net\\\/portal\\\/2022\\\/03\\\/04\\\/gestionan-refaccion-de-vias-para-transporte-de-produccion-agropecuaria\\\/#breadcrumb\"},\"inLanguage\":\"es\",\"potentialAction\":[{\"@type\":\"ReadAction\",\"target\":[\"https:\\\/\\\/www.eldiario.net\\\/portal\\\/2022\\\/03\\\/04\\\/gestionan-refaccion-de-vias-para-transporte-de-produccion-agropecuaria\\\/\"]}]},{\"@type\":\"ImageObject\",\"inLanguage\":\"es\",\"@id\":\"https:\\\/\\\/www.eldiario.net\\\/portal\\\/2022\\\/03\\\/04\\\/gestionan-refaccion-de-vias-para-transporte-de-produccion-agropecuaria\\\/#primaryimage\",\"url\":\"\",\"contentUrl\":\"\"},{\"@type\":\"BreadcrumbList\",\"@id\":\"https:\\\/\\\/www.eldiario.net\\\/portal\\\/2022\\\/03\\\/04\\\/gestionan-refaccion-de-vias-para-transporte-de-produccion-agropecuaria\\\/#breadcrumb\",\"itemListElement\":[{\"@type\":\"ListItem\",\"position\":1,\"name\":\"Portada\",\"item\":\"https:\\\/\\\/www.eldiario.net\\\/portal\\\/\"},{\"@type\":\"ListItem\",\"position\":2,\"name\":\"Gestionan refacci\u00f3n de v\u00edas para transporte de producci\u00f3n agropecuaria\"}]},{\"@type\":\"WebSite\",\"@id\":\"https:\\\/\\\/www.eldiario.net\\\/portal\\\/#website\",\"url\":\"https:\\\/\\\/www.eldiario.net\\\/portal\\\/\",\"name\":\"El Diario - Decano de la prensa nacional\",\"description\":\"El Diario - Decano de la prensa nacional\",\"publisher\":{\"@id\":\"https:\\\/\\\/www.eldiario.net\\\/portal\\\/#organization\"},\"potentialAction\":[{\"@type\":\"SearchAction\",\"target\":{\"@type\":\"EntryPoint\",\"urlTemplate\":\"https:\\\/\\\/www.eldiario.net\\\/portal\\\/?s={search_term_string}\"},\"query-input\":{\"@type\":\"PropertyValueSpecification\",\"valueRequired\":true,\"valueName\":\"search_term_string\"}}],\"inLanguage\":\"es\"},{\"@type\":\"Organization\",\"@id\":\"https:\\\/\\\/www.eldiario.net\\\/portal\\\/#organization\",\"name\":\"El Diario - Decano de la prensa nacional\",\"url\":\"https:\\\/\\\/www.eldiario.net\\\/portal\\\/\",\"logo\":{\"@type\":\"ImageObject\",\"inLanguage\":\"es\",\"@id\":\"https:\\\/\\\/www.eldiario.net\\\/portal\\\/#\\\/schema\\\/logo\\\/image\\\/\",\"url\":\"https:\\\/\\\/www.eldiario.net\\\/portal\\\/wp-content\\\/uploads\\\/2023\\\/07\\\/logo_ED.jpg\",\"contentUrl\":\"https:\\\/\\\/www.eldiario.net\\\/portal\\\/wp-content\\\/uploads\\\/2023\\\/07\\\/logo_ED.jpg\",\"width\":272,\"height\":52,\"caption\":\"El Diario - Decano de la prensa nacional\"},\"image\":{\"@id\":\"https:\\\/\\\/www.eldiario.net\\\/portal\\\/#\\\/schema\\\/logo\\\/image\\\/\"},\"sameAs\":[\"https:\\\/\\\/www.facebook.com\\\/eldiario.bolivia\\\/\",\"https:\\\/\\\/x.com\\\/eldiario_net\"]},{\"@type\":\"Person\",\"@id\":\"https:\\\/\\\/www.eldiario.net\\\/portal\\\/#\\\/schema\\\/person\\\/2c57cf2b7a7ae032e449e4c9b1019eac\",\"name\":\"Jeanette\",\"image\":{\"@type\":\"ImageObject\",\"inLanguage\":\"es\",\"@id\":\"https:\\\/\\\/secure.gravatar.com\\\/avatar\\\/3ea2118a5f7dad2b7138b1187a6b7ee55f160b9968b66013c3a3ef39dd7e5798?s=96&d=mm&r=g\",\"url\":\"https:\\\/\\\/secure.gravatar.com\\\/avatar\\\/3ea2118a5f7dad2b7138b1187a6b7ee55f160b9968b66013c3a3ef39dd7e5798?s=96&d=mm&r=g\",\"contentUrl\":\"https:\\\/\\\/secure.gravatar.com\\\/avatar\\\/3ea2118a5f7dad2b7138b1187a6b7ee55f160b9968b66013c3a3ef39dd7e5798?s=96&d=mm&r=g\",\"caption\":\"Jeanette\"},\"sameAs\":[\"https:\\\/\\\/www.eldiario.net\\\/portal\"],\"url\":\"https:\\\/\\\/www.eldiario.net\\\/portal\\\/author\\\/jeanette\\\/\"}]}<\/script>\n<!-- \/ Yoast SEO plugin. -->","yoast_head_json":{"title":"Gestionan refacci\u00f3n de v\u00edas para transporte de producci\u00f3n agropecuaria - El Diario - Bolivia","robots":{"index":"index","follow":"follow","max-snippet":"max-snippet:-1","max-image-preview":"max-image-preview:large","max-video-preview":"max-video-preview:-1"},"canonical":"https:\/\/www.eldiario.net\/portal\/2022\/03\/04\/gestionan-refaccion-de-vias-para-transporte-de-produccion-agropecuaria\/","og_locale":"es_ES","og_type":"article","og_title":"Gestionan refacci\u00f3n de v\u00edas para transporte de producci\u00f3n agropecuaria - El Diario - Bolivia","og_description":"El Gobierno inform\u00f3 a productores y autoridades del municipio de Trinidad, en el departamento del Beni, sobre las gestiones que realiza para la refacci\u00f3n de v\u00edas para transporte de productos, se\u00f1al\u00f3 el ministro de Desarrollo Rural y Tierras, Remmy Gonzales Atila. La autoridad sostuvo una reuni\u00f3n informativa y de socializaci\u00f3n con autoridades nacionales, departamentales, municipales [&hellip;]","og_url":"https:\/\/www.eldiario.net\/portal\/2022\/03\/04\/gestionan-refaccion-de-vias-para-transporte-de-produccion-agropecuaria\/","og_site_name":"El Diario - Bolivia","article_publisher":"https:\/\/www.facebook.com\/eldiario.bolivia\/","article_published_time":"2022-03-04T09:31:47+00:00","author":"Jeanette","twitter_card":"summary_large_image","twitter_creator":"@eldiario_net","twitter_site":"@eldiario_net","twitter_misc":{"Escrito por":"Jeanette","Tiempo de lectura":"2 minutos"},"schema":{"@context":"https:\/\/schema.org","@graph":[{"@type":"Article","@id":"https:\/\/www.eldiario.net\/portal\/2022\/03\/04\/gestionan-refaccion-de-vias-para-transporte-de-produccion-agropecuaria\/#article","isPartOf":{"@id":"https:\/\/www.eldiario.net\/portal\/2022\/03\/04\/gestionan-refaccion-de-vias-para-transporte-de-produccion-agropecuaria\/"},"author":{"name":"Jeanette","@id":"https:\/\/www.eldiario.net\/portal\/#\/schema\/person\/2c57cf2b7a7ae032e449e4c9b1019eac"},"headline":"Gestionan refacci\u00f3n de v\u00edas para transporte de producci\u00f3n agropecuaria","datePublished":"2022-03-04T09:31:47+00:00","mainEntityOfPage":{"@id":"https:\/\/www.eldiario.net\/portal\/2022\/03\/04\/gestionan-refaccion-de-vias-para-transporte-de-produccion-agropecuaria\/"},"wordCount":406,"publisher":{"@id":"https:\/\/www.eldiario.net\/portal\/#organization"},"image":{"@id":"https:\/\/www.eldiario.net\/portal\/2022\/03\/04\/gestionan-refaccion-de-vias-para-transporte-de-produccion-agropecuaria\/#primaryimage"},"thumbnailUrl":"","articleSection":["Econom\u00eda"],"inLanguage":"es"},{"@type":"WebPage","@id":"https:\/\/www.eldiario.net\/portal\/2022\/03\/04\/gestionan-refaccion-de-vias-para-transporte-de-produccion-agropecuaria\/","url":"https:\/\/www.eldiario.net\/portal\/2022\/03\/04\/gestionan-refaccion-de-vias-para-transporte-de-produccion-agropecuaria\/","name":"Gestionan refacci\u00f3n de v\u00edas para transporte de producci\u00f3n agropecuaria - El Diario - Bolivia","isPartOf":{"@id":"https:\/\/www.eldiario.net\/portal\/#website"},"primaryImageOfPage":{"@id":"https:\/\/www.eldiario.net\/portal\/2022\/03\/04\/gestionan-refaccion-de-vias-para-transporte-de-produccion-agropecuaria\/#primaryimage"},"image":{"@id":"https:\/\/www.eldiario.net\/portal\/2022\/03\/04\/gestionan-refaccion-de-vias-para-transporte-de-produccion-agropecuaria\/#primaryimage"},"thumbnailUrl":"","datePublished":"2022-03-04T09:31:47+00:00","breadcrumb":{"@id":"https:\/\/www.eldiario.net\/portal\/2022\/03\/04\/gestionan-refaccion-de-vias-para-transporte-de-produccion-agropecuaria\/#breadcrumb"},"inLanguage":"es","potentialAction":[{"@type":"ReadAction","target":["https:\/\/www.eldiario.net\/portal\/2022\/03\/04\/gestionan-refaccion-de-vias-para-transporte-de-produccion-agropecuaria\/"]}]},{"@type":"ImageObject","inLanguage":"es","@id":"https:\/\/www.eldiario.net\/portal\/2022\/03\/04\/gestionan-refaccion-de-vias-para-transporte-de-produccion-agropecuaria\/#primaryimage","url":"","contentUrl":""},{"@type":"BreadcrumbList","@id":"https:\/\/www.eldiario.net\/portal\/2022\/03\/04\/gestionan-refaccion-de-vias-para-transporte-de-produccion-agropecuaria\/#breadcrumb","itemListElement":[{"@type":"ListItem","position":1,"name":"Portada","item":"https:\/\/www.eldiario.net\/portal\/"},{"@type":"ListItem","position":2,"name":"Gestionan refacci\u00f3n de v\u00edas para transporte de producci\u00f3n agropecuaria"}]},{"@type":"WebSite","@id":"https:\/\/www.eldiario.net\/portal\/#website","url":"https:\/\/www.eldiario.net\/portal\/","name":"El Diario - Decano de la prensa nacional","description":"El Diario - Decano de la prensa nacional","publisher":{"@id":"https:\/\/www.eldiario.net\/portal\/#organization"},"potentialAction":[{"@type":"SearchAction","target":{"@type":"EntryPoint","urlTemplate":"https:\/\/www.eldiario.net\/portal\/?s={search_term_string}"},"query-input":{"@type":"PropertyValueSpecification","valueRequired":true,"valueName":"search_term_string"}}],"inLanguage":"es"},{"@type":"Organization","@id":"https:\/\/www.eldiario.net\/portal\/#organization","name":"El Diario - Decano de la prensa nacional","url":"https:\/\/www.eldiario.net\/portal\/","logo":{"@type":"ImageObject","inLanguage":"es","@id":"https:\/\/www.eldiario.net\/portal\/#\/schema\/logo\/image\/","url":"https:\/\/www.eldiario.net\/portal\/wp-content\/uploads\/2023\/07\/logo_ED.jpg","contentUrl":"https:\/\/www.eldiario.net\/portal\/wp-content\/uploads\/2023\/07\/logo_ED.jpg","width":272,"height":52,"caption":"El Diario - Decano de la prensa nacional"},"image":{"@id":"https:\/\/www.eldiario.net\/portal\/#\/schema\/logo\/image\/"},"sameAs":["https:\/\/www.facebook.com\/eldiario.bolivia\/","https:\/\/x.com\/eldiario_net"]},{"@type":"Person","@id":"https:\/\/www.eldiario.net\/portal\/#\/schema\/person\/2c57cf2b7a7ae032e449e4c9b1019eac","name":"Jeanette","image":{"@type":"ImageObject","inLanguage":"es","@id":"https:\/\/secure.gravatar.com\/avatar\/3ea2118a5f7dad2b7138b1187a6b7ee55f160b9968b66013c3a3ef39dd7e5798?s=96&d=mm&r=g","url":"https:\/\/secure.gravatar.com\/avatar\/3ea2118a5f7dad2b7138b1187a6b7ee55f160b9968b66013c3a3ef39dd7e5798?s=96&d=mm&r=g","contentUrl":"https:\/\/secure.gravatar.com\/avatar\/3ea2118a5f7dad2b7138b1187a6b7ee55f160b9968b66013c3a3ef39dd7e5798?s=96&d=mm&r=g","caption":"Jeanette"},"sameAs":["https:\/\/www.eldiario.net\/portal"],"url":"https:\/\/www.eldiario.net\/portal\/author\/jeanette\/"}]}},"_links":{"self":[{"href":"https:\/\/www.eldiario.net\/portal\/wp-json\/wp\/v2\/posts\/67145","targetHints":{"allow":["GET"]}}],"collection":[{"href":"https:\/\/www.eldiario.net\/portal\/wp-json\/wp\/v2\/posts"}],"about":[{"href":"https:\/\/www.eldiario.net\/portal\/wp-json\/wp\/v2\/types\/post"}],"author":[{"embeddable":true,"href":"https:\/\/www.eldiario.net\/portal\/wp-json\/wp\/v2\/users\/1"}],"replies":[{"embeddable":true,"href":"https:\/\/www.eldiario.net\/portal\/wp-json\/wp\/v2\/comments?post=67145"}],"version-history":[{"count":0,"href":"https:\/\/www.eldiario.net\/portal\/wp-json\/wp\/v2\/posts\/67145\/revisions"}],"wp:attachment":[{"href":"https:\/\/www.eldiario.net\/portal\/wp-json\/wp\/v2\/media?parent=67145"}],"wp:term":[{"taxonomy":"category","embeddable":true,"href":"https:\/\/www.eldiario.net\/portal\/wp-json\/wp\/v2\/categories?post=67145"},{"taxonomy":"post_tag","embeddable":true,"href":"https:\/\/www.eldiario.net\/portal\/wp-json\/wp\/v2\/tags?post=67145"}],"curies":[{"name":"wp","href":"https:\/\/api.w.org\/{rel}","templated":true}]}}