{"id":66986,"date":"2022-03-03T05:43:26","date_gmt":"2022-03-03T09:43:26","guid":{"rendered":"https:\/\/www.eldiario.net\/portal\/?p=66986"},"modified":"2022-03-03T05:43:26","modified_gmt":"2022-03-03T09:43:26","slug":"canalizaron-mas-recursos-para-el-sector-agropecuario-en-2021","status":"publish","type":"post","link":"https:\/\/www.eldiario.net\/portal\/2022\/03\/03\/canalizaron-mas-recursos-para-el-sector-agropecuario-en-2021\/","title":{"rendered":"Canalizaron m\u00e1s recursos para  el sector agropecuario en 2021"},"content":{"rendered":"<p>El Ministerio de Desarrollo Rural y Tierras canaliz\u00f3 mayores recursos econ\u00f3micos para el sector agropecuario, con el objetivo de qu\u00e9 a partir de acciones estrat\u00e9gicas, se fortalezca y se reactive, inform\u00f3 el titular de esta cartera de Estado, Remmy Gonz\u00e1lez.<\/p>\n<p>Explic\u00f3 que, a partir de las acciones implementadas por las entidades dependientes de este Ministerio y con la gesti\u00f3n de nuevos recursos, se logr\u00f3 alcanzar el 76 % de ejecuci\u00f3n presupuestaria el 2021.<\/p>\n<p>En la Rendici\u00f3n P\u00fablica de Cuentas Final Gesti\u00f3n 2021, desarrollado en la Sede de UNASUR ubicado el municipio de \u201cSan Benito\u201d del departamento de Cochabamba, la autoridad manifest\u00f3 que se debe defender los recursos naturales con los que cuenta nuestro territorio, en bien y provecho de los bolivianos y bolivianas, para industrializar los mismos y as\u00ed sustituir las importaciones.<\/p>\n<p>De esta manera, el Ministerio de Desarrollo Rural y Tierras (MDRyT), como instituci\u00f3n p\u00fablica del \u00d3rgano Ejecutivo del Estado Plurinacional de Bolivia, con el objetivo de informar y transparentar las acciones que viene realizando en apoyo al fortalecimiento de la actividad agropecuaria del pa\u00eds.<\/p>\n<p>La tarea se enmarca en lo que establece en el Art\u00edculo 235 de la Constituci\u00f3n Pol\u00edtica del Estado , la Ley N\u00b0 341 de \u201cParticipaci\u00f3n y Control Social\u201d, y el Decreto Supremo\u00a0 N\u00b0 0214 \u201cPol\u00edtica Nacional de Transparencia y Lucha Contra la Corrupci\u00f3n\u201d.<\/p>\n<p>La autoridad asegur\u00f3 que el trabajo se desarroll\u00f3 bajo principios de inclusi\u00f3n, reciprocidad, complementariedad, transparencia, igualdad de oportunidades, equidad social y de g\u00e9nero, justicia social, distribuci\u00f3n y redistribuci\u00f3n de la tierra, genera espacios y l\u00edneas de comunicaci\u00f3n y socializaci\u00f3n constantes, con acceso \u00e1gil a la informaci\u00f3n sobre gesti\u00f3n, ejecuci\u00f3n e implementaci\u00f3n de programas y proyectos.<\/p>\n","protected":false},"excerpt":{"rendered":"<p>El Ministerio de Desarrollo Rural y Tierras canaliz\u00f3 mayores recursos econ\u00f3micos para el sector agropecuario, con el objetivo de qu\u00e9 a partir de acciones estrat\u00e9gicas, se fortalezca y se reactive, inform\u00f3 el titular de esta cartera de Estado, Remmy Gonz\u00e1lez. Explic\u00f3 que, a partir de las acciones implementadas por las entidades dependientes de este Ministerio [&hellip;]<\/p>\n","protected":false},"author":1,"featured_media":66987,"comment_status":"closed","ping_status":"closed","sticky":false,"template":"","format":"standard","meta":{"_acf_changed":false,"footnotes":""},"categories":[7],"tags":[],"class_list":["post-66986","post","type-post","status-publish","format-standard","has-post-thumbnail","category-economia"],"acf":{"antetitulo":""},"yoast_head":"<!-- This site is optimized with the Yoast SEO plugin v28.4 - https:\/\/yoast.com\/product\/yoast-seo-wordpress\/ -->\n<title>Canalizaron m\u00e1s recursos para el sector agropecuario en 2021 - El Diario - Bolivia<\/title>\n<meta name=\"robots\" content=\"index, follow, max-snippet:-1, max-image-preview:large, max-video-preview:-1\" \/>\n<link rel=\"canonical\" href=\"https:\/\/www.eldiario.net\/portal\/2022\/03\/03\/canalizaron-mas-recursos-para-el-sector-agropecuario-en-2021\/\" \/>\n<meta property=\"og:locale\" content=\"es_ES\" \/>\n<meta property=\"og:type\" content=\"article\" \/>\n<meta property=\"og:title\" content=\"Canalizaron m\u00e1s recursos para el sector agropecuario en 2021 - El Diario - Bolivia\" \/>\n<meta property=\"og:description\" content=\"El Ministerio de Desarrollo Rural y Tierras canaliz\u00f3 mayores recursos econ\u00f3micos para el sector agropecuario, con el objetivo de qu\u00e9 a partir de acciones estrat\u00e9gicas, se fortalezca y se reactive, inform\u00f3 el titular de esta cartera de Estado, Remmy Gonz\u00e1lez. Explic\u00f3 que, a partir de las acciones implementadas por las entidades dependientes de este Ministerio [&hellip;]\" \/>\n<meta property=\"og:url\" content=\"https:\/\/www.eldiario.net\/portal\/2022\/03\/03\/canalizaron-mas-recursos-para-el-sector-agropecuario-en-2021\/\" \/>\n<meta property=\"og:site_name\" content=\"El Diario - Bolivia\" \/>\n<meta property=\"article:publisher\" content=\"https:\/\/www.facebook.com\/eldiario.bolivia\/\" \/>\n<meta property=\"article:published_time\" content=\"2022-03-03T09:43:26+00:00\" \/>\n<meta name=\"author\" content=\"Jeanette\" \/>\n<meta name=\"twitter:card\" content=\"summary_large_image\" \/>\n<meta name=\"twitter:creator\" content=\"@eldiario_net\" \/>\n<meta name=\"twitter:site\" content=\"@eldiario_net\" \/>\n<meta name=\"twitter:label1\" content=\"Escrito por\" \/>\n\t<meta name=\"twitter:data1\" content=\"Jeanette\" \/>\n\t<meta name=\"twitter:label2\" content=\"Tiempo de lectura\" \/>\n\t<meta name=\"twitter:data2\" content=\"2 minutos\" \/>\n<script type=\"application\/ld+json\" class=\"yoast-schema-graph\">{\"@context\":\"https:\\\/\\\/schema.org\",\"@graph\":[{\"@type\":\"Article\",\"@id\":\"https:\\\/\\\/www.eldiario.net\\\/portal\\\/2022\\\/03\\\/03\\\/canalizaron-mas-recursos-para-el-sector-agropecuario-en-2021\\\/#article\",\"isPartOf\":{\"@id\":\"https:\\\/\\\/www.eldiario.net\\\/portal\\\/2022\\\/03\\\/03\\\/canalizaron-mas-recursos-para-el-sector-agropecuario-en-2021\\\/\"},\"author\":{\"name\":\"Jeanette\",\"@id\":\"https:\\\/\\\/www.eldiario.net\\\/portal\\\/#\\\/schema\\\/person\\\/2c57cf2b7a7ae032e449e4c9b1019eac\"},\"headline\":\"Canalizaron m\u00e1s recursos para el sector agropecuario en 2021\",\"datePublished\":\"2022-03-03T09:43:26+00:00\",\"mainEntityOfPage\":{\"@id\":\"https:\\\/\\\/www.eldiario.net\\\/portal\\\/2022\\\/03\\\/03\\\/canalizaron-mas-recursos-para-el-sector-agropecuario-en-2021\\\/\"},\"wordCount\":303,\"publisher\":{\"@id\":\"https:\\\/\\\/www.eldiario.net\\\/portal\\\/#organization\"},\"image\":{\"@id\":\"https:\\\/\\\/www.eldiario.net\\\/portal\\\/2022\\\/03\\\/03\\\/canalizaron-mas-recursos-para-el-sector-agropecuario-en-2021\\\/#primaryimage\"},\"thumbnailUrl\":\"\",\"articleSection\":[\"Econom\u00eda\"],\"inLanguage\":\"es\"},{\"@type\":\"WebPage\",\"@id\":\"https:\\\/\\\/www.eldiario.net\\\/portal\\\/2022\\\/03\\\/03\\\/canalizaron-mas-recursos-para-el-sector-agropecuario-en-2021\\\/\",\"url\":\"https:\\\/\\\/www.eldiario.net\\\/portal\\\/2022\\\/03\\\/03\\\/canalizaron-mas-recursos-para-el-sector-agropecuario-en-2021\\\/\",\"name\":\"Canalizaron m\u00e1s recursos para el sector agropecuario en 2021 - El Diario - Bolivia\",\"isPartOf\":{\"@id\":\"https:\\\/\\\/www.eldiario.net\\\/portal\\\/#website\"},\"primaryImageOfPage\":{\"@id\":\"https:\\\/\\\/www.eldiario.net\\\/portal\\\/2022\\\/03\\\/03\\\/canalizaron-mas-recursos-para-el-sector-agropecuario-en-2021\\\/#primaryimage\"},\"image\":{\"@id\":\"https:\\\/\\\/www.eldiario.net\\\/portal\\\/2022\\\/03\\\/03\\\/canalizaron-mas-recursos-para-el-sector-agropecuario-en-2021\\\/#primaryimage\"},\"thumbnailUrl\":\"\",\"datePublished\":\"2022-03-03T09:43:26+00:00\",\"breadcrumb\":{\"@id\":\"https:\\\/\\\/www.eldiario.net\\\/portal\\\/2022\\\/03\\\/03\\\/canalizaron-mas-recursos-para-el-sector-agropecuario-en-2021\\\/#breadcrumb\"},\"inLanguage\":\"es\",\"potentialAction\":[{\"@type\":\"ReadAction\",\"target\":[\"https:\\\/\\\/www.eldiario.net\\\/portal\\\/2022\\\/03\\\/03\\\/canalizaron-mas-recursos-para-el-sector-agropecuario-en-2021\\\/\"]}]},{\"@type\":\"ImageObject\",\"inLanguage\":\"es\",\"@id\":\"https:\\\/\\\/www.eldiario.net\\\/portal\\\/2022\\\/03\\\/03\\\/canalizaron-mas-recursos-para-el-sector-agropecuario-en-2021\\\/#primaryimage\",\"url\":\"\",\"contentUrl\":\"\"},{\"@type\":\"BreadcrumbList\",\"@id\":\"https:\\\/\\\/www.eldiario.net\\\/portal\\\/2022\\\/03\\\/03\\\/canalizaron-mas-recursos-para-el-sector-agropecuario-en-2021\\\/#breadcrumb\",\"itemListElement\":[{\"@type\":\"ListItem\",\"position\":1,\"name\":\"Portada\",\"item\":\"https:\\\/\\\/www.eldiario.net\\\/portal\\\/\"},{\"@type\":\"ListItem\",\"position\":2,\"name\":\"Canalizaron m\u00e1s recursos para el sector agropecuario en 2021\"}]},{\"@type\":\"WebSite\",\"@id\":\"https:\\\/\\\/www.eldiario.net\\\/portal\\\/#website\",\"url\":\"https:\\\/\\\/www.eldiario.net\\\/portal\\\/\",\"name\":\"El Diario - Decano de la prensa nacional\",\"description\":\"El Diario - Decano de la prensa nacional\",\"publisher\":{\"@id\":\"https:\\\/\\\/www.eldiario.net\\\/portal\\\/#organization\"},\"potentialAction\":[{\"@type\":\"SearchAction\",\"target\":{\"@type\":\"EntryPoint\",\"urlTemplate\":\"https:\\\/\\\/www.eldiario.net\\\/portal\\\/?s={search_term_string}\"},\"query-input\":{\"@type\":\"PropertyValueSpecification\",\"valueRequired\":true,\"valueName\":\"search_term_string\"}}],\"inLanguage\":\"es\"},{\"@type\":\"Organization\",\"@id\":\"https:\\\/\\\/www.eldiario.net\\\/portal\\\/#organization\",\"name\":\"El Diario - Decano de la prensa nacional\",\"url\":\"https:\\\/\\\/www.eldiario.net\\\/portal\\\/\",\"logo\":{\"@type\":\"ImageObject\",\"inLanguage\":\"es\",\"@id\":\"https:\\\/\\\/www.eldiario.net\\\/portal\\\/#\\\/schema\\\/logo\\\/image\\\/\",\"url\":\"https:\\\/\\\/www.eldiario.net\\\/portal\\\/wp-content\\\/uploads\\\/2023\\\/07\\\/logo_ED.jpg\",\"contentUrl\":\"https:\\\/\\\/www.eldiario.net\\\/portal\\\/wp-content\\\/uploads\\\/2023\\\/07\\\/logo_ED.jpg\",\"width\":272,\"height\":52,\"caption\":\"El Diario - Decano de la prensa nacional\"},\"image\":{\"@id\":\"https:\\\/\\\/www.eldiario.net\\\/portal\\\/#\\\/schema\\\/logo\\\/image\\\/\"},\"sameAs\":[\"https:\\\/\\\/www.facebook.com\\\/eldiario.bolivia\\\/\",\"https:\\\/\\\/x.com\\\/eldiario_net\"]},{\"@type\":\"Person\",\"@id\":\"https:\\\/\\\/www.eldiario.net\\\/portal\\\/#\\\/schema\\\/person\\\/2c57cf2b7a7ae032e449e4c9b1019eac\",\"name\":\"Jeanette\",\"image\":{\"@type\":\"ImageObject\",\"inLanguage\":\"es\",\"@id\":\"https:\\\/\\\/secure.gravatar.com\\\/avatar\\\/3ea2118a5f7dad2b7138b1187a6b7ee55f160b9968b66013c3a3ef39dd7e5798?s=96&d=mm&r=g\",\"url\":\"https:\\\/\\\/secure.gravatar.com\\\/avatar\\\/3ea2118a5f7dad2b7138b1187a6b7ee55f160b9968b66013c3a3ef39dd7e5798?s=96&d=mm&r=g\",\"contentUrl\":\"https:\\\/\\\/secure.gravatar.com\\\/avatar\\\/3ea2118a5f7dad2b7138b1187a6b7ee55f160b9968b66013c3a3ef39dd7e5798?s=96&d=mm&r=g\",\"caption\":\"Jeanette\"},\"sameAs\":[\"https:\\\/\\\/www.eldiario.net\\\/portal\"],\"url\":\"https:\\\/\\\/www.eldiario.net\\\/portal\\\/author\\\/jeanette\\\/\"}]}<\/script>\n<!-- \/ Yoast SEO plugin. -->","yoast_head_json":{"title":"Canalizaron m\u00e1s recursos para el sector agropecuario en 2021 - El Diario - Bolivia","robots":{"index":"index","follow":"follow","max-snippet":"max-snippet:-1","max-image-preview":"max-image-preview:large","max-video-preview":"max-video-preview:-1"},"canonical":"https:\/\/www.eldiario.net\/portal\/2022\/03\/03\/canalizaron-mas-recursos-para-el-sector-agropecuario-en-2021\/","og_locale":"es_ES","og_type":"article","og_title":"Canalizaron m\u00e1s recursos para el sector agropecuario en 2021 - El Diario - Bolivia","og_description":"El Ministerio de Desarrollo Rural y Tierras canaliz\u00f3 mayores recursos econ\u00f3micos para el sector agropecuario, con el objetivo de qu\u00e9 a partir de acciones estrat\u00e9gicas, se fortalezca y se reactive, inform\u00f3 el titular de esta cartera de Estado, Remmy Gonz\u00e1lez. Explic\u00f3 que, a partir de las acciones implementadas por las entidades dependientes de este Ministerio [&hellip;]","og_url":"https:\/\/www.eldiario.net\/portal\/2022\/03\/03\/canalizaron-mas-recursos-para-el-sector-agropecuario-en-2021\/","og_site_name":"El Diario - Bolivia","article_publisher":"https:\/\/www.facebook.com\/eldiario.bolivia\/","article_published_time":"2022-03-03T09:43:26+00:00","author":"Jeanette","twitter_card":"summary_large_image","twitter_creator":"@eldiario_net","twitter_site":"@eldiario_net","twitter_misc":{"Escrito por":"Jeanette","Tiempo de lectura":"2 minutos"},"schema":{"@context":"https:\/\/schema.org","@graph":[{"@type":"Article","@id":"https:\/\/www.eldiario.net\/portal\/2022\/03\/03\/canalizaron-mas-recursos-para-el-sector-agropecuario-en-2021\/#article","isPartOf":{"@id":"https:\/\/www.eldiario.net\/portal\/2022\/03\/03\/canalizaron-mas-recursos-para-el-sector-agropecuario-en-2021\/"},"author":{"name":"Jeanette","@id":"https:\/\/www.eldiario.net\/portal\/#\/schema\/person\/2c57cf2b7a7ae032e449e4c9b1019eac"},"headline":"Canalizaron m\u00e1s recursos para el sector agropecuario en 2021","datePublished":"2022-03-03T09:43:26+00:00","mainEntityOfPage":{"@id":"https:\/\/www.eldiario.net\/portal\/2022\/03\/03\/canalizaron-mas-recursos-para-el-sector-agropecuario-en-2021\/"},"wordCount":303,"publisher":{"@id":"https:\/\/www.eldiario.net\/portal\/#organization"},"image":{"@id":"https:\/\/www.eldiario.net\/portal\/2022\/03\/03\/canalizaron-mas-recursos-para-el-sector-agropecuario-en-2021\/#primaryimage"},"thumbnailUrl":"","articleSection":["Econom\u00eda"],"inLanguage":"es"},{"@type":"WebPage","@id":"https:\/\/www.eldiario.net\/portal\/2022\/03\/03\/canalizaron-mas-recursos-para-el-sector-agropecuario-en-2021\/","url":"https:\/\/www.eldiario.net\/portal\/2022\/03\/03\/canalizaron-mas-recursos-para-el-sector-agropecuario-en-2021\/","name":"Canalizaron m\u00e1s recursos para el sector agropecuario en 2021 - El Diario - Bolivia","isPartOf":{"@id":"https:\/\/www.eldiario.net\/portal\/#website"},"primaryImageOfPage":{"@id":"https:\/\/www.eldiario.net\/portal\/2022\/03\/03\/canalizaron-mas-recursos-para-el-sector-agropecuario-en-2021\/#primaryimage"},"image":{"@id":"https:\/\/www.eldiario.net\/portal\/2022\/03\/03\/canalizaron-mas-recursos-para-el-sector-agropecuario-en-2021\/#primaryimage"},"thumbnailUrl":"","datePublished":"2022-03-03T09:43:26+00:00","breadcrumb":{"@id":"https:\/\/www.eldiario.net\/portal\/2022\/03\/03\/canalizaron-mas-recursos-para-el-sector-agropecuario-en-2021\/#breadcrumb"},"inLanguage":"es","potentialAction":[{"@type":"ReadAction","target":["https:\/\/www.eldiario.net\/portal\/2022\/03\/03\/canalizaron-mas-recursos-para-el-sector-agropecuario-en-2021\/"]}]},{"@type":"ImageObject","inLanguage":"es","@id":"https:\/\/www.eldiario.net\/portal\/2022\/03\/03\/canalizaron-mas-recursos-para-el-sector-agropecuario-en-2021\/#primaryimage","url":"","contentUrl":""},{"@type":"BreadcrumbList","@id":"https:\/\/www.eldiario.net\/portal\/2022\/03\/03\/canalizaron-mas-recursos-para-el-sector-agropecuario-en-2021\/#breadcrumb","itemListElement":[{"@type":"ListItem","position":1,"name":"Portada","item":"https:\/\/www.eldiario.net\/portal\/"},{"@type":"ListItem","position":2,"name":"Canalizaron m\u00e1s recursos para el sector agropecuario en 2021"}]},{"@type":"WebSite","@id":"https:\/\/www.eldiario.net\/portal\/#website","url":"https:\/\/www.eldiario.net\/portal\/","name":"El Diario - Decano de la prensa nacional","description":"El Diario - Decano de la prensa nacional","publisher":{"@id":"https:\/\/www.eldiario.net\/portal\/#organization"},"potentialAction":[{"@type":"SearchAction","target":{"@type":"EntryPoint","urlTemplate":"https:\/\/www.eldiario.net\/portal\/?s={search_term_string}"},"query-input":{"@type":"PropertyValueSpecification","valueRequired":true,"valueName":"search_term_string"}}],"inLanguage":"es"},{"@type":"Organization","@id":"https:\/\/www.eldiario.net\/portal\/#organization","name":"El Diario - Decano de la prensa nacional","url":"https:\/\/www.eldiario.net\/portal\/","logo":{"@type":"ImageObject","inLanguage":"es","@id":"https:\/\/www.eldiario.net\/portal\/#\/schema\/logo\/image\/","url":"https:\/\/www.eldiario.net\/portal\/wp-content\/uploads\/2023\/07\/logo_ED.jpg","contentUrl":"https:\/\/www.eldiario.net\/portal\/wp-content\/uploads\/2023\/07\/logo_ED.jpg","width":272,"height":52,"caption":"El Diario - Decano de la prensa nacional"},"image":{"@id":"https:\/\/www.eldiario.net\/portal\/#\/schema\/logo\/image\/"},"sameAs":["https:\/\/www.facebook.com\/eldiario.bolivia\/","https:\/\/x.com\/eldiario_net"]},{"@type":"Person","@id":"https:\/\/www.eldiario.net\/portal\/#\/schema\/person\/2c57cf2b7a7ae032e449e4c9b1019eac","name":"Jeanette","image":{"@type":"ImageObject","inLanguage":"es","@id":"https:\/\/secure.gravatar.com\/avatar\/3ea2118a5f7dad2b7138b1187a6b7ee55f160b9968b66013c3a3ef39dd7e5798?s=96&d=mm&r=g","url":"https:\/\/secure.gravatar.com\/avatar\/3ea2118a5f7dad2b7138b1187a6b7ee55f160b9968b66013c3a3ef39dd7e5798?s=96&d=mm&r=g","contentUrl":"https:\/\/secure.gravatar.com\/avatar\/3ea2118a5f7dad2b7138b1187a6b7ee55f160b9968b66013c3a3ef39dd7e5798?s=96&d=mm&r=g","caption":"Jeanette"},"sameAs":["https:\/\/www.eldiario.net\/portal"],"url":"https:\/\/www.eldiario.net\/portal\/author\/jeanette\/"}]}},"_links":{"self":[{"href":"https:\/\/www.eldiario.net\/portal\/wp-json\/wp\/v2\/posts\/66986","targetHints":{"allow":["GET"]}}],"collection":[{"href":"https:\/\/www.eldiario.net\/portal\/wp-json\/wp\/v2\/posts"}],"about":[{"href":"https:\/\/www.eldiario.net\/portal\/wp-json\/wp\/v2\/types\/post"}],"author":[{"embeddable":true,"href":"https:\/\/www.eldiario.net\/portal\/wp-json\/wp\/v2\/users\/1"}],"replies":[{"embeddable":true,"href":"https:\/\/www.eldiario.net\/portal\/wp-json\/wp\/v2\/comments?post=66986"}],"version-history":[{"count":0,"href":"https:\/\/www.eldiario.net\/portal\/wp-json\/wp\/v2\/posts\/66986\/revisions"}],"wp:attachment":[{"href":"https:\/\/www.eldiario.net\/portal\/wp-json\/wp\/v2\/media?parent=66986"}],"wp:term":[{"taxonomy":"category","embeddable":true,"href":"https:\/\/www.eldiario.net\/portal\/wp-json\/wp\/v2\/categories?post=66986"},{"taxonomy":"post_tag","embeddable":true,"href":"https:\/\/www.eldiario.net\/portal\/wp-json\/wp\/v2\/tags?post=66986"}],"curies":[{"name":"wp","href":"https:\/\/api.w.org\/{rel}","templated":true}]}}