{"id":66983,"date":"2022-03-03T05:42:08","date_gmt":"2022-03-03T09:42:08","guid":{"rendered":"https:\/\/www.eldiario.net\/portal\/?p=66983"},"modified":"2022-03-03T05:42:08","modified_gmt":"2022-03-03T09:42:08","slug":"alcaldesa-eva-copa-anuncia-obras-para-37-aniversario","status":"publish","type":"post","link":"https:\/\/www.eldiario.net\/portal\/2022\/03\/03\/alcaldesa-eva-copa-anuncia-obras-para-37-aniversario\/","title":{"rendered":"Alcaldesa Eva Copa anuncia  obras para 37 aniversario"},"content":{"rendered":"<p>Como parte de los festejos de los 37 a\u00f1os de vida que cumple la ciudad de El Alto el pr\u00f3ximo 6 de marzo, la alcaldesa Eva Copa anuncia la construcci\u00f3n de dos hospitales de segundo nivel y cuatro distribuidores para el descongestionamiento vehicular.<\/p>\n<p>Con relaci\u00f3n a estas obras que se tiene planificado, Copa se\u00f1al\u00f3 que en el caso de los dos nosocomios que fueron anunciados, las mismas que ser\u00e1n edificadas en los distritos 7 y 8, sectores donde la atenci\u00f3n a la salud todav\u00eda presenta deficiencias adem\u00e1s del crecimiento de la poblaci\u00f3n que se ha dado en los \u00faltimos a\u00f1os.<\/p>\n<p>\u201cA pesar de que se ha dado todo lo que se ha podido durante todo este periodo del covid-19, en estos dos distritos hemos podido advertir el crecimiento poblacional muy acelerado, por lo que tambi\u00e9n en tema de la salud es necesario prevenir, por eso se ha acordado la construcci\u00f3n de estos dos hospitales de segundo nivel y de esta forma prevenir la salud de los vecinos\u201d, explic\u00f3 Copa.<\/p>\n<p>Mientras que en el caso de los puentes distribuidores, se tiene previsto realizar estas infraestructuras en el puente R\u00edo Seco, Distrito 4; puente Senkata, Distrito 8; puente Litoral, Distrito 2 y puente Bolivia del mismo sector, los cuales podr\u00e1n mejorar el tr\u00e1fico vehicular, que de un tiempo a esta parte se ha convertido en congestionamientos continuos a causa del crecimiento del parque automotor.<\/p>\n<p>\u201cEn todas estas obras existe la predisposici\u00f3n desde el Gobierno central para trabajar como contraparte y nosotros debemos aceptar estas predisposiciones, porque de lo que se trata es tener m\u00e1s obras para el beneficio de nuestra ciudadan\u00eda\u201d, asever\u00f3 la autoridad.<\/p>\n<p>Entre otros temas que se pudo conversar, seg\u00fan la alcaldesa Copa, con diferentes instancias del Gobierno, es el mejoramiento de las carreteras interprovinciales, con acceso hacia la ciudad de El Alto, para mejorar el transporte de productos agr\u00edcolas.<\/p>\n<p>En cuanto al logro de mayores \u00edtems en salud se deber\u00e1 trabajar con la Gobernaci\u00f3n de La Paz, entre otras instancias y de esta forma lograr que la ciudad de El Alto, pueda contar con todas sus necesidades.<\/p>\n<p>La autoridad confirm\u00f3 que las actividades se inician hoy 3 de marzo, con la iza de la bandera en la Casa Municipal, el viernes 4 se realizar\u00e1 el desfile c\u00edvico militar en la avenida 6 de Marzo; el s\u00e1bado 5 ser\u00e1 inaugurada la Terminal Metropolitana, donde tambi\u00e9n se entregar\u00e1n ambulancias a los diferentes hospitales de la urbe; el domingo 6 se realizar\u00e1 la Sesi\u00f3n de Honor en la Casa Municipal con la presencia del presidente Luis Arce Catacora.<\/p>\n<p>&nbsp;<\/p>\n<p>&nbsp;<\/p>\n","protected":false},"excerpt":{"rendered":"<p>Como parte de los festejos de los 37 a\u00f1os de vida que cumple la ciudad de El Alto el pr\u00f3ximo 6 de marzo, la alcaldesa Eva Copa anuncia la construcci\u00f3n de dos hospitales de segundo nivel y cuatro distribuidores para el descongestionamiento vehicular. Con relaci\u00f3n a estas obras que se tiene planificado, Copa se\u00f1al\u00f3 que [&hellip;]<\/p>\n","protected":false},"author":1,"featured_media":66984,"comment_status":"closed","ping_status":"closed","sticky":false,"template":"","format":"standard","meta":{"_acf_changed":false,"footnotes":""},"categories":[12],"tags":[],"class_list":["post-66983","post","type-post","status-publish","format-standard","has-post-thumbnail","category-nacional"],"acf":{"antetitulo":""},"yoast_head":"<!-- This site is optimized with the Yoast SEO plugin v28.4 - https:\/\/yoast.com\/product\/yoast-seo-wordpress\/ -->\n<title>Alcaldesa Eva Copa anuncia obras para 37 aniversario - El Diario - Bolivia<\/title>\n<meta name=\"robots\" content=\"index, follow, max-snippet:-1, max-image-preview:large, max-video-preview:-1\" \/>\n<link rel=\"canonical\" href=\"https:\/\/www.eldiario.net\/portal\/2022\/03\/03\/alcaldesa-eva-copa-anuncia-obras-para-37-aniversario\/\" \/>\n<meta property=\"og:locale\" content=\"es_ES\" \/>\n<meta property=\"og:type\" content=\"article\" \/>\n<meta property=\"og:title\" content=\"Alcaldesa Eva Copa anuncia obras para 37 aniversario - El Diario - Bolivia\" \/>\n<meta property=\"og:description\" content=\"Como parte de los festejos de los 37 a\u00f1os de vida que cumple la ciudad de El Alto el pr\u00f3ximo 6 de marzo, la alcaldesa Eva Copa anuncia la construcci\u00f3n de dos hospitales de segundo nivel y cuatro distribuidores para el descongestionamiento vehicular. Con relaci\u00f3n a estas obras que se tiene planificado, Copa se\u00f1al\u00f3 que [&hellip;]\" \/>\n<meta property=\"og:url\" content=\"https:\/\/www.eldiario.net\/portal\/2022\/03\/03\/alcaldesa-eva-copa-anuncia-obras-para-37-aniversario\/\" \/>\n<meta property=\"og:site_name\" content=\"El Diario - Bolivia\" \/>\n<meta property=\"article:publisher\" content=\"https:\/\/www.facebook.com\/eldiario.bolivia\/\" \/>\n<meta property=\"article:published_time\" content=\"2022-03-03T09:42:08+00:00\" \/>\n<meta name=\"author\" content=\"Jeanette\" \/>\n<meta name=\"twitter:card\" content=\"summary_large_image\" \/>\n<meta name=\"twitter:creator\" content=\"@eldiario_net\" \/>\n<meta name=\"twitter:site\" content=\"@eldiario_net\" \/>\n<meta name=\"twitter:label1\" content=\"Escrito por\" \/>\n\t<meta name=\"twitter:data1\" content=\"Jeanette\" \/>\n\t<meta name=\"twitter:label2\" content=\"Tiempo de lectura\" \/>\n\t<meta name=\"twitter:data2\" content=\"2 minutos\" \/>\n<script type=\"application\/ld+json\" class=\"yoast-schema-graph\">{\"@context\":\"https:\\\/\\\/schema.org\",\"@graph\":[{\"@type\":\"Article\",\"@id\":\"https:\\\/\\\/www.eldiario.net\\\/portal\\\/2022\\\/03\\\/03\\\/alcaldesa-eva-copa-anuncia-obras-para-37-aniversario\\\/#article\",\"isPartOf\":{\"@id\":\"https:\\\/\\\/www.eldiario.net\\\/portal\\\/2022\\\/03\\\/03\\\/alcaldesa-eva-copa-anuncia-obras-para-37-aniversario\\\/\"},\"author\":{\"name\":\"Jeanette\",\"@id\":\"https:\\\/\\\/www.eldiario.net\\\/portal\\\/#\\\/schema\\\/person\\\/2c57cf2b7a7ae032e449e4c9b1019eac\"},\"headline\":\"Alcaldesa Eva Copa anuncia obras para 37 aniversario\",\"datePublished\":\"2022-03-03T09:42:08+00:00\",\"mainEntityOfPage\":{\"@id\":\"https:\\\/\\\/www.eldiario.net\\\/portal\\\/2022\\\/03\\\/03\\\/alcaldesa-eva-copa-anuncia-obras-para-37-aniversario\\\/\"},\"wordCount\":450,\"publisher\":{\"@id\":\"https:\\\/\\\/www.eldiario.net\\\/portal\\\/#organization\"},\"image\":{\"@id\":\"https:\\\/\\\/www.eldiario.net\\\/portal\\\/2022\\\/03\\\/03\\\/alcaldesa-eva-copa-anuncia-obras-para-37-aniversario\\\/#primaryimage\"},\"thumbnailUrl\":\"\",\"articleSection\":[\"Nacional\"],\"inLanguage\":\"es\"},{\"@type\":\"WebPage\",\"@id\":\"https:\\\/\\\/www.eldiario.net\\\/portal\\\/2022\\\/03\\\/03\\\/alcaldesa-eva-copa-anuncia-obras-para-37-aniversario\\\/\",\"url\":\"https:\\\/\\\/www.eldiario.net\\\/portal\\\/2022\\\/03\\\/03\\\/alcaldesa-eva-copa-anuncia-obras-para-37-aniversario\\\/\",\"name\":\"Alcaldesa Eva Copa anuncia obras para 37 aniversario - El Diario - Bolivia\",\"isPartOf\":{\"@id\":\"https:\\\/\\\/www.eldiario.net\\\/portal\\\/#website\"},\"primaryImageOfPage\":{\"@id\":\"https:\\\/\\\/www.eldiario.net\\\/portal\\\/2022\\\/03\\\/03\\\/alcaldesa-eva-copa-anuncia-obras-para-37-aniversario\\\/#primaryimage\"},\"image\":{\"@id\":\"https:\\\/\\\/www.eldiario.net\\\/portal\\\/2022\\\/03\\\/03\\\/alcaldesa-eva-copa-anuncia-obras-para-37-aniversario\\\/#primaryimage\"},\"thumbnailUrl\":\"\",\"datePublished\":\"2022-03-03T09:42:08+00:00\",\"breadcrumb\":{\"@id\":\"https:\\\/\\\/www.eldiario.net\\\/portal\\\/2022\\\/03\\\/03\\\/alcaldesa-eva-copa-anuncia-obras-para-37-aniversario\\\/#breadcrumb\"},\"inLanguage\":\"es\",\"potentialAction\":[{\"@type\":\"ReadAction\",\"target\":[\"https:\\\/\\\/www.eldiario.net\\\/portal\\\/2022\\\/03\\\/03\\\/alcaldesa-eva-copa-anuncia-obras-para-37-aniversario\\\/\"]}]},{\"@type\":\"ImageObject\",\"inLanguage\":\"es\",\"@id\":\"https:\\\/\\\/www.eldiario.net\\\/portal\\\/2022\\\/03\\\/03\\\/alcaldesa-eva-copa-anuncia-obras-para-37-aniversario\\\/#primaryimage\",\"url\":\"\",\"contentUrl\":\"\"},{\"@type\":\"BreadcrumbList\",\"@id\":\"https:\\\/\\\/www.eldiario.net\\\/portal\\\/2022\\\/03\\\/03\\\/alcaldesa-eva-copa-anuncia-obras-para-37-aniversario\\\/#breadcrumb\",\"itemListElement\":[{\"@type\":\"ListItem\",\"position\":1,\"name\":\"Portada\",\"item\":\"https:\\\/\\\/www.eldiario.net\\\/portal\\\/\"},{\"@type\":\"ListItem\",\"position\":2,\"name\":\"Alcaldesa Eva Copa anuncia obras para 37 aniversario\"}]},{\"@type\":\"WebSite\",\"@id\":\"https:\\\/\\\/www.eldiario.net\\\/portal\\\/#website\",\"url\":\"https:\\\/\\\/www.eldiario.net\\\/portal\\\/\",\"name\":\"El Diario - Decano de la prensa nacional\",\"description\":\"El Diario - Decano de la prensa nacional\",\"publisher\":{\"@id\":\"https:\\\/\\\/www.eldiario.net\\\/portal\\\/#organization\"},\"potentialAction\":[{\"@type\":\"SearchAction\",\"target\":{\"@type\":\"EntryPoint\",\"urlTemplate\":\"https:\\\/\\\/www.eldiario.net\\\/portal\\\/?s={search_term_string}\"},\"query-input\":{\"@type\":\"PropertyValueSpecification\",\"valueRequired\":true,\"valueName\":\"search_term_string\"}}],\"inLanguage\":\"es\"},{\"@type\":\"Organization\",\"@id\":\"https:\\\/\\\/www.eldiario.net\\\/portal\\\/#organization\",\"name\":\"El Diario - Decano de la prensa nacional\",\"url\":\"https:\\\/\\\/www.eldiario.net\\\/portal\\\/\",\"logo\":{\"@type\":\"ImageObject\",\"inLanguage\":\"es\",\"@id\":\"https:\\\/\\\/www.eldiario.net\\\/portal\\\/#\\\/schema\\\/logo\\\/image\\\/\",\"url\":\"https:\\\/\\\/www.eldiario.net\\\/portal\\\/wp-content\\\/uploads\\\/2023\\\/07\\\/logo_ED.jpg\",\"contentUrl\":\"https:\\\/\\\/www.eldiario.net\\\/portal\\\/wp-content\\\/uploads\\\/2023\\\/07\\\/logo_ED.jpg\",\"width\":272,\"height\":52,\"caption\":\"El Diario - Decano de la prensa nacional\"},\"image\":{\"@id\":\"https:\\\/\\\/www.eldiario.net\\\/portal\\\/#\\\/schema\\\/logo\\\/image\\\/\"},\"sameAs\":[\"https:\\\/\\\/www.facebook.com\\\/eldiario.bolivia\\\/\",\"https:\\\/\\\/x.com\\\/eldiario_net\"]},{\"@type\":\"Person\",\"@id\":\"https:\\\/\\\/www.eldiario.net\\\/portal\\\/#\\\/schema\\\/person\\\/2c57cf2b7a7ae032e449e4c9b1019eac\",\"name\":\"Jeanette\",\"image\":{\"@type\":\"ImageObject\",\"inLanguage\":\"es\",\"@id\":\"https:\\\/\\\/secure.gravatar.com\\\/avatar\\\/3ea2118a5f7dad2b7138b1187a6b7ee55f160b9968b66013c3a3ef39dd7e5798?s=96&d=mm&r=g\",\"url\":\"https:\\\/\\\/secure.gravatar.com\\\/avatar\\\/3ea2118a5f7dad2b7138b1187a6b7ee55f160b9968b66013c3a3ef39dd7e5798?s=96&d=mm&r=g\",\"contentUrl\":\"https:\\\/\\\/secure.gravatar.com\\\/avatar\\\/3ea2118a5f7dad2b7138b1187a6b7ee55f160b9968b66013c3a3ef39dd7e5798?s=96&d=mm&r=g\",\"caption\":\"Jeanette\"},\"sameAs\":[\"https:\\\/\\\/www.eldiario.net\\\/portal\"],\"url\":\"https:\\\/\\\/www.eldiario.net\\\/portal\\\/author\\\/jeanette\\\/\"}]}<\/script>\n<!-- \/ Yoast SEO plugin. -->","yoast_head_json":{"title":"Alcaldesa Eva Copa anuncia obras para 37 aniversario - El Diario - Bolivia","robots":{"index":"index","follow":"follow","max-snippet":"max-snippet:-1","max-image-preview":"max-image-preview:large","max-video-preview":"max-video-preview:-1"},"canonical":"https:\/\/www.eldiario.net\/portal\/2022\/03\/03\/alcaldesa-eva-copa-anuncia-obras-para-37-aniversario\/","og_locale":"es_ES","og_type":"article","og_title":"Alcaldesa Eva Copa anuncia obras para 37 aniversario - El Diario - Bolivia","og_description":"Como parte de los festejos de los 37 a\u00f1os de vida que cumple la ciudad de El Alto el pr\u00f3ximo 6 de marzo, la alcaldesa Eva Copa anuncia la construcci\u00f3n de dos hospitales de segundo nivel y cuatro distribuidores para el descongestionamiento vehicular. Con relaci\u00f3n a estas obras que se tiene planificado, Copa se\u00f1al\u00f3 que [&hellip;]","og_url":"https:\/\/www.eldiario.net\/portal\/2022\/03\/03\/alcaldesa-eva-copa-anuncia-obras-para-37-aniversario\/","og_site_name":"El Diario - Bolivia","article_publisher":"https:\/\/www.facebook.com\/eldiario.bolivia\/","article_published_time":"2022-03-03T09:42:08+00:00","author":"Jeanette","twitter_card":"summary_large_image","twitter_creator":"@eldiario_net","twitter_site":"@eldiario_net","twitter_misc":{"Escrito por":"Jeanette","Tiempo de lectura":"2 minutos"},"schema":{"@context":"https:\/\/schema.org","@graph":[{"@type":"Article","@id":"https:\/\/www.eldiario.net\/portal\/2022\/03\/03\/alcaldesa-eva-copa-anuncia-obras-para-37-aniversario\/#article","isPartOf":{"@id":"https:\/\/www.eldiario.net\/portal\/2022\/03\/03\/alcaldesa-eva-copa-anuncia-obras-para-37-aniversario\/"},"author":{"name":"Jeanette","@id":"https:\/\/www.eldiario.net\/portal\/#\/schema\/person\/2c57cf2b7a7ae032e449e4c9b1019eac"},"headline":"Alcaldesa Eva Copa anuncia obras para 37 aniversario","datePublished":"2022-03-03T09:42:08+00:00","mainEntityOfPage":{"@id":"https:\/\/www.eldiario.net\/portal\/2022\/03\/03\/alcaldesa-eva-copa-anuncia-obras-para-37-aniversario\/"},"wordCount":450,"publisher":{"@id":"https:\/\/www.eldiario.net\/portal\/#organization"},"image":{"@id":"https:\/\/www.eldiario.net\/portal\/2022\/03\/03\/alcaldesa-eva-copa-anuncia-obras-para-37-aniversario\/#primaryimage"},"thumbnailUrl":"","articleSection":["Nacional"],"inLanguage":"es"},{"@type":"WebPage","@id":"https:\/\/www.eldiario.net\/portal\/2022\/03\/03\/alcaldesa-eva-copa-anuncia-obras-para-37-aniversario\/","url":"https:\/\/www.eldiario.net\/portal\/2022\/03\/03\/alcaldesa-eva-copa-anuncia-obras-para-37-aniversario\/","name":"Alcaldesa Eva Copa anuncia obras para 37 aniversario - El Diario - Bolivia","isPartOf":{"@id":"https:\/\/www.eldiario.net\/portal\/#website"},"primaryImageOfPage":{"@id":"https:\/\/www.eldiario.net\/portal\/2022\/03\/03\/alcaldesa-eva-copa-anuncia-obras-para-37-aniversario\/#primaryimage"},"image":{"@id":"https:\/\/www.eldiario.net\/portal\/2022\/03\/03\/alcaldesa-eva-copa-anuncia-obras-para-37-aniversario\/#primaryimage"},"thumbnailUrl":"","datePublished":"2022-03-03T09:42:08+00:00","breadcrumb":{"@id":"https:\/\/www.eldiario.net\/portal\/2022\/03\/03\/alcaldesa-eva-copa-anuncia-obras-para-37-aniversario\/#breadcrumb"},"inLanguage":"es","potentialAction":[{"@type":"ReadAction","target":["https:\/\/www.eldiario.net\/portal\/2022\/03\/03\/alcaldesa-eva-copa-anuncia-obras-para-37-aniversario\/"]}]},{"@type":"ImageObject","inLanguage":"es","@id":"https:\/\/www.eldiario.net\/portal\/2022\/03\/03\/alcaldesa-eva-copa-anuncia-obras-para-37-aniversario\/#primaryimage","url":"","contentUrl":""},{"@type":"BreadcrumbList","@id":"https:\/\/www.eldiario.net\/portal\/2022\/03\/03\/alcaldesa-eva-copa-anuncia-obras-para-37-aniversario\/#breadcrumb","itemListElement":[{"@type":"ListItem","position":1,"name":"Portada","item":"https:\/\/www.eldiario.net\/portal\/"},{"@type":"ListItem","position":2,"name":"Alcaldesa Eva Copa anuncia obras para 37 aniversario"}]},{"@type":"WebSite","@id":"https:\/\/www.eldiario.net\/portal\/#website","url":"https:\/\/www.eldiario.net\/portal\/","name":"El Diario - Decano de la prensa nacional","description":"El Diario - Decano de la prensa nacional","publisher":{"@id":"https:\/\/www.eldiario.net\/portal\/#organization"},"potentialAction":[{"@type":"SearchAction","target":{"@type":"EntryPoint","urlTemplate":"https:\/\/www.eldiario.net\/portal\/?s={search_term_string}"},"query-input":{"@type":"PropertyValueSpecification","valueRequired":true,"valueName":"search_term_string"}}],"inLanguage":"es"},{"@type":"Organization","@id":"https:\/\/www.eldiario.net\/portal\/#organization","name":"El Diario - Decano de la prensa nacional","url":"https:\/\/www.eldiario.net\/portal\/","logo":{"@type":"ImageObject","inLanguage":"es","@id":"https:\/\/www.eldiario.net\/portal\/#\/schema\/logo\/image\/","url":"https:\/\/www.eldiario.net\/portal\/wp-content\/uploads\/2023\/07\/logo_ED.jpg","contentUrl":"https:\/\/www.eldiario.net\/portal\/wp-content\/uploads\/2023\/07\/logo_ED.jpg","width":272,"height":52,"caption":"El Diario - Decano de la prensa nacional"},"image":{"@id":"https:\/\/www.eldiario.net\/portal\/#\/schema\/logo\/image\/"},"sameAs":["https:\/\/www.facebook.com\/eldiario.bolivia\/","https:\/\/x.com\/eldiario_net"]},{"@type":"Person","@id":"https:\/\/www.eldiario.net\/portal\/#\/schema\/person\/2c57cf2b7a7ae032e449e4c9b1019eac","name":"Jeanette","image":{"@type":"ImageObject","inLanguage":"es","@id":"https:\/\/secure.gravatar.com\/avatar\/3ea2118a5f7dad2b7138b1187a6b7ee55f160b9968b66013c3a3ef39dd7e5798?s=96&d=mm&r=g","url":"https:\/\/secure.gravatar.com\/avatar\/3ea2118a5f7dad2b7138b1187a6b7ee55f160b9968b66013c3a3ef39dd7e5798?s=96&d=mm&r=g","contentUrl":"https:\/\/secure.gravatar.com\/avatar\/3ea2118a5f7dad2b7138b1187a6b7ee55f160b9968b66013c3a3ef39dd7e5798?s=96&d=mm&r=g","caption":"Jeanette"},"sameAs":["https:\/\/www.eldiario.net\/portal"],"url":"https:\/\/www.eldiario.net\/portal\/author\/jeanette\/"}]}},"_links":{"self":[{"href":"https:\/\/www.eldiario.net\/portal\/wp-json\/wp\/v2\/posts\/66983","targetHints":{"allow":["GET"]}}],"collection":[{"href":"https:\/\/www.eldiario.net\/portal\/wp-json\/wp\/v2\/posts"}],"about":[{"href":"https:\/\/www.eldiario.net\/portal\/wp-json\/wp\/v2\/types\/post"}],"author":[{"embeddable":true,"href":"https:\/\/www.eldiario.net\/portal\/wp-json\/wp\/v2\/users\/1"}],"replies":[{"embeddable":true,"href":"https:\/\/www.eldiario.net\/portal\/wp-json\/wp\/v2\/comments?post=66983"}],"version-history":[{"count":0,"href":"https:\/\/www.eldiario.net\/portal\/wp-json\/wp\/v2\/posts\/66983\/revisions"}],"wp:attachment":[{"href":"https:\/\/www.eldiario.net\/portal\/wp-json\/wp\/v2\/media?parent=66983"}],"wp:term":[{"taxonomy":"category","embeddable":true,"href":"https:\/\/www.eldiario.net\/portal\/wp-json\/wp\/v2\/categories?post=66983"},{"taxonomy":"post_tag","embeddable":true,"href":"https:\/\/www.eldiario.net\/portal\/wp-json\/wp\/v2\/tags?post=66983"}],"curies":[{"name":"wp","href":"https:\/\/api.w.org\/{rel}","templated":true}]}}