{"id":66928,"date":"2022-03-03T05:24:24","date_gmt":"2022-03-03T09:24:24","guid":{"rendered":"https:\/\/www.eldiario.net\/portal\/?p=66928"},"modified":"2022-03-03T05:24:24","modified_gmt":"2022-03-03T09:24:24","slug":"corso-de-corsos-del-sabado-con-participacion-de-64-fraternidades","status":"publish","type":"post","link":"https:\/\/www.eldiario.net\/portal\/2022\/03\/03\/corso-de-corsos-del-sabado-con-participacion-de-64-fraternidades\/","title":{"rendered":"Corso de Corsos del s\u00e1bado con participaci\u00f3n de 64 fraternidades"},"content":{"rendered":"<p>El Corso de Corsos que cerrar\u00e1 el Carnaval de la Concordia en la ciudad de Cochabamba tendr\u00e1 la participaci\u00f3n de 64 fraternidades, inform\u00f3 la secretaria de Desarrollo Productivo, Turismo y Cultura de la alcald\u00eda del Cercado, Mariela Jim\u00e9nez.<\/p>\n<p>Inform\u00f3 que se desplegar\u00e1n 600 funcionarios p\u00fablicos que se encargar\u00e1n de cuidar que no existan baches entre fraternidades y tambi\u00e9n asegurar que espectadores y fraternidades cumplan los protocolos de bioseguridad.<\/p>\n<p>Recalc\u00f3 que el uso de agua y espuma y el consumo de bebidas alcoh\u00f3licas son prohibidas. Los espectadores o fraternidades que no cumplan con estas medidas ser\u00e1n multados o suspendidos y no podr\u00e1n participar de las siguientes actividades.<\/p>\n<p>\u201cVamos a tener estrictos controles en todo el recorrido, tendremos el apoyo de 2.000 efectivos policiales y diferentes Secretar\u00edas de la alcald\u00eda realizar\u00e1n los operativos correspondientes en el trascurso del Corso de Corsos\u201d, explic\u00f3 Jim\u00e9nez.<\/p>\n<p>Agreg\u00f3 que se planea comenzar con el Corso de Corsos a las 09:00 horas.<\/p>\n<p>La Secretaria tambi\u00e9n realiz\u00f3 la invitaci\u00f3n a la poblaci\u00f3n cochabambina a participar de un Carnaval Seguro \u201cinvitamos a las familias cochabambinas a participar este s\u00e1bado de marzo de este gran evento cultural y folcl\u00f3rico que ser\u00e1 el cierre oficial del Carnaval de la Concordia\u201d. (Cochabamba, agencias)<\/p>\n<p>&nbsp;<\/p>\n","protected":false},"excerpt":{"rendered":"<p>El Corso de Corsos que cerrar\u00e1 el Carnaval de la Concordia en la ciudad de Cochabamba tendr\u00e1 la participaci\u00f3n de 64 fraternidades, inform\u00f3 la secretaria de Desarrollo Productivo, Turismo y Cultura de la alcald\u00eda del Cercado, Mariela Jim\u00e9nez. Inform\u00f3 que se desplegar\u00e1n 600 funcionarios p\u00fablicos que se encargar\u00e1n de cuidar que no existan baches entre [&hellip;]<\/p>\n","protected":false},"author":1,"featured_media":66929,"comment_status":"closed","ping_status":"closed","sticky":false,"template":"","format":"standard","meta":{"_acf_changed":false,"footnotes":""},"categories":[12],"tags":[],"class_list":["post-66928","post","type-post","status-publish","format-standard","has-post-thumbnail","category-nacional"],"acf":{"antetitulo":""},"yoast_head":"<!-- This site is optimized with the Yoast SEO plugin v28.4 - https:\/\/yoast.com\/product\/yoast-seo-wordpress\/ -->\n<title>Corso de Corsos del s\u00e1bado con participaci\u00f3n de 64 fraternidades - El Diario - Bolivia<\/title>\n<meta name=\"robots\" content=\"index, follow, max-snippet:-1, max-image-preview:large, max-video-preview:-1\" \/>\n<link rel=\"canonical\" href=\"https:\/\/www.eldiario.net\/portal\/2022\/03\/03\/corso-de-corsos-del-sabado-con-participacion-de-64-fraternidades\/\" \/>\n<meta property=\"og:locale\" content=\"es_ES\" \/>\n<meta property=\"og:type\" content=\"article\" \/>\n<meta property=\"og:title\" content=\"Corso de Corsos del s\u00e1bado con participaci\u00f3n de 64 fraternidades - El Diario - Bolivia\" \/>\n<meta property=\"og:description\" content=\"El Corso de Corsos que cerrar\u00e1 el Carnaval de la Concordia en la ciudad de Cochabamba tendr\u00e1 la participaci\u00f3n de 64 fraternidades, inform\u00f3 la secretaria de Desarrollo Productivo, Turismo y Cultura de la alcald\u00eda del Cercado, Mariela Jim\u00e9nez. Inform\u00f3 que se desplegar\u00e1n 600 funcionarios p\u00fablicos que se encargar\u00e1n de cuidar que no existan baches entre [&hellip;]\" \/>\n<meta property=\"og:url\" content=\"https:\/\/www.eldiario.net\/portal\/2022\/03\/03\/corso-de-corsos-del-sabado-con-participacion-de-64-fraternidades\/\" \/>\n<meta property=\"og:site_name\" content=\"El Diario - Bolivia\" \/>\n<meta property=\"article:publisher\" content=\"https:\/\/www.facebook.com\/eldiario.bolivia\/\" \/>\n<meta property=\"article:published_time\" content=\"2022-03-03T09:24:24+00:00\" \/>\n<meta name=\"author\" content=\"Jeanette\" \/>\n<meta name=\"twitter:card\" content=\"summary_large_image\" \/>\n<meta name=\"twitter:creator\" content=\"@eldiario_net\" \/>\n<meta name=\"twitter:site\" content=\"@eldiario_net\" \/>\n<meta name=\"twitter:label1\" content=\"Escrito por\" \/>\n\t<meta name=\"twitter:data1\" content=\"Jeanette\" \/>\n\t<meta name=\"twitter:label2\" content=\"Tiempo de lectura\" \/>\n\t<meta name=\"twitter:data2\" content=\"2 minutos\" \/>\n<script type=\"application\/ld+json\" class=\"yoast-schema-graph\">{\"@context\":\"https:\\\/\\\/schema.org\",\"@graph\":[{\"@type\":\"Article\",\"@id\":\"https:\\\/\\\/www.eldiario.net\\\/portal\\\/2022\\\/03\\\/03\\\/corso-de-corsos-del-sabado-con-participacion-de-64-fraternidades\\\/#article\",\"isPartOf\":{\"@id\":\"https:\\\/\\\/www.eldiario.net\\\/portal\\\/2022\\\/03\\\/03\\\/corso-de-corsos-del-sabado-con-participacion-de-64-fraternidades\\\/\"},\"author\":{\"name\":\"Jeanette\",\"@id\":\"https:\\\/\\\/www.eldiario.net\\\/portal\\\/#\\\/schema\\\/person\\\/f46445640444750d7d753ccd04ae01b7\"},\"headline\":\"Corso de Corsos del s\u00e1bado con participaci\u00f3n de 64 fraternidades\",\"datePublished\":\"2022-03-03T09:24:24+00:00\",\"mainEntityOfPage\":{\"@id\":\"https:\\\/\\\/www.eldiario.net\\\/portal\\\/2022\\\/03\\\/03\\\/corso-de-corsos-del-sabado-con-participacion-de-64-fraternidades\\\/\"},\"wordCount\":228,\"publisher\":{\"@id\":\"https:\\\/\\\/www.eldiario.net\\\/portal\\\/#organization\"},\"image\":{\"@id\":\"https:\\\/\\\/www.eldiario.net\\\/portal\\\/2022\\\/03\\\/03\\\/corso-de-corsos-del-sabado-con-participacion-de-64-fraternidades\\\/#primaryimage\"},\"thumbnailUrl\":\"\",\"articleSection\":[\"Nacional\"],\"inLanguage\":\"es\"},{\"@type\":\"WebPage\",\"@id\":\"https:\\\/\\\/www.eldiario.net\\\/portal\\\/2022\\\/03\\\/03\\\/corso-de-corsos-del-sabado-con-participacion-de-64-fraternidades\\\/\",\"url\":\"https:\\\/\\\/www.eldiario.net\\\/portal\\\/2022\\\/03\\\/03\\\/corso-de-corsos-del-sabado-con-participacion-de-64-fraternidades\\\/\",\"name\":\"Corso de Corsos del s\u00e1bado con participaci\u00f3n de 64 fraternidades - El Diario - Bolivia\",\"isPartOf\":{\"@id\":\"https:\\\/\\\/www.eldiario.net\\\/portal\\\/#website\"},\"primaryImageOfPage\":{\"@id\":\"https:\\\/\\\/www.eldiario.net\\\/portal\\\/2022\\\/03\\\/03\\\/corso-de-corsos-del-sabado-con-participacion-de-64-fraternidades\\\/#primaryimage\"},\"image\":{\"@id\":\"https:\\\/\\\/www.eldiario.net\\\/portal\\\/2022\\\/03\\\/03\\\/corso-de-corsos-del-sabado-con-participacion-de-64-fraternidades\\\/#primaryimage\"},\"thumbnailUrl\":\"\",\"datePublished\":\"2022-03-03T09:24:24+00:00\",\"breadcrumb\":{\"@id\":\"https:\\\/\\\/www.eldiario.net\\\/portal\\\/2022\\\/03\\\/03\\\/corso-de-corsos-del-sabado-con-participacion-de-64-fraternidades\\\/#breadcrumb\"},\"inLanguage\":\"es\",\"potentialAction\":[{\"@type\":\"ReadAction\",\"target\":[\"https:\\\/\\\/www.eldiario.net\\\/portal\\\/2022\\\/03\\\/03\\\/corso-de-corsos-del-sabado-con-participacion-de-64-fraternidades\\\/\"]}]},{\"@type\":\"ImageObject\",\"inLanguage\":\"es\",\"@id\":\"https:\\\/\\\/www.eldiario.net\\\/portal\\\/2022\\\/03\\\/03\\\/corso-de-corsos-del-sabado-con-participacion-de-64-fraternidades\\\/#primaryimage\",\"url\":\"\",\"contentUrl\":\"\"},{\"@type\":\"BreadcrumbList\",\"@id\":\"https:\\\/\\\/www.eldiario.net\\\/portal\\\/2022\\\/03\\\/03\\\/corso-de-corsos-del-sabado-con-participacion-de-64-fraternidades\\\/#breadcrumb\",\"itemListElement\":[{\"@type\":\"ListItem\",\"position\":1,\"name\":\"Portada\",\"item\":\"https:\\\/\\\/www.eldiario.net\\\/portal\\\/\"},{\"@type\":\"ListItem\",\"position\":2,\"name\":\"Corso de Corsos del s\u00e1bado con participaci\u00f3n de 64 fraternidades\"}]},{\"@type\":\"WebSite\",\"@id\":\"https:\\\/\\\/www.eldiario.net\\\/portal\\\/#website\",\"url\":\"https:\\\/\\\/www.eldiario.net\\\/portal\\\/\",\"name\":\"El Diario - Decano de la prensa nacional\",\"description\":\"El Diario - Decano de la prensa nacional\",\"publisher\":{\"@id\":\"https:\\\/\\\/www.eldiario.net\\\/portal\\\/#organization\"},\"potentialAction\":[{\"@type\":\"SearchAction\",\"target\":{\"@type\":\"EntryPoint\",\"urlTemplate\":\"https:\\\/\\\/www.eldiario.net\\\/portal\\\/?s={search_term_string}\"},\"query-input\":{\"@type\":\"PropertyValueSpecification\",\"valueRequired\":true,\"valueName\":\"search_term_string\"}}],\"inLanguage\":\"es\"},{\"@type\":\"Organization\",\"@id\":\"https:\\\/\\\/www.eldiario.net\\\/portal\\\/#organization\",\"name\":\"El Diario - Decano de la prensa nacional\",\"url\":\"https:\\\/\\\/www.eldiario.net\\\/portal\\\/\",\"logo\":{\"@type\":\"ImageObject\",\"inLanguage\":\"es\",\"@id\":\"https:\\\/\\\/www.eldiario.net\\\/portal\\\/#\\\/schema\\\/logo\\\/image\\\/\",\"url\":\"https:\\\/\\\/www.eldiario.net\\\/portal\\\/wp-content\\\/uploads\\\/2023\\\/07\\\/logo_ED.jpg\",\"contentUrl\":\"https:\\\/\\\/www.eldiario.net\\\/portal\\\/wp-content\\\/uploads\\\/2023\\\/07\\\/logo_ED.jpg\",\"width\":272,\"height\":52,\"caption\":\"El Diario - Decano de la prensa nacional\"},\"image\":{\"@id\":\"https:\\\/\\\/www.eldiario.net\\\/portal\\\/#\\\/schema\\\/logo\\\/image\\\/\"},\"sameAs\":[\"https:\\\/\\\/www.facebook.com\\\/eldiario.bolivia\\\/\",\"https:\\\/\\\/x.com\\\/eldiario_net\"]},{\"@type\":\"Person\",\"@id\":\"https:\\\/\\\/www.eldiario.net\\\/portal\\\/#\\\/schema\\\/person\\\/f46445640444750d7d753ccd04ae01b7\",\"name\":\"Jeanette\",\"image\":{\"@type\":\"ImageObject\",\"inLanguage\":\"es\",\"@id\":\"https:\\\/\\\/secure.gravatar.com\\\/avatar\\\/3ea2118a5f7dad2b7138b1187a6b7ee55f160b9968b66013c3a3ef39dd7e5798?s=96&d=mm&r=g\",\"url\":\"https:\\\/\\\/secure.gravatar.com\\\/avatar\\\/3ea2118a5f7dad2b7138b1187a6b7ee55f160b9968b66013c3a3ef39dd7e5798?s=96&d=mm&r=g\",\"contentUrl\":\"https:\\\/\\\/secure.gravatar.com\\\/avatar\\\/3ea2118a5f7dad2b7138b1187a6b7ee55f160b9968b66013c3a3ef39dd7e5798?s=96&d=mm&r=g\",\"caption\":\"Jeanette\"},\"sameAs\":[\"https:\\\/\\\/www.eldiario.net\\\/portal\"],\"url\":\"https:\\\/\\\/www.eldiario.net\\\/portal\\\/author\\\/jeanette\\\/\"}]}<\/script>\n<!-- \/ Yoast SEO plugin. -->","yoast_head_json":{"title":"Corso de Corsos del s\u00e1bado con participaci\u00f3n de 64 fraternidades - El Diario - Bolivia","robots":{"index":"index","follow":"follow","max-snippet":"max-snippet:-1","max-image-preview":"max-image-preview:large","max-video-preview":"max-video-preview:-1"},"canonical":"https:\/\/www.eldiario.net\/portal\/2022\/03\/03\/corso-de-corsos-del-sabado-con-participacion-de-64-fraternidades\/","og_locale":"es_ES","og_type":"article","og_title":"Corso de Corsos del s\u00e1bado con participaci\u00f3n de 64 fraternidades - El Diario - Bolivia","og_description":"El Corso de Corsos que cerrar\u00e1 el Carnaval de la Concordia en la ciudad de Cochabamba tendr\u00e1 la participaci\u00f3n de 64 fraternidades, inform\u00f3 la secretaria de Desarrollo Productivo, Turismo y Cultura de la alcald\u00eda del Cercado, Mariela Jim\u00e9nez. Inform\u00f3 que se desplegar\u00e1n 600 funcionarios p\u00fablicos que se encargar\u00e1n de cuidar que no existan baches entre [&hellip;]","og_url":"https:\/\/www.eldiario.net\/portal\/2022\/03\/03\/corso-de-corsos-del-sabado-con-participacion-de-64-fraternidades\/","og_site_name":"El Diario - Bolivia","article_publisher":"https:\/\/www.facebook.com\/eldiario.bolivia\/","article_published_time":"2022-03-03T09:24:24+00:00","author":"Jeanette","twitter_card":"summary_large_image","twitter_creator":"@eldiario_net","twitter_site":"@eldiario_net","twitter_misc":{"Escrito por":"Jeanette","Tiempo de lectura":"2 minutos"},"schema":{"@context":"https:\/\/schema.org","@graph":[{"@type":"Article","@id":"https:\/\/www.eldiario.net\/portal\/2022\/03\/03\/corso-de-corsos-del-sabado-con-participacion-de-64-fraternidades\/#article","isPartOf":{"@id":"https:\/\/www.eldiario.net\/portal\/2022\/03\/03\/corso-de-corsos-del-sabado-con-participacion-de-64-fraternidades\/"},"author":{"name":"Jeanette","@id":"https:\/\/www.eldiario.net\/portal\/#\/schema\/person\/f46445640444750d7d753ccd04ae01b7"},"headline":"Corso de Corsos del s\u00e1bado con participaci\u00f3n de 64 fraternidades","datePublished":"2022-03-03T09:24:24+00:00","mainEntityOfPage":{"@id":"https:\/\/www.eldiario.net\/portal\/2022\/03\/03\/corso-de-corsos-del-sabado-con-participacion-de-64-fraternidades\/"},"wordCount":228,"publisher":{"@id":"https:\/\/www.eldiario.net\/portal\/#organization"},"image":{"@id":"https:\/\/www.eldiario.net\/portal\/2022\/03\/03\/corso-de-corsos-del-sabado-con-participacion-de-64-fraternidades\/#primaryimage"},"thumbnailUrl":"","articleSection":["Nacional"],"inLanguage":"es"},{"@type":"WebPage","@id":"https:\/\/www.eldiario.net\/portal\/2022\/03\/03\/corso-de-corsos-del-sabado-con-participacion-de-64-fraternidades\/","url":"https:\/\/www.eldiario.net\/portal\/2022\/03\/03\/corso-de-corsos-del-sabado-con-participacion-de-64-fraternidades\/","name":"Corso de Corsos del s\u00e1bado con participaci\u00f3n de 64 fraternidades - El Diario - Bolivia","isPartOf":{"@id":"https:\/\/www.eldiario.net\/portal\/#website"},"primaryImageOfPage":{"@id":"https:\/\/www.eldiario.net\/portal\/2022\/03\/03\/corso-de-corsos-del-sabado-con-participacion-de-64-fraternidades\/#primaryimage"},"image":{"@id":"https:\/\/www.eldiario.net\/portal\/2022\/03\/03\/corso-de-corsos-del-sabado-con-participacion-de-64-fraternidades\/#primaryimage"},"thumbnailUrl":"","datePublished":"2022-03-03T09:24:24+00:00","breadcrumb":{"@id":"https:\/\/www.eldiario.net\/portal\/2022\/03\/03\/corso-de-corsos-del-sabado-con-participacion-de-64-fraternidades\/#breadcrumb"},"inLanguage":"es","potentialAction":[{"@type":"ReadAction","target":["https:\/\/www.eldiario.net\/portal\/2022\/03\/03\/corso-de-corsos-del-sabado-con-participacion-de-64-fraternidades\/"]}]},{"@type":"ImageObject","inLanguage":"es","@id":"https:\/\/www.eldiario.net\/portal\/2022\/03\/03\/corso-de-corsos-del-sabado-con-participacion-de-64-fraternidades\/#primaryimage","url":"","contentUrl":""},{"@type":"BreadcrumbList","@id":"https:\/\/www.eldiario.net\/portal\/2022\/03\/03\/corso-de-corsos-del-sabado-con-participacion-de-64-fraternidades\/#breadcrumb","itemListElement":[{"@type":"ListItem","position":1,"name":"Portada","item":"https:\/\/www.eldiario.net\/portal\/"},{"@type":"ListItem","position":2,"name":"Corso de Corsos del s\u00e1bado con participaci\u00f3n de 64 fraternidades"}]},{"@type":"WebSite","@id":"https:\/\/www.eldiario.net\/portal\/#website","url":"https:\/\/www.eldiario.net\/portal\/","name":"El Diario - Decano de la prensa nacional","description":"El Diario - Decano de la prensa nacional","publisher":{"@id":"https:\/\/www.eldiario.net\/portal\/#organization"},"potentialAction":[{"@type":"SearchAction","target":{"@type":"EntryPoint","urlTemplate":"https:\/\/www.eldiario.net\/portal\/?s={search_term_string}"},"query-input":{"@type":"PropertyValueSpecification","valueRequired":true,"valueName":"search_term_string"}}],"inLanguage":"es"},{"@type":"Organization","@id":"https:\/\/www.eldiario.net\/portal\/#organization","name":"El Diario - Decano de la prensa nacional","url":"https:\/\/www.eldiario.net\/portal\/","logo":{"@type":"ImageObject","inLanguage":"es","@id":"https:\/\/www.eldiario.net\/portal\/#\/schema\/logo\/image\/","url":"https:\/\/www.eldiario.net\/portal\/wp-content\/uploads\/2023\/07\/logo_ED.jpg","contentUrl":"https:\/\/www.eldiario.net\/portal\/wp-content\/uploads\/2023\/07\/logo_ED.jpg","width":272,"height":52,"caption":"El Diario - Decano de la prensa nacional"},"image":{"@id":"https:\/\/www.eldiario.net\/portal\/#\/schema\/logo\/image\/"},"sameAs":["https:\/\/www.facebook.com\/eldiario.bolivia\/","https:\/\/x.com\/eldiario_net"]},{"@type":"Person","@id":"https:\/\/www.eldiario.net\/portal\/#\/schema\/person\/f46445640444750d7d753ccd04ae01b7","name":"Jeanette","image":{"@type":"ImageObject","inLanguage":"es","@id":"https:\/\/secure.gravatar.com\/avatar\/3ea2118a5f7dad2b7138b1187a6b7ee55f160b9968b66013c3a3ef39dd7e5798?s=96&d=mm&r=g","url":"https:\/\/secure.gravatar.com\/avatar\/3ea2118a5f7dad2b7138b1187a6b7ee55f160b9968b66013c3a3ef39dd7e5798?s=96&d=mm&r=g","contentUrl":"https:\/\/secure.gravatar.com\/avatar\/3ea2118a5f7dad2b7138b1187a6b7ee55f160b9968b66013c3a3ef39dd7e5798?s=96&d=mm&r=g","caption":"Jeanette"},"sameAs":["https:\/\/www.eldiario.net\/portal"],"url":"https:\/\/www.eldiario.net\/portal\/author\/jeanette\/"}]}},"_links":{"self":[{"href":"https:\/\/www.eldiario.net\/portal\/wp-json\/wp\/v2\/posts\/66928","targetHints":{"allow":["GET"]}}],"collection":[{"href":"https:\/\/www.eldiario.net\/portal\/wp-json\/wp\/v2\/posts"}],"about":[{"href":"https:\/\/www.eldiario.net\/portal\/wp-json\/wp\/v2\/types\/post"}],"author":[{"embeddable":true,"href":"https:\/\/www.eldiario.net\/portal\/wp-json\/wp\/v2\/users\/1"}],"replies":[{"embeddable":true,"href":"https:\/\/www.eldiario.net\/portal\/wp-json\/wp\/v2\/comments?post=66928"}],"version-history":[{"count":0,"href":"https:\/\/www.eldiario.net\/portal\/wp-json\/wp\/v2\/posts\/66928\/revisions"}],"wp:attachment":[{"href":"https:\/\/www.eldiario.net\/portal\/wp-json\/wp\/v2\/media?parent=66928"}],"wp:term":[{"taxonomy":"category","embeddable":true,"href":"https:\/\/www.eldiario.net\/portal\/wp-json\/wp\/v2\/categories?post=66928"},{"taxonomy":"post_tag","embeddable":true,"href":"https:\/\/www.eldiario.net\/portal\/wp-json\/wp\/v2\/tags?post=66928"}],"curies":[{"name":"wp","href":"https:\/\/api.w.org\/{rel}","templated":true}]}}