{"id":66923,"date":"2022-03-03T05:20:28","date_gmt":"2022-03-03T09:20:28","guid":{"rendered":"https:\/\/www.eldiario.net\/portal\/?p=66923"},"modified":"2022-03-03T05:20:28","modified_gmt":"2022-03-03T09:20:28","slug":"invasion-a-ucrania-y-disonante-declaracion","status":"publish","type":"post","link":"https:\/\/www.eldiario.net\/portal\/2022\/03\/03\/invasion-a-ucrania-y-disonante-declaracion\/","title":{"rendered":"Invasi\u00f3n a Ucrania y disonante declaraci\u00f3n"},"content":{"rendered":"<p><em><span class=\"dropcap \" style=\"background-color: #ffffff; color: #000000; border-color: #ffffff;\">L<\/span>a invasi\u00f3n rusa a Ucrania rompe la paz mundial y no es utop\u00eda que pueda extenderse a Europa, a los Estados Unidos y a otros pa\u00edses como Canad\u00e1, Ir\u00e1n, China, Jap\u00f3n, transport\u00e1ndonos a una Tercera Guerra mundial. La nube negra nuclear envolver\u00eda fatalmente al planeta, sepultando muy posiblemente a la especie humana. Ese es el riesgo provocado irresponsablemente por los delirios de grandeza de Vladimir Putin. Se ha denunciado que su ambici\u00f3n quedar\u00eda incompleta por la restituci\u00f3n de los territorios de la ex Uni\u00f3n Sovi\u00e9tica, pues, pretender\u00eda retrotraernos al Imperio ruso que arrib\u00f3 hasta Siglo XIX. Este plan abarcar\u00eda muchos estados hoy independientes y que son parte de la Uni\u00f3n Europea.<\/em><\/p>\n<p><em>Putin esgrime una serie de supuestos argumentos falaces a modo de justificaci\u00f3n de sus acciones b\u00e9licas. Dice que Ucrania hist\u00f3ricamente no fue un pa\u00eds consolidado. A\u00f1ade que busca acabar la opresi\u00f3n contra la poblaci\u00f3n rusa en el interior de Ucrania o de habla rusa. La considera una \u201ccabecera de puente\u201d para presuntas ofensivas de la OTAN y que es imperioso alejar ese peligro. Adem\u00e1s, dice, proponerse \u201cdesnazificar\u201d el gobierno del presidente Zelensky.<\/em><\/p>\n<p><em>Para iniciar su aventura, calcul\u00f3 cu\u00e1n importante podr\u00eda ser la reacci\u00f3n de la OTAN y parece haberse convencido de que, como ocurre ahora, no llegar\u00eda a involucrarse militarmente. Quiz\u00e1 no eval\u00fao adecuadamente la profundidad de las previsibles sanciones europeas estadounidenses, econ\u00f3micas y financieras. Estas son harto contundentes para la econom\u00eda rusa, sin embargo, Mosc\u00fa acumul\u00f3 suficientes reservas que obviamente no tienen proyecci\u00f3n indefinida.<\/em><\/p>\n<p><em>De cara a la agresi\u00f3n b\u00e9lica, el Gobierno presenta una vez m\u00e1s a Bolivia como un pa\u00eds a contra ruta de la mayor\u00eda internacional que es contraria a la invasi\u00f3n. Mediante una declaraci\u00f3n anodina, la Canciller\u00eda aboga por la paz y dice que constitucionalmente el Estado Plurinacional es pacifista. Si bien es as\u00ed, la misma Constituci\u00f3n rechaza el uso de la fuerza y de las armas entre las naciones, como sucede al presente. Semejante posici\u00f3n es inocua frente a un conflicto de graves consecuencias y se coloca en el l\u00edmite de la complicidad. La Canciller\u00eda olvida que nuestro pa\u00eds fue v\u00edctima a agresiones de conquista, al extremo de quedar enclaustrado sin acceso al mar.\u00a0<\/em><\/p>\n<p><em>No son raras las actuaciones de los representantes masistas ante las Naciones Unidas y la OEA, sumando adem\u00e1s distintos escenarios. En estos organismos, en nueve oportunidades los validos de Evo Morales y de Luis Arce votaron a favor de hechos anti democr\u00e1ticos de las dictaduras totalitarias.<\/em><\/p>\n","protected":false},"excerpt":{"rendered":"<p>La invasi\u00f3n rusa a Ucrania rompe la paz mundial y no es utop\u00eda que pueda extenderse a Europa, a los Estados Unidos y a otros pa\u00edses como Canad\u00e1, Ir\u00e1n, China, Jap\u00f3n, transport\u00e1ndonos a una Tercera Guerra mundial. La nube negra nuclear envolver\u00eda fatalmente al planeta, sepultando muy posiblemente a la especie humana. Ese es el [&hellip;]<\/p>\n","protected":false},"author":1,"featured_media":0,"comment_status":"closed","ping_status":"closed","sticky":false,"template":"","format":"standard","meta":{"_acf_changed":false,"footnotes":""},"categories":[4],"tags":[],"class_list":["post-66923","post","type-post","status-publish","format-standard","category-editorial"],"acf":{"antetitulo":""},"yoast_head":"<!-- This site is optimized with the Yoast SEO plugin v28.4 - https:\/\/yoast.com\/product\/yoast-seo-wordpress\/ -->\n<title>Invasi\u00f3n a Ucrania y disonante declaraci\u00f3n - El Diario - Bolivia<\/title>\n<meta name=\"robots\" content=\"index, follow, max-snippet:-1, max-image-preview:large, max-video-preview:-1\" \/>\n<link rel=\"canonical\" href=\"https:\/\/www.eldiario.net\/portal\/2022\/03\/03\/invasion-a-ucrania-y-disonante-declaracion\/\" \/>\n<meta property=\"og:locale\" content=\"es_ES\" \/>\n<meta property=\"og:type\" content=\"article\" \/>\n<meta property=\"og:title\" content=\"Invasi\u00f3n a Ucrania y disonante declaraci\u00f3n - El Diario - Bolivia\" \/>\n<meta property=\"og:description\" content=\"La invasi\u00f3n rusa a Ucrania rompe la paz mundial y no es utop\u00eda que pueda extenderse a Europa, a los Estados Unidos y a otros pa\u00edses como Canad\u00e1, Ir\u00e1n, China, Jap\u00f3n, transport\u00e1ndonos a una Tercera Guerra mundial. La nube negra nuclear envolver\u00eda fatalmente al planeta, sepultando muy posiblemente a la especie humana. Ese es el [&hellip;]\" \/>\n<meta property=\"og:url\" content=\"https:\/\/www.eldiario.net\/portal\/2022\/03\/03\/invasion-a-ucrania-y-disonante-declaracion\/\" \/>\n<meta property=\"og:site_name\" content=\"El Diario - Bolivia\" \/>\n<meta property=\"article:publisher\" content=\"https:\/\/www.facebook.com\/eldiario.bolivia\/\" \/>\n<meta property=\"article:published_time\" content=\"2022-03-03T09:20:28+00:00\" \/>\n<meta name=\"author\" content=\"Jeanette\" \/>\n<meta name=\"twitter:card\" content=\"summary_large_image\" \/>\n<meta name=\"twitter:creator\" content=\"@eldiario_net\" \/>\n<meta name=\"twitter:site\" content=\"@eldiario_net\" \/>\n<meta name=\"twitter:label1\" content=\"Escrito por\" \/>\n\t<meta name=\"twitter:data1\" content=\"Jeanette\" \/>\n\t<meta name=\"twitter:label2\" content=\"Tiempo de lectura\" \/>\n\t<meta name=\"twitter:data2\" content=\"2 minutos\" \/>\n<script type=\"application\/ld+json\" class=\"yoast-schema-graph\">{\"@context\":\"https:\\\/\\\/schema.org\",\"@graph\":[{\"@type\":\"Article\",\"@id\":\"https:\\\/\\\/www.eldiario.net\\\/portal\\\/2022\\\/03\\\/03\\\/invasion-a-ucrania-y-disonante-declaracion\\\/#article\",\"isPartOf\":{\"@id\":\"https:\\\/\\\/www.eldiario.net\\\/portal\\\/2022\\\/03\\\/03\\\/invasion-a-ucrania-y-disonante-declaracion\\\/\"},\"author\":{\"name\":\"Jeanette\",\"@id\":\"https:\\\/\\\/www.eldiario.net\\\/portal\\\/#\\\/schema\\\/person\\\/f46445640444750d7d753ccd04ae01b7\"},\"headline\":\"Invasi\u00f3n a Ucrania y disonante declaraci\u00f3n\",\"datePublished\":\"2022-03-03T09:20:28+00:00\",\"mainEntityOfPage\":{\"@id\":\"https:\\\/\\\/www.eldiario.net\\\/portal\\\/2022\\\/03\\\/03\\\/invasion-a-ucrania-y-disonante-declaracion\\\/\"},\"wordCount\":461,\"publisher\":{\"@id\":\"https:\\\/\\\/www.eldiario.net\\\/portal\\\/#organization\"},\"articleSection\":[\"Editorial\"],\"inLanguage\":\"es\"},{\"@type\":\"WebPage\",\"@id\":\"https:\\\/\\\/www.eldiario.net\\\/portal\\\/2022\\\/03\\\/03\\\/invasion-a-ucrania-y-disonante-declaracion\\\/\",\"url\":\"https:\\\/\\\/www.eldiario.net\\\/portal\\\/2022\\\/03\\\/03\\\/invasion-a-ucrania-y-disonante-declaracion\\\/\",\"name\":\"Invasi\u00f3n a Ucrania y disonante declaraci\u00f3n - El Diario - Bolivia\",\"isPartOf\":{\"@id\":\"https:\\\/\\\/www.eldiario.net\\\/portal\\\/#website\"},\"datePublished\":\"2022-03-03T09:20:28+00:00\",\"breadcrumb\":{\"@id\":\"https:\\\/\\\/www.eldiario.net\\\/portal\\\/2022\\\/03\\\/03\\\/invasion-a-ucrania-y-disonante-declaracion\\\/#breadcrumb\"},\"inLanguage\":\"es\",\"potentialAction\":[{\"@type\":\"ReadAction\",\"target\":[\"https:\\\/\\\/www.eldiario.net\\\/portal\\\/2022\\\/03\\\/03\\\/invasion-a-ucrania-y-disonante-declaracion\\\/\"]}]},{\"@type\":\"BreadcrumbList\",\"@id\":\"https:\\\/\\\/www.eldiario.net\\\/portal\\\/2022\\\/03\\\/03\\\/invasion-a-ucrania-y-disonante-declaracion\\\/#breadcrumb\",\"itemListElement\":[{\"@type\":\"ListItem\",\"position\":1,\"name\":\"Portada\",\"item\":\"https:\\\/\\\/www.eldiario.net\\\/portal\\\/\"},{\"@type\":\"ListItem\",\"position\":2,\"name\":\"Invasi\u00f3n a Ucrania y disonante declaraci\u00f3n\"}]},{\"@type\":\"WebSite\",\"@id\":\"https:\\\/\\\/www.eldiario.net\\\/portal\\\/#website\",\"url\":\"https:\\\/\\\/www.eldiario.net\\\/portal\\\/\",\"name\":\"El Diario - Decano de la prensa nacional\",\"description\":\"El Diario - Decano de la prensa nacional\",\"publisher\":{\"@id\":\"https:\\\/\\\/www.eldiario.net\\\/portal\\\/#organization\"},\"potentialAction\":[{\"@type\":\"SearchAction\",\"target\":{\"@type\":\"EntryPoint\",\"urlTemplate\":\"https:\\\/\\\/www.eldiario.net\\\/portal\\\/?s={search_term_string}\"},\"query-input\":{\"@type\":\"PropertyValueSpecification\",\"valueRequired\":true,\"valueName\":\"search_term_string\"}}],\"inLanguage\":\"es\"},{\"@type\":\"Organization\",\"@id\":\"https:\\\/\\\/www.eldiario.net\\\/portal\\\/#organization\",\"name\":\"El Diario - Decano de la prensa nacional\",\"url\":\"https:\\\/\\\/www.eldiario.net\\\/portal\\\/\",\"logo\":{\"@type\":\"ImageObject\",\"inLanguage\":\"es\",\"@id\":\"https:\\\/\\\/www.eldiario.net\\\/portal\\\/#\\\/schema\\\/logo\\\/image\\\/\",\"url\":\"https:\\\/\\\/www.eldiario.net\\\/portal\\\/wp-content\\\/uploads\\\/2023\\\/07\\\/logo_ED.jpg\",\"contentUrl\":\"https:\\\/\\\/www.eldiario.net\\\/portal\\\/wp-content\\\/uploads\\\/2023\\\/07\\\/logo_ED.jpg\",\"width\":272,\"height\":52,\"caption\":\"El Diario - Decano de la prensa nacional\"},\"image\":{\"@id\":\"https:\\\/\\\/www.eldiario.net\\\/portal\\\/#\\\/schema\\\/logo\\\/image\\\/\"},\"sameAs\":[\"https:\\\/\\\/www.facebook.com\\\/eldiario.bolivia\\\/\",\"https:\\\/\\\/x.com\\\/eldiario_net\"]},{\"@type\":\"Person\",\"@id\":\"https:\\\/\\\/www.eldiario.net\\\/portal\\\/#\\\/schema\\\/person\\\/f46445640444750d7d753ccd04ae01b7\",\"name\":\"Jeanette\",\"image\":{\"@type\":\"ImageObject\",\"inLanguage\":\"es\",\"@id\":\"https:\\\/\\\/secure.gravatar.com\\\/avatar\\\/3ea2118a5f7dad2b7138b1187a6b7ee55f160b9968b66013c3a3ef39dd7e5798?s=96&d=mm&r=g\",\"url\":\"https:\\\/\\\/secure.gravatar.com\\\/avatar\\\/3ea2118a5f7dad2b7138b1187a6b7ee55f160b9968b66013c3a3ef39dd7e5798?s=96&d=mm&r=g\",\"contentUrl\":\"https:\\\/\\\/secure.gravatar.com\\\/avatar\\\/3ea2118a5f7dad2b7138b1187a6b7ee55f160b9968b66013c3a3ef39dd7e5798?s=96&d=mm&r=g\",\"caption\":\"Jeanette\"},\"sameAs\":[\"https:\\\/\\\/www.eldiario.net\\\/portal\"],\"url\":\"https:\\\/\\\/www.eldiario.net\\\/portal\\\/author\\\/jeanette\\\/\"}]}<\/script>\n<!-- \/ Yoast SEO plugin. -->","yoast_head_json":{"title":"Invasi\u00f3n a Ucrania y disonante declaraci\u00f3n - El Diario - Bolivia","robots":{"index":"index","follow":"follow","max-snippet":"max-snippet:-1","max-image-preview":"max-image-preview:large","max-video-preview":"max-video-preview:-1"},"canonical":"https:\/\/www.eldiario.net\/portal\/2022\/03\/03\/invasion-a-ucrania-y-disonante-declaracion\/","og_locale":"es_ES","og_type":"article","og_title":"Invasi\u00f3n a Ucrania y disonante declaraci\u00f3n - El Diario - Bolivia","og_description":"La invasi\u00f3n rusa a Ucrania rompe la paz mundial y no es utop\u00eda que pueda extenderse a Europa, a los Estados Unidos y a otros pa\u00edses como Canad\u00e1, Ir\u00e1n, China, Jap\u00f3n, transport\u00e1ndonos a una Tercera Guerra mundial. La nube negra nuclear envolver\u00eda fatalmente al planeta, sepultando muy posiblemente a la especie humana. Ese es el [&hellip;]","og_url":"https:\/\/www.eldiario.net\/portal\/2022\/03\/03\/invasion-a-ucrania-y-disonante-declaracion\/","og_site_name":"El Diario - Bolivia","article_publisher":"https:\/\/www.facebook.com\/eldiario.bolivia\/","article_published_time":"2022-03-03T09:20:28+00:00","author":"Jeanette","twitter_card":"summary_large_image","twitter_creator":"@eldiario_net","twitter_site":"@eldiario_net","twitter_misc":{"Escrito por":"Jeanette","Tiempo de lectura":"2 minutos"},"schema":{"@context":"https:\/\/schema.org","@graph":[{"@type":"Article","@id":"https:\/\/www.eldiario.net\/portal\/2022\/03\/03\/invasion-a-ucrania-y-disonante-declaracion\/#article","isPartOf":{"@id":"https:\/\/www.eldiario.net\/portal\/2022\/03\/03\/invasion-a-ucrania-y-disonante-declaracion\/"},"author":{"name":"Jeanette","@id":"https:\/\/www.eldiario.net\/portal\/#\/schema\/person\/f46445640444750d7d753ccd04ae01b7"},"headline":"Invasi\u00f3n a Ucrania y disonante declaraci\u00f3n","datePublished":"2022-03-03T09:20:28+00:00","mainEntityOfPage":{"@id":"https:\/\/www.eldiario.net\/portal\/2022\/03\/03\/invasion-a-ucrania-y-disonante-declaracion\/"},"wordCount":461,"publisher":{"@id":"https:\/\/www.eldiario.net\/portal\/#organization"},"articleSection":["Editorial"],"inLanguage":"es"},{"@type":"WebPage","@id":"https:\/\/www.eldiario.net\/portal\/2022\/03\/03\/invasion-a-ucrania-y-disonante-declaracion\/","url":"https:\/\/www.eldiario.net\/portal\/2022\/03\/03\/invasion-a-ucrania-y-disonante-declaracion\/","name":"Invasi\u00f3n a Ucrania y disonante declaraci\u00f3n - El Diario - Bolivia","isPartOf":{"@id":"https:\/\/www.eldiario.net\/portal\/#website"},"datePublished":"2022-03-03T09:20:28+00:00","breadcrumb":{"@id":"https:\/\/www.eldiario.net\/portal\/2022\/03\/03\/invasion-a-ucrania-y-disonante-declaracion\/#breadcrumb"},"inLanguage":"es","potentialAction":[{"@type":"ReadAction","target":["https:\/\/www.eldiario.net\/portal\/2022\/03\/03\/invasion-a-ucrania-y-disonante-declaracion\/"]}]},{"@type":"BreadcrumbList","@id":"https:\/\/www.eldiario.net\/portal\/2022\/03\/03\/invasion-a-ucrania-y-disonante-declaracion\/#breadcrumb","itemListElement":[{"@type":"ListItem","position":1,"name":"Portada","item":"https:\/\/www.eldiario.net\/portal\/"},{"@type":"ListItem","position":2,"name":"Invasi\u00f3n a Ucrania y disonante declaraci\u00f3n"}]},{"@type":"WebSite","@id":"https:\/\/www.eldiario.net\/portal\/#website","url":"https:\/\/www.eldiario.net\/portal\/","name":"El Diario - Decano de la prensa nacional","description":"El Diario - Decano de la prensa nacional","publisher":{"@id":"https:\/\/www.eldiario.net\/portal\/#organization"},"potentialAction":[{"@type":"SearchAction","target":{"@type":"EntryPoint","urlTemplate":"https:\/\/www.eldiario.net\/portal\/?s={search_term_string}"},"query-input":{"@type":"PropertyValueSpecification","valueRequired":true,"valueName":"search_term_string"}}],"inLanguage":"es"},{"@type":"Organization","@id":"https:\/\/www.eldiario.net\/portal\/#organization","name":"El Diario - Decano de la prensa nacional","url":"https:\/\/www.eldiario.net\/portal\/","logo":{"@type":"ImageObject","inLanguage":"es","@id":"https:\/\/www.eldiario.net\/portal\/#\/schema\/logo\/image\/","url":"https:\/\/www.eldiario.net\/portal\/wp-content\/uploads\/2023\/07\/logo_ED.jpg","contentUrl":"https:\/\/www.eldiario.net\/portal\/wp-content\/uploads\/2023\/07\/logo_ED.jpg","width":272,"height":52,"caption":"El Diario - Decano de la prensa nacional"},"image":{"@id":"https:\/\/www.eldiario.net\/portal\/#\/schema\/logo\/image\/"},"sameAs":["https:\/\/www.facebook.com\/eldiario.bolivia\/","https:\/\/x.com\/eldiario_net"]},{"@type":"Person","@id":"https:\/\/www.eldiario.net\/portal\/#\/schema\/person\/f46445640444750d7d753ccd04ae01b7","name":"Jeanette","image":{"@type":"ImageObject","inLanguage":"es","@id":"https:\/\/secure.gravatar.com\/avatar\/3ea2118a5f7dad2b7138b1187a6b7ee55f160b9968b66013c3a3ef39dd7e5798?s=96&d=mm&r=g","url":"https:\/\/secure.gravatar.com\/avatar\/3ea2118a5f7dad2b7138b1187a6b7ee55f160b9968b66013c3a3ef39dd7e5798?s=96&d=mm&r=g","contentUrl":"https:\/\/secure.gravatar.com\/avatar\/3ea2118a5f7dad2b7138b1187a6b7ee55f160b9968b66013c3a3ef39dd7e5798?s=96&d=mm&r=g","caption":"Jeanette"},"sameAs":["https:\/\/www.eldiario.net\/portal"],"url":"https:\/\/www.eldiario.net\/portal\/author\/jeanette\/"}]}},"_links":{"self":[{"href":"https:\/\/www.eldiario.net\/portal\/wp-json\/wp\/v2\/posts\/66923","targetHints":{"allow":["GET"]}}],"collection":[{"href":"https:\/\/www.eldiario.net\/portal\/wp-json\/wp\/v2\/posts"}],"about":[{"href":"https:\/\/www.eldiario.net\/portal\/wp-json\/wp\/v2\/types\/post"}],"author":[{"embeddable":true,"href":"https:\/\/www.eldiario.net\/portal\/wp-json\/wp\/v2\/users\/1"}],"replies":[{"embeddable":true,"href":"https:\/\/www.eldiario.net\/portal\/wp-json\/wp\/v2\/comments?post=66923"}],"version-history":[{"count":0,"href":"https:\/\/www.eldiario.net\/portal\/wp-json\/wp\/v2\/posts\/66923\/revisions"}],"wp:attachment":[{"href":"https:\/\/www.eldiario.net\/portal\/wp-json\/wp\/v2\/media?parent=66923"}],"wp:term":[{"taxonomy":"category","embeddable":true,"href":"https:\/\/www.eldiario.net\/portal\/wp-json\/wp\/v2\/categories?post=66923"},{"taxonomy":"post_tag","embeddable":true,"href":"https:\/\/www.eldiario.net\/portal\/wp-json\/wp\/v2\/tags?post=66923"}],"curies":[{"name":"wp","href":"https:\/\/api.w.org\/{rel}","templated":true}]}}