{"id":66921,"date":"2022-03-03T05:19:31","date_gmt":"2022-03-03T09:19:31","guid":{"rendered":"https:\/\/www.eldiario.net\/portal\/?p=66921"},"modified":"2022-03-03T05:19:31","modified_gmt":"2022-03-03T09:19:31","slug":"sapoco-y-porongo","status":"publish","type":"post","link":"https:\/\/www.eldiario.net\/portal\/2022\/03\/03\/sapoco-y-porongo\/","title":{"rendered":"Sapoc\u00f3 y Porongo"},"content":{"rendered":"<p>\u201c\u00bfQu\u00e9 es Sapoc\u00f3?\u201d, se preguntaban algunos amigos y amigas la noche del mi\u00e9rcoles antes de carnaval, y alguien dec\u00eda que era una fruta, otros que era un \u00e1rbol, y finalmente, preguntando, sabemos que es el nombre de un r\u00edo que est\u00e1 por la regi\u00f3n de Concepci\u00f3n y que forma el lago o embalse de Sapoc\u00f3. Pero eso no es lo que nos interesa en esta nota, porque yo estuve en Sapoc\u00f3 invitado por Mundy Farah y el Sapoc\u00f3 al que me refiero es una pe\u00f1a de folclore y boleros, que data de hace casi medio siglo y que ahora se cobija en la fraternidad de los \u201cBadulaques\u201d.<\/p>\n<p>Sapoc\u00f3 fue y sigue siendo el lugar de esparcimiento musical para muchos viejos cruce\u00f1os y benianos que partieron, y para otros nuevos que tienen el maravilloso don del canto y de la interpretaci\u00f3n de la guitarra. Pero donde hay un C\u00e9sar Espada, nacido en Oruro y radicado en M\u00e9xico, aunque cruce\u00f1o por adopci\u00f3n, autor, nada menos que de <em>Ni\u00f1a Camba<\/em>, ese emblema de la canci\u00f3n oriental. Para mi envidia escuch\u00e9 cantar esa noche a no menos de quince amigos, todos excelentes artistas, algunos \u201ctorazos\u201d como el taura Johnny Nogales en d\u00fao con Chil\u00edn \u00c1vila y, por supuesto, al rom\u00e1ntico Mundy Farah, los tres benianos. Y para rematar tuve la enorme dicha de o\u00edr y ver a Gisela Santa Cruz, Alenir Echeverr\u00eda, Sonia Barrientos y a la novel y guapa Morelia. \u00a1La tutti! \u00a1El men\u00fa completo!<\/p>\n<p>Todo un banquete musical en v\u00edsperas de un carnaval en el que los \u201cTauras\u201d no participamos, por prudentes, y que para m\u00ed fue el comienzo de la fiesta grande, que lo pas\u00e9 a mi modo tratando de no perder la costumbre de divertirme como se debe, pese al segundo a\u00f1o consecutivo en que la detestable peste china nos amarga.<\/p>\n<p>S\u00f3lo en La Tapera, donde habitan los \u201cArtistas\u201d he visto que todos los presentes sean cantores o que se atrevan a cantar, que es otra cosa. El gran Nano Parada, Arturito Su\u00e1rez, Lalo Velasco y todo un mont\u00f3n de atrevidos bohemios, hacen que la m\u00fasica en vivo no se pierda en Santa Cruz, aunque en La Tapera los artistas son menos folcl\u00f3ricos y m\u00e1s sentimentales, que en el antiguo Sapoc\u00f3.<\/p>\n<p>Preservar nuestras canciones de la extensa llanura oriental es muy importante, m\u00e1s todav\u00eda si con eso se conservan los modismos y los viejos dichos cambas, que ya van camino de desaparecer con el desmedido crecimiento de la ciudad que trae consigo nuevas tonadas y bailes.\u00a0 De ah\u00ed el m\u00e9rito innegable del creativo Alfonso Moreno Gil, ese notable compositor criollo de poemas llevados a la m\u00fasica, donde se recupera la letra atrapante del habla popular oriental, tan rico y tan expresivo en sus t\u00e9rminos; una forma de recuperar la cultura vernacular cruce\u00f1a, pero que muchos de los j\u00f3venes de hoy ignoran, porque se han volcado a los otros ritmos y han dejado de lado el taquirari, el carnavalito, el brincao, y lo que nuestros padres y quienes ahora estamos mayorcitos, nunca dejamos de bailar a lo largo de nuestras fiestas y, sin falta, en el carnaval.<\/p>\n<p>Los \u201cTauras\u201d \u2013muchos estaban de viaje y se excusaron\u2013 pasamos un memorable domingo de carnaval en Porongo. El pueblo estaba rebosante de fiesteros que se mojaban, de bulla y bocinazos, y de lugares donde servirse un buen plato con una \u201cchela\u201d helada. Pero los cofrades nos reunimos en Villa Elsa, una hermosa quinta del taura Alfredo Romero, que nos agasaj\u00f3 con deliciosos majaditos de charque y de pato y tragos a escoger, en un medio d\u00eda caluroso.<\/p>\n<p>Aunque lo notable, fue observar la casa de campo, construida amorosamente con reveladores emblemas cambas, esencialmente chiquitanos. Y es que no hay manera m\u00e1s significativa de manifestar el aut\u00e9ntico querer por la tierra que preservando su grandeza, ya sea a trav\u00e9s de la m\u00fasica o plasmando sus colores, formas, tradiciones, historia, en un lugar amable donde disfrutar con la familia y con los amigos. Lo de Villa Elsa fue notable, hermoso, con el toque carnavalero que estuvo en una inquieta tamborita que nos acompa\u00f1\u00f3 sin detenerse, adem\u00e1s de los referidos buenos tragos que no pueden faltar, y de una evocadora tertulia sobre tiempos idos, en ese grat\u00edsimo domingo de carnaval.<\/p>\n","protected":false},"excerpt":{"rendered":"<p>\u201c\u00bfQu\u00e9 es Sapoc\u00f3?\u201d, se preguntaban algunos amigos y amigas la noche del mi\u00e9rcoles antes de carnaval, y alguien dec\u00eda que era una fruta, otros que era un \u00e1rbol, y finalmente, preguntando, sabemos que es el nombre de un r\u00edo que est\u00e1 por la regi\u00f3n de Concepci\u00f3n y que forma el lago o embalse de Sapoc\u00f3. [&hellip;]<\/p>\n","protected":false},"author":1,"featured_media":3793,"comment_status":"closed","ping_status":"closed","sticky":false,"template":"","format":"standard","meta":{"_acf_changed":false,"footnotes":""},"categories":[9],"tags":[],"class_list":["post-66921","post","type-post","status-publish","format-standard","has-post-thumbnail","category-opinion"],"acf":{"antetitulo":""},"yoast_head":"<!-- This site is optimized with the Yoast SEO plugin v28.4 - https:\/\/yoast.com\/product\/yoast-seo-wordpress\/ -->\n<title>Sapoc\u00f3 y Porongo - El Diario - Bolivia<\/title>\n<meta name=\"robots\" content=\"index, follow, max-snippet:-1, max-image-preview:large, max-video-preview:-1\" \/>\n<link rel=\"canonical\" href=\"https:\/\/www.eldiario.net\/portal\/2022\/03\/03\/sapoco-y-porongo\/\" \/>\n<meta property=\"og:locale\" content=\"es_ES\" \/>\n<meta property=\"og:type\" content=\"article\" \/>\n<meta property=\"og:title\" content=\"Sapoc\u00f3 y Porongo - El Diario - Bolivia\" \/>\n<meta property=\"og:description\" content=\"\u201c\u00bfQu\u00e9 es Sapoc\u00f3?\u201d, se preguntaban algunos amigos y amigas la noche del mi\u00e9rcoles antes de carnaval, y alguien dec\u00eda que era una fruta, otros que era un \u00e1rbol, y finalmente, preguntando, sabemos que es el nombre de un r\u00edo que est\u00e1 por la regi\u00f3n de Concepci\u00f3n y que forma el lago o embalse de Sapoc\u00f3. [&hellip;]\" \/>\n<meta property=\"og:url\" content=\"https:\/\/www.eldiario.net\/portal\/2022\/03\/03\/sapoco-y-porongo\/\" \/>\n<meta property=\"og:site_name\" content=\"El Diario - Bolivia\" \/>\n<meta property=\"article:publisher\" content=\"https:\/\/www.facebook.com\/eldiario.bolivia\/\" \/>\n<meta property=\"article:published_time\" content=\"2022-03-03T09:19:31+00:00\" \/>\n<meta property=\"og:image\" content=\"https:\/\/www.eldiario.net\/portal\/wp-content\/uploads\/2021\/05\/Manfredo-Kempff-Suarez-1.jpg\" \/>\n\t<meta property=\"og:image:width\" content=\"1200\" \/>\n\t<meta property=\"og:image:height\" content=\"628\" \/>\n\t<meta property=\"og:image:type\" content=\"image\/jpeg\" \/>\n<meta name=\"author\" content=\"Jeanette\" \/>\n<meta name=\"twitter:card\" content=\"summary_large_image\" \/>\n<meta name=\"twitter:creator\" content=\"@eldiario_net\" \/>\n<meta name=\"twitter:site\" content=\"@eldiario_net\" \/>\n<meta name=\"twitter:label1\" content=\"Escrito por\" \/>\n\t<meta name=\"twitter:data1\" content=\"Jeanette\" \/>\n\t<meta name=\"twitter:label2\" content=\"Tiempo de lectura\" \/>\n\t<meta name=\"twitter:data2\" content=\"4 minutos\" \/>\n<script type=\"application\/ld+json\" class=\"yoast-schema-graph\">{\"@context\":\"https:\\\/\\\/schema.org\",\"@graph\":[{\"@type\":\"Article\",\"@id\":\"https:\\\/\\\/www.eldiario.net\\\/portal\\\/2022\\\/03\\\/03\\\/sapoco-y-porongo\\\/#article\",\"isPartOf\":{\"@id\":\"https:\\\/\\\/www.eldiario.net\\\/portal\\\/2022\\\/03\\\/03\\\/sapoco-y-porongo\\\/\"},\"author\":{\"name\":\"Jeanette\",\"@id\":\"https:\\\/\\\/www.eldiario.net\\\/portal\\\/#\\\/schema\\\/person\\\/f46445640444750d7d753ccd04ae01b7\"},\"headline\":\"Sapoc\u00f3 y Porongo\",\"datePublished\":\"2022-03-03T09:19:31+00:00\",\"mainEntityOfPage\":{\"@id\":\"https:\\\/\\\/www.eldiario.net\\\/portal\\\/2022\\\/03\\\/03\\\/sapoco-y-porongo\\\/\"},\"wordCount\":747,\"publisher\":{\"@id\":\"https:\\\/\\\/www.eldiario.net\\\/portal\\\/#organization\"},\"image\":{\"@id\":\"https:\\\/\\\/www.eldiario.net\\\/portal\\\/2022\\\/03\\\/03\\\/sapoco-y-porongo\\\/#primaryimage\"},\"thumbnailUrl\":\"https:\\\/\\\/www.eldiario.net\\\/portal\\\/wp-content\\\/uploads\\\/2021\\\/05\\\/Manfredo-Kempff-Suarez-1.jpg\",\"articleSection\":[\"Opini\u00f3n\"],\"inLanguage\":\"es\"},{\"@type\":\"WebPage\",\"@id\":\"https:\\\/\\\/www.eldiario.net\\\/portal\\\/2022\\\/03\\\/03\\\/sapoco-y-porongo\\\/\",\"url\":\"https:\\\/\\\/www.eldiario.net\\\/portal\\\/2022\\\/03\\\/03\\\/sapoco-y-porongo\\\/\",\"name\":\"Sapoc\u00f3 y Porongo - El Diario - Bolivia\",\"isPartOf\":{\"@id\":\"https:\\\/\\\/www.eldiario.net\\\/portal\\\/#website\"},\"primaryImageOfPage\":{\"@id\":\"https:\\\/\\\/www.eldiario.net\\\/portal\\\/2022\\\/03\\\/03\\\/sapoco-y-porongo\\\/#primaryimage\"},\"image\":{\"@id\":\"https:\\\/\\\/www.eldiario.net\\\/portal\\\/2022\\\/03\\\/03\\\/sapoco-y-porongo\\\/#primaryimage\"},\"thumbnailUrl\":\"https:\\\/\\\/www.eldiario.net\\\/portal\\\/wp-content\\\/uploads\\\/2021\\\/05\\\/Manfredo-Kempff-Suarez-1.jpg\",\"datePublished\":\"2022-03-03T09:19:31+00:00\",\"breadcrumb\":{\"@id\":\"https:\\\/\\\/www.eldiario.net\\\/portal\\\/2022\\\/03\\\/03\\\/sapoco-y-porongo\\\/#breadcrumb\"},\"inLanguage\":\"es\",\"potentialAction\":[{\"@type\":\"ReadAction\",\"target\":[\"https:\\\/\\\/www.eldiario.net\\\/portal\\\/2022\\\/03\\\/03\\\/sapoco-y-porongo\\\/\"]}]},{\"@type\":\"ImageObject\",\"inLanguage\":\"es\",\"@id\":\"https:\\\/\\\/www.eldiario.net\\\/portal\\\/2022\\\/03\\\/03\\\/sapoco-y-porongo\\\/#primaryimage\",\"url\":\"https:\\\/\\\/www.eldiario.net\\\/portal\\\/wp-content\\\/uploads\\\/2021\\\/05\\\/Manfredo-Kempff-Suarez-1.jpg\",\"contentUrl\":\"https:\\\/\\\/www.eldiario.net\\\/portal\\\/wp-content\\\/uploads\\\/2021\\\/05\\\/Manfredo-Kempff-Suarez-1.jpg\",\"width\":1200,\"height\":628},{\"@type\":\"BreadcrumbList\",\"@id\":\"https:\\\/\\\/www.eldiario.net\\\/portal\\\/2022\\\/03\\\/03\\\/sapoco-y-porongo\\\/#breadcrumb\",\"itemListElement\":[{\"@type\":\"ListItem\",\"position\":1,\"name\":\"Portada\",\"item\":\"https:\\\/\\\/www.eldiario.net\\\/portal\\\/\"},{\"@type\":\"ListItem\",\"position\":2,\"name\":\"Sapoc\u00f3 y Porongo\"}]},{\"@type\":\"WebSite\",\"@id\":\"https:\\\/\\\/www.eldiario.net\\\/portal\\\/#website\",\"url\":\"https:\\\/\\\/www.eldiario.net\\\/portal\\\/\",\"name\":\"El Diario - Decano de la prensa nacional\",\"description\":\"El Diario - Decano de la prensa nacional\",\"publisher\":{\"@id\":\"https:\\\/\\\/www.eldiario.net\\\/portal\\\/#organization\"},\"potentialAction\":[{\"@type\":\"SearchAction\",\"target\":{\"@type\":\"EntryPoint\",\"urlTemplate\":\"https:\\\/\\\/www.eldiario.net\\\/portal\\\/?s={search_term_string}\"},\"query-input\":{\"@type\":\"PropertyValueSpecification\",\"valueRequired\":true,\"valueName\":\"search_term_string\"}}],\"inLanguage\":\"es\"},{\"@type\":\"Organization\",\"@id\":\"https:\\\/\\\/www.eldiario.net\\\/portal\\\/#organization\",\"name\":\"El Diario - Decano de la prensa nacional\",\"url\":\"https:\\\/\\\/www.eldiario.net\\\/portal\\\/\",\"logo\":{\"@type\":\"ImageObject\",\"inLanguage\":\"es\",\"@id\":\"https:\\\/\\\/www.eldiario.net\\\/portal\\\/#\\\/schema\\\/logo\\\/image\\\/\",\"url\":\"https:\\\/\\\/www.eldiario.net\\\/portal\\\/wp-content\\\/uploads\\\/2023\\\/07\\\/logo_ED.jpg\",\"contentUrl\":\"https:\\\/\\\/www.eldiario.net\\\/portal\\\/wp-content\\\/uploads\\\/2023\\\/07\\\/logo_ED.jpg\",\"width\":272,\"height\":52,\"caption\":\"El Diario - Decano de la prensa nacional\"},\"image\":{\"@id\":\"https:\\\/\\\/www.eldiario.net\\\/portal\\\/#\\\/schema\\\/logo\\\/image\\\/\"},\"sameAs\":[\"https:\\\/\\\/www.facebook.com\\\/eldiario.bolivia\\\/\",\"https:\\\/\\\/x.com\\\/eldiario_net\"]},{\"@type\":\"Person\",\"@id\":\"https:\\\/\\\/www.eldiario.net\\\/portal\\\/#\\\/schema\\\/person\\\/f46445640444750d7d753ccd04ae01b7\",\"name\":\"Jeanette\",\"image\":{\"@type\":\"ImageObject\",\"inLanguage\":\"es\",\"@id\":\"https:\\\/\\\/secure.gravatar.com\\\/avatar\\\/3ea2118a5f7dad2b7138b1187a6b7ee55f160b9968b66013c3a3ef39dd7e5798?s=96&d=mm&r=g\",\"url\":\"https:\\\/\\\/secure.gravatar.com\\\/avatar\\\/3ea2118a5f7dad2b7138b1187a6b7ee55f160b9968b66013c3a3ef39dd7e5798?s=96&d=mm&r=g\",\"contentUrl\":\"https:\\\/\\\/secure.gravatar.com\\\/avatar\\\/3ea2118a5f7dad2b7138b1187a6b7ee55f160b9968b66013c3a3ef39dd7e5798?s=96&d=mm&r=g\",\"caption\":\"Jeanette\"},\"sameAs\":[\"https:\\\/\\\/www.eldiario.net\\\/portal\"],\"url\":\"https:\\\/\\\/www.eldiario.net\\\/portal\\\/author\\\/jeanette\\\/\"}]}<\/script>\n<!-- \/ Yoast SEO plugin. -->","yoast_head_json":{"title":"Sapoc\u00f3 y Porongo - El Diario - Bolivia","robots":{"index":"index","follow":"follow","max-snippet":"max-snippet:-1","max-image-preview":"max-image-preview:large","max-video-preview":"max-video-preview:-1"},"canonical":"https:\/\/www.eldiario.net\/portal\/2022\/03\/03\/sapoco-y-porongo\/","og_locale":"es_ES","og_type":"article","og_title":"Sapoc\u00f3 y Porongo - El Diario - Bolivia","og_description":"\u201c\u00bfQu\u00e9 es Sapoc\u00f3?\u201d, se preguntaban algunos amigos y amigas la noche del mi\u00e9rcoles antes de carnaval, y alguien dec\u00eda que era una fruta, otros que era un \u00e1rbol, y finalmente, preguntando, sabemos que es el nombre de un r\u00edo que est\u00e1 por la regi\u00f3n de Concepci\u00f3n y que forma el lago o embalse de Sapoc\u00f3. [&hellip;]","og_url":"https:\/\/www.eldiario.net\/portal\/2022\/03\/03\/sapoco-y-porongo\/","og_site_name":"El Diario - Bolivia","article_publisher":"https:\/\/www.facebook.com\/eldiario.bolivia\/","article_published_time":"2022-03-03T09:19:31+00:00","og_image":[{"width":1200,"height":628,"url":"https:\/\/www.eldiario.net\/portal\/wp-content\/uploads\/2021\/05\/Manfredo-Kempff-Suarez-1.jpg","type":"image\/jpeg"}],"author":"Jeanette","twitter_card":"summary_large_image","twitter_creator":"@eldiario_net","twitter_site":"@eldiario_net","twitter_misc":{"Escrito por":"Jeanette","Tiempo de lectura":"4 minutos"},"schema":{"@context":"https:\/\/schema.org","@graph":[{"@type":"Article","@id":"https:\/\/www.eldiario.net\/portal\/2022\/03\/03\/sapoco-y-porongo\/#article","isPartOf":{"@id":"https:\/\/www.eldiario.net\/portal\/2022\/03\/03\/sapoco-y-porongo\/"},"author":{"name":"Jeanette","@id":"https:\/\/www.eldiario.net\/portal\/#\/schema\/person\/f46445640444750d7d753ccd04ae01b7"},"headline":"Sapoc\u00f3 y Porongo","datePublished":"2022-03-03T09:19:31+00:00","mainEntityOfPage":{"@id":"https:\/\/www.eldiario.net\/portal\/2022\/03\/03\/sapoco-y-porongo\/"},"wordCount":747,"publisher":{"@id":"https:\/\/www.eldiario.net\/portal\/#organization"},"image":{"@id":"https:\/\/www.eldiario.net\/portal\/2022\/03\/03\/sapoco-y-porongo\/#primaryimage"},"thumbnailUrl":"https:\/\/www.eldiario.net\/portal\/wp-content\/uploads\/2021\/05\/Manfredo-Kempff-Suarez-1.jpg","articleSection":["Opini\u00f3n"],"inLanguage":"es"},{"@type":"WebPage","@id":"https:\/\/www.eldiario.net\/portal\/2022\/03\/03\/sapoco-y-porongo\/","url":"https:\/\/www.eldiario.net\/portal\/2022\/03\/03\/sapoco-y-porongo\/","name":"Sapoc\u00f3 y Porongo - El Diario - Bolivia","isPartOf":{"@id":"https:\/\/www.eldiario.net\/portal\/#website"},"primaryImageOfPage":{"@id":"https:\/\/www.eldiario.net\/portal\/2022\/03\/03\/sapoco-y-porongo\/#primaryimage"},"image":{"@id":"https:\/\/www.eldiario.net\/portal\/2022\/03\/03\/sapoco-y-porongo\/#primaryimage"},"thumbnailUrl":"https:\/\/www.eldiario.net\/portal\/wp-content\/uploads\/2021\/05\/Manfredo-Kempff-Suarez-1.jpg","datePublished":"2022-03-03T09:19:31+00:00","breadcrumb":{"@id":"https:\/\/www.eldiario.net\/portal\/2022\/03\/03\/sapoco-y-porongo\/#breadcrumb"},"inLanguage":"es","potentialAction":[{"@type":"ReadAction","target":["https:\/\/www.eldiario.net\/portal\/2022\/03\/03\/sapoco-y-porongo\/"]}]},{"@type":"ImageObject","inLanguage":"es","@id":"https:\/\/www.eldiario.net\/portal\/2022\/03\/03\/sapoco-y-porongo\/#primaryimage","url":"https:\/\/www.eldiario.net\/portal\/wp-content\/uploads\/2021\/05\/Manfredo-Kempff-Suarez-1.jpg","contentUrl":"https:\/\/www.eldiario.net\/portal\/wp-content\/uploads\/2021\/05\/Manfredo-Kempff-Suarez-1.jpg","width":1200,"height":628},{"@type":"BreadcrumbList","@id":"https:\/\/www.eldiario.net\/portal\/2022\/03\/03\/sapoco-y-porongo\/#breadcrumb","itemListElement":[{"@type":"ListItem","position":1,"name":"Portada","item":"https:\/\/www.eldiario.net\/portal\/"},{"@type":"ListItem","position":2,"name":"Sapoc\u00f3 y Porongo"}]},{"@type":"WebSite","@id":"https:\/\/www.eldiario.net\/portal\/#website","url":"https:\/\/www.eldiario.net\/portal\/","name":"El Diario - Decano de la prensa nacional","description":"El Diario - Decano de la prensa nacional","publisher":{"@id":"https:\/\/www.eldiario.net\/portal\/#organization"},"potentialAction":[{"@type":"SearchAction","target":{"@type":"EntryPoint","urlTemplate":"https:\/\/www.eldiario.net\/portal\/?s={search_term_string}"},"query-input":{"@type":"PropertyValueSpecification","valueRequired":true,"valueName":"search_term_string"}}],"inLanguage":"es"},{"@type":"Organization","@id":"https:\/\/www.eldiario.net\/portal\/#organization","name":"El Diario - Decano de la prensa nacional","url":"https:\/\/www.eldiario.net\/portal\/","logo":{"@type":"ImageObject","inLanguage":"es","@id":"https:\/\/www.eldiario.net\/portal\/#\/schema\/logo\/image\/","url":"https:\/\/www.eldiario.net\/portal\/wp-content\/uploads\/2023\/07\/logo_ED.jpg","contentUrl":"https:\/\/www.eldiario.net\/portal\/wp-content\/uploads\/2023\/07\/logo_ED.jpg","width":272,"height":52,"caption":"El Diario - Decano de la prensa nacional"},"image":{"@id":"https:\/\/www.eldiario.net\/portal\/#\/schema\/logo\/image\/"},"sameAs":["https:\/\/www.facebook.com\/eldiario.bolivia\/","https:\/\/x.com\/eldiario_net"]},{"@type":"Person","@id":"https:\/\/www.eldiario.net\/portal\/#\/schema\/person\/f46445640444750d7d753ccd04ae01b7","name":"Jeanette","image":{"@type":"ImageObject","inLanguage":"es","@id":"https:\/\/secure.gravatar.com\/avatar\/3ea2118a5f7dad2b7138b1187a6b7ee55f160b9968b66013c3a3ef39dd7e5798?s=96&d=mm&r=g","url":"https:\/\/secure.gravatar.com\/avatar\/3ea2118a5f7dad2b7138b1187a6b7ee55f160b9968b66013c3a3ef39dd7e5798?s=96&d=mm&r=g","contentUrl":"https:\/\/secure.gravatar.com\/avatar\/3ea2118a5f7dad2b7138b1187a6b7ee55f160b9968b66013c3a3ef39dd7e5798?s=96&d=mm&r=g","caption":"Jeanette"},"sameAs":["https:\/\/www.eldiario.net\/portal"],"url":"https:\/\/www.eldiario.net\/portal\/author\/jeanette\/"}]}},"_links":{"self":[{"href":"https:\/\/www.eldiario.net\/portal\/wp-json\/wp\/v2\/posts\/66921","targetHints":{"allow":["GET"]}}],"collection":[{"href":"https:\/\/www.eldiario.net\/portal\/wp-json\/wp\/v2\/posts"}],"about":[{"href":"https:\/\/www.eldiario.net\/portal\/wp-json\/wp\/v2\/types\/post"}],"author":[{"embeddable":true,"href":"https:\/\/www.eldiario.net\/portal\/wp-json\/wp\/v2\/users\/1"}],"replies":[{"embeddable":true,"href":"https:\/\/www.eldiario.net\/portal\/wp-json\/wp\/v2\/comments?post=66921"}],"version-history":[{"count":0,"href":"https:\/\/www.eldiario.net\/portal\/wp-json\/wp\/v2\/posts\/66921\/revisions"}],"wp:featuredmedia":[{"embeddable":true,"href":"https:\/\/www.eldiario.net\/portal\/wp-json\/wp\/v2\/media\/3793"}],"wp:attachment":[{"href":"https:\/\/www.eldiario.net\/portal\/wp-json\/wp\/v2\/media?parent=66921"}],"wp:term":[{"taxonomy":"category","embeddable":true,"href":"https:\/\/www.eldiario.net\/portal\/wp-json\/wp\/v2\/categories?post=66921"},{"taxonomy":"post_tag","embeddable":true,"href":"https:\/\/www.eldiario.net\/portal\/wp-json\/wp\/v2\/tags?post=66921"}],"curies":[{"name":"wp","href":"https:\/\/api.w.org\/{rel}","templated":true}]}}