{"id":66918,"date":"2022-03-03T05:18:31","date_gmt":"2022-03-03T09:18:31","guid":{"rendered":"https:\/\/www.eldiario.net\/portal\/?p=66918"},"modified":"2022-03-03T05:18:31","modified_gmt":"2022-03-03T09:18:31","slug":"desde-rusia-con-horror","status":"publish","type":"post","link":"https:\/\/www.eldiario.net\/portal\/2022\/03\/03\/desde-rusia-con-horror\/","title":{"rendered":"Desde Rusia con horror"},"content":{"rendered":"<p>Siguiendo el hilo de nuestra anterior entrega titulada: \u201cLos Idus de Marzo de Putin\u201d, un agente suyo, d\u00e1ndoselas de C\u00e9sar se\u00f1al\u00f3: \u201cAcu\u00e9rdese que marzo no ha comenzado a\u00fan\u201d, a lo que le replicamos, que Ucrania tampoco se ha rendido todav\u00eda. De ah\u00ed dimana el ep\u00edgrafe de esta nota, recordando la obra de Ian Fleming del g\u00e9nero espionaje, encarnada por el ficticio agente 007, del MI6 brit\u00e1nico, James Bond, que tanto \u00e9xito obtuvo en la industria del cine, hasta convertirse en el m\u00e1s fiel ep\u00edgono del actual psic\u00f3pata invasor de Ucrania.<\/p>\n<p>En ese anterior art\u00edculo expusimos esa sabia, como extraordinaria descripci\u00f3n acerca del \u201cMal de Hybris\u201d, una lacra que se atribu\u00eda en la antigua Grecia al h\u00e9roe que alcanzaba la gloria y, pose\u00eddo por el \u00e9xito, su desmedido ego le brindaba la sensaci\u00f3n de poseer dones especiales que lo hac\u00edan comportarse como un dios, capaz de realizar cualquier emprendimiento, hasta el de enfrentarse con los propios dioses, sin reparar siquiera en ese sabio adagio que reza: \u201c<em>Aquel a quien los dioses quieren destruir, primero lo vuelven loco<\/em>\u201d.<\/p>\n<p>Si bien es cierto que esta mala reencarnaci\u00f3n de Hitler nos tuvo sorprendidos con su notoria inteligencia, no es menos cierto que su \u201cBlitzkrieg\u201d o guerra rel\u00e1mpago, emprendida contra la pac\u00edfica, como noble naci\u00f3n ucraniana, m\u00e1s se asemej\u00f3 a una entrada carnavalera, criminal y asesina, que ech\u00f3 por tierra ese concepto que la historia relataba sobre estrategia militar, y s\u00f3lo mostr\u00f3 los verdaderos alcances de este megal\u00f3mano que, para cubrir esa aventura, volvi\u00f3 a utilizar su manido pretexto: \u201cRestaurar la grandeza de Rusia\u201d curiosamente plagiado del slogan aquel: \u201cAm\u00e9rica great again\u201d, \u201cAm\u00e9rica grande otra vez\u201d.<\/p>\n<p>He ah\u00ed los alcances de este \u201creptil, p\u00e1lido como un piojo de peluca, fr\u00edo y sin emociones\u201d, como con enorme intuici\u00f3n fuera calificado hace 22 a\u00f1os por la ex Secretaria de Estado de los EEUU, Madeleine Albright, ya que lo \u00fanico que logr\u00f3 engrandecer fue su inmensa fortuna, a costa de esa Rusia expoliada.<\/p>\n<p>Lo jocoso de esta historia es que este corsario aplica las mismas f\u00f3rmulas de ataque de las SS nazis, y utiliza para su nave de asalto un mascar\u00f3n de proa igual al del antiguo marxismo, a cuyo bordo recalaron todos los l\u00edderes populistas, pseudo izquierdistas y ultranacionalistas de la regi\u00f3n, como si del Dalai Lama de la pol\u00edtica se tratara, sin reparar en que su visita fue a un loco criminal de guerra, que ya ha ocasionado m\u00e1s de un centenar de muertos en su despiadada invasi\u00f3n a un pa\u00eds libre y soberano, dizque para \u201cdeponer a su gobierno de drogadictos y neo nazis\u201d como \u00e9l mismo se\u00f1al\u00f3, que est\u00e1 presidido por un\u00a0 jud\u00edo, cuya familia fue v\u00edctima de los campos de\u00a0 concentraci\u00f3n.<\/p>\n<p>En la historia mundial de la guerra, es la primera vez que \u00e9sta empieza con la cr\u00f3nica de una invasi\u00f3n anunciada, como lo hizo Putin, lo que ha devenido en una cerrada repulsa de todos los pa\u00edses europeos, y de las Naciones Unidas en general. Hasta la aliada China ha relativizado mucho su antigua postura, ante la amenaza del delirante de desencadenar un holocausto nuclear, en caso de perder su malhadada aventura, se\u00f1al inequ\u00edvoca que ha decretado la suerte que corra este psic\u00f3pata, al terminar esta pel\u00edcula que bien podr\u00eda titularse, \u201cDe Rusia con horror\u201d.<\/p>\n","protected":false},"excerpt":{"rendered":"<p>Siguiendo el hilo de nuestra anterior entrega titulada: \u201cLos Idus de Marzo de Putin\u201d, un agente suyo, d\u00e1ndoselas de C\u00e9sar se\u00f1al\u00f3: \u201cAcu\u00e9rdese que marzo no ha comenzado a\u00fan\u201d, a lo que le replicamos, que Ucrania tampoco se ha rendido todav\u00eda. De ah\u00ed dimana el ep\u00edgrafe de esta nota, recordando la obra de Ian Fleming del [&hellip;]<\/p>\n","protected":false},"author":1,"featured_media":5340,"comment_status":"closed","ping_status":"closed","sticky":false,"template":"","format":"standard","meta":{"_acf_changed":false,"footnotes":""},"categories":[9],"tags":[],"class_list":["post-66918","post","type-post","status-publish","format-standard","has-post-thumbnail","category-opinion"],"acf":{"antetitulo":""},"yoast_head":"<!-- This site is optimized with the Yoast SEO plugin v28.4 - https:\/\/yoast.com\/product\/yoast-seo-wordpress\/ -->\n<title>Desde Rusia con horror - El Diario - Bolivia<\/title>\n<meta name=\"robots\" content=\"index, follow, max-snippet:-1, max-image-preview:large, max-video-preview:-1\" \/>\n<link rel=\"canonical\" href=\"https:\/\/www.eldiario.net\/portal\/2022\/03\/03\/desde-rusia-con-horror\/\" \/>\n<meta property=\"og:locale\" content=\"es_ES\" \/>\n<meta property=\"og:type\" content=\"article\" \/>\n<meta property=\"og:title\" content=\"Desde Rusia con horror - El Diario - Bolivia\" \/>\n<meta property=\"og:description\" content=\"Siguiendo el hilo de nuestra anterior entrega titulada: \u201cLos Idus de Marzo de Putin\u201d, un agente suyo, d\u00e1ndoselas de C\u00e9sar se\u00f1al\u00f3: \u201cAcu\u00e9rdese que marzo no ha comenzado a\u00fan\u201d, a lo que le replicamos, que Ucrania tampoco se ha rendido todav\u00eda. De ah\u00ed dimana el ep\u00edgrafe de esta nota, recordando la obra de Ian Fleming del [&hellip;]\" \/>\n<meta property=\"og:url\" content=\"https:\/\/www.eldiario.net\/portal\/2022\/03\/03\/desde-rusia-con-horror\/\" \/>\n<meta property=\"og:site_name\" content=\"El Diario - Bolivia\" \/>\n<meta property=\"article:publisher\" content=\"https:\/\/www.facebook.com\/eldiario.bolivia\/\" \/>\n<meta property=\"article:published_time\" content=\"2022-03-03T09:18:31+00:00\" \/>\n<meta name=\"author\" content=\"Jeanette\" \/>\n<meta name=\"twitter:card\" content=\"summary_large_image\" \/>\n<meta name=\"twitter:creator\" content=\"@eldiario_net\" \/>\n<meta name=\"twitter:site\" content=\"@eldiario_net\" \/>\n<meta name=\"twitter:label1\" content=\"Escrito por\" \/>\n\t<meta name=\"twitter:data1\" content=\"Jeanette\" \/>\n\t<meta name=\"twitter:label2\" content=\"Tiempo de lectura\" \/>\n\t<meta name=\"twitter:data2\" content=\"3 minutos\" \/>\n<script type=\"application\/ld+json\" class=\"yoast-schema-graph\">{\"@context\":\"https:\\\/\\\/schema.org\",\"@graph\":[{\"@type\":\"Article\",\"@id\":\"https:\\\/\\\/www.eldiario.net\\\/portal\\\/2022\\\/03\\\/03\\\/desde-rusia-con-horror\\\/#article\",\"isPartOf\":{\"@id\":\"https:\\\/\\\/www.eldiario.net\\\/portal\\\/2022\\\/03\\\/03\\\/desde-rusia-con-horror\\\/\"},\"author\":{\"name\":\"Jeanette\",\"@id\":\"https:\\\/\\\/www.eldiario.net\\\/portal\\\/#\\\/schema\\\/person\\\/f46445640444750d7d753ccd04ae01b7\"},\"headline\":\"Desde Rusia con horror\",\"datePublished\":\"2022-03-03T09:18:31+00:00\",\"mainEntityOfPage\":{\"@id\":\"https:\\\/\\\/www.eldiario.net\\\/portal\\\/2022\\\/03\\\/03\\\/desde-rusia-con-horror\\\/\"},\"wordCount\":597,\"publisher\":{\"@id\":\"https:\\\/\\\/www.eldiario.net\\\/portal\\\/#organization\"},\"image\":{\"@id\":\"https:\\\/\\\/www.eldiario.net\\\/portal\\\/2022\\\/03\\\/03\\\/desde-rusia-con-horror\\\/#primaryimage\"},\"thumbnailUrl\":\"\",\"articleSection\":[\"Opini\u00f3n\"],\"inLanguage\":\"es\"},{\"@type\":\"WebPage\",\"@id\":\"https:\\\/\\\/www.eldiario.net\\\/portal\\\/2022\\\/03\\\/03\\\/desde-rusia-con-horror\\\/\",\"url\":\"https:\\\/\\\/www.eldiario.net\\\/portal\\\/2022\\\/03\\\/03\\\/desde-rusia-con-horror\\\/\",\"name\":\"Desde Rusia con horror - El Diario - Bolivia\",\"isPartOf\":{\"@id\":\"https:\\\/\\\/www.eldiario.net\\\/portal\\\/#website\"},\"primaryImageOfPage\":{\"@id\":\"https:\\\/\\\/www.eldiario.net\\\/portal\\\/2022\\\/03\\\/03\\\/desde-rusia-con-horror\\\/#primaryimage\"},\"image\":{\"@id\":\"https:\\\/\\\/www.eldiario.net\\\/portal\\\/2022\\\/03\\\/03\\\/desde-rusia-con-horror\\\/#primaryimage\"},\"thumbnailUrl\":\"\",\"datePublished\":\"2022-03-03T09:18:31+00:00\",\"breadcrumb\":{\"@id\":\"https:\\\/\\\/www.eldiario.net\\\/portal\\\/2022\\\/03\\\/03\\\/desde-rusia-con-horror\\\/#breadcrumb\"},\"inLanguage\":\"es\",\"potentialAction\":[{\"@type\":\"ReadAction\",\"target\":[\"https:\\\/\\\/www.eldiario.net\\\/portal\\\/2022\\\/03\\\/03\\\/desde-rusia-con-horror\\\/\"]}]},{\"@type\":\"ImageObject\",\"inLanguage\":\"es\",\"@id\":\"https:\\\/\\\/www.eldiario.net\\\/portal\\\/2022\\\/03\\\/03\\\/desde-rusia-con-horror\\\/#primaryimage\",\"url\":\"\",\"contentUrl\":\"\"},{\"@type\":\"BreadcrumbList\",\"@id\":\"https:\\\/\\\/www.eldiario.net\\\/portal\\\/2022\\\/03\\\/03\\\/desde-rusia-con-horror\\\/#breadcrumb\",\"itemListElement\":[{\"@type\":\"ListItem\",\"position\":1,\"name\":\"Portada\",\"item\":\"https:\\\/\\\/www.eldiario.net\\\/portal\\\/\"},{\"@type\":\"ListItem\",\"position\":2,\"name\":\"Desde Rusia con horror\"}]},{\"@type\":\"WebSite\",\"@id\":\"https:\\\/\\\/www.eldiario.net\\\/portal\\\/#website\",\"url\":\"https:\\\/\\\/www.eldiario.net\\\/portal\\\/\",\"name\":\"El Diario - Decano de la prensa nacional\",\"description\":\"El Diario - Decano de la prensa nacional\",\"publisher\":{\"@id\":\"https:\\\/\\\/www.eldiario.net\\\/portal\\\/#organization\"},\"potentialAction\":[{\"@type\":\"SearchAction\",\"target\":{\"@type\":\"EntryPoint\",\"urlTemplate\":\"https:\\\/\\\/www.eldiario.net\\\/portal\\\/?s={search_term_string}\"},\"query-input\":{\"@type\":\"PropertyValueSpecification\",\"valueRequired\":true,\"valueName\":\"search_term_string\"}}],\"inLanguage\":\"es\"},{\"@type\":\"Organization\",\"@id\":\"https:\\\/\\\/www.eldiario.net\\\/portal\\\/#organization\",\"name\":\"El Diario - Decano de la prensa nacional\",\"url\":\"https:\\\/\\\/www.eldiario.net\\\/portal\\\/\",\"logo\":{\"@type\":\"ImageObject\",\"inLanguage\":\"es\",\"@id\":\"https:\\\/\\\/www.eldiario.net\\\/portal\\\/#\\\/schema\\\/logo\\\/image\\\/\",\"url\":\"https:\\\/\\\/www.eldiario.net\\\/portal\\\/wp-content\\\/uploads\\\/2023\\\/07\\\/logo_ED.jpg\",\"contentUrl\":\"https:\\\/\\\/www.eldiario.net\\\/portal\\\/wp-content\\\/uploads\\\/2023\\\/07\\\/logo_ED.jpg\",\"width\":272,\"height\":52,\"caption\":\"El Diario - Decano de la prensa nacional\"},\"image\":{\"@id\":\"https:\\\/\\\/www.eldiario.net\\\/portal\\\/#\\\/schema\\\/logo\\\/image\\\/\"},\"sameAs\":[\"https:\\\/\\\/www.facebook.com\\\/eldiario.bolivia\\\/\",\"https:\\\/\\\/x.com\\\/eldiario_net\"]},{\"@type\":\"Person\",\"@id\":\"https:\\\/\\\/www.eldiario.net\\\/portal\\\/#\\\/schema\\\/person\\\/f46445640444750d7d753ccd04ae01b7\",\"name\":\"Jeanette\",\"image\":{\"@type\":\"ImageObject\",\"inLanguage\":\"es\",\"@id\":\"https:\\\/\\\/secure.gravatar.com\\\/avatar\\\/3ea2118a5f7dad2b7138b1187a6b7ee55f160b9968b66013c3a3ef39dd7e5798?s=96&d=mm&r=g\",\"url\":\"https:\\\/\\\/secure.gravatar.com\\\/avatar\\\/3ea2118a5f7dad2b7138b1187a6b7ee55f160b9968b66013c3a3ef39dd7e5798?s=96&d=mm&r=g\",\"contentUrl\":\"https:\\\/\\\/secure.gravatar.com\\\/avatar\\\/3ea2118a5f7dad2b7138b1187a6b7ee55f160b9968b66013c3a3ef39dd7e5798?s=96&d=mm&r=g\",\"caption\":\"Jeanette\"},\"sameAs\":[\"https:\\\/\\\/www.eldiario.net\\\/portal\"],\"url\":\"https:\\\/\\\/www.eldiario.net\\\/portal\\\/author\\\/jeanette\\\/\"}]}<\/script>\n<!-- \/ Yoast SEO plugin. -->","yoast_head_json":{"title":"Desde Rusia con horror - El Diario - Bolivia","robots":{"index":"index","follow":"follow","max-snippet":"max-snippet:-1","max-image-preview":"max-image-preview:large","max-video-preview":"max-video-preview:-1"},"canonical":"https:\/\/www.eldiario.net\/portal\/2022\/03\/03\/desde-rusia-con-horror\/","og_locale":"es_ES","og_type":"article","og_title":"Desde Rusia con horror - El Diario - Bolivia","og_description":"Siguiendo el hilo de nuestra anterior entrega titulada: \u201cLos Idus de Marzo de Putin\u201d, un agente suyo, d\u00e1ndoselas de C\u00e9sar se\u00f1al\u00f3: \u201cAcu\u00e9rdese que marzo no ha comenzado a\u00fan\u201d, a lo que le replicamos, que Ucrania tampoco se ha rendido todav\u00eda. De ah\u00ed dimana el ep\u00edgrafe de esta nota, recordando la obra de Ian Fleming del [&hellip;]","og_url":"https:\/\/www.eldiario.net\/portal\/2022\/03\/03\/desde-rusia-con-horror\/","og_site_name":"El Diario - Bolivia","article_publisher":"https:\/\/www.facebook.com\/eldiario.bolivia\/","article_published_time":"2022-03-03T09:18:31+00:00","author":"Jeanette","twitter_card":"summary_large_image","twitter_creator":"@eldiario_net","twitter_site":"@eldiario_net","twitter_misc":{"Escrito por":"Jeanette","Tiempo de lectura":"3 minutos"},"schema":{"@context":"https:\/\/schema.org","@graph":[{"@type":"Article","@id":"https:\/\/www.eldiario.net\/portal\/2022\/03\/03\/desde-rusia-con-horror\/#article","isPartOf":{"@id":"https:\/\/www.eldiario.net\/portal\/2022\/03\/03\/desde-rusia-con-horror\/"},"author":{"name":"Jeanette","@id":"https:\/\/www.eldiario.net\/portal\/#\/schema\/person\/f46445640444750d7d753ccd04ae01b7"},"headline":"Desde Rusia con horror","datePublished":"2022-03-03T09:18:31+00:00","mainEntityOfPage":{"@id":"https:\/\/www.eldiario.net\/portal\/2022\/03\/03\/desde-rusia-con-horror\/"},"wordCount":597,"publisher":{"@id":"https:\/\/www.eldiario.net\/portal\/#organization"},"image":{"@id":"https:\/\/www.eldiario.net\/portal\/2022\/03\/03\/desde-rusia-con-horror\/#primaryimage"},"thumbnailUrl":"","articleSection":["Opini\u00f3n"],"inLanguage":"es"},{"@type":"WebPage","@id":"https:\/\/www.eldiario.net\/portal\/2022\/03\/03\/desde-rusia-con-horror\/","url":"https:\/\/www.eldiario.net\/portal\/2022\/03\/03\/desde-rusia-con-horror\/","name":"Desde Rusia con horror - El Diario - Bolivia","isPartOf":{"@id":"https:\/\/www.eldiario.net\/portal\/#website"},"primaryImageOfPage":{"@id":"https:\/\/www.eldiario.net\/portal\/2022\/03\/03\/desde-rusia-con-horror\/#primaryimage"},"image":{"@id":"https:\/\/www.eldiario.net\/portal\/2022\/03\/03\/desde-rusia-con-horror\/#primaryimage"},"thumbnailUrl":"","datePublished":"2022-03-03T09:18:31+00:00","breadcrumb":{"@id":"https:\/\/www.eldiario.net\/portal\/2022\/03\/03\/desde-rusia-con-horror\/#breadcrumb"},"inLanguage":"es","potentialAction":[{"@type":"ReadAction","target":["https:\/\/www.eldiario.net\/portal\/2022\/03\/03\/desde-rusia-con-horror\/"]}]},{"@type":"ImageObject","inLanguage":"es","@id":"https:\/\/www.eldiario.net\/portal\/2022\/03\/03\/desde-rusia-con-horror\/#primaryimage","url":"","contentUrl":""},{"@type":"BreadcrumbList","@id":"https:\/\/www.eldiario.net\/portal\/2022\/03\/03\/desde-rusia-con-horror\/#breadcrumb","itemListElement":[{"@type":"ListItem","position":1,"name":"Portada","item":"https:\/\/www.eldiario.net\/portal\/"},{"@type":"ListItem","position":2,"name":"Desde Rusia con horror"}]},{"@type":"WebSite","@id":"https:\/\/www.eldiario.net\/portal\/#website","url":"https:\/\/www.eldiario.net\/portal\/","name":"El Diario - Decano de la prensa nacional","description":"El Diario - Decano de la prensa nacional","publisher":{"@id":"https:\/\/www.eldiario.net\/portal\/#organization"},"potentialAction":[{"@type":"SearchAction","target":{"@type":"EntryPoint","urlTemplate":"https:\/\/www.eldiario.net\/portal\/?s={search_term_string}"},"query-input":{"@type":"PropertyValueSpecification","valueRequired":true,"valueName":"search_term_string"}}],"inLanguage":"es"},{"@type":"Organization","@id":"https:\/\/www.eldiario.net\/portal\/#organization","name":"El Diario - Decano de la prensa nacional","url":"https:\/\/www.eldiario.net\/portal\/","logo":{"@type":"ImageObject","inLanguage":"es","@id":"https:\/\/www.eldiario.net\/portal\/#\/schema\/logo\/image\/","url":"https:\/\/www.eldiario.net\/portal\/wp-content\/uploads\/2023\/07\/logo_ED.jpg","contentUrl":"https:\/\/www.eldiario.net\/portal\/wp-content\/uploads\/2023\/07\/logo_ED.jpg","width":272,"height":52,"caption":"El Diario - Decano de la prensa nacional"},"image":{"@id":"https:\/\/www.eldiario.net\/portal\/#\/schema\/logo\/image\/"},"sameAs":["https:\/\/www.facebook.com\/eldiario.bolivia\/","https:\/\/x.com\/eldiario_net"]},{"@type":"Person","@id":"https:\/\/www.eldiario.net\/portal\/#\/schema\/person\/f46445640444750d7d753ccd04ae01b7","name":"Jeanette","image":{"@type":"ImageObject","inLanguage":"es","@id":"https:\/\/secure.gravatar.com\/avatar\/3ea2118a5f7dad2b7138b1187a6b7ee55f160b9968b66013c3a3ef39dd7e5798?s=96&d=mm&r=g","url":"https:\/\/secure.gravatar.com\/avatar\/3ea2118a5f7dad2b7138b1187a6b7ee55f160b9968b66013c3a3ef39dd7e5798?s=96&d=mm&r=g","contentUrl":"https:\/\/secure.gravatar.com\/avatar\/3ea2118a5f7dad2b7138b1187a6b7ee55f160b9968b66013c3a3ef39dd7e5798?s=96&d=mm&r=g","caption":"Jeanette"},"sameAs":["https:\/\/www.eldiario.net\/portal"],"url":"https:\/\/www.eldiario.net\/portal\/author\/jeanette\/"}]}},"_links":{"self":[{"href":"https:\/\/www.eldiario.net\/portal\/wp-json\/wp\/v2\/posts\/66918","targetHints":{"allow":["GET"]}}],"collection":[{"href":"https:\/\/www.eldiario.net\/portal\/wp-json\/wp\/v2\/posts"}],"about":[{"href":"https:\/\/www.eldiario.net\/portal\/wp-json\/wp\/v2\/types\/post"}],"author":[{"embeddable":true,"href":"https:\/\/www.eldiario.net\/portal\/wp-json\/wp\/v2\/users\/1"}],"replies":[{"embeddable":true,"href":"https:\/\/www.eldiario.net\/portal\/wp-json\/wp\/v2\/comments?post=66918"}],"version-history":[{"count":0,"href":"https:\/\/www.eldiario.net\/portal\/wp-json\/wp\/v2\/posts\/66918\/revisions"}],"wp:attachment":[{"href":"https:\/\/www.eldiario.net\/portal\/wp-json\/wp\/v2\/media?parent=66918"}],"wp:term":[{"taxonomy":"category","embeddable":true,"href":"https:\/\/www.eldiario.net\/portal\/wp-json\/wp\/v2\/categories?post=66918"},{"taxonomy":"post_tag","embeddable":true,"href":"https:\/\/www.eldiario.net\/portal\/wp-json\/wp\/v2\/tags?post=66918"}],"curies":[{"name":"wp","href":"https:\/\/api.w.org\/{rel}","templated":true}]}}