{"id":66916,"date":"2022-03-03T05:17:27","date_gmt":"2022-03-03T09:17:27","guid":{"rendered":"https:\/\/www.eldiario.net\/portal\/?p=66916"},"modified":"2022-03-03T05:17:27","modified_gmt":"2022-03-03T09:17:27","slug":"libre-de-trabajo-infantil-trabajo-forzoso-y-discriminacion","status":"publish","type":"post","link":"https:\/\/www.eldiario.net\/portal\/2022\/03\/03\/libre-de-trabajo-infantil-trabajo-forzoso-y-discriminacion\/","title":{"rendered":"Libre de trabajo infantil,  trabajo forzoso y discriminaci\u00f3n"},"content":{"rendered":"<p>\u00bfEs bueno que los ni\u00f1os trabajen en labores peligrosas &#8211;obligados por la necesidad&#8211; en vez de estar estudiando o jugando? \u00bfLe gustar\u00eda trabajar donde no le paguen bien y no respeten sus derechos? \u00bfEstar\u00eda de acuerdo con que lo discriminen como ser humano?<\/p>\n<p>Si sus respuestas fueron \u201cno, no y no\u201d, entonces Ud. est\u00e1 alineado con una campa\u00f1a que, con la mira puesta en la Responsabilidad Social Empresarial, lleva adelante desde 2007 el Instituto Boliviano de Comercio Exterior (IBCE), quien, junto con IBNORCA y con la participaci\u00f3n del MTEPS, UNICEF, OIT, Gobierno Aut\u00f3nomo Departamental de Santa Cruz (GADSC) y otras entidades comprometidas con el respeto a los derechos fundamentales y laborales, dise\u00f1aron 3 Normas Bolivianas &#8211;Libre de Trabajo Infantil, Libre de Trabajo Forzoso y Libre de Discriminaci\u00f3n&#8211;,\u00a0cuyo cumplimiento posibilita usar el\u00a0\u201cTriple Sello\u201d, marca registrada ante el SENAPI por el IBCE.<\/p>\n<p>Con la ayuda de Dios, un enorme resultado se logr\u00f3 en Bolivia, la primera certificaci\u00f3n al 100% para un producto que no incurri\u00f3 en trabajo infantil, trabajo forzoso ni discriminaci\u00f3n en su fabricaci\u00f3n, fue concedida en fecha 22.02.2022: al az\u00facar del Ingenio Azucarero Guabir\u00e1 S.A. y sus productores ca\u00f1eros, para un volumen de 2.301.268 quintales.<\/p>\n<p>En acto p\u00fablico, el presidente del Instituto Boliviano de Normalizaci\u00f3n y Calidad (IBNORCA), Lic. Daniel S\u00e1nchez, destac\u00f3 la cultura de calidad y responsabilidad social del Ingenio, calific\u00e1ndolo de referente a nivel nacional e internacional. \u201c<em>El servicio brindado por IBNORCA consisti\u00f3 en la evaluaci\u00f3n t\u00e9cnica del cumplimiento de las normas NB 56011:2008, NB 56013:2008 y NB 56015:2009, que se realiz\u00f3 en toda la cadena productiva<\/em>\u201d, inform\u00f3 S\u00e1nchez a tiempo de entregar los certificados de la auditor\u00eda.<\/p>\n<p>\u201c<em>Estamos complacidos de entregar la primera Licencia de Uso del Triple Sello al 100%, convirtiendo a GUABIR\u00c1 en la primera empresa boliviana en lograr un Nivel A para todo el az\u00facar producido por el Ingenio este a\u00f1o; los 2.301.268 quintales de az\u00facar pueden salir al mercado respaldados con el Triple Sello; esperamos que esto incentive el consumo socialmente responsable y que se lo valore en las licitaciones y compras estatales<\/em>\u201d, indic\u00f3 el presidente del IBCE, Ing. Demetrio Soruco Henicke.<\/p>\n<p>Visiblemente emocionado, el presidente del Ingenio Azucarero Guabir\u00e1 S.A., Lic. Carlos Rojas Amelunge, record\u00f3 que la primera certificaci\u00f3n parcial la hab\u00edan recibido el a\u00f1o 2013 y, fruto del trabajo ininterrumpido y comprometido, lograron certificar el 100% de la producci\u00f3n de az\u00facar, con un positivo impacto social y econ\u00f3mico para los ni\u00f1os, los zafreros, los ca\u00f1eros y la industria azucarera. Destac\u00f3, adem\u00e1s, que el Ingenio cuenta con la Certificaci\u00f3n del Triple Sello para 35 millones de litros de etanol (Nivel C).<\/p>\n<p>Engalan\u00f3 el Acto la presencia del secretario de Salud y Desarrollo Humano del GADSC, Dr. Fernando Pacheco, quien se refiri\u00f3 al importante rol del consumidor, de preferir productos socialmente responsables. \u201c<em>Que este ejemplo sea tomado por otras industrias; Guabir\u00e1 se constituye en la primera empresa en certificar el 100% de su producci\u00f3n de az\u00facar con el Triple Sello (\u2026) buscaremos que la agroindustria boliviana implemente esta Estrategia para que todos los productos fabricados en nuestro pa\u00eds cuenten con ese Certificado; que demuestre que en su cadena productiva no existe trabajo infantil, trabajo forzoso, ni alg\u00fan tipo de discriminaci\u00f3n<\/em>\u201d, dijo.<\/p>\n<p>El presidente de la Uni\u00f3n de Ca\u00f1eros Guabir\u00e1 (UCG), Lic. Alcides C\u00f3rdova, destac\u00f3 el trabajo realizado por 1.500 familias productoras y 38 instituciones afiliadas; record\u00f3 que en 2006 se comprometieron a participar de un Proyecto de Responsabilidad Social con el IBCE y desde entonces no pararon las Buenas Pr\u00e1cticas en la Zafra, demandando tiempo, esfuerzo e inversi\u00f3n para mejorar la calidad de vida de los zafreros y sus familias, esperando ahora, que el consumidor prefiera el producto certificado. <em>\u00a1Apoyemos que no haya trabajo infantil, trabajo forzoso ni discriminaci\u00f3n!<\/em><\/p>\n<p><em>\u00a0<\/em><\/p>\n<p><em>El autor es <\/em><em>Economista y Mag\u00edster en Comercio Internacional.<\/em><\/p>\n","protected":false},"excerpt":{"rendered":"<p>\u00bfEs bueno que los ni\u00f1os trabajen en labores peligrosas &#8211;obligados por la necesidad&#8211; en vez de estar estudiando o jugando? \u00bfLe gustar\u00eda trabajar donde no le paguen bien y no respeten sus derechos? \u00bfEstar\u00eda de acuerdo con que lo discriminen como ser humano? Si sus respuestas fueron \u201cno, no y no\u201d, entonces Ud. est\u00e1 alineado [&hellip;]<\/p>\n","protected":false},"author":1,"featured_media":3517,"comment_status":"closed","ping_status":"closed","sticky":false,"template":"","format":"standard","meta":{"_acf_changed":false,"footnotes":""},"categories":[9],"tags":[],"class_list":["post-66916","post","type-post","status-publish","format-standard","has-post-thumbnail","category-opinion"],"acf":{"antetitulo":""},"yoast_head":"<!-- This site is optimized with the Yoast SEO plugin v28.4 - https:\/\/yoast.com\/product\/yoast-seo-wordpress\/ -->\n<title>Libre de trabajo infantil, trabajo forzoso y discriminaci\u00f3n - El Diario - Bolivia<\/title>\n<meta name=\"robots\" content=\"index, follow, max-snippet:-1, max-image-preview:large, max-video-preview:-1\" \/>\n<link rel=\"canonical\" href=\"https:\/\/www.eldiario.net\/portal\/2022\/03\/03\/libre-de-trabajo-infantil-trabajo-forzoso-y-discriminacion\/\" \/>\n<meta property=\"og:locale\" content=\"es_ES\" \/>\n<meta property=\"og:type\" content=\"article\" \/>\n<meta property=\"og:title\" content=\"Libre de trabajo infantil, trabajo forzoso y discriminaci\u00f3n - El Diario - Bolivia\" \/>\n<meta property=\"og:description\" content=\"\u00bfEs bueno que los ni\u00f1os trabajen en labores peligrosas &#8211;obligados por la necesidad&#8211; en vez de estar estudiando o jugando? \u00bfLe gustar\u00eda trabajar donde no le paguen bien y no respeten sus derechos? \u00bfEstar\u00eda de acuerdo con que lo discriminen como ser humano? Si sus respuestas fueron \u201cno, no y no\u201d, entonces Ud. est\u00e1 alineado [&hellip;]\" \/>\n<meta property=\"og:url\" content=\"https:\/\/www.eldiario.net\/portal\/2022\/03\/03\/libre-de-trabajo-infantil-trabajo-forzoso-y-discriminacion\/\" \/>\n<meta property=\"og:site_name\" content=\"El Diario - Bolivia\" \/>\n<meta property=\"article:publisher\" content=\"https:\/\/www.facebook.com\/eldiario.bolivia\/\" \/>\n<meta property=\"article:published_time\" content=\"2022-03-03T09:17:27+00:00\" \/>\n<meta name=\"author\" content=\"Jeanette\" \/>\n<meta name=\"twitter:card\" content=\"summary_large_image\" \/>\n<meta name=\"twitter:creator\" content=\"@eldiario_net\" \/>\n<meta name=\"twitter:site\" content=\"@eldiario_net\" \/>\n<meta name=\"twitter:label1\" content=\"Escrito por\" \/>\n\t<meta name=\"twitter:data1\" content=\"Jeanette\" \/>\n\t<meta name=\"twitter:label2\" content=\"Tiempo de lectura\" \/>\n\t<meta name=\"twitter:data2\" content=\"3 minutos\" \/>\n<script type=\"application\/ld+json\" class=\"yoast-schema-graph\">{\"@context\":\"https:\\\/\\\/schema.org\",\"@graph\":[{\"@type\":\"Article\",\"@id\":\"https:\\\/\\\/www.eldiario.net\\\/portal\\\/2022\\\/03\\\/03\\\/libre-de-trabajo-infantil-trabajo-forzoso-y-discriminacion\\\/#article\",\"isPartOf\":{\"@id\":\"https:\\\/\\\/www.eldiario.net\\\/portal\\\/2022\\\/03\\\/03\\\/libre-de-trabajo-infantil-trabajo-forzoso-y-discriminacion\\\/\"},\"author\":{\"name\":\"Jeanette\",\"@id\":\"https:\\\/\\\/www.eldiario.net\\\/portal\\\/#\\\/schema\\\/person\\\/f46445640444750d7d753ccd04ae01b7\"},\"headline\":\"Libre de trabajo infantil, trabajo forzoso y discriminaci\u00f3n\",\"datePublished\":\"2022-03-03T09:17:27+00:00\",\"mainEntityOfPage\":{\"@id\":\"https:\\\/\\\/www.eldiario.net\\\/portal\\\/2022\\\/03\\\/03\\\/libre-de-trabajo-infantil-trabajo-forzoso-y-discriminacion\\\/\"},\"wordCount\":666,\"publisher\":{\"@id\":\"https:\\\/\\\/www.eldiario.net\\\/portal\\\/#organization\"},\"image\":{\"@id\":\"https:\\\/\\\/www.eldiario.net\\\/portal\\\/2022\\\/03\\\/03\\\/libre-de-trabajo-infantil-trabajo-forzoso-y-discriminacion\\\/#primaryimage\"},\"thumbnailUrl\":\"\",\"articleSection\":[\"Opini\u00f3n\"],\"inLanguage\":\"es\"},{\"@type\":\"WebPage\",\"@id\":\"https:\\\/\\\/www.eldiario.net\\\/portal\\\/2022\\\/03\\\/03\\\/libre-de-trabajo-infantil-trabajo-forzoso-y-discriminacion\\\/\",\"url\":\"https:\\\/\\\/www.eldiario.net\\\/portal\\\/2022\\\/03\\\/03\\\/libre-de-trabajo-infantil-trabajo-forzoso-y-discriminacion\\\/\",\"name\":\"Libre de trabajo infantil, trabajo forzoso y discriminaci\u00f3n - El Diario - Bolivia\",\"isPartOf\":{\"@id\":\"https:\\\/\\\/www.eldiario.net\\\/portal\\\/#website\"},\"primaryImageOfPage\":{\"@id\":\"https:\\\/\\\/www.eldiario.net\\\/portal\\\/2022\\\/03\\\/03\\\/libre-de-trabajo-infantil-trabajo-forzoso-y-discriminacion\\\/#primaryimage\"},\"image\":{\"@id\":\"https:\\\/\\\/www.eldiario.net\\\/portal\\\/2022\\\/03\\\/03\\\/libre-de-trabajo-infantil-trabajo-forzoso-y-discriminacion\\\/#primaryimage\"},\"thumbnailUrl\":\"\",\"datePublished\":\"2022-03-03T09:17:27+00:00\",\"breadcrumb\":{\"@id\":\"https:\\\/\\\/www.eldiario.net\\\/portal\\\/2022\\\/03\\\/03\\\/libre-de-trabajo-infantil-trabajo-forzoso-y-discriminacion\\\/#breadcrumb\"},\"inLanguage\":\"es\",\"potentialAction\":[{\"@type\":\"ReadAction\",\"target\":[\"https:\\\/\\\/www.eldiario.net\\\/portal\\\/2022\\\/03\\\/03\\\/libre-de-trabajo-infantil-trabajo-forzoso-y-discriminacion\\\/\"]}]},{\"@type\":\"ImageObject\",\"inLanguage\":\"es\",\"@id\":\"https:\\\/\\\/www.eldiario.net\\\/portal\\\/2022\\\/03\\\/03\\\/libre-de-trabajo-infantil-trabajo-forzoso-y-discriminacion\\\/#primaryimage\",\"url\":\"\",\"contentUrl\":\"\"},{\"@type\":\"BreadcrumbList\",\"@id\":\"https:\\\/\\\/www.eldiario.net\\\/portal\\\/2022\\\/03\\\/03\\\/libre-de-trabajo-infantil-trabajo-forzoso-y-discriminacion\\\/#breadcrumb\",\"itemListElement\":[{\"@type\":\"ListItem\",\"position\":1,\"name\":\"Portada\",\"item\":\"https:\\\/\\\/www.eldiario.net\\\/portal\\\/\"},{\"@type\":\"ListItem\",\"position\":2,\"name\":\"Libre de trabajo infantil, trabajo forzoso y discriminaci\u00f3n\"}]},{\"@type\":\"WebSite\",\"@id\":\"https:\\\/\\\/www.eldiario.net\\\/portal\\\/#website\",\"url\":\"https:\\\/\\\/www.eldiario.net\\\/portal\\\/\",\"name\":\"El Diario - Decano de la prensa nacional\",\"description\":\"El Diario - Decano de la prensa nacional\",\"publisher\":{\"@id\":\"https:\\\/\\\/www.eldiario.net\\\/portal\\\/#organization\"},\"potentialAction\":[{\"@type\":\"SearchAction\",\"target\":{\"@type\":\"EntryPoint\",\"urlTemplate\":\"https:\\\/\\\/www.eldiario.net\\\/portal\\\/?s={search_term_string}\"},\"query-input\":{\"@type\":\"PropertyValueSpecification\",\"valueRequired\":true,\"valueName\":\"search_term_string\"}}],\"inLanguage\":\"es\"},{\"@type\":\"Organization\",\"@id\":\"https:\\\/\\\/www.eldiario.net\\\/portal\\\/#organization\",\"name\":\"El Diario - Decano de la prensa nacional\",\"url\":\"https:\\\/\\\/www.eldiario.net\\\/portal\\\/\",\"logo\":{\"@type\":\"ImageObject\",\"inLanguage\":\"es\",\"@id\":\"https:\\\/\\\/www.eldiario.net\\\/portal\\\/#\\\/schema\\\/logo\\\/image\\\/\",\"url\":\"https:\\\/\\\/www.eldiario.net\\\/portal\\\/wp-content\\\/uploads\\\/2023\\\/07\\\/logo_ED.jpg\",\"contentUrl\":\"https:\\\/\\\/www.eldiario.net\\\/portal\\\/wp-content\\\/uploads\\\/2023\\\/07\\\/logo_ED.jpg\",\"width\":272,\"height\":52,\"caption\":\"El Diario - Decano de la prensa nacional\"},\"image\":{\"@id\":\"https:\\\/\\\/www.eldiario.net\\\/portal\\\/#\\\/schema\\\/logo\\\/image\\\/\"},\"sameAs\":[\"https:\\\/\\\/www.facebook.com\\\/eldiario.bolivia\\\/\",\"https:\\\/\\\/x.com\\\/eldiario_net\"]},{\"@type\":\"Person\",\"@id\":\"https:\\\/\\\/www.eldiario.net\\\/portal\\\/#\\\/schema\\\/person\\\/f46445640444750d7d753ccd04ae01b7\",\"name\":\"Jeanette\",\"image\":{\"@type\":\"ImageObject\",\"inLanguage\":\"es\",\"@id\":\"https:\\\/\\\/secure.gravatar.com\\\/avatar\\\/3ea2118a5f7dad2b7138b1187a6b7ee55f160b9968b66013c3a3ef39dd7e5798?s=96&d=mm&r=g\",\"url\":\"https:\\\/\\\/secure.gravatar.com\\\/avatar\\\/3ea2118a5f7dad2b7138b1187a6b7ee55f160b9968b66013c3a3ef39dd7e5798?s=96&d=mm&r=g\",\"contentUrl\":\"https:\\\/\\\/secure.gravatar.com\\\/avatar\\\/3ea2118a5f7dad2b7138b1187a6b7ee55f160b9968b66013c3a3ef39dd7e5798?s=96&d=mm&r=g\",\"caption\":\"Jeanette\"},\"sameAs\":[\"https:\\\/\\\/www.eldiario.net\\\/portal\"],\"url\":\"https:\\\/\\\/www.eldiario.net\\\/portal\\\/author\\\/jeanette\\\/\"}]}<\/script>\n<!-- \/ Yoast SEO plugin. -->","yoast_head_json":{"title":"Libre de trabajo infantil, trabajo forzoso y discriminaci\u00f3n - El Diario - Bolivia","robots":{"index":"index","follow":"follow","max-snippet":"max-snippet:-1","max-image-preview":"max-image-preview:large","max-video-preview":"max-video-preview:-1"},"canonical":"https:\/\/www.eldiario.net\/portal\/2022\/03\/03\/libre-de-trabajo-infantil-trabajo-forzoso-y-discriminacion\/","og_locale":"es_ES","og_type":"article","og_title":"Libre de trabajo infantil, trabajo forzoso y discriminaci\u00f3n - El Diario - Bolivia","og_description":"\u00bfEs bueno que los ni\u00f1os trabajen en labores peligrosas &#8211;obligados por la necesidad&#8211; en vez de estar estudiando o jugando? \u00bfLe gustar\u00eda trabajar donde no le paguen bien y no respeten sus derechos? \u00bfEstar\u00eda de acuerdo con que lo discriminen como ser humano? Si sus respuestas fueron \u201cno, no y no\u201d, entonces Ud. est\u00e1 alineado [&hellip;]","og_url":"https:\/\/www.eldiario.net\/portal\/2022\/03\/03\/libre-de-trabajo-infantil-trabajo-forzoso-y-discriminacion\/","og_site_name":"El Diario - Bolivia","article_publisher":"https:\/\/www.facebook.com\/eldiario.bolivia\/","article_published_time":"2022-03-03T09:17:27+00:00","author":"Jeanette","twitter_card":"summary_large_image","twitter_creator":"@eldiario_net","twitter_site":"@eldiario_net","twitter_misc":{"Escrito por":"Jeanette","Tiempo de lectura":"3 minutos"},"schema":{"@context":"https:\/\/schema.org","@graph":[{"@type":"Article","@id":"https:\/\/www.eldiario.net\/portal\/2022\/03\/03\/libre-de-trabajo-infantil-trabajo-forzoso-y-discriminacion\/#article","isPartOf":{"@id":"https:\/\/www.eldiario.net\/portal\/2022\/03\/03\/libre-de-trabajo-infantil-trabajo-forzoso-y-discriminacion\/"},"author":{"name":"Jeanette","@id":"https:\/\/www.eldiario.net\/portal\/#\/schema\/person\/f46445640444750d7d753ccd04ae01b7"},"headline":"Libre de trabajo infantil, trabajo forzoso y discriminaci\u00f3n","datePublished":"2022-03-03T09:17:27+00:00","mainEntityOfPage":{"@id":"https:\/\/www.eldiario.net\/portal\/2022\/03\/03\/libre-de-trabajo-infantil-trabajo-forzoso-y-discriminacion\/"},"wordCount":666,"publisher":{"@id":"https:\/\/www.eldiario.net\/portal\/#organization"},"image":{"@id":"https:\/\/www.eldiario.net\/portal\/2022\/03\/03\/libre-de-trabajo-infantil-trabajo-forzoso-y-discriminacion\/#primaryimage"},"thumbnailUrl":"","articleSection":["Opini\u00f3n"],"inLanguage":"es"},{"@type":"WebPage","@id":"https:\/\/www.eldiario.net\/portal\/2022\/03\/03\/libre-de-trabajo-infantil-trabajo-forzoso-y-discriminacion\/","url":"https:\/\/www.eldiario.net\/portal\/2022\/03\/03\/libre-de-trabajo-infantil-trabajo-forzoso-y-discriminacion\/","name":"Libre de trabajo infantil, trabajo forzoso y discriminaci\u00f3n - El Diario - Bolivia","isPartOf":{"@id":"https:\/\/www.eldiario.net\/portal\/#website"},"primaryImageOfPage":{"@id":"https:\/\/www.eldiario.net\/portal\/2022\/03\/03\/libre-de-trabajo-infantil-trabajo-forzoso-y-discriminacion\/#primaryimage"},"image":{"@id":"https:\/\/www.eldiario.net\/portal\/2022\/03\/03\/libre-de-trabajo-infantil-trabajo-forzoso-y-discriminacion\/#primaryimage"},"thumbnailUrl":"","datePublished":"2022-03-03T09:17:27+00:00","breadcrumb":{"@id":"https:\/\/www.eldiario.net\/portal\/2022\/03\/03\/libre-de-trabajo-infantil-trabajo-forzoso-y-discriminacion\/#breadcrumb"},"inLanguage":"es","potentialAction":[{"@type":"ReadAction","target":["https:\/\/www.eldiario.net\/portal\/2022\/03\/03\/libre-de-trabajo-infantil-trabajo-forzoso-y-discriminacion\/"]}]},{"@type":"ImageObject","inLanguage":"es","@id":"https:\/\/www.eldiario.net\/portal\/2022\/03\/03\/libre-de-trabajo-infantil-trabajo-forzoso-y-discriminacion\/#primaryimage","url":"","contentUrl":""},{"@type":"BreadcrumbList","@id":"https:\/\/www.eldiario.net\/portal\/2022\/03\/03\/libre-de-trabajo-infantil-trabajo-forzoso-y-discriminacion\/#breadcrumb","itemListElement":[{"@type":"ListItem","position":1,"name":"Portada","item":"https:\/\/www.eldiario.net\/portal\/"},{"@type":"ListItem","position":2,"name":"Libre de trabajo infantil, trabajo forzoso y discriminaci\u00f3n"}]},{"@type":"WebSite","@id":"https:\/\/www.eldiario.net\/portal\/#website","url":"https:\/\/www.eldiario.net\/portal\/","name":"El Diario - Decano de la prensa nacional","description":"El Diario - Decano de la prensa nacional","publisher":{"@id":"https:\/\/www.eldiario.net\/portal\/#organization"},"potentialAction":[{"@type":"SearchAction","target":{"@type":"EntryPoint","urlTemplate":"https:\/\/www.eldiario.net\/portal\/?s={search_term_string}"},"query-input":{"@type":"PropertyValueSpecification","valueRequired":true,"valueName":"search_term_string"}}],"inLanguage":"es"},{"@type":"Organization","@id":"https:\/\/www.eldiario.net\/portal\/#organization","name":"El Diario - Decano de la prensa nacional","url":"https:\/\/www.eldiario.net\/portal\/","logo":{"@type":"ImageObject","inLanguage":"es","@id":"https:\/\/www.eldiario.net\/portal\/#\/schema\/logo\/image\/","url":"https:\/\/www.eldiario.net\/portal\/wp-content\/uploads\/2023\/07\/logo_ED.jpg","contentUrl":"https:\/\/www.eldiario.net\/portal\/wp-content\/uploads\/2023\/07\/logo_ED.jpg","width":272,"height":52,"caption":"El Diario - Decano de la prensa nacional"},"image":{"@id":"https:\/\/www.eldiario.net\/portal\/#\/schema\/logo\/image\/"},"sameAs":["https:\/\/www.facebook.com\/eldiario.bolivia\/","https:\/\/x.com\/eldiario_net"]},{"@type":"Person","@id":"https:\/\/www.eldiario.net\/portal\/#\/schema\/person\/f46445640444750d7d753ccd04ae01b7","name":"Jeanette","image":{"@type":"ImageObject","inLanguage":"es","@id":"https:\/\/secure.gravatar.com\/avatar\/3ea2118a5f7dad2b7138b1187a6b7ee55f160b9968b66013c3a3ef39dd7e5798?s=96&d=mm&r=g","url":"https:\/\/secure.gravatar.com\/avatar\/3ea2118a5f7dad2b7138b1187a6b7ee55f160b9968b66013c3a3ef39dd7e5798?s=96&d=mm&r=g","contentUrl":"https:\/\/secure.gravatar.com\/avatar\/3ea2118a5f7dad2b7138b1187a6b7ee55f160b9968b66013c3a3ef39dd7e5798?s=96&d=mm&r=g","caption":"Jeanette"},"sameAs":["https:\/\/www.eldiario.net\/portal"],"url":"https:\/\/www.eldiario.net\/portal\/author\/jeanette\/"}]}},"_links":{"self":[{"href":"https:\/\/www.eldiario.net\/portal\/wp-json\/wp\/v2\/posts\/66916","targetHints":{"allow":["GET"]}}],"collection":[{"href":"https:\/\/www.eldiario.net\/portal\/wp-json\/wp\/v2\/posts"}],"about":[{"href":"https:\/\/www.eldiario.net\/portal\/wp-json\/wp\/v2\/types\/post"}],"author":[{"embeddable":true,"href":"https:\/\/www.eldiario.net\/portal\/wp-json\/wp\/v2\/users\/1"}],"replies":[{"embeddable":true,"href":"https:\/\/www.eldiario.net\/portal\/wp-json\/wp\/v2\/comments?post=66916"}],"version-history":[{"count":0,"href":"https:\/\/www.eldiario.net\/portal\/wp-json\/wp\/v2\/posts\/66916\/revisions"}],"wp:attachment":[{"href":"https:\/\/www.eldiario.net\/portal\/wp-json\/wp\/v2\/media?parent=66916"}],"wp:term":[{"taxonomy":"category","embeddable":true,"href":"https:\/\/www.eldiario.net\/portal\/wp-json\/wp\/v2\/categories?post=66916"},{"taxonomy":"post_tag","embeddable":true,"href":"https:\/\/www.eldiario.net\/portal\/wp-json\/wp\/v2\/tags?post=66916"}],"curies":[{"name":"wp","href":"https:\/\/api.w.org\/{rel}","templated":true}]}}