{"id":66914,"date":"2022-03-03T05:16:29","date_gmt":"2022-03-03T09:16:29","guid":{"rendered":"https:\/\/www.eldiario.net\/portal\/?p=66914"},"modified":"2022-03-03T05:16:29","modified_gmt":"2022-03-03T09:16:29","slug":"revelado-el-fraude-electoral-morales-renuncia-y-escapa","status":"publish","type":"post","link":"https:\/\/www.eldiario.net\/portal\/2022\/03\/03\/revelado-el-fraude-electoral-morales-renuncia-y-escapa\/","title":{"rendered":"Revelado el fraude electoral, Morales renuncia y escapa"},"content":{"rendered":"<p>S\u00ed, descubierto el fraude en las elecciones generales del a\u00f1o 2019 por la Auditor\u00eda de la OEA, Evo Morales renuncia y huye.<\/p>\n<p>La Constituci\u00f3n Pol\u00edtica del Estado establece en el Art. 170 que \u201cLa Presidenta o el Presidente del Estado cesar\u00e1 en su mandato por muerte; por renuncia presentada ante la Asamblea Legislativa Plurinacional; por ausencia o impedimento definitivo; por sentencia condenatoria ejecutoriada en materia penal; y por revocatoria del mandato\u201d. Evo Morales present\u00f3 su renuncia a la Asamblea Legislativa Plurinacional a Hrs.16:50 y, adem\u00e1s. por ausencia desde el 10 de noviembre de 2019 ces\u00f3 en su mandato, lo que fue ratificado por el escritor espa\u00f1ol, militante del Grupo Puebla, Alfredo Serrano Mancilla, autor del libro: <em>Evo: Operaci\u00f3n Rescate. <\/em>Por dicho texto se sabe que \u00c1lvaro Garc\u00eda Linera el 10 de noviembre de 2019 a las 10:00 le comunic\u00f3 a Cristina Fern\u00e1ndez la renuncia inminente del presidente Evo Morales, manifestando: \u201cya se tom\u00f3 la decisi\u00f3n\u201d y que \u201clas cosas ya est\u00e1n definidas\u201d, cuando estaban en la base a\u00e9rea de El Alto el 9 de noviembre de 2019. Entonces Garc\u00eda dijo: \u201cH\u00e1ganlo de la mejor manera y salvaguarden la vida de Evo\u2019\u201d, eso se lee en el libro.<\/p>\n<p>Altos mandos de las Fuerzas Armadas le sugirieron renunciar a su mandato presidencial para pacificar el pa\u00eds. A las 15:48, la Polic\u00eda y hasta el ejecutivo de la COB, Juan Carlos Huarachi, le recomendaron dejar el poder. Todos estos pedidos se dieron despu\u00e9s de que Evo Morales ya tom\u00f3 la decisi\u00f3n. Morales dijo \u201che decidido, escuchando a mis compa\u00f1eros de CONALCAM, la COB y tambi\u00e9n escuchando a la Iglesia Cat\u00f3lica\u2026\u201d. Sin embargo, ahora el Gobierno utiliza esos pedidos como principal argumento para acusar de \u201cgolpe\u201d no solo a los militares, sino al gobierno de Jeanine A\u00f1ez, a quien la tiene presa como trofeo, sin respetar la Constituci\u00f3n ni las leyes.<\/p>\n<p>El s\u00e1bado 9 de noviembre, seg\u00fan la conversaci\u00f3n del autor, despu\u00e9s de varias reuniones, Morales se qued\u00f3 en el aeropuerto de El Alto. El domingo en la madrugada, aproximadamente a la 1:00, les llam\u00f3 el \u201cencargado directo\u201d del secretario general de la OEA, Luis Almagro, y les dijo que ten\u00edan listo el informe preliminar de la auditor\u00eda a los comicios del 20 de octubre, cuya auditoria se realiz\u00f3 por solicitud del gobierno de Morales.<\/p>\n<p>El cocalero sostuvo que el informe reci\u00e9n estar\u00eda terminado el 13 de noviembre y no en la madrugada del 10, intentaron comunicarse con Almagro, pero \u201cno quiso contestarnos\u201d. Morales relata que entonces pidi\u00f3 hablar con el encargado, a quien le manifest\u00f3: \u201cSi sale este informe, va a traer muertos y heridos; van a ser responsables\u201d. Almagro, entre el 20 de octubre y el 9 de noviembre de 2019, informaron al gobierno de Morales que hab\u00eda suficientes indicios que marcaban fraude y que era necesaria una segunda vuelta.<\/p>\n<p>Cuando a\u00fan Morales y Garc\u00eda Linera estaban en territorio nacional, Adriana Salvatierra renuncia el mismo 10 de noviembre, despu\u00e9s de las 18:00. \u201cAs\u00ed como el presidente Evo Morales y el vicepresidente \u00c1lvaro Garc\u00eda Linera han hecho p\u00fablica su renuncia, de la misma forma hago p\u00fablica mi renuncia como presidenta de la C\u00e1mara de Senadores\u201d, dijo ella.<\/p>\n<p>El libro demuestra que Garc\u00eda juntamente con Morales han tomado la decisi\u00f3n de renunciar y ordenaron hacerlo a los miembros del Senado y Diputados que estaban en la l\u00ednea de sucesi\u00f3n del MAS, sin que exista ning\u00fan tipo de presi\u00f3n, a ra\u00edz del fraude monumental comprobado por la OEA. Adem\u00e1s de esas revelaciones, la renuncia voluntaria de Morales se sustenta porque fue planificada con mucha anticipaci\u00f3n. Incluso se \u201coblig\u00f3\u201d al l\u00edder de la COB, Huarachi y jefes castrenses a salir en p\u00fablico para pedir la dimisi\u00f3n de Morales, quien quer\u00eda generar un autogolpe, como en Venezuela, no pas\u00f3 ello porque hubo sucesi\u00f3n constitucional.<\/p>\n<p>En el exilio, Morales declar\u00f3 que en la madrugada del 10 de noviembre de 2019 intent\u00f3 comunicarse con Almagro sin \u00e9xito y pidi\u00f3 que llamaran a la persona de contacto de la OEA. Habl\u00f3 con su jefe de gabinete, Gonzalo Konche y le pidi\u00f3 no que NO PUBLIQUEN el informe y le dijo \u201cparen ese informe, revisen bien\u201d, porque si lo difunden \u201cvan a incendiar Bolivia\u201d y habr\u00eda muertos.<\/p>\n<p>Ante la evidencia clara de la huida de Morales, mantener contra viento y marea la ret\u00f3rica sobre que hubo un \u201cgolpe\u201d &#8211;despu\u00e9s que ten\u00eda todo planificado y ante los pedidos de las FFAA, la Polic\u00eda y la COB para que Morales renuncie&#8211; solo desgasta la imagen del cocalero y se lo ve como autoritario y mentiroso.<\/p>\n<p>&nbsp;<\/p>\n<p><em>Ang\u00e9lica Siles Parrado, abogada, ex Asamble\u00edsta Constituyente.<\/em><\/p>\n","protected":false},"excerpt":{"rendered":"<p>S\u00ed, descubierto el fraude en las elecciones generales del a\u00f1o 2019 por la Auditor\u00eda de la OEA, Evo Morales renuncia y huye. La Constituci\u00f3n Pol\u00edtica del Estado establece en el Art. 170 que \u201cLa Presidenta o el Presidente del Estado cesar\u00e1 en su mandato por muerte; por renuncia presentada ante la Asamblea Legislativa Plurinacional; por [&hellip;]<\/p>\n","protected":false},"author":1,"featured_media":2714,"comment_status":"closed","ping_status":"closed","sticky":false,"template":"","format":"standard","meta":{"_acf_changed":false,"footnotes":""},"categories":[9],"tags":[],"class_list":["post-66914","post","type-post","status-publish","format-standard","has-post-thumbnail","category-opinion"],"acf":{"antetitulo":""},"yoast_head":"<!-- This site is optimized with the Yoast SEO plugin v28.4 - https:\/\/yoast.com\/product\/yoast-seo-wordpress\/ -->\n<title>Revelado el fraude electoral, Morales renuncia y escapa - El Diario - Bolivia<\/title>\n<meta name=\"robots\" content=\"index, follow, max-snippet:-1, max-image-preview:large, max-video-preview:-1\" \/>\n<link rel=\"canonical\" href=\"https:\/\/www.eldiario.net\/portal\/2022\/03\/03\/revelado-el-fraude-electoral-morales-renuncia-y-escapa\/\" \/>\n<meta property=\"og:locale\" content=\"es_ES\" \/>\n<meta property=\"og:type\" content=\"article\" \/>\n<meta property=\"og:title\" content=\"Revelado el fraude electoral, Morales renuncia y escapa - El Diario - Bolivia\" \/>\n<meta property=\"og:description\" content=\"S\u00ed, descubierto el fraude en las elecciones generales del a\u00f1o 2019 por la Auditor\u00eda de la OEA, Evo Morales renuncia y huye. La Constituci\u00f3n Pol\u00edtica del Estado establece en el Art. 170 que \u201cLa Presidenta o el Presidente del Estado cesar\u00e1 en su mandato por muerte; por renuncia presentada ante la Asamblea Legislativa Plurinacional; por [&hellip;]\" \/>\n<meta property=\"og:url\" content=\"https:\/\/www.eldiario.net\/portal\/2022\/03\/03\/revelado-el-fraude-electoral-morales-renuncia-y-escapa\/\" \/>\n<meta property=\"og:site_name\" content=\"El Diario - Bolivia\" \/>\n<meta property=\"article:publisher\" content=\"https:\/\/www.facebook.com\/eldiario.bolivia\/\" \/>\n<meta property=\"article:published_time\" content=\"2022-03-03T09:16:29+00:00\" \/>\n<meta property=\"og:image\" content=\"https:\/\/www.eldiario.net\/portal\/wp-content\/uploads\/2021\/04\/angelica_siles-1.jpg\" \/>\n\t<meta property=\"og:image:width\" content=\"1200\" \/>\n\t<meta property=\"og:image:height\" content=\"628\" \/>\n\t<meta property=\"og:image:type\" content=\"image\/jpeg\" \/>\n<meta name=\"author\" content=\"Jeanette\" \/>\n<meta name=\"twitter:card\" content=\"summary_large_image\" \/>\n<meta name=\"twitter:creator\" content=\"@eldiario_net\" \/>\n<meta name=\"twitter:site\" content=\"@eldiario_net\" \/>\n<meta name=\"twitter:label1\" content=\"Escrito por\" \/>\n\t<meta name=\"twitter:data1\" content=\"Jeanette\" \/>\n\t<meta name=\"twitter:label2\" content=\"Tiempo de lectura\" \/>\n\t<meta name=\"twitter:data2\" content=\"4 minutos\" \/>\n<script type=\"application\/ld+json\" class=\"yoast-schema-graph\">{\"@context\":\"https:\\\/\\\/schema.org\",\"@graph\":[{\"@type\":\"Article\",\"@id\":\"https:\\\/\\\/www.eldiario.net\\\/portal\\\/2022\\\/03\\\/03\\\/revelado-el-fraude-electoral-morales-renuncia-y-escapa\\\/#article\",\"isPartOf\":{\"@id\":\"https:\\\/\\\/www.eldiario.net\\\/portal\\\/2022\\\/03\\\/03\\\/revelado-el-fraude-electoral-morales-renuncia-y-escapa\\\/\"},\"author\":{\"name\":\"Jeanette\",\"@id\":\"https:\\\/\\\/www.eldiario.net\\\/portal\\\/#\\\/schema\\\/person\\\/f46445640444750d7d753ccd04ae01b7\"},\"headline\":\"Revelado el fraude electoral, Morales renuncia y escapa\",\"datePublished\":\"2022-03-03T09:16:29+00:00\",\"mainEntityOfPage\":{\"@id\":\"https:\\\/\\\/www.eldiario.net\\\/portal\\\/2022\\\/03\\\/03\\\/revelado-el-fraude-electoral-morales-renuncia-y-escapa\\\/\"},\"wordCount\":806,\"publisher\":{\"@id\":\"https:\\\/\\\/www.eldiario.net\\\/portal\\\/#organization\"},\"image\":{\"@id\":\"https:\\\/\\\/www.eldiario.net\\\/portal\\\/2022\\\/03\\\/03\\\/revelado-el-fraude-electoral-morales-renuncia-y-escapa\\\/#primaryimage\"},\"thumbnailUrl\":\"https:\\\/\\\/www.eldiario.net\\\/portal\\\/wp-content\\\/uploads\\\/2021\\\/04\\\/angelica_siles-1.jpg\",\"articleSection\":[\"Opini\u00f3n\"],\"inLanguage\":\"es\"},{\"@type\":\"WebPage\",\"@id\":\"https:\\\/\\\/www.eldiario.net\\\/portal\\\/2022\\\/03\\\/03\\\/revelado-el-fraude-electoral-morales-renuncia-y-escapa\\\/\",\"url\":\"https:\\\/\\\/www.eldiario.net\\\/portal\\\/2022\\\/03\\\/03\\\/revelado-el-fraude-electoral-morales-renuncia-y-escapa\\\/\",\"name\":\"Revelado el fraude electoral, Morales renuncia y escapa - El Diario - Bolivia\",\"isPartOf\":{\"@id\":\"https:\\\/\\\/www.eldiario.net\\\/portal\\\/#website\"},\"primaryImageOfPage\":{\"@id\":\"https:\\\/\\\/www.eldiario.net\\\/portal\\\/2022\\\/03\\\/03\\\/revelado-el-fraude-electoral-morales-renuncia-y-escapa\\\/#primaryimage\"},\"image\":{\"@id\":\"https:\\\/\\\/www.eldiario.net\\\/portal\\\/2022\\\/03\\\/03\\\/revelado-el-fraude-electoral-morales-renuncia-y-escapa\\\/#primaryimage\"},\"thumbnailUrl\":\"https:\\\/\\\/www.eldiario.net\\\/portal\\\/wp-content\\\/uploads\\\/2021\\\/04\\\/angelica_siles-1.jpg\",\"datePublished\":\"2022-03-03T09:16:29+00:00\",\"breadcrumb\":{\"@id\":\"https:\\\/\\\/www.eldiario.net\\\/portal\\\/2022\\\/03\\\/03\\\/revelado-el-fraude-electoral-morales-renuncia-y-escapa\\\/#breadcrumb\"},\"inLanguage\":\"es\",\"potentialAction\":[{\"@type\":\"ReadAction\",\"target\":[\"https:\\\/\\\/www.eldiario.net\\\/portal\\\/2022\\\/03\\\/03\\\/revelado-el-fraude-electoral-morales-renuncia-y-escapa\\\/\"]}]},{\"@type\":\"ImageObject\",\"inLanguage\":\"es\",\"@id\":\"https:\\\/\\\/www.eldiario.net\\\/portal\\\/2022\\\/03\\\/03\\\/revelado-el-fraude-electoral-morales-renuncia-y-escapa\\\/#primaryimage\",\"url\":\"https:\\\/\\\/www.eldiario.net\\\/portal\\\/wp-content\\\/uploads\\\/2021\\\/04\\\/angelica_siles-1.jpg\",\"contentUrl\":\"https:\\\/\\\/www.eldiario.net\\\/portal\\\/wp-content\\\/uploads\\\/2021\\\/04\\\/angelica_siles-1.jpg\",\"width\":1200,\"height\":628},{\"@type\":\"BreadcrumbList\",\"@id\":\"https:\\\/\\\/www.eldiario.net\\\/portal\\\/2022\\\/03\\\/03\\\/revelado-el-fraude-electoral-morales-renuncia-y-escapa\\\/#breadcrumb\",\"itemListElement\":[{\"@type\":\"ListItem\",\"position\":1,\"name\":\"Portada\",\"item\":\"https:\\\/\\\/www.eldiario.net\\\/portal\\\/\"},{\"@type\":\"ListItem\",\"position\":2,\"name\":\"Revelado el fraude electoral, Morales renuncia y escapa\"}]},{\"@type\":\"WebSite\",\"@id\":\"https:\\\/\\\/www.eldiario.net\\\/portal\\\/#website\",\"url\":\"https:\\\/\\\/www.eldiario.net\\\/portal\\\/\",\"name\":\"El Diario - Decano de la prensa nacional\",\"description\":\"El Diario - Decano de la prensa nacional\",\"publisher\":{\"@id\":\"https:\\\/\\\/www.eldiario.net\\\/portal\\\/#organization\"},\"potentialAction\":[{\"@type\":\"SearchAction\",\"target\":{\"@type\":\"EntryPoint\",\"urlTemplate\":\"https:\\\/\\\/www.eldiario.net\\\/portal\\\/?s={search_term_string}\"},\"query-input\":{\"@type\":\"PropertyValueSpecification\",\"valueRequired\":true,\"valueName\":\"search_term_string\"}}],\"inLanguage\":\"es\"},{\"@type\":\"Organization\",\"@id\":\"https:\\\/\\\/www.eldiario.net\\\/portal\\\/#organization\",\"name\":\"El Diario - Decano de la prensa nacional\",\"url\":\"https:\\\/\\\/www.eldiario.net\\\/portal\\\/\",\"logo\":{\"@type\":\"ImageObject\",\"inLanguage\":\"es\",\"@id\":\"https:\\\/\\\/www.eldiario.net\\\/portal\\\/#\\\/schema\\\/logo\\\/image\\\/\",\"url\":\"https:\\\/\\\/www.eldiario.net\\\/portal\\\/wp-content\\\/uploads\\\/2023\\\/07\\\/logo_ED.jpg\",\"contentUrl\":\"https:\\\/\\\/www.eldiario.net\\\/portal\\\/wp-content\\\/uploads\\\/2023\\\/07\\\/logo_ED.jpg\",\"width\":272,\"height\":52,\"caption\":\"El Diario - Decano de la prensa nacional\"},\"image\":{\"@id\":\"https:\\\/\\\/www.eldiario.net\\\/portal\\\/#\\\/schema\\\/logo\\\/image\\\/\"},\"sameAs\":[\"https:\\\/\\\/www.facebook.com\\\/eldiario.bolivia\\\/\",\"https:\\\/\\\/x.com\\\/eldiario_net\"]},{\"@type\":\"Person\",\"@id\":\"https:\\\/\\\/www.eldiario.net\\\/portal\\\/#\\\/schema\\\/person\\\/f46445640444750d7d753ccd04ae01b7\",\"name\":\"Jeanette\",\"image\":{\"@type\":\"ImageObject\",\"inLanguage\":\"es\",\"@id\":\"https:\\\/\\\/secure.gravatar.com\\\/avatar\\\/3ea2118a5f7dad2b7138b1187a6b7ee55f160b9968b66013c3a3ef39dd7e5798?s=96&d=mm&r=g\",\"url\":\"https:\\\/\\\/secure.gravatar.com\\\/avatar\\\/3ea2118a5f7dad2b7138b1187a6b7ee55f160b9968b66013c3a3ef39dd7e5798?s=96&d=mm&r=g\",\"contentUrl\":\"https:\\\/\\\/secure.gravatar.com\\\/avatar\\\/3ea2118a5f7dad2b7138b1187a6b7ee55f160b9968b66013c3a3ef39dd7e5798?s=96&d=mm&r=g\",\"caption\":\"Jeanette\"},\"sameAs\":[\"https:\\\/\\\/www.eldiario.net\\\/portal\"],\"url\":\"https:\\\/\\\/www.eldiario.net\\\/portal\\\/author\\\/jeanette\\\/\"}]}<\/script>\n<!-- \/ Yoast SEO plugin. -->","yoast_head_json":{"title":"Revelado el fraude electoral, Morales renuncia y escapa - El Diario - Bolivia","robots":{"index":"index","follow":"follow","max-snippet":"max-snippet:-1","max-image-preview":"max-image-preview:large","max-video-preview":"max-video-preview:-1"},"canonical":"https:\/\/www.eldiario.net\/portal\/2022\/03\/03\/revelado-el-fraude-electoral-morales-renuncia-y-escapa\/","og_locale":"es_ES","og_type":"article","og_title":"Revelado el fraude electoral, Morales renuncia y escapa - El Diario - Bolivia","og_description":"S\u00ed, descubierto el fraude en las elecciones generales del a\u00f1o 2019 por la Auditor\u00eda de la OEA, Evo Morales renuncia y huye. La Constituci\u00f3n Pol\u00edtica del Estado establece en el Art. 170 que \u201cLa Presidenta o el Presidente del Estado cesar\u00e1 en su mandato por muerte; por renuncia presentada ante la Asamblea Legislativa Plurinacional; por [&hellip;]","og_url":"https:\/\/www.eldiario.net\/portal\/2022\/03\/03\/revelado-el-fraude-electoral-morales-renuncia-y-escapa\/","og_site_name":"El Diario - Bolivia","article_publisher":"https:\/\/www.facebook.com\/eldiario.bolivia\/","article_published_time":"2022-03-03T09:16:29+00:00","og_image":[{"width":1200,"height":628,"url":"https:\/\/www.eldiario.net\/portal\/wp-content\/uploads\/2021\/04\/angelica_siles-1.jpg","type":"image\/jpeg"}],"author":"Jeanette","twitter_card":"summary_large_image","twitter_creator":"@eldiario_net","twitter_site":"@eldiario_net","twitter_misc":{"Escrito por":"Jeanette","Tiempo de lectura":"4 minutos"},"schema":{"@context":"https:\/\/schema.org","@graph":[{"@type":"Article","@id":"https:\/\/www.eldiario.net\/portal\/2022\/03\/03\/revelado-el-fraude-electoral-morales-renuncia-y-escapa\/#article","isPartOf":{"@id":"https:\/\/www.eldiario.net\/portal\/2022\/03\/03\/revelado-el-fraude-electoral-morales-renuncia-y-escapa\/"},"author":{"name":"Jeanette","@id":"https:\/\/www.eldiario.net\/portal\/#\/schema\/person\/f46445640444750d7d753ccd04ae01b7"},"headline":"Revelado el fraude electoral, Morales renuncia y escapa","datePublished":"2022-03-03T09:16:29+00:00","mainEntityOfPage":{"@id":"https:\/\/www.eldiario.net\/portal\/2022\/03\/03\/revelado-el-fraude-electoral-morales-renuncia-y-escapa\/"},"wordCount":806,"publisher":{"@id":"https:\/\/www.eldiario.net\/portal\/#organization"},"image":{"@id":"https:\/\/www.eldiario.net\/portal\/2022\/03\/03\/revelado-el-fraude-electoral-morales-renuncia-y-escapa\/#primaryimage"},"thumbnailUrl":"https:\/\/www.eldiario.net\/portal\/wp-content\/uploads\/2021\/04\/angelica_siles-1.jpg","articleSection":["Opini\u00f3n"],"inLanguage":"es"},{"@type":"WebPage","@id":"https:\/\/www.eldiario.net\/portal\/2022\/03\/03\/revelado-el-fraude-electoral-morales-renuncia-y-escapa\/","url":"https:\/\/www.eldiario.net\/portal\/2022\/03\/03\/revelado-el-fraude-electoral-morales-renuncia-y-escapa\/","name":"Revelado el fraude electoral, Morales renuncia y escapa - El Diario - Bolivia","isPartOf":{"@id":"https:\/\/www.eldiario.net\/portal\/#website"},"primaryImageOfPage":{"@id":"https:\/\/www.eldiario.net\/portal\/2022\/03\/03\/revelado-el-fraude-electoral-morales-renuncia-y-escapa\/#primaryimage"},"image":{"@id":"https:\/\/www.eldiario.net\/portal\/2022\/03\/03\/revelado-el-fraude-electoral-morales-renuncia-y-escapa\/#primaryimage"},"thumbnailUrl":"https:\/\/www.eldiario.net\/portal\/wp-content\/uploads\/2021\/04\/angelica_siles-1.jpg","datePublished":"2022-03-03T09:16:29+00:00","breadcrumb":{"@id":"https:\/\/www.eldiario.net\/portal\/2022\/03\/03\/revelado-el-fraude-electoral-morales-renuncia-y-escapa\/#breadcrumb"},"inLanguage":"es","potentialAction":[{"@type":"ReadAction","target":["https:\/\/www.eldiario.net\/portal\/2022\/03\/03\/revelado-el-fraude-electoral-morales-renuncia-y-escapa\/"]}]},{"@type":"ImageObject","inLanguage":"es","@id":"https:\/\/www.eldiario.net\/portal\/2022\/03\/03\/revelado-el-fraude-electoral-morales-renuncia-y-escapa\/#primaryimage","url":"https:\/\/www.eldiario.net\/portal\/wp-content\/uploads\/2021\/04\/angelica_siles-1.jpg","contentUrl":"https:\/\/www.eldiario.net\/portal\/wp-content\/uploads\/2021\/04\/angelica_siles-1.jpg","width":1200,"height":628},{"@type":"BreadcrumbList","@id":"https:\/\/www.eldiario.net\/portal\/2022\/03\/03\/revelado-el-fraude-electoral-morales-renuncia-y-escapa\/#breadcrumb","itemListElement":[{"@type":"ListItem","position":1,"name":"Portada","item":"https:\/\/www.eldiario.net\/portal\/"},{"@type":"ListItem","position":2,"name":"Revelado el fraude electoral, Morales renuncia y escapa"}]},{"@type":"WebSite","@id":"https:\/\/www.eldiario.net\/portal\/#website","url":"https:\/\/www.eldiario.net\/portal\/","name":"El Diario - Decano de la prensa nacional","description":"El Diario - Decano de la prensa nacional","publisher":{"@id":"https:\/\/www.eldiario.net\/portal\/#organization"},"potentialAction":[{"@type":"SearchAction","target":{"@type":"EntryPoint","urlTemplate":"https:\/\/www.eldiario.net\/portal\/?s={search_term_string}"},"query-input":{"@type":"PropertyValueSpecification","valueRequired":true,"valueName":"search_term_string"}}],"inLanguage":"es"},{"@type":"Organization","@id":"https:\/\/www.eldiario.net\/portal\/#organization","name":"El Diario - Decano de la prensa nacional","url":"https:\/\/www.eldiario.net\/portal\/","logo":{"@type":"ImageObject","inLanguage":"es","@id":"https:\/\/www.eldiario.net\/portal\/#\/schema\/logo\/image\/","url":"https:\/\/www.eldiario.net\/portal\/wp-content\/uploads\/2023\/07\/logo_ED.jpg","contentUrl":"https:\/\/www.eldiario.net\/portal\/wp-content\/uploads\/2023\/07\/logo_ED.jpg","width":272,"height":52,"caption":"El Diario - Decano de la prensa nacional"},"image":{"@id":"https:\/\/www.eldiario.net\/portal\/#\/schema\/logo\/image\/"},"sameAs":["https:\/\/www.facebook.com\/eldiario.bolivia\/","https:\/\/x.com\/eldiario_net"]},{"@type":"Person","@id":"https:\/\/www.eldiario.net\/portal\/#\/schema\/person\/f46445640444750d7d753ccd04ae01b7","name":"Jeanette","image":{"@type":"ImageObject","inLanguage":"es","@id":"https:\/\/secure.gravatar.com\/avatar\/3ea2118a5f7dad2b7138b1187a6b7ee55f160b9968b66013c3a3ef39dd7e5798?s=96&d=mm&r=g","url":"https:\/\/secure.gravatar.com\/avatar\/3ea2118a5f7dad2b7138b1187a6b7ee55f160b9968b66013c3a3ef39dd7e5798?s=96&d=mm&r=g","contentUrl":"https:\/\/secure.gravatar.com\/avatar\/3ea2118a5f7dad2b7138b1187a6b7ee55f160b9968b66013c3a3ef39dd7e5798?s=96&d=mm&r=g","caption":"Jeanette"},"sameAs":["https:\/\/www.eldiario.net\/portal"],"url":"https:\/\/www.eldiario.net\/portal\/author\/jeanette\/"}]}},"_links":{"self":[{"href":"https:\/\/www.eldiario.net\/portal\/wp-json\/wp\/v2\/posts\/66914","targetHints":{"allow":["GET"]}}],"collection":[{"href":"https:\/\/www.eldiario.net\/portal\/wp-json\/wp\/v2\/posts"}],"about":[{"href":"https:\/\/www.eldiario.net\/portal\/wp-json\/wp\/v2\/types\/post"}],"author":[{"embeddable":true,"href":"https:\/\/www.eldiario.net\/portal\/wp-json\/wp\/v2\/users\/1"}],"replies":[{"embeddable":true,"href":"https:\/\/www.eldiario.net\/portal\/wp-json\/wp\/v2\/comments?post=66914"}],"version-history":[{"count":0,"href":"https:\/\/www.eldiario.net\/portal\/wp-json\/wp\/v2\/posts\/66914\/revisions"}],"wp:featuredmedia":[{"embeddable":true,"href":"https:\/\/www.eldiario.net\/portal\/wp-json\/wp\/v2\/media\/2714"}],"wp:attachment":[{"href":"https:\/\/www.eldiario.net\/portal\/wp-json\/wp\/v2\/media?parent=66914"}],"wp:term":[{"taxonomy":"category","embeddable":true,"href":"https:\/\/www.eldiario.net\/portal\/wp-json\/wp\/v2\/categories?post=66914"},{"taxonomy":"post_tag","embeddable":true,"href":"https:\/\/www.eldiario.net\/portal\/wp-json\/wp\/v2\/tags?post=66914"}],"curies":[{"name":"wp","href":"https:\/\/api.w.org\/{rel}","templated":true}]}}