{"id":66911,"date":"2022-03-03T05:15:27","date_gmt":"2022-03-03T09:15:27","guid":{"rendered":"https:\/\/www.eldiario.net\/portal\/?p=66911"},"modified":"2022-03-03T05:15:27","modified_gmt":"2022-03-03T09:15:27","slug":"la-vacunacion-altero-el-perfil-de-pacientes-con-covid-19-en-brasil","status":"publish","type":"post","link":"https:\/\/www.eldiario.net\/portal\/2022\/03\/03\/la-vacunacion-altero-el-perfil-de-pacientes-con-covid-19-en-brasil\/","title":{"rendered":"La vacunaci\u00f3n alter\u00f3 el perfil de pacientes con covid-19 en Brasil"},"content":{"rendered":"<p>La vacunaci\u00f3n modific\u00f3 el perfil de las personas hospitalizadas por covid-19 en Brasil y tambi\u00e9n de quienes fallecen como consecuencia de la enfermedad. Un estudio realizado en la localidad de Sao Jos\u00e9 do Rio Preto, en el estado de Sao Paulo, registr\u00f3 el comienzo de este proceso.<\/p>\n<p>El equipo del Laboratorio de Investigaciones en Virolog\u00eda de la Faculdade de Medicina de Sao Jos\u00e9 do Rio Preto (Famerp) analiz\u00f3 retrospectivamente datos de 2.777 pacientes atendidos entre los d\u00edas 5 de enero y 12 de septiembre de 2021 en el Hospital de Base, referencia para toda la regi\u00f3n. En ese momento, la variante gamma (P.1) del SARS-CoV-2 predominaba en el estado de Sao Paulo y los ancianos constitu\u00edan la mayor\u00eda en el grupo de brasile\u00f1os con el esquema de vacunaci\u00f3n completo (dos dosis hasta entonces).<\/p>\n<p>Todos los internados con covid-19 en el referido lapso de tiempo quedaron divididos entre vacunados y no vacunados. Y los investigadores compararon las caracter\u00edsticas de los integrantes de cada grupo: desde la edad, el sexo y la presencia de comorbilidades hasta los s\u00edntomas que padec\u00edan, las conductas cl\u00ednicas adoptadas durante su internaci\u00f3n y los desenlaces (recuperaci\u00f3n o fallecimiento). Los datos completos se publicaron en el <em>Journal of Infection<\/em>.<\/p>\n<p>\u201cNuestro objetivo consist\u00eda en descubrir cu\u00e1l es el mejor predictor de mortalidad entre los vacunados\u201d, le comenta a Agencia FAPESP Maur\u00edcio Lacerda Nogueira, docente de la Famerp y autor corresponsal del estudio, que cont\u00f3 con el apoyo de la FAPESP en el marco de tres proyectos (20\/04836-0, 13\/21719-3 y 19\/06572-2).<\/p>\n<p>Entre los 2.518 participantes no inmunizados, la edad promedio era de 51 a\u00f1os, y de ellos el 71,5 % padec\u00eda una o m\u00e1s comorbilidades: cardiopat\u00edas, diabetes y obesidad fueron las m\u00e1s comunes. En tanto, entre los 259 internados a los que se les hab\u00edan aplicado dos dosis de vacunas, la edad promedio era de 73 a\u00f1os y el 95% padec\u00eda enfermedades de base.<\/p>\n<p>En el an\u00e1lisis estad\u00edstico, los factores que se correlacionaron con el riesgo aumentado de hospitalizaci\u00f3n y muerte entre los no vacunados fueron la edad superior a los 60 a\u00f1os y la existencia de una o m\u00e1s de las siguientes condiciones patol\u00f3gicas: cardiopat\u00edas, trastornos hep\u00e1ticos o neurol\u00f3gicos, diabetes, compromiso inmunol\u00f3gico y enfermedad renal. En tanto, entre los inmunizados, solamente la edad superior a los 60 a\u00f1os y la insuficiencia renal se configuraron como predictores de mortalidad.<\/p>\n<p>\u201cEs una evidencia clara de que las vacunas protegen muy bien y salvan vidas\u201d, afirma Lacerda Nogueira.<\/p>\n<p>A juicio de C\u00e1ssia Fernanda Estofolete, primera autora del estudio e integrante del Laboratorio de Investigaciones en Virolog\u00eda de la Famerp, el avance de la vacunaci\u00f3n alter\u00f3 \u201cdr\u00e1sticamente\u201d el perfil de los pacientes internados a causa del covid-19 y tambi\u00e9n la historia natural de la enfermedad, es decir, su forma de evoluci\u00f3n.<\/p>\n<p>\u201cActualmente, con la reanudaci\u00f3n de las cirug\u00edas electivas, el avance de la vacunaci\u00f3n y la emergencia de la variante \u00f3micron, hemos venido viendo un panorama distinto en los hospitales. Muchos pacientes se internan para someterse a cirug\u00edas agendadas o por traumas y terminan por descubrir que est\u00e1n con covid-19; es decir que no es el virus lo que lleva a esas personas al hospital. Y tambi\u00e9n hay muchos ancianos con comorbilidades que terminan internados porque el covid-19 exacerba sus enfermedades de base: se descompensa en ellos la diabetes o la insuficiencia renal, por ejemplo. La mayor\u00eda ya no se internan por SRAG [s\u00edndrome respiratorio agudo grave], tal como era en el momento en que se concret\u00f3 el estudio\u201d, comenta\u2026<\/p>\n<p>&nbsp;<\/p>\n<p>Agencia FAPESP<\/p>\n","protected":false},"excerpt":{"rendered":"<p>La vacunaci\u00f3n modific\u00f3 el perfil de las personas hospitalizadas por covid-19 en Brasil y tambi\u00e9n de quienes fallecen como consecuencia de la enfermedad. Un estudio realizado en la localidad de Sao Jos\u00e9 do Rio Preto, en el estado de Sao Paulo, registr\u00f3 el comienzo de este proceso. El equipo del Laboratorio de Investigaciones en Virolog\u00eda [&hellip;]<\/p>\n","protected":false},"author":1,"featured_media":0,"comment_status":"closed","ping_status":"closed","sticky":false,"template":"","format":"standard","meta":{"_acf_changed":false,"footnotes":""},"categories":[9],"tags":[],"class_list":["post-66911","post","type-post","status-publish","format-standard","category-opinion"],"acf":{"antetitulo":""},"yoast_head":"<!-- This site is optimized with the Yoast SEO plugin v28.4 - https:\/\/yoast.com\/product\/yoast-seo-wordpress\/ -->\n<title>La vacunaci\u00f3n alter\u00f3 el perfil de pacientes con covid-19 en Brasil - El Diario - Bolivia<\/title>\n<meta name=\"robots\" content=\"index, follow, max-snippet:-1, max-image-preview:large, max-video-preview:-1\" \/>\n<link rel=\"canonical\" href=\"https:\/\/www.eldiario.net\/portal\/2022\/03\/03\/la-vacunacion-altero-el-perfil-de-pacientes-con-covid-19-en-brasil\/\" \/>\n<meta property=\"og:locale\" content=\"es_ES\" \/>\n<meta property=\"og:type\" content=\"article\" \/>\n<meta property=\"og:title\" content=\"La vacunaci\u00f3n alter\u00f3 el perfil de pacientes con covid-19 en Brasil - El Diario - Bolivia\" \/>\n<meta property=\"og:description\" content=\"La vacunaci\u00f3n modific\u00f3 el perfil de las personas hospitalizadas por covid-19 en Brasil y tambi\u00e9n de quienes fallecen como consecuencia de la enfermedad. Un estudio realizado en la localidad de Sao Jos\u00e9 do Rio Preto, en el estado de Sao Paulo, registr\u00f3 el comienzo de este proceso. El equipo del Laboratorio de Investigaciones en Virolog\u00eda [&hellip;]\" \/>\n<meta property=\"og:url\" content=\"https:\/\/www.eldiario.net\/portal\/2022\/03\/03\/la-vacunacion-altero-el-perfil-de-pacientes-con-covid-19-en-brasil\/\" \/>\n<meta property=\"og:site_name\" content=\"El Diario - Bolivia\" \/>\n<meta property=\"article:publisher\" content=\"https:\/\/www.facebook.com\/eldiario.bolivia\/\" \/>\n<meta property=\"article:published_time\" content=\"2022-03-03T09:15:27+00:00\" \/>\n<meta name=\"author\" content=\"Jeanette\" \/>\n<meta name=\"twitter:card\" content=\"summary_large_image\" \/>\n<meta name=\"twitter:creator\" content=\"@eldiario_net\" \/>\n<meta name=\"twitter:site\" content=\"@eldiario_net\" \/>\n<meta name=\"twitter:label1\" content=\"Escrito por\" \/>\n\t<meta name=\"twitter:data1\" content=\"Jeanette\" \/>\n\t<meta name=\"twitter:label2\" content=\"Tiempo de lectura\" \/>\n\t<meta name=\"twitter:data2\" content=\"3 minutos\" \/>\n<script type=\"application\/ld+json\" class=\"yoast-schema-graph\">{\"@context\":\"https:\\\/\\\/schema.org\",\"@graph\":[{\"@type\":\"Article\",\"@id\":\"https:\\\/\\\/www.eldiario.net\\\/portal\\\/2022\\\/03\\\/03\\\/la-vacunacion-altero-el-perfil-de-pacientes-con-covid-19-en-brasil\\\/#article\",\"isPartOf\":{\"@id\":\"https:\\\/\\\/www.eldiario.net\\\/portal\\\/2022\\\/03\\\/03\\\/la-vacunacion-altero-el-perfil-de-pacientes-con-covid-19-en-brasil\\\/\"},\"author\":{\"name\":\"Jeanette\",\"@id\":\"https:\\\/\\\/www.eldiario.net\\\/portal\\\/#\\\/schema\\\/person\\\/f46445640444750d7d753ccd04ae01b7\"},\"headline\":\"La vacunaci\u00f3n alter\u00f3 el perfil de pacientes con covid-19 en Brasil\",\"datePublished\":\"2022-03-03T09:15:27+00:00\",\"mainEntityOfPage\":{\"@id\":\"https:\\\/\\\/www.eldiario.net\\\/portal\\\/2022\\\/03\\\/03\\\/la-vacunacion-altero-el-perfil-de-pacientes-con-covid-19-en-brasil\\\/\"},\"wordCount\":630,\"publisher\":{\"@id\":\"https:\\\/\\\/www.eldiario.net\\\/portal\\\/#organization\"},\"articleSection\":[\"Opini\u00f3n\"],\"inLanguage\":\"es\"},{\"@type\":\"WebPage\",\"@id\":\"https:\\\/\\\/www.eldiario.net\\\/portal\\\/2022\\\/03\\\/03\\\/la-vacunacion-altero-el-perfil-de-pacientes-con-covid-19-en-brasil\\\/\",\"url\":\"https:\\\/\\\/www.eldiario.net\\\/portal\\\/2022\\\/03\\\/03\\\/la-vacunacion-altero-el-perfil-de-pacientes-con-covid-19-en-brasil\\\/\",\"name\":\"La vacunaci\u00f3n alter\u00f3 el perfil de pacientes con covid-19 en Brasil - El Diario - Bolivia\",\"isPartOf\":{\"@id\":\"https:\\\/\\\/www.eldiario.net\\\/portal\\\/#website\"},\"datePublished\":\"2022-03-03T09:15:27+00:00\",\"breadcrumb\":{\"@id\":\"https:\\\/\\\/www.eldiario.net\\\/portal\\\/2022\\\/03\\\/03\\\/la-vacunacion-altero-el-perfil-de-pacientes-con-covid-19-en-brasil\\\/#breadcrumb\"},\"inLanguage\":\"es\",\"potentialAction\":[{\"@type\":\"ReadAction\",\"target\":[\"https:\\\/\\\/www.eldiario.net\\\/portal\\\/2022\\\/03\\\/03\\\/la-vacunacion-altero-el-perfil-de-pacientes-con-covid-19-en-brasil\\\/\"]}]},{\"@type\":\"BreadcrumbList\",\"@id\":\"https:\\\/\\\/www.eldiario.net\\\/portal\\\/2022\\\/03\\\/03\\\/la-vacunacion-altero-el-perfil-de-pacientes-con-covid-19-en-brasil\\\/#breadcrumb\",\"itemListElement\":[{\"@type\":\"ListItem\",\"position\":1,\"name\":\"Portada\",\"item\":\"https:\\\/\\\/www.eldiario.net\\\/portal\\\/\"},{\"@type\":\"ListItem\",\"position\":2,\"name\":\"La vacunaci\u00f3n alter\u00f3 el perfil de pacientes con covid-19 en Brasil\"}]},{\"@type\":\"WebSite\",\"@id\":\"https:\\\/\\\/www.eldiario.net\\\/portal\\\/#website\",\"url\":\"https:\\\/\\\/www.eldiario.net\\\/portal\\\/\",\"name\":\"El Diario - Decano de la prensa nacional\",\"description\":\"El Diario - Decano de la prensa nacional\",\"publisher\":{\"@id\":\"https:\\\/\\\/www.eldiario.net\\\/portal\\\/#organization\"},\"potentialAction\":[{\"@type\":\"SearchAction\",\"target\":{\"@type\":\"EntryPoint\",\"urlTemplate\":\"https:\\\/\\\/www.eldiario.net\\\/portal\\\/?s={search_term_string}\"},\"query-input\":{\"@type\":\"PropertyValueSpecification\",\"valueRequired\":true,\"valueName\":\"search_term_string\"}}],\"inLanguage\":\"es\"},{\"@type\":\"Organization\",\"@id\":\"https:\\\/\\\/www.eldiario.net\\\/portal\\\/#organization\",\"name\":\"El Diario - Decano de la prensa nacional\",\"url\":\"https:\\\/\\\/www.eldiario.net\\\/portal\\\/\",\"logo\":{\"@type\":\"ImageObject\",\"inLanguage\":\"es\",\"@id\":\"https:\\\/\\\/www.eldiario.net\\\/portal\\\/#\\\/schema\\\/logo\\\/image\\\/\",\"url\":\"https:\\\/\\\/www.eldiario.net\\\/portal\\\/wp-content\\\/uploads\\\/2023\\\/07\\\/logo_ED.jpg\",\"contentUrl\":\"https:\\\/\\\/www.eldiario.net\\\/portal\\\/wp-content\\\/uploads\\\/2023\\\/07\\\/logo_ED.jpg\",\"width\":272,\"height\":52,\"caption\":\"El Diario - Decano de la prensa nacional\"},\"image\":{\"@id\":\"https:\\\/\\\/www.eldiario.net\\\/portal\\\/#\\\/schema\\\/logo\\\/image\\\/\"},\"sameAs\":[\"https:\\\/\\\/www.facebook.com\\\/eldiario.bolivia\\\/\",\"https:\\\/\\\/x.com\\\/eldiario_net\"]},{\"@type\":\"Person\",\"@id\":\"https:\\\/\\\/www.eldiario.net\\\/portal\\\/#\\\/schema\\\/person\\\/f46445640444750d7d753ccd04ae01b7\",\"name\":\"Jeanette\",\"image\":{\"@type\":\"ImageObject\",\"inLanguage\":\"es\",\"@id\":\"https:\\\/\\\/secure.gravatar.com\\\/avatar\\\/3ea2118a5f7dad2b7138b1187a6b7ee55f160b9968b66013c3a3ef39dd7e5798?s=96&d=mm&r=g\",\"url\":\"https:\\\/\\\/secure.gravatar.com\\\/avatar\\\/3ea2118a5f7dad2b7138b1187a6b7ee55f160b9968b66013c3a3ef39dd7e5798?s=96&d=mm&r=g\",\"contentUrl\":\"https:\\\/\\\/secure.gravatar.com\\\/avatar\\\/3ea2118a5f7dad2b7138b1187a6b7ee55f160b9968b66013c3a3ef39dd7e5798?s=96&d=mm&r=g\",\"caption\":\"Jeanette\"},\"sameAs\":[\"https:\\\/\\\/www.eldiario.net\\\/portal\"],\"url\":\"https:\\\/\\\/www.eldiario.net\\\/portal\\\/author\\\/jeanette\\\/\"}]}<\/script>\n<!-- \/ Yoast SEO plugin. -->","yoast_head_json":{"title":"La vacunaci\u00f3n alter\u00f3 el perfil de pacientes con covid-19 en Brasil - El Diario - Bolivia","robots":{"index":"index","follow":"follow","max-snippet":"max-snippet:-1","max-image-preview":"max-image-preview:large","max-video-preview":"max-video-preview:-1"},"canonical":"https:\/\/www.eldiario.net\/portal\/2022\/03\/03\/la-vacunacion-altero-el-perfil-de-pacientes-con-covid-19-en-brasil\/","og_locale":"es_ES","og_type":"article","og_title":"La vacunaci\u00f3n alter\u00f3 el perfil de pacientes con covid-19 en Brasil - El Diario - Bolivia","og_description":"La vacunaci\u00f3n modific\u00f3 el perfil de las personas hospitalizadas por covid-19 en Brasil y tambi\u00e9n de quienes fallecen como consecuencia de la enfermedad. Un estudio realizado en la localidad de Sao Jos\u00e9 do Rio Preto, en el estado de Sao Paulo, registr\u00f3 el comienzo de este proceso. El equipo del Laboratorio de Investigaciones en Virolog\u00eda [&hellip;]","og_url":"https:\/\/www.eldiario.net\/portal\/2022\/03\/03\/la-vacunacion-altero-el-perfil-de-pacientes-con-covid-19-en-brasil\/","og_site_name":"El Diario - Bolivia","article_publisher":"https:\/\/www.facebook.com\/eldiario.bolivia\/","article_published_time":"2022-03-03T09:15:27+00:00","author":"Jeanette","twitter_card":"summary_large_image","twitter_creator":"@eldiario_net","twitter_site":"@eldiario_net","twitter_misc":{"Escrito por":"Jeanette","Tiempo de lectura":"3 minutos"},"schema":{"@context":"https:\/\/schema.org","@graph":[{"@type":"Article","@id":"https:\/\/www.eldiario.net\/portal\/2022\/03\/03\/la-vacunacion-altero-el-perfil-de-pacientes-con-covid-19-en-brasil\/#article","isPartOf":{"@id":"https:\/\/www.eldiario.net\/portal\/2022\/03\/03\/la-vacunacion-altero-el-perfil-de-pacientes-con-covid-19-en-brasil\/"},"author":{"name":"Jeanette","@id":"https:\/\/www.eldiario.net\/portal\/#\/schema\/person\/f46445640444750d7d753ccd04ae01b7"},"headline":"La vacunaci\u00f3n alter\u00f3 el perfil de pacientes con covid-19 en Brasil","datePublished":"2022-03-03T09:15:27+00:00","mainEntityOfPage":{"@id":"https:\/\/www.eldiario.net\/portal\/2022\/03\/03\/la-vacunacion-altero-el-perfil-de-pacientes-con-covid-19-en-brasil\/"},"wordCount":630,"publisher":{"@id":"https:\/\/www.eldiario.net\/portal\/#organization"},"articleSection":["Opini\u00f3n"],"inLanguage":"es"},{"@type":"WebPage","@id":"https:\/\/www.eldiario.net\/portal\/2022\/03\/03\/la-vacunacion-altero-el-perfil-de-pacientes-con-covid-19-en-brasil\/","url":"https:\/\/www.eldiario.net\/portal\/2022\/03\/03\/la-vacunacion-altero-el-perfil-de-pacientes-con-covid-19-en-brasil\/","name":"La vacunaci\u00f3n alter\u00f3 el perfil de pacientes con covid-19 en Brasil - El Diario - Bolivia","isPartOf":{"@id":"https:\/\/www.eldiario.net\/portal\/#website"},"datePublished":"2022-03-03T09:15:27+00:00","breadcrumb":{"@id":"https:\/\/www.eldiario.net\/portal\/2022\/03\/03\/la-vacunacion-altero-el-perfil-de-pacientes-con-covid-19-en-brasil\/#breadcrumb"},"inLanguage":"es","potentialAction":[{"@type":"ReadAction","target":["https:\/\/www.eldiario.net\/portal\/2022\/03\/03\/la-vacunacion-altero-el-perfil-de-pacientes-con-covid-19-en-brasil\/"]}]},{"@type":"BreadcrumbList","@id":"https:\/\/www.eldiario.net\/portal\/2022\/03\/03\/la-vacunacion-altero-el-perfil-de-pacientes-con-covid-19-en-brasil\/#breadcrumb","itemListElement":[{"@type":"ListItem","position":1,"name":"Portada","item":"https:\/\/www.eldiario.net\/portal\/"},{"@type":"ListItem","position":2,"name":"La vacunaci\u00f3n alter\u00f3 el perfil de pacientes con covid-19 en Brasil"}]},{"@type":"WebSite","@id":"https:\/\/www.eldiario.net\/portal\/#website","url":"https:\/\/www.eldiario.net\/portal\/","name":"El Diario - Decano de la prensa nacional","description":"El Diario - Decano de la prensa nacional","publisher":{"@id":"https:\/\/www.eldiario.net\/portal\/#organization"},"potentialAction":[{"@type":"SearchAction","target":{"@type":"EntryPoint","urlTemplate":"https:\/\/www.eldiario.net\/portal\/?s={search_term_string}"},"query-input":{"@type":"PropertyValueSpecification","valueRequired":true,"valueName":"search_term_string"}}],"inLanguage":"es"},{"@type":"Organization","@id":"https:\/\/www.eldiario.net\/portal\/#organization","name":"El Diario - Decano de la prensa nacional","url":"https:\/\/www.eldiario.net\/portal\/","logo":{"@type":"ImageObject","inLanguage":"es","@id":"https:\/\/www.eldiario.net\/portal\/#\/schema\/logo\/image\/","url":"https:\/\/www.eldiario.net\/portal\/wp-content\/uploads\/2023\/07\/logo_ED.jpg","contentUrl":"https:\/\/www.eldiario.net\/portal\/wp-content\/uploads\/2023\/07\/logo_ED.jpg","width":272,"height":52,"caption":"El Diario - Decano de la prensa nacional"},"image":{"@id":"https:\/\/www.eldiario.net\/portal\/#\/schema\/logo\/image\/"},"sameAs":["https:\/\/www.facebook.com\/eldiario.bolivia\/","https:\/\/x.com\/eldiario_net"]},{"@type":"Person","@id":"https:\/\/www.eldiario.net\/portal\/#\/schema\/person\/f46445640444750d7d753ccd04ae01b7","name":"Jeanette","image":{"@type":"ImageObject","inLanguage":"es","@id":"https:\/\/secure.gravatar.com\/avatar\/3ea2118a5f7dad2b7138b1187a6b7ee55f160b9968b66013c3a3ef39dd7e5798?s=96&d=mm&r=g","url":"https:\/\/secure.gravatar.com\/avatar\/3ea2118a5f7dad2b7138b1187a6b7ee55f160b9968b66013c3a3ef39dd7e5798?s=96&d=mm&r=g","contentUrl":"https:\/\/secure.gravatar.com\/avatar\/3ea2118a5f7dad2b7138b1187a6b7ee55f160b9968b66013c3a3ef39dd7e5798?s=96&d=mm&r=g","caption":"Jeanette"},"sameAs":["https:\/\/www.eldiario.net\/portal"],"url":"https:\/\/www.eldiario.net\/portal\/author\/jeanette\/"}]}},"_links":{"self":[{"href":"https:\/\/www.eldiario.net\/portal\/wp-json\/wp\/v2\/posts\/66911","targetHints":{"allow":["GET"]}}],"collection":[{"href":"https:\/\/www.eldiario.net\/portal\/wp-json\/wp\/v2\/posts"}],"about":[{"href":"https:\/\/www.eldiario.net\/portal\/wp-json\/wp\/v2\/types\/post"}],"author":[{"embeddable":true,"href":"https:\/\/www.eldiario.net\/portal\/wp-json\/wp\/v2\/users\/1"}],"replies":[{"embeddable":true,"href":"https:\/\/www.eldiario.net\/portal\/wp-json\/wp\/v2\/comments?post=66911"}],"version-history":[{"count":0,"href":"https:\/\/www.eldiario.net\/portal\/wp-json\/wp\/v2\/posts\/66911\/revisions"}],"wp:attachment":[{"href":"https:\/\/www.eldiario.net\/portal\/wp-json\/wp\/v2\/media?parent=66911"}],"wp:term":[{"taxonomy":"category","embeddable":true,"href":"https:\/\/www.eldiario.net\/portal\/wp-json\/wp\/v2\/categories?post=66911"},{"taxonomy":"post_tag","embeddable":true,"href":"https:\/\/www.eldiario.net\/portal\/wp-json\/wp\/v2\/tags?post=66911"}],"curies":[{"name":"wp","href":"https:\/\/api.w.org\/{rel}","templated":true}]}}