{"id":66898,"date":"2022-03-02T06:15:05","date_gmt":"2022-03-02T10:15:05","guid":{"rendered":"https:\/\/www.eldiario.net\/portal\/?p=66898"},"modified":"2022-03-02T06:15:05","modified_gmt":"2022-03-02T10:15:05","slug":"no-solo-al-dueno-del-banco","status":"publish","type":"post","link":"https:\/\/www.eldiario.net\/portal\/2022\/03\/02\/no-solo-al-dueno-del-banco\/","title":{"rendered":"No solo al due\u00f1o del banco\u2026"},"content":{"rendered":"<p>Dentro de nuestras actividades cotidianas, existen muchas que son desarrolladas todos los d\u00edas del a\u00f1o, y por lo mismo, se han convertido en algo tan habitual que ya forman parte de una rutina y, por consiguiente, estoy segura que no le hemos prestado la atenci\u00f3n necesaria como para detenernos un instante para analizar, y realizar una breve autoevaluaci\u00f3n y correcci\u00f3n si el caso lo amerita.<\/p>\n<p>Si bien hay actitudes que forman parte indivisible de nuestro car\u00e1cter, gracias a la educaci\u00f3n que hemos recibido en una primera instancia por nuestros padres en casa y, posteriormente, junto a la formaci\u00f3n con la que hemos crecido, no tendr\u00eda objeto que perdamos el tiempo tratando este tema. Sin embargo, considero que por muy sencillo o insignificante que parezca, la importancia de este tema es realmente alta, ya que nuestra vida personal y profesional est\u00e1 directamente relacionada a trav\u00e9s de la imagen que proyectamos.<\/p>\n<p><strong>\u00a0\u00bfTe pusiste a pensar la cantidad de veces que saludas en un d\u00eda? <\/strong><\/p>\n<p>No importa si el saludo es en persona o a trav\u00e9s del m\u00f3vil, incluso v\u00eda internet utilizando alguna aplicaci\u00f3n como Whatsapp, Telegram, etc. Lo cierto es que el saludo es lo primero que hay antes de entablar una comunicaci\u00f3n, antes de iniciar una conversaci\u00f3n, por lo menos eso es lo que se espera, yo no concibo la idea de empezar el d\u00eda sin saludar y dar los buenos d\u00edas a quienes tengo la dicha de tener como familia, como tampoco me imagino llegar a la oficina y sin m\u00e1s ni m\u00e1s, obviando el saludo, iniciar de manera abrupta una conversaci\u00f3n con un colega, por mucha confianza que exista como si nos hubi\u00e9ramos visto 5 minutos antes.<\/p>\n<p>Si en un entorno familiar o de confianza sucediera eso, \u00bfQu\u00e9 podr\u00edamos esperar de las relaciones sociales que con seguridad afrontaremos el resto del d\u00eda y los dem\u00e1s?<\/p>\n<p>\u00bfC\u00f3mo saludamos cada vez que nos encontramos con alguien?<\/p>\n<p>\u00bfC\u00f3mo saludamos cuando ingresamos a un recinto?, \u00bfLo hacemos?<\/p>\n<p>\u00bfSaludamos de manera adecuada y atenta cuando nos presentan a alguien?<\/p>\n<p>A trav\u00e9s del saludo, mostramos nuestra personalidad, nuestra educaci\u00f3n, a trav\u00e9s del saludo tambi\u00e9n proyectamos nuestro estado de \u00e1nimo, nuestro inter\u00e9s por la persona o por la reuni\u00f3n a la que asistimos. Sin embargo, debemos tener muy claro que el saludo no solo es una expresi\u00f3n de buen comportamiento o buenas maneras y costumbres ya que se constituye en una carta \u201cabierta\u201d de presentaci\u00f3n, donde solo ser\u00e1n suficientes unos cuantos segundos para que el interlocutor pueda formar un concepto positivo o negativo sobre nosotros y, por supuesto, esto tendr\u00e1 una incidencia directa en el curso que vaya a tomar la reuni\u00f3n.<\/p>\n<p>Si pensamos que \u00e9ste es un factor que puede perjudicar solo a algunos, estamos equivocados\u2026 si no le ense\u00f1amos a un ni\u00f1o a saludar correctamente, el d\u00eda que vaya al colegio y no salude al profesor, es posible que, de manera natural y no planificada, el profesor le reste unos puntos\u2026 <strong>pero ojo<\/strong> no en sus calificaciones, sino en el concepto que se formar\u00e1 respecto al ni\u00f1o y, por supuesto, de sus padres.<\/p>\n<p><strong>Pero no es suficiente saludar\u2026 hay que saber hacerlo. <\/strong><\/p>\n<ul>\n<li>Dirijamos la mirada a la persona, no debe ser una mirada desafiante por supuesto, pero proyectar seguridad y no timidez, una mirada firme transmite sinceridad y transparencia.<\/li>\n<\/ul>\n<p>&nbsp;<\/p>\n<ul>\n<li>Nunca debemos evadir la mirada, dirijamos la mirada a la otra persona, no la evada ya que esto puede evidenciar timidez y\/o baja autoestima y tambi\u00e9n falta de transparencia.<\/li>\n<\/ul>\n<p>&nbsp;<\/p>\n<ul>\n<li>Palabras amables siempre son bienvenidas, no es suficiente decir \u201cHola\u201d o \u201cBuenas\u201d primero debemos considerar el contexto y la confianza con el interlocutor. Sin embargo, en ninguno de los casos deber\u00eda haber un saludo tan poco cordial. La amabilidad siempre es muy importante, no nos quita nada, sino todo lo contrario.<\/li>\n<\/ul>\n<p>&nbsp;<\/p>\n<ul>\n<li>Un rostro es m\u00e1s agradable cuando una sonrisa lo acompa\u00f1a de manera natural, no es lo mismo una sonrisa que una risa, \u00a1mucho cuidado!<\/li>\n<\/ul>\n<p>&nbsp;<\/p>\n<ul>\n<li>El tono de voz es importante, hable seguro de s\u00ed mismo y con un tono de voz adecuado.<\/li>\n<\/ul>\n<p>&nbsp;<\/p>\n<ul>\n<li>Con frecuencia he visto que muchas personas no saben qui\u00e9n debe saludar a qui\u00e9n y este material ser\u00e1 parte del pr\u00f3ximo art\u00edculo. No obstante, lo que no puedo dejar de mencionar ahora mismo es que debemos saludar con el mismo esmero y respeto a todos y no solo al due\u00f1o del banco, eso dice mucho de nosotros.<\/li>\n<\/ul>\n<p>&nbsp;<\/p>\n<p>&nbsp;<\/p>\n<p>Georgette E. Bretel de Aliaga<\/p>\n<p><strong>Escritora y experta<\/strong><\/p>\n<p><strong>Ceremonial, Protocolo, <\/strong><\/p>\n<p><strong>Etiqueta y Comportamiento Socia<\/strong>l<\/p>\n<p><a href=\"https:\/\/www.facebook.com\/Georgette.E.Bretel.de.Aliaga\">https:\/\/www.facebook.com\/Georgette.E.Bretel.de.Aliaga<\/a><\/p>\n<p><a href=\"https:\/\/Gebreteldealiaga.blogspot.com\">https:\/\/Gebreteldealiaga.blogspot.com<\/a><\/p>\n\n","protected":false},"excerpt":{"rendered":"<p>Dentro de nuestras actividades cotidianas, existen muchas que son desarrolladas todos los d\u00edas del a\u00f1o, y por lo mismo, se han convertido en algo tan habitual que ya forman parte de una rutina y, por consiguiente, estoy segura que no le hemos prestado la atenci\u00f3n necesaria como para detenernos un instante para analizar, y realizar [&hellip;]<\/p>\n","protected":false},"author":1,"featured_media":66899,"comment_status":"closed","ping_status":"closed","sticky":false,"template":"","format":"standard","meta":{"_acf_changed":false,"footnotes":""},"categories":[42],"tags":[],"class_list":["post-66898","post","type-post","status-publish","format-standard","has-post-thumbnail","category-femenina"],"acf":{"antetitulo":""},"yoast_head":"<!-- This site is optimized with the Yoast SEO plugin v28.3 - https:\/\/yoast.com\/product\/yoast-seo-wordpress\/ -->\n<title>No solo al due\u00f1o del banco\u2026 - El Diario - Bolivia<\/title>\n<meta name=\"robots\" content=\"index, follow, max-snippet:-1, max-image-preview:large, max-video-preview:-1\" \/>\n<link rel=\"canonical\" href=\"https:\/\/www.eldiario.net\/portal\/2022\/03\/02\/no-solo-al-dueno-del-banco\/\" \/>\n<meta property=\"og:locale\" content=\"es_ES\" \/>\n<meta property=\"og:type\" content=\"article\" \/>\n<meta property=\"og:title\" content=\"No solo al due\u00f1o del banco\u2026 - El Diario - Bolivia\" \/>\n<meta property=\"og:description\" content=\"Dentro de nuestras actividades cotidianas, existen muchas que son desarrolladas todos los d\u00edas del a\u00f1o, y por lo mismo, se han convertido en algo tan habitual que ya forman parte de una rutina y, por consiguiente, estoy segura que no le hemos prestado la atenci\u00f3n necesaria como para detenernos un instante para analizar, y realizar [&hellip;]\" \/>\n<meta property=\"og:url\" content=\"https:\/\/www.eldiario.net\/portal\/2022\/03\/02\/no-solo-al-dueno-del-banco\/\" \/>\n<meta property=\"og:site_name\" content=\"El Diario - Bolivia\" \/>\n<meta property=\"article:publisher\" content=\"https:\/\/www.facebook.com\/eldiario.bolivia\/\" \/>\n<meta property=\"article:published_time\" content=\"2022-03-02T10:15:05+00:00\" \/>\n<meta name=\"author\" content=\"Jeanette\" \/>\n<meta name=\"twitter:card\" content=\"summary_large_image\" \/>\n<meta name=\"twitter:creator\" content=\"@eldiario_net\" \/>\n<meta name=\"twitter:site\" content=\"@eldiario_net\" \/>\n<meta name=\"twitter:label1\" content=\"Escrito por\" \/>\n\t<meta name=\"twitter:data1\" content=\"Jeanette\" \/>\n\t<meta name=\"twitter:label2\" content=\"Tiempo de lectura\" \/>\n\t<meta name=\"twitter:data2\" content=\"4 minutos\" \/>\n<script type=\"application\/ld+json\" class=\"yoast-schema-graph\">{\"@context\":\"https:\\\/\\\/schema.org\",\"@graph\":[{\"@type\":\"Article\",\"@id\":\"https:\\\/\\\/www.eldiario.net\\\/portal\\\/2022\\\/03\\\/02\\\/no-solo-al-dueno-del-banco\\\/#article\",\"isPartOf\":{\"@id\":\"https:\\\/\\\/www.eldiario.net\\\/portal\\\/2022\\\/03\\\/02\\\/no-solo-al-dueno-del-banco\\\/\"},\"author\":{\"name\":\"Jeanette\",\"@id\":\"https:\\\/\\\/www.eldiario.net\\\/portal\\\/#\\\/schema\\\/person\\\/f46445640444750d7d753ccd04ae01b7\"},\"headline\":\"No solo al due\u00f1o del banco\u2026\",\"datePublished\":\"2022-03-02T10:15:05+00:00\",\"mainEntityOfPage\":{\"@id\":\"https:\\\/\\\/www.eldiario.net\\\/portal\\\/2022\\\/03\\\/02\\\/no-solo-al-dueno-del-banco\\\/\"},\"wordCount\":820,\"publisher\":{\"@id\":\"https:\\\/\\\/www.eldiario.net\\\/portal\\\/#organization\"},\"image\":{\"@id\":\"https:\\\/\\\/www.eldiario.net\\\/portal\\\/2022\\\/03\\\/02\\\/no-solo-al-dueno-del-banco\\\/#primaryimage\"},\"thumbnailUrl\":\"\",\"articleSection\":[\"Femenina\"],\"inLanguage\":\"es\"},{\"@type\":\"WebPage\",\"@id\":\"https:\\\/\\\/www.eldiario.net\\\/portal\\\/2022\\\/03\\\/02\\\/no-solo-al-dueno-del-banco\\\/\",\"url\":\"https:\\\/\\\/www.eldiario.net\\\/portal\\\/2022\\\/03\\\/02\\\/no-solo-al-dueno-del-banco\\\/\",\"name\":\"No solo al due\u00f1o del banco\u2026 - El Diario - Bolivia\",\"isPartOf\":{\"@id\":\"https:\\\/\\\/www.eldiario.net\\\/portal\\\/#website\"},\"primaryImageOfPage\":{\"@id\":\"https:\\\/\\\/www.eldiario.net\\\/portal\\\/2022\\\/03\\\/02\\\/no-solo-al-dueno-del-banco\\\/#primaryimage\"},\"image\":{\"@id\":\"https:\\\/\\\/www.eldiario.net\\\/portal\\\/2022\\\/03\\\/02\\\/no-solo-al-dueno-del-banco\\\/#primaryimage\"},\"thumbnailUrl\":\"\",\"datePublished\":\"2022-03-02T10:15:05+00:00\",\"breadcrumb\":{\"@id\":\"https:\\\/\\\/www.eldiario.net\\\/portal\\\/2022\\\/03\\\/02\\\/no-solo-al-dueno-del-banco\\\/#breadcrumb\"},\"inLanguage\":\"es\",\"potentialAction\":[{\"@type\":\"ReadAction\",\"target\":[\"https:\\\/\\\/www.eldiario.net\\\/portal\\\/2022\\\/03\\\/02\\\/no-solo-al-dueno-del-banco\\\/\"]}]},{\"@type\":\"ImageObject\",\"inLanguage\":\"es\",\"@id\":\"https:\\\/\\\/www.eldiario.net\\\/portal\\\/2022\\\/03\\\/02\\\/no-solo-al-dueno-del-banco\\\/#primaryimage\",\"url\":\"\",\"contentUrl\":\"\"},{\"@type\":\"BreadcrumbList\",\"@id\":\"https:\\\/\\\/www.eldiario.net\\\/portal\\\/2022\\\/03\\\/02\\\/no-solo-al-dueno-del-banco\\\/#breadcrumb\",\"itemListElement\":[{\"@type\":\"ListItem\",\"position\":1,\"name\":\"Portada\",\"item\":\"https:\\\/\\\/www.eldiario.net\\\/portal\\\/\"},{\"@type\":\"ListItem\",\"position\":2,\"name\":\"No solo al due\u00f1o del banco\u2026\"}]},{\"@type\":\"WebSite\",\"@id\":\"https:\\\/\\\/www.eldiario.net\\\/portal\\\/#website\",\"url\":\"https:\\\/\\\/www.eldiario.net\\\/portal\\\/\",\"name\":\"El Diario - Decano de la prensa nacional\",\"description\":\"El Diario - Decano de la prensa nacional\",\"publisher\":{\"@id\":\"https:\\\/\\\/www.eldiario.net\\\/portal\\\/#organization\"},\"potentialAction\":[{\"@type\":\"SearchAction\",\"target\":{\"@type\":\"EntryPoint\",\"urlTemplate\":\"https:\\\/\\\/www.eldiario.net\\\/portal\\\/?s={search_term_string}\"},\"query-input\":{\"@type\":\"PropertyValueSpecification\",\"valueRequired\":true,\"valueName\":\"search_term_string\"}}],\"inLanguage\":\"es\"},{\"@type\":\"Organization\",\"@id\":\"https:\\\/\\\/www.eldiario.net\\\/portal\\\/#organization\",\"name\":\"El Diario - Decano de la prensa nacional\",\"url\":\"https:\\\/\\\/www.eldiario.net\\\/portal\\\/\",\"logo\":{\"@type\":\"ImageObject\",\"inLanguage\":\"es\",\"@id\":\"https:\\\/\\\/www.eldiario.net\\\/portal\\\/#\\\/schema\\\/logo\\\/image\\\/\",\"url\":\"https:\\\/\\\/www.eldiario.net\\\/portal\\\/wp-content\\\/uploads\\\/2023\\\/07\\\/logo_ED.jpg\",\"contentUrl\":\"https:\\\/\\\/www.eldiario.net\\\/portal\\\/wp-content\\\/uploads\\\/2023\\\/07\\\/logo_ED.jpg\",\"width\":272,\"height\":52,\"caption\":\"El Diario - Decano de la prensa nacional\"},\"image\":{\"@id\":\"https:\\\/\\\/www.eldiario.net\\\/portal\\\/#\\\/schema\\\/logo\\\/image\\\/\"},\"sameAs\":[\"https:\\\/\\\/www.facebook.com\\\/eldiario.bolivia\\\/\",\"https:\\\/\\\/x.com\\\/eldiario_net\"]},{\"@type\":\"Person\",\"@id\":\"https:\\\/\\\/www.eldiario.net\\\/portal\\\/#\\\/schema\\\/person\\\/f46445640444750d7d753ccd04ae01b7\",\"name\":\"Jeanette\",\"image\":{\"@type\":\"ImageObject\",\"inLanguage\":\"es\",\"@id\":\"https:\\\/\\\/secure.gravatar.com\\\/avatar\\\/3ea2118a5f7dad2b7138b1187a6b7ee55f160b9968b66013c3a3ef39dd7e5798?s=96&d=mm&r=g\",\"url\":\"https:\\\/\\\/secure.gravatar.com\\\/avatar\\\/3ea2118a5f7dad2b7138b1187a6b7ee55f160b9968b66013c3a3ef39dd7e5798?s=96&d=mm&r=g\",\"contentUrl\":\"https:\\\/\\\/secure.gravatar.com\\\/avatar\\\/3ea2118a5f7dad2b7138b1187a6b7ee55f160b9968b66013c3a3ef39dd7e5798?s=96&d=mm&r=g\",\"caption\":\"Jeanette\"},\"sameAs\":[\"https:\\\/\\\/www.eldiario.net\\\/portal\"],\"url\":\"https:\\\/\\\/www.eldiario.net\\\/portal\\\/author\\\/jeanette\\\/\"}]}<\/script>\n<!-- \/ Yoast SEO plugin. -->","yoast_head_json":{"title":"No solo al due\u00f1o del banco\u2026 - El Diario - Bolivia","robots":{"index":"index","follow":"follow","max-snippet":"max-snippet:-1","max-image-preview":"max-image-preview:large","max-video-preview":"max-video-preview:-1"},"canonical":"https:\/\/www.eldiario.net\/portal\/2022\/03\/02\/no-solo-al-dueno-del-banco\/","og_locale":"es_ES","og_type":"article","og_title":"No solo al due\u00f1o del banco\u2026 - El Diario - Bolivia","og_description":"Dentro de nuestras actividades cotidianas, existen muchas que son desarrolladas todos los d\u00edas del a\u00f1o, y por lo mismo, se han convertido en algo tan habitual que ya forman parte de una rutina y, por consiguiente, estoy segura que no le hemos prestado la atenci\u00f3n necesaria como para detenernos un instante para analizar, y realizar [&hellip;]","og_url":"https:\/\/www.eldiario.net\/portal\/2022\/03\/02\/no-solo-al-dueno-del-banco\/","og_site_name":"El Diario - Bolivia","article_publisher":"https:\/\/www.facebook.com\/eldiario.bolivia\/","article_published_time":"2022-03-02T10:15:05+00:00","author":"Jeanette","twitter_card":"summary_large_image","twitter_creator":"@eldiario_net","twitter_site":"@eldiario_net","twitter_misc":{"Escrito por":"Jeanette","Tiempo de lectura":"4 minutos"},"schema":{"@context":"https:\/\/schema.org","@graph":[{"@type":"Article","@id":"https:\/\/www.eldiario.net\/portal\/2022\/03\/02\/no-solo-al-dueno-del-banco\/#article","isPartOf":{"@id":"https:\/\/www.eldiario.net\/portal\/2022\/03\/02\/no-solo-al-dueno-del-banco\/"},"author":{"name":"Jeanette","@id":"https:\/\/www.eldiario.net\/portal\/#\/schema\/person\/f46445640444750d7d753ccd04ae01b7"},"headline":"No solo al due\u00f1o del banco\u2026","datePublished":"2022-03-02T10:15:05+00:00","mainEntityOfPage":{"@id":"https:\/\/www.eldiario.net\/portal\/2022\/03\/02\/no-solo-al-dueno-del-banco\/"},"wordCount":820,"publisher":{"@id":"https:\/\/www.eldiario.net\/portal\/#organization"},"image":{"@id":"https:\/\/www.eldiario.net\/portal\/2022\/03\/02\/no-solo-al-dueno-del-banco\/#primaryimage"},"thumbnailUrl":"","articleSection":["Femenina"],"inLanguage":"es"},{"@type":"WebPage","@id":"https:\/\/www.eldiario.net\/portal\/2022\/03\/02\/no-solo-al-dueno-del-banco\/","url":"https:\/\/www.eldiario.net\/portal\/2022\/03\/02\/no-solo-al-dueno-del-banco\/","name":"No solo al due\u00f1o del banco\u2026 - El Diario - Bolivia","isPartOf":{"@id":"https:\/\/www.eldiario.net\/portal\/#website"},"primaryImageOfPage":{"@id":"https:\/\/www.eldiario.net\/portal\/2022\/03\/02\/no-solo-al-dueno-del-banco\/#primaryimage"},"image":{"@id":"https:\/\/www.eldiario.net\/portal\/2022\/03\/02\/no-solo-al-dueno-del-banco\/#primaryimage"},"thumbnailUrl":"","datePublished":"2022-03-02T10:15:05+00:00","breadcrumb":{"@id":"https:\/\/www.eldiario.net\/portal\/2022\/03\/02\/no-solo-al-dueno-del-banco\/#breadcrumb"},"inLanguage":"es","potentialAction":[{"@type":"ReadAction","target":["https:\/\/www.eldiario.net\/portal\/2022\/03\/02\/no-solo-al-dueno-del-banco\/"]}]},{"@type":"ImageObject","inLanguage":"es","@id":"https:\/\/www.eldiario.net\/portal\/2022\/03\/02\/no-solo-al-dueno-del-banco\/#primaryimage","url":"","contentUrl":""},{"@type":"BreadcrumbList","@id":"https:\/\/www.eldiario.net\/portal\/2022\/03\/02\/no-solo-al-dueno-del-banco\/#breadcrumb","itemListElement":[{"@type":"ListItem","position":1,"name":"Portada","item":"https:\/\/www.eldiario.net\/portal\/"},{"@type":"ListItem","position":2,"name":"No solo al due\u00f1o del banco\u2026"}]},{"@type":"WebSite","@id":"https:\/\/www.eldiario.net\/portal\/#website","url":"https:\/\/www.eldiario.net\/portal\/","name":"El Diario - Decano de la prensa nacional","description":"El Diario - Decano de la prensa nacional","publisher":{"@id":"https:\/\/www.eldiario.net\/portal\/#organization"},"potentialAction":[{"@type":"SearchAction","target":{"@type":"EntryPoint","urlTemplate":"https:\/\/www.eldiario.net\/portal\/?s={search_term_string}"},"query-input":{"@type":"PropertyValueSpecification","valueRequired":true,"valueName":"search_term_string"}}],"inLanguage":"es"},{"@type":"Organization","@id":"https:\/\/www.eldiario.net\/portal\/#organization","name":"El Diario - Decano de la prensa nacional","url":"https:\/\/www.eldiario.net\/portal\/","logo":{"@type":"ImageObject","inLanguage":"es","@id":"https:\/\/www.eldiario.net\/portal\/#\/schema\/logo\/image\/","url":"https:\/\/www.eldiario.net\/portal\/wp-content\/uploads\/2023\/07\/logo_ED.jpg","contentUrl":"https:\/\/www.eldiario.net\/portal\/wp-content\/uploads\/2023\/07\/logo_ED.jpg","width":272,"height":52,"caption":"El Diario - Decano de la prensa nacional"},"image":{"@id":"https:\/\/www.eldiario.net\/portal\/#\/schema\/logo\/image\/"},"sameAs":["https:\/\/www.facebook.com\/eldiario.bolivia\/","https:\/\/x.com\/eldiario_net"]},{"@type":"Person","@id":"https:\/\/www.eldiario.net\/portal\/#\/schema\/person\/f46445640444750d7d753ccd04ae01b7","name":"Jeanette","image":{"@type":"ImageObject","inLanguage":"es","@id":"https:\/\/secure.gravatar.com\/avatar\/3ea2118a5f7dad2b7138b1187a6b7ee55f160b9968b66013c3a3ef39dd7e5798?s=96&d=mm&r=g","url":"https:\/\/secure.gravatar.com\/avatar\/3ea2118a5f7dad2b7138b1187a6b7ee55f160b9968b66013c3a3ef39dd7e5798?s=96&d=mm&r=g","contentUrl":"https:\/\/secure.gravatar.com\/avatar\/3ea2118a5f7dad2b7138b1187a6b7ee55f160b9968b66013c3a3ef39dd7e5798?s=96&d=mm&r=g","caption":"Jeanette"},"sameAs":["https:\/\/www.eldiario.net\/portal"],"url":"https:\/\/www.eldiario.net\/portal\/author\/jeanette\/"}]}},"_links":{"self":[{"href":"https:\/\/www.eldiario.net\/portal\/wp-json\/wp\/v2\/posts\/66898","targetHints":{"allow":["GET"]}}],"collection":[{"href":"https:\/\/www.eldiario.net\/portal\/wp-json\/wp\/v2\/posts"}],"about":[{"href":"https:\/\/www.eldiario.net\/portal\/wp-json\/wp\/v2\/types\/post"}],"author":[{"embeddable":true,"href":"https:\/\/www.eldiario.net\/portal\/wp-json\/wp\/v2\/users\/1"}],"replies":[{"embeddable":true,"href":"https:\/\/www.eldiario.net\/portal\/wp-json\/wp\/v2\/comments?post=66898"}],"version-history":[{"count":0,"href":"https:\/\/www.eldiario.net\/portal\/wp-json\/wp\/v2\/posts\/66898\/revisions"}],"wp:attachment":[{"href":"https:\/\/www.eldiario.net\/portal\/wp-json\/wp\/v2\/media?parent=66898"}],"wp:term":[{"taxonomy":"category","embeddable":true,"href":"https:\/\/www.eldiario.net\/portal\/wp-json\/wp\/v2\/categories?post=66898"},{"taxonomy":"post_tag","embeddable":true,"href":"https:\/\/www.eldiario.net\/portal\/wp-json\/wp\/v2\/tags?post=66898"}],"curies":[{"name":"wp","href":"https:\/\/api.w.org\/{rel}","templated":true}]}}