{"id":66887,"date":"2022-03-02T06:10:34","date_gmt":"2022-03-02T10:10:34","guid":{"rendered":"https:\/\/www.eldiario.net\/portal\/?p=66887"},"modified":"2022-03-02T06:10:34","modified_gmt":"2022-03-02T10:10:34","slug":"conoce-a-los-hombres-que-nacieron-para-ser-lideres","status":"publish","type":"post","link":"https:\/\/www.eldiario.net\/portal\/2022\/03\/02\/conoce-a-los-hombres-que-nacieron-para-ser-lideres\/","title":{"rendered":"Conoce a los hombres que nacieron para ser l\u00edderes"},"content":{"rendered":"<p>La astrolog\u00eda puede revelar todos los aspectos posibles de la personalidad, el comportamiento y el comportamiento de las personas. Hoy conocer\u00e1s las se\u00f1ales que naturalmente son excelentes gu\u00edas y tambi\u00e9n a los 6 hombres del zod\u00edaco que nacieron para ser l\u00edderes.<\/p>\n<p>Todos ellos se destacan por tener una tendencia natural a liderar<\/p>\n<ol>\n<li><strong> Aries (21 de marzo &#8211; 19 de abril)<\/strong><\/li>\n<\/ol>\n<p>Aries nace para liderar. Como primer signo del zod\u00edaco, encarnan todos los rasgos que tendr\u00eda un \u00abprimog\u00e9nito\u00bb. Son l\u00f3gicos, decididos y prosperan cuando ayudan a otros a funcionar de manera \u00f3ptima.<\/p>\n<p>Aries es uno de los signos del zod\u00edaco que son los mejores jefes porque provienen de un lugar de cooperaci\u00f3n, no del ego, y son capaces de sacar sus emociones de la ecuaci\u00f3n y tomar decisiones conscientes. Tambi\u00e9n suelen ser genios creativos e innovadores (Leonardo da Vinci, Thomas Jefferson y Vincent van Gogh eran todos Aries).<\/p>\n<ol start=\"2\">\n<li><strong> Virgo (23 de agosto &#8211; 22 de septiembre)<\/strong><\/li>\n<\/ol>\n<p>Los virgos son humanitarios. Lideran con un prop\u00f3sito.<\/p>\n<p>Los Virgo son grandes jefes porque sus intereses no son solo desarrollar su producto o empresa, o simplemente elevar sus resultados. No, los Virgo est\u00e1n demasiado comprometidos con el inter\u00e9s humano para ser fr\u00edos y calculadores.<\/p>\n<p>Eso es lo que los hace incre\u00edbles para trabajar: casi siempre tienen en mente alg\u00fan tipo de prop\u00f3sito o concepto mayor.<\/p>\n<ol start=\"3\">\n<li><strong> Sagitario (22 de noviembre &#8211; 21 de diciembre)<\/strong><\/li>\n<\/ol>\n<p>Los sagitarianos son grandes l\u00edderes porque son los menos inclinados a la microgesti\u00f3n. Creen en la creatividad, la autoexploraci\u00f3n y la idea de que cuando cada persona est\u00e1 desarrollando su potencial, el grupo funciona de manera \u00f3ptima.<\/p>\n<p>Tomemos, por ejemplo, el famoso Sagitario, Walt Disney, y su consejo de que no debes tratar a los ni\u00f1os que est\u00e1s criando como flores fr\u00e1giles. Esa mentalidad es exactamente la forma en que los sagitarianos tambi\u00e9n enfocan su trabajo como jefes. Quieren que aprendas por ti mismo, pienses por ti mismo y encuentres la independencia<\/p>\n<ol start=\"4\">\n<li><strong> Libra (del 23 de septiembre al 22 de octubre)<\/strong><\/li>\n<\/ol>\n<p>Gobernado por las escalas, los Libra son l\u00edderes fenomenales. A menudo son l\u00facidos, justos y est\u00e1n tan inclinados a hacer lo que creen que es moralmente justo que casi siempre puedes confiar en que har\u00e1n lo correcto.<\/p>\n<p>Los de Libra quieren trabajar con personas que les agradan. Sin embargo, no responden bien al conflicto y, a menudo, quieren cierto grado de respeto y superioridad.<\/p>\n<p>No les va bien con personas combativas o irrespetuosas. Pero dado el grupo de personas adecuado, los Libra prosperan como l\u00edderes.<\/p>\n<ol start=\"5\">\n<li><strong> Tauro (del 20 de abril al 20 de mayo)<\/strong><\/li>\n<\/ol>\n<p>Tauro es el l\u00edder m\u00e1s agradecido, pero tambi\u00e9n es el m\u00e1s particular. Descubrir\u00e1 que los tauro se quedan muy atascados en querer que su visi\u00f3n sea exactamente como la imaginaban, y son propensos a ser tercos y potencialmente micro-manejadores.<\/p>\n<p>Dicho esto, cuando haces un buen trabajo, nadie te reconocer\u00e1 como lo har\u00e1 Tauro.<\/p>\n<p>Por ejemplo, Mark Zuckerberg, el CEO de Facebook, es Tauro. Un l\u00edder Tauro tambi\u00e9n te ser\u00e1 leal la mayor parte del tiempo (por supuesto, existen circunstancias atenuantes para esto).<\/p>\n<ol start=\"6\">\n<li><strong> G\u00e9minis (21 de mayo &#8211; 20 de junio)<\/strong><\/li>\n<\/ol>\n<p>Los l\u00edderes G\u00e9minis son incre\u00edbles en la multitarea. Son el tipo de personas que pueden concebir una idea asombrosa y, de hecho, ayudan a que se haga realidad.<\/p>\n<p>A diferencia de Acuario, por ejemplo, G\u00e9minis realmente querr\u00e1 participar en todos los aspectos de su negocio o empresa. Ser\u00e1n activos y comprometidos, y querr\u00e1n tener voz en la mayor\u00eda de las cosas.<\/p>\n<p>&nbsp;<\/p>\n","protected":false},"excerpt":{"rendered":"<p>La astrolog\u00eda puede revelar todos los aspectos posibles de la personalidad, el comportamiento y el comportamiento de las personas. Hoy conocer\u00e1s las se\u00f1ales que naturalmente son excelentes gu\u00edas y tambi\u00e9n a los 6 hombres del zod\u00edaco que nacieron para ser l\u00edderes. Todos ellos se destacan por tener una tendencia natural a liderar Aries (21 de [&hellip;]<\/p>\n","protected":false},"author":1,"featured_media":66888,"comment_status":"closed","ping_status":"closed","sticky":false,"template":"","format":"standard","meta":{"_acf_changed":false,"footnotes":""},"categories":[42],"tags":[],"class_list":["post-66887","post","type-post","status-publish","format-standard","has-post-thumbnail","category-femenina"],"acf":{"antetitulo":""},"yoast_head":"<!-- This site is optimized with the Yoast SEO plugin v28.3 - https:\/\/yoast.com\/product\/yoast-seo-wordpress\/ -->\n<title>Conoce a los hombres que nacieron para ser l\u00edderes - El Diario - Bolivia<\/title>\n<meta name=\"robots\" content=\"index, follow, max-snippet:-1, max-image-preview:large, max-video-preview:-1\" \/>\n<link rel=\"canonical\" href=\"https:\/\/www.eldiario.net\/portal\/2022\/03\/02\/conoce-a-los-hombres-que-nacieron-para-ser-lideres\/\" \/>\n<meta property=\"og:locale\" content=\"es_ES\" \/>\n<meta property=\"og:type\" content=\"article\" \/>\n<meta property=\"og:title\" content=\"Conoce a los hombres que nacieron para ser l\u00edderes - El Diario - Bolivia\" \/>\n<meta property=\"og:description\" content=\"La astrolog\u00eda puede revelar todos los aspectos posibles de la personalidad, el comportamiento y el comportamiento de las personas. Hoy conocer\u00e1s las se\u00f1ales que naturalmente son excelentes gu\u00edas y tambi\u00e9n a los 6 hombres del zod\u00edaco que nacieron para ser l\u00edderes. Todos ellos se destacan por tener una tendencia natural a liderar Aries (21 de [&hellip;]\" \/>\n<meta property=\"og:url\" content=\"https:\/\/www.eldiario.net\/portal\/2022\/03\/02\/conoce-a-los-hombres-que-nacieron-para-ser-lideres\/\" \/>\n<meta property=\"og:site_name\" content=\"El Diario - Bolivia\" \/>\n<meta property=\"article:publisher\" content=\"https:\/\/www.facebook.com\/eldiario.bolivia\/\" \/>\n<meta property=\"article:published_time\" content=\"2022-03-02T10:10:34+00:00\" \/>\n<meta name=\"author\" content=\"Jeanette\" \/>\n<meta name=\"twitter:card\" content=\"summary_large_image\" \/>\n<meta name=\"twitter:creator\" content=\"@eldiario_net\" \/>\n<meta name=\"twitter:site\" content=\"@eldiario_net\" \/>\n<meta name=\"twitter:label1\" content=\"Escrito por\" \/>\n\t<meta name=\"twitter:data1\" content=\"Jeanette\" \/>\n\t<meta name=\"twitter:label2\" content=\"Tiempo de lectura\" \/>\n\t<meta name=\"twitter:data2\" content=\"3 minutos\" \/>\n<script type=\"application\/ld+json\" class=\"yoast-schema-graph\">{\"@context\":\"https:\\\/\\\/schema.org\",\"@graph\":[{\"@type\":\"Article\",\"@id\":\"https:\\\/\\\/www.eldiario.net\\\/portal\\\/2022\\\/03\\\/02\\\/conoce-a-los-hombres-que-nacieron-para-ser-lideres\\\/#article\",\"isPartOf\":{\"@id\":\"https:\\\/\\\/www.eldiario.net\\\/portal\\\/2022\\\/03\\\/02\\\/conoce-a-los-hombres-que-nacieron-para-ser-lideres\\\/\"},\"author\":{\"name\":\"Jeanette\",\"@id\":\"https:\\\/\\\/www.eldiario.net\\\/portal\\\/#\\\/schema\\\/person\\\/f46445640444750d7d753ccd04ae01b7\"},\"headline\":\"Conoce a los hombres que nacieron para ser l\u00edderes\",\"datePublished\":\"2022-03-02T10:10:34+00:00\",\"mainEntityOfPage\":{\"@id\":\"https:\\\/\\\/www.eldiario.net\\\/portal\\\/2022\\\/03\\\/02\\\/conoce-a-los-hombres-que-nacieron-para-ser-lideres\\\/\"},\"wordCount\":621,\"publisher\":{\"@id\":\"https:\\\/\\\/www.eldiario.net\\\/portal\\\/#organization\"},\"image\":{\"@id\":\"https:\\\/\\\/www.eldiario.net\\\/portal\\\/2022\\\/03\\\/02\\\/conoce-a-los-hombres-que-nacieron-para-ser-lideres\\\/#primaryimage\"},\"thumbnailUrl\":\"\",\"articleSection\":[\"Femenina\"],\"inLanguage\":\"es\"},{\"@type\":\"WebPage\",\"@id\":\"https:\\\/\\\/www.eldiario.net\\\/portal\\\/2022\\\/03\\\/02\\\/conoce-a-los-hombres-que-nacieron-para-ser-lideres\\\/\",\"url\":\"https:\\\/\\\/www.eldiario.net\\\/portal\\\/2022\\\/03\\\/02\\\/conoce-a-los-hombres-que-nacieron-para-ser-lideres\\\/\",\"name\":\"Conoce a los hombres que nacieron para ser l\u00edderes - El Diario - Bolivia\",\"isPartOf\":{\"@id\":\"https:\\\/\\\/www.eldiario.net\\\/portal\\\/#website\"},\"primaryImageOfPage\":{\"@id\":\"https:\\\/\\\/www.eldiario.net\\\/portal\\\/2022\\\/03\\\/02\\\/conoce-a-los-hombres-que-nacieron-para-ser-lideres\\\/#primaryimage\"},\"image\":{\"@id\":\"https:\\\/\\\/www.eldiario.net\\\/portal\\\/2022\\\/03\\\/02\\\/conoce-a-los-hombres-que-nacieron-para-ser-lideres\\\/#primaryimage\"},\"thumbnailUrl\":\"\",\"datePublished\":\"2022-03-02T10:10:34+00:00\",\"breadcrumb\":{\"@id\":\"https:\\\/\\\/www.eldiario.net\\\/portal\\\/2022\\\/03\\\/02\\\/conoce-a-los-hombres-que-nacieron-para-ser-lideres\\\/#breadcrumb\"},\"inLanguage\":\"es\",\"potentialAction\":[{\"@type\":\"ReadAction\",\"target\":[\"https:\\\/\\\/www.eldiario.net\\\/portal\\\/2022\\\/03\\\/02\\\/conoce-a-los-hombres-que-nacieron-para-ser-lideres\\\/\"]}]},{\"@type\":\"ImageObject\",\"inLanguage\":\"es\",\"@id\":\"https:\\\/\\\/www.eldiario.net\\\/portal\\\/2022\\\/03\\\/02\\\/conoce-a-los-hombres-que-nacieron-para-ser-lideres\\\/#primaryimage\",\"url\":\"\",\"contentUrl\":\"\"},{\"@type\":\"BreadcrumbList\",\"@id\":\"https:\\\/\\\/www.eldiario.net\\\/portal\\\/2022\\\/03\\\/02\\\/conoce-a-los-hombres-que-nacieron-para-ser-lideres\\\/#breadcrumb\",\"itemListElement\":[{\"@type\":\"ListItem\",\"position\":1,\"name\":\"Portada\",\"item\":\"https:\\\/\\\/www.eldiario.net\\\/portal\\\/\"},{\"@type\":\"ListItem\",\"position\":2,\"name\":\"Conoce a los hombres que nacieron para ser l\u00edderes\"}]},{\"@type\":\"WebSite\",\"@id\":\"https:\\\/\\\/www.eldiario.net\\\/portal\\\/#website\",\"url\":\"https:\\\/\\\/www.eldiario.net\\\/portal\\\/\",\"name\":\"El Diario - Decano de la prensa nacional\",\"description\":\"El Diario - Decano de la prensa nacional\",\"publisher\":{\"@id\":\"https:\\\/\\\/www.eldiario.net\\\/portal\\\/#organization\"},\"potentialAction\":[{\"@type\":\"SearchAction\",\"target\":{\"@type\":\"EntryPoint\",\"urlTemplate\":\"https:\\\/\\\/www.eldiario.net\\\/portal\\\/?s={search_term_string}\"},\"query-input\":{\"@type\":\"PropertyValueSpecification\",\"valueRequired\":true,\"valueName\":\"search_term_string\"}}],\"inLanguage\":\"es\"},{\"@type\":\"Organization\",\"@id\":\"https:\\\/\\\/www.eldiario.net\\\/portal\\\/#organization\",\"name\":\"El Diario - Decano de la prensa nacional\",\"url\":\"https:\\\/\\\/www.eldiario.net\\\/portal\\\/\",\"logo\":{\"@type\":\"ImageObject\",\"inLanguage\":\"es\",\"@id\":\"https:\\\/\\\/www.eldiario.net\\\/portal\\\/#\\\/schema\\\/logo\\\/image\\\/\",\"url\":\"https:\\\/\\\/www.eldiario.net\\\/portal\\\/wp-content\\\/uploads\\\/2023\\\/07\\\/logo_ED.jpg\",\"contentUrl\":\"https:\\\/\\\/www.eldiario.net\\\/portal\\\/wp-content\\\/uploads\\\/2023\\\/07\\\/logo_ED.jpg\",\"width\":272,\"height\":52,\"caption\":\"El Diario - Decano de la prensa nacional\"},\"image\":{\"@id\":\"https:\\\/\\\/www.eldiario.net\\\/portal\\\/#\\\/schema\\\/logo\\\/image\\\/\"},\"sameAs\":[\"https:\\\/\\\/www.facebook.com\\\/eldiario.bolivia\\\/\",\"https:\\\/\\\/x.com\\\/eldiario_net\"]},{\"@type\":\"Person\",\"@id\":\"https:\\\/\\\/www.eldiario.net\\\/portal\\\/#\\\/schema\\\/person\\\/f46445640444750d7d753ccd04ae01b7\",\"name\":\"Jeanette\",\"image\":{\"@type\":\"ImageObject\",\"inLanguage\":\"es\",\"@id\":\"https:\\\/\\\/secure.gravatar.com\\\/avatar\\\/3ea2118a5f7dad2b7138b1187a6b7ee55f160b9968b66013c3a3ef39dd7e5798?s=96&d=mm&r=g\",\"url\":\"https:\\\/\\\/secure.gravatar.com\\\/avatar\\\/3ea2118a5f7dad2b7138b1187a6b7ee55f160b9968b66013c3a3ef39dd7e5798?s=96&d=mm&r=g\",\"contentUrl\":\"https:\\\/\\\/secure.gravatar.com\\\/avatar\\\/3ea2118a5f7dad2b7138b1187a6b7ee55f160b9968b66013c3a3ef39dd7e5798?s=96&d=mm&r=g\",\"caption\":\"Jeanette\"},\"sameAs\":[\"https:\\\/\\\/www.eldiario.net\\\/portal\"],\"url\":\"https:\\\/\\\/www.eldiario.net\\\/portal\\\/author\\\/jeanette\\\/\"}]}<\/script>\n<!-- \/ Yoast SEO plugin. -->","yoast_head_json":{"title":"Conoce a los hombres que nacieron para ser l\u00edderes - El Diario - Bolivia","robots":{"index":"index","follow":"follow","max-snippet":"max-snippet:-1","max-image-preview":"max-image-preview:large","max-video-preview":"max-video-preview:-1"},"canonical":"https:\/\/www.eldiario.net\/portal\/2022\/03\/02\/conoce-a-los-hombres-que-nacieron-para-ser-lideres\/","og_locale":"es_ES","og_type":"article","og_title":"Conoce a los hombres que nacieron para ser l\u00edderes - El Diario - Bolivia","og_description":"La astrolog\u00eda puede revelar todos los aspectos posibles de la personalidad, el comportamiento y el comportamiento de las personas. Hoy conocer\u00e1s las se\u00f1ales que naturalmente son excelentes gu\u00edas y tambi\u00e9n a los 6 hombres del zod\u00edaco que nacieron para ser l\u00edderes. Todos ellos se destacan por tener una tendencia natural a liderar Aries (21 de [&hellip;]","og_url":"https:\/\/www.eldiario.net\/portal\/2022\/03\/02\/conoce-a-los-hombres-que-nacieron-para-ser-lideres\/","og_site_name":"El Diario - Bolivia","article_publisher":"https:\/\/www.facebook.com\/eldiario.bolivia\/","article_published_time":"2022-03-02T10:10:34+00:00","author":"Jeanette","twitter_card":"summary_large_image","twitter_creator":"@eldiario_net","twitter_site":"@eldiario_net","twitter_misc":{"Escrito por":"Jeanette","Tiempo de lectura":"3 minutos"},"schema":{"@context":"https:\/\/schema.org","@graph":[{"@type":"Article","@id":"https:\/\/www.eldiario.net\/portal\/2022\/03\/02\/conoce-a-los-hombres-que-nacieron-para-ser-lideres\/#article","isPartOf":{"@id":"https:\/\/www.eldiario.net\/portal\/2022\/03\/02\/conoce-a-los-hombres-que-nacieron-para-ser-lideres\/"},"author":{"name":"Jeanette","@id":"https:\/\/www.eldiario.net\/portal\/#\/schema\/person\/f46445640444750d7d753ccd04ae01b7"},"headline":"Conoce a los hombres que nacieron para ser l\u00edderes","datePublished":"2022-03-02T10:10:34+00:00","mainEntityOfPage":{"@id":"https:\/\/www.eldiario.net\/portal\/2022\/03\/02\/conoce-a-los-hombres-que-nacieron-para-ser-lideres\/"},"wordCount":621,"publisher":{"@id":"https:\/\/www.eldiario.net\/portal\/#organization"},"image":{"@id":"https:\/\/www.eldiario.net\/portal\/2022\/03\/02\/conoce-a-los-hombres-que-nacieron-para-ser-lideres\/#primaryimage"},"thumbnailUrl":"","articleSection":["Femenina"],"inLanguage":"es"},{"@type":"WebPage","@id":"https:\/\/www.eldiario.net\/portal\/2022\/03\/02\/conoce-a-los-hombres-que-nacieron-para-ser-lideres\/","url":"https:\/\/www.eldiario.net\/portal\/2022\/03\/02\/conoce-a-los-hombres-que-nacieron-para-ser-lideres\/","name":"Conoce a los hombres que nacieron para ser l\u00edderes - El Diario - Bolivia","isPartOf":{"@id":"https:\/\/www.eldiario.net\/portal\/#website"},"primaryImageOfPage":{"@id":"https:\/\/www.eldiario.net\/portal\/2022\/03\/02\/conoce-a-los-hombres-que-nacieron-para-ser-lideres\/#primaryimage"},"image":{"@id":"https:\/\/www.eldiario.net\/portal\/2022\/03\/02\/conoce-a-los-hombres-que-nacieron-para-ser-lideres\/#primaryimage"},"thumbnailUrl":"","datePublished":"2022-03-02T10:10:34+00:00","breadcrumb":{"@id":"https:\/\/www.eldiario.net\/portal\/2022\/03\/02\/conoce-a-los-hombres-que-nacieron-para-ser-lideres\/#breadcrumb"},"inLanguage":"es","potentialAction":[{"@type":"ReadAction","target":["https:\/\/www.eldiario.net\/portal\/2022\/03\/02\/conoce-a-los-hombres-que-nacieron-para-ser-lideres\/"]}]},{"@type":"ImageObject","inLanguage":"es","@id":"https:\/\/www.eldiario.net\/portal\/2022\/03\/02\/conoce-a-los-hombres-que-nacieron-para-ser-lideres\/#primaryimage","url":"","contentUrl":""},{"@type":"BreadcrumbList","@id":"https:\/\/www.eldiario.net\/portal\/2022\/03\/02\/conoce-a-los-hombres-que-nacieron-para-ser-lideres\/#breadcrumb","itemListElement":[{"@type":"ListItem","position":1,"name":"Portada","item":"https:\/\/www.eldiario.net\/portal\/"},{"@type":"ListItem","position":2,"name":"Conoce a los hombres que nacieron para ser l\u00edderes"}]},{"@type":"WebSite","@id":"https:\/\/www.eldiario.net\/portal\/#website","url":"https:\/\/www.eldiario.net\/portal\/","name":"El Diario - Decano de la prensa nacional","description":"El Diario - Decano de la prensa nacional","publisher":{"@id":"https:\/\/www.eldiario.net\/portal\/#organization"},"potentialAction":[{"@type":"SearchAction","target":{"@type":"EntryPoint","urlTemplate":"https:\/\/www.eldiario.net\/portal\/?s={search_term_string}"},"query-input":{"@type":"PropertyValueSpecification","valueRequired":true,"valueName":"search_term_string"}}],"inLanguage":"es"},{"@type":"Organization","@id":"https:\/\/www.eldiario.net\/portal\/#organization","name":"El Diario - Decano de la prensa nacional","url":"https:\/\/www.eldiario.net\/portal\/","logo":{"@type":"ImageObject","inLanguage":"es","@id":"https:\/\/www.eldiario.net\/portal\/#\/schema\/logo\/image\/","url":"https:\/\/www.eldiario.net\/portal\/wp-content\/uploads\/2023\/07\/logo_ED.jpg","contentUrl":"https:\/\/www.eldiario.net\/portal\/wp-content\/uploads\/2023\/07\/logo_ED.jpg","width":272,"height":52,"caption":"El Diario - Decano de la prensa nacional"},"image":{"@id":"https:\/\/www.eldiario.net\/portal\/#\/schema\/logo\/image\/"},"sameAs":["https:\/\/www.facebook.com\/eldiario.bolivia\/","https:\/\/x.com\/eldiario_net"]},{"@type":"Person","@id":"https:\/\/www.eldiario.net\/portal\/#\/schema\/person\/f46445640444750d7d753ccd04ae01b7","name":"Jeanette","image":{"@type":"ImageObject","inLanguage":"es","@id":"https:\/\/secure.gravatar.com\/avatar\/3ea2118a5f7dad2b7138b1187a6b7ee55f160b9968b66013c3a3ef39dd7e5798?s=96&d=mm&r=g","url":"https:\/\/secure.gravatar.com\/avatar\/3ea2118a5f7dad2b7138b1187a6b7ee55f160b9968b66013c3a3ef39dd7e5798?s=96&d=mm&r=g","contentUrl":"https:\/\/secure.gravatar.com\/avatar\/3ea2118a5f7dad2b7138b1187a6b7ee55f160b9968b66013c3a3ef39dd7e5798?s=96&d=mm&r=g","caption":"Jeanette"},"sameAs":["https:\/\/www.eldiario.net\/portal"],"url":"https:\/\/www.eldiario.net\/portal\/author\/jeanette\/"}]}},"_links":{"self":[{"href":"https:\/\/www.eldiario.net\/portal\/wp-json\/wp\/v2\/posts\/66887","targetHints":{"allow":["GET"]}}],"collection":[{"href":"https:\/\/www.eldiario.net\/portal\/wp-json\/wp\/v2\/posts"}],"about":[{"href":"https:\/\/www.eldiario.net\/portal\/wp-json\/wp\/v2\/types\/post"}],"author":[{"embeddable":true,"href":"https:\/\/www.eldiario.net\/portal\/wp-json\/wp\/v2\/users\/1"}],"replies":[{"embeddable":true,"href":"https:\/\/www.eldiario.net\/portal\/wp-json\/wp\/v2\/comments?post=66887"}],"version-history":[{"count":0,"href":"https:\/\/www.eldiario.net\/portal\/wp-json\/wp\/v2\/posts\/66887\/revisions"}],"wp:attachment":[{"href":"https:\/\/www.eldiario.net\/portal\/wp-json\/wp\/v2\/media?parent=66887"}],"wp:term":[{"taxonomy":"category","embeddable":true,"href":"https:\/\/www.eldiario.net\/portal\/wp-json\/wp\/v2\/categories?post=66887"},{"taxonomy":"post_tag","embeddable":true,"href":"https:\/\/www.eldiario.net\/portal\/wp-json\/wp\/v2\/tags?post=66887"}],"curies":[{"name":"wp","href":"https:\/\/api.w.org\/{rel}","templated":true}]}}