{"id":66867,"date":"2022-03-02T06:05:19","date_gmt":"2022-03-02T10:05:19","guid":{"rendered":"https:\/\/www.eldiario.net\/portal\/?p=66867"},"modified":"2022-03-02T06:05:19","modified_gmt":"2022-03-02T10:05:19","slug":"maria-eugenia-garcia-cuando-la-quimica-se-convierte-en-pasion","status":"publish","type":"post","link":"https:\/\/www.eldiario.net\/portal\/2022\/03\/02\/maria-eugenia-garcia-cuando-la-quimica-se-convierte-en-pasion\/","title":{"rendered":"Mar\u00eda Eugenia Garc\u00eda, cuando la qu\u00edmica se convierte en pasi\u00f3n"},"content":{"rendered":"<p>La vida tiene momentos especiales, en el caso de Mar\u00eda Eugenia Garc\u00eda su primer contacto con la qu\u00edmica defini\u00f3 y marc\u00f3 su destino. Desde la escuela hasta el doctorado, pasando antes por el colegio y la universidad, esta rama de la ciencia la atrap\u00f3, de tal manera, que nada ni nadie impidi\u00f3 que llegara a sus objetivos.<\/p>\n<p>&nbsp;<\/p>\n<p>Actualmente, la destacada profesional desempe\u00f1a el cargo de Vicerrectora de la Universidad Mayor de San Andr\u00e9s.<\/p>\n<p>&nbsp;<\/p>\n<p>\u00bfCu\u00e1ndo empieza su motivaci\u00f3n por la qu\u00edmica?<\/p>\n<p>&nbsp;<\/p>\n<p>Estudi\u00e9 en el Colegio Santa Teresa los 12 a\u00f1os, donde tuve una importante motivaci\u00f3n en mi formaci\u00f3n posterior y fue mi profesora de qu\u00edmica, quien, con esa transmisi\u00f3n de la pasi\u00f3n por la materia, me motiv\u00f3 a estudiar la Carrera de Ciencias Qu\u00edmicas en la Facultad de Ciencias Puras y Naturales de la Universidad Mayor de San Andr\u00e9s.<\/p>\n<p>&nbsp;<\/p>\n<p>A mis 22 a\u00f1os fui mam\u00e1 de mi primer hijo, lo cual represent\u00f3 la m\u00e1s inmensa alegr\u00eda de mi vida, un cambio, por supuesto, adem\u00e1s de un reto. Las ganas de salir adelante como profesional y como mam\u00e1 me llevaron a tener una vida muy dedicada a mis estudios y mi casa, sacrificando muchas noches de sue\u00f1o, sacrificando muchas cosas, entre ellas por supuesto, momentos de diversi\u00f3n, porque adem\u00e1s fui auxiliar de docencia, pero lleg\u00f3 el momento gratificante de graduarme de licenciada en ciencias qu\u00edmicas.<\/p>\n<p>&nbsp;<\/p>\n<p>En qu\u00e9 momento nace la idea de defender el medioambiente<\/p>\n<p>&nbsp;<\/p>\n<p>Desde estudiante encontr\u00e9 la pasi\u00f3n por el cuidado del medioambiente y juntamente con mi docente gu\u00eda de la tesis, creamos el \u00e1rea de qu\u00edmica ambiental dentro de la Carrera, un \u00e1rea bastante exitosa e importante en este momento, que fue creciendo con el paso de los a\u00f1os.<\/p>\n<p>&nbsp;<\/p>\n<p>De qu\u00e9 manera contribuy\u00f3 la especialidad en su profesi\u00f3n<\/p>\n<p>&nbsp;<\/p>\n<p>Esta formaci\u00f3n me llev\u00f3 a realizar inicialmente algunas consultor\u00edas en el \u00e1rea ambiental, donde me fui vinculando con diferentes empresas e instituciones que necesitaban estudios ambientales, ya que por 1995 ya se contaba con una ley de medioambiente y su reglamentaci\u00f3n.<\/p>\n<p>&nbsp;<\/p>\n<p>Esto, me llev\u00f3 a ser parte de una empresa consultora en el \u00e1rea ambiental, donde ocup\u00e9 la Gerencia General por varios a\u00f1os, esta empresa desarroll\u00f3 trabajos importantes con instituciones nacionales e internacionales de alto prestigio.<\/p>\n<p>&nbsp;<\/p>\n<p>El a\u00f1o 1997 fue muy especial ya que a inicios tuve mi segundo hijo, otra alegr\u00eda inmensa y una motivaci\u00f3n m\u00e1s para seguir adelante; el mismo a\u00f1o, entr\u00e9 a trabajar en la Universidad Mayor de San Andr\u00e9s, a tiempo parcial, donde continu\u00e9 desarrollando mi vida profesional hasta el momento.<\/p>\n<p>&nbsp;<\/p>\n<p>\u00bfQu\u00e9 otras especialidades curs\u00f3?<\/p>\n<p>&nbsp;<\/p>\n<p>Hice una especialidad en Eficiencia Industrial y Sistemas de Gesti\u00f3n Ambiental, posgrado que dur\u00f3 dos a\u00f1os, con una dedicaci\u00f3n de varias horas por d\u00eda y pr\u00e1cticas en diferentes industrias, lo cual me abri\u00f3 mucho m\u00e1s el campo de trabajo, conocimiento y v\u00ednculos.<\/p>\n<p>&nbsp;<\/p>\n<p>Asimismo, pas\u00e9 dos diplomados, uno en Estad\u00edstica Aplicada a la investigaci\u00f3n cient\u00edfica y otro en Educaci\u00f3n Superior.<\/p>\n<p>&nbsp;<\/p>\n<p>Posteriormente, se me present\u00f3 la oportunidad de hacer un doctorado, en Lund, Suecia, lo cual represent\u00f3 mucha alegr\u00eda, pero tambi\u00e9n con muchas interrogantes internas relacionadas a la vida fuera del pa\u00eds, a los idiomas extranjeros, entre otros.<\/p>\n<p>&nbsp;<\/p>\n<p>C\u00f3mo influy\u00f3 en su vida familiar el hecho de tener que estudiar y compatibilizar con su vida hogare\u00f1a<\/p>\n<p>&nbsp;<\/p>\n<p>A pesar de lo dif\u00edcil que fue dejar a mis hijos en un inicio, segu\u00ed adelante y luego con ellos all\u00e1 en la escuela fue uno de los tiempos m\u00e1s hermosos de aprendizaje, no solo de los temas t\u00e9cnicos, sino de la vida misma.<\/p>\n<p>&nbsp;<\/p>\n<p>C\u00f3mo fue su vida cuando cursaba el doctorado<\/p>\n<p>&nbsp;<\/p>\n<p>Este doctorado lo realic\u00e9 en el \u00e1rea de Hidroqu\u00edmica y mi tesis doctoral en contaminaci\u00f3n natural y minera en ars\u00e9nico y metales pesados en el Departamento de Ingenier\u00eda de Recursos H\u00eddricos de la Universidad de Lund, gracias al apoyo econ\u00f3mico de la Cooperaci\u00f3n Sueca.<\/p>\n<p>&nbsp;<\/p>\n<p>Durante los cinco a\u00f1os de formaci\u00f3n doctoral, conoc\u00ed a personas de diferentes partes del mundo, compa\u00f1eros de los cinco continentes, conoc\u00ed tambi\u00e9n a personalidades importantes, quienes ganaron premios Nobel.<\/p>\n<p>&nbsp;<\/p>\n<p>Finalmente, lleg\u00f3 el momento de la defensa de mi doctorado, tres horas de defensa que parecieron eternas, una de presentaci\u00f3n del trabajo mismo, otra de debate con el oponente (un experto internacional en la materia elegido por la Universidad) y luego el debate y preguntas por parte del tribunal; este tiempo pas\u00f3 y aprob\u00e9 despu\u00e9s de una excelente presentaci\u00f3n, lleg\u00f3 el momento de la alegr\u00eda y de compartir con quienes se convirtieron en casi una familia al otro lado del mundo.<\/p>\n<p>&nbsp;<\/p>\n<p>Qu\u00e9 iniciativas y proyectos realiz\u00f3 de retorno a Bolivia<\/p>\n<p>&nbsp;<\/p>\n<p>Al regresar y dentro del trabajo de la Universidad Mayor de San Andr\u00e9s, se pudo fortalecer a\u00fan m\u00e1s el \u00e1rea de qu\u00edmica ambiental, consiguiendo proyectos no solo de la cooperaci\u00f3n sueca con la que segu\u00ed trabajando, pero adem\u00e1s proyectos con la Uni\u00f3n Europea, la cooperaci\u00f3n espa\u00f1ola, francesa, canadiense y otras, donde la red de trabajo se fue ampliando a varios pa\u00edses y varias universidades de diferentes partes del mundo. Esto, no solo fue para beneficio de los estudiantes de la carrera en esa \u00e1rea, sino tambi\u00e9n de estudiantes y docentes extranjeros que vinieron a hacer sus trabajos en Bolivia.<\/p>\n<p>&nbsp;<\/p>\n<p>Qu\u00e9 ideas propuso desde la Vicedecanatura de la Facultad de Ciencias Puras y Naturales<\/p>\n<p>&nbsp;<\/p>\n<p>Cuando me postul\u00e9 a la Vicedecanatura de la Facultad de Ciencias Puras y Naturales, gan\u00e9 con amplio margen. Afortunadamente, desarroll\u00e9 una exitosa gesti\u00f3n que me llev\u00f3 a una reelecci\u00f3n. Los seis a\u00f1os de gesti\u00f3n en el Vicedecanato de la Facultad con unos tres meses de decanato interino, fueron de importante impacto para el desarrollo de temas tecnol\u00f3gicos, acad\u00e9micos y cient\u00edficos de la facultad y, por supuesto, el aporte a la Universidad en su conjunto. Durante ese tiempo, se realiz\u00f3 el segundo congreso de la Facultad de Ciencias Puras, despu\u00e9s de 30 a\u00f1os, con interesantes resultados que actualmente son aplicados en la misma.<\/p>\n<p>&nbsp;<\/p>\n<p>Posteriormente segu\u00ed desarrollando investigaciones en el \u00e1rea de contaminaci\u00f3n de aguas, metales pesados en diferentes sitios, cuyos resultados se fueron publicando en revistas nacionales e internacionales, adem\u00e1s se fueron difundiendo en diferentes congresos a los cuales fui invitada en calidad de expositora, en diferentes partes del mundo como Taiw\u00e1n, Jap\u00f3n, China, varios pa\u00edses europeos, Norteam\u00e9rica, M\u00e9xico y, tambi\u00e9n realic\u00e9 varias ponencias en Sud Am\u00e9rica y en Bolivia, inclusive en provincias, donde fui a transmitir mis conocimientos.<\/p>\n<p>&nbsp;<\/p>\n<p>Con toda esta experiencia, fui invitada a presentar un trabajo de tesis para lograr ingresar despu\u00e9s de su aprobaci\u00f3n en la Academia Nacional de Ciencias de Bolivia como acad\u00e9mica de N\u00famero. Posteriormente, ingres\u00e9 en la Academia Boliviana de Educaci\u00f3n Superior y en la Academia Boliviana de Qu\u00edmica.<\/p>\n<p>&nbsp;<\/p>\n<p>Se me present\u00f3 tambi\u00e9n la oportunidad de presentarme como candidata a la Direcci\u00f3n del Instituto de Investigaciones Qu\u00edmicas, donde gan\u00e9 ampliamente y estuve desarrollando e impulsando la investigaci\u00f3n cient\u00edfica en esta instituci\u00f3n.<\/p>\n<p>&nbsp;<\/p>\n<p>Fui invitada por un tiempo corto como directora de la Direcci\u00f3n de Investigaci\u00f3n, Postgrado e Interacci\u00f3n Social de la Universidad Mayor de San Andr\u00e9s en el tiempo m\u00e1s r\u00edgido de la pandemia, donde, a pesar de todo esto, se lograron actividades importantes en la virtualidad.<\/p>\n<p>&nbsp;<\/p>\n<p>\u00bfLlegar al Vicerrectorado de la UMSA era uno de sus objetivos?<\/p>\n<p>&nbsp;<\/p>\n<p>El trabajo realizado como Vicedecana de la Facultad de Ciencias Puras, que ha sido bastante exitoso, y tambi\u00e9n el trabajo indirectamente para toda la Universidad Mayor de San Andr\u00e9s, los resultados obtenidos que han sido bastante positivos, han sido motivaciones para postular al Vicerrectorado. Quienes han confiado en el trabajo realizado y el aporte dado a nuestra casa de estudios superiores me han elegido como Vicerrectora y estoy trabajando ahora cumpliendo ese sue\u00f1o y trabajando para desarrollar el componente acad\u00e9mico de investigaci\u00f3n, de interacci\u00f3n social, de innovaci\u00f3n para la Universidad, que directamente es para la sociedad en su conjunto.<\/p>\n\n","protected":false},"excerpt":{"rendered":"<p>La vida tiene momentos especiales, en el caso de Mar\u00eda Eugenia Garc\u00eda su primer contacto con la qu\u00edmica defini\u00f3 y marc\u00f3 su destino. Desde la escuela hasta el doctorado, pasando antes por el colegio y la universidad, esta rama de la ciencia la atrap\u00f3, de tal manera, que nada ni nadie impidi\u00f3 que llegara a [&hellip;]<\/p>\n","protected":false},"author":1,"featured_media":66868,"comment_status":"closed","ping_status":"closed","sticky":false,"template":"","format":"standard","meta":{"_acf_changed":false,"footnotes":""},"categories":[42],"tags":[],"class_list":["post-66867","post","type-post","status-publish","format-standard","has-post-thumbnail","category-femenina"],"acf":{"antetitulo":""},"yoast_head":"<!-- This site is optimized with the Yoast SEO plugin v28.3 - https:\/\/yoast.com\/product\/yoast-seo-wordpress\/ -->\n<title>Mar\u00eda Eugenia Garc\u00eda, cuando la qu\u00edmica se convierte en pasi\u00f3n - El Diario - Bolivia<\/title>\n<meta name=\"robots\" content=\"index, follow, max-snippet:-1, max-image-preview:large, max-video-preview:-1\" \/>\n<link rel=\"canonical\" href=\"https:\/\/www.eldiario.net\/portal\/2022\/03\/02\/maria-eugenia-garcia-cuando-la-quimica-se-convierte-en-pasion\/\" \/>\n<meta property=\"og:locale\" content=\"es_ES\" \/>\n<meta property=\"og:type\" content=\"article\" \/>\n<meta property=\"og:title\" content=\"Mar\u00eda Eugenia Garc\u00eda, cuando la qu\u00edmica se convierte en pasi\u00f3n - El Diario - Bolivia\" \/>\n<meta property=\"og:description\" content=\"La vida tiene momentos especiales, en el caso de Mar\u00eda Eugenia Garc\u00eda su primer contacto con la qu\u00edmica defini\u00f3 y marc\u00f3 su destino. Desde la escuela hasta el doctorado, pasando antes por el colegio y la universidad, esta rama de la ciencia la atrap\u00f3, de tal manera, que nada ni nadie impidi\u00f3 que llegara a [&hellip;]\" \/>\n<meta property=\"og:url\" content=\"https:\/\/www.eldiario.net\/portal\/2022\/03\/02\/maria-eugenia-garcia-cuando-la-quimica-se-convierte-en-pasion\/\" \/>\n<meta property=\"og:site_name\" content=\"El Diario - Bolivia\" \/>\n<meta property=\"article:publisher\" content=\"https:\/\/www.facebook.com\/eldiario.bolivia\/\" \/>\n<meta property=\"article:published_time\" content=\"2022-03-02T10:05:19+00:00\" \/>\n<meta name=\"author\" content=\"Jeanette\" \/>\n<meta name=\"twitter:card\" content=\"summary_large_image\" \/>\n<meta name=\"twitter:creator\" content=\"@eldiario_net\" \/>\n<meta name=\"twitter:site\" content=\"@eldiario_net\" \/>\n<meta name=\"twitter:label1\" content=\"Escrito por\" \/>\n\t<meta name=\"twitter:data1\" content=\"Jeanette\" \/>\n\t<meta name=\"twitter:label2\" content=\"Tiempo de lectura\" \/>\n\t<meta name=\"twitter:data2\" content=\"6 minutos\" \/>\n<script type=\"application\/ld+json\" class=\"yoast-schema-graph\">{\"@context\":\"https:\\\/\\\/schema.org\",\"@graph\":[{\"@type\":\"Article\",\"@id\":\"https:\\\/\\\/www.eldiario.net\\\/portal\\\/2022\\\/03\\\/02\\\/maria-eugenia-garcia-cuando-la-quimica-se-convierte-en-pasion\\\/#article\",\"isPartOf\":{\"@id\":\"https:\\\/\\\/www.eldiario.net\\\/portal\\\/2022\\\/03\\\/02\\\/maria-eugenia-garcia-cuando-la-quimica-se-convierte-en-pasion\\\/\"},\"author\":{\"name\":\"Jeanette\",\"@id\":\"https:\\\/\\\/www.eldiario.net\\\/portal\\\/#\\\/schema\\\/person\\\/f46445640444750d7d753ccd04ae01b7\"},\"headline\":\"Mar\u00eda Eugenia Garc\u00eda, cuando la qu\u00edmica se convierte en pasi\u00f3n\",\"datePublished\":\"2022-03-02T10:05:19+00:00\",\"mainEntityOfPage\":{\"@id\":\"https:\\\/\\\/www.eldiario.net\\\/portal\\\/2022\\\/03\\\/02\\\/maria-eugenia-garcia-cuando-la-quimica-se-convierte-en-pasion\\\/\"},\"wordCount\":1443,\"publisher\":{\"@id\":\"https:\\\/\\\/www.eldiario.net\\\/portal\\\/#organization\"},\"image\":{\"@id\":\"https:\\\/\\\/www.eldiario.net\\\/portal\\\/2022\\\/03\\\/02\\\/maria-eugenia-garcia-cuando-la-quimica-se-convierte-en-pasion\\\/#primaryimage\"},\"thumbnailUrl\":\"\",\"articleSection\":[\"Femenina\"],\"inLanguage\":\"es\"},{\"@type\":\"WebPage\",\"@id\":\"https:\\\/\\\/www.eldiario.net\\\/portal\\\/2022\\\/03\\\/02\\\/maria-eugenia-garcia-cuando-la-quimica-se-convierte-en-pasion\\\/\",\"url\":\"https:\\\/\\\/www.eldiario.net\\\/portal\\\/2022\\\/03\\\/02\\\/maria-eugenia-garcia-cuando-la-quimica-se-convierte-en-pasion\\\/\",\"name\":\"Mar\u00eda Eugenia Garc\u00eda, cuando la qu\u00edmica se convierte en pasi\u00f3n - El Diario - Bolivia\",\"isPartOf\":{\"@id\":\"https:\\\/\\\/www.eldiario.net\\\/portal\\\/#website\"},\"primaryImageOfPage\":{\"@id\":\"https:\\\/\\\/www.eldiario.net\\\/portal\\\/2022\\\/03\\\/02\\\/maria-eugenia-garcia-cuando-la-quimica-se-convierte-en-pasion\\\/#primaryimage\"},\"image\":{\"@id\":\"https:\\\/\\\/www.eldiario.net\\\/portal\\\/2022\\\/03\\\/02\\\/maria-eugenia-garcia-cuando-la-quimica-se-convierte-en-pasion\\\/#primaryimage\"},\"thumbnailUrl\":\"\",\"datePublished\":\"2022-03-02T10:05:19+00:00\",\"breadcrumb\":{\"@id\":\"https:\\\/\\\/www.eldiario.net\\\/portal\\\/2022\\\/03\\\/02\\\/maria-eugenia-garcia-cuando-la-quimica-se-convierte-en-pasion\\\/#breadcrumb\"},\"inLanguage\":\"es\",\"potentialAction\":[{\"@type\":\"ReadAction\",\"target\":[\"https:\\\/\\\/www.eldiario.net\\\/portal\\\/2022\\\/03\\\/02\\\/maria-eugenia-garcia-cuando-la-quimica-se-convierte-en-pasion\\\/\"]}]},{\"@type\":\"ImageObject\",\"inLanguage\":\"es\",\"@id\":\"https:\\\/\\\/www.eldiario.net\\\/portal\\\/2022\\\/03\\\/02\\\/maria-eugenia-garcia-cuando-la-quimica-se-convierte-en-pasion\\\/#primaryimage\",\"url\":\"\",\"contentUrl\":\"\"},{\"@type\":\"BreadcrumbList\",\"@id\":\"https:\\\/\\\/www.eldiario.net\\\/portal\\\/2022\\\/03\\\/02\\\/maria-eugenia-garcia-cuando-la-quimica-se-convierte-en-pasion\\\/#breadcrumb\",\"itemListElement\":[{\"@type\":\"ListItem\",\"position\":1,\"name\":\"Portada\",\"item\":\"https:\\\/\\\/www.eldiario.net\\\/portal\\\/\"},{\"@type\":\"ListItem\",\"position\":2,\"name\":\"Mar\u00eda Eugenia Garc\u00eda, cuando la qu\u00edmica se convierte en pasi\u00f3n\"}]},{\"@type\":\"WebSite\",\"@id\":\"https:\\\/\\\/www.eldiario.net\\\/portal\\\/#website\",\"url\":\"https:\\\/\\\/www.eldiario.net\\\/portal\\\/\",\"name\":\"El Diario - Decano de la prensa nacional\",\"description\":\"El Diario - Decano de la prensa nacional\",\"publisher\":{\"@id\":\"https:\\\/\\\/www.eldiario.net\\\/portal\\\/#organization\"},\"potentialAction\":[{\"@type\":\"SearchAction\",\"target\":{\"@type\":\"EntryPoint\",\"urlTemplate\":\"https:\\\/\\\/www.eldiario.net\\\/portal\\\/?s={search_term_string}\"},\"query-input\":{\"@type\":\"PropertyValueSpecification\",\"valueRequired\":true,\"valueName\":\"search_term_string\"}}],\"inLanguage\":\"es\"},{\"@type\":\"Organization\",\"@id\":\"https:\\\/\\\/www.eldiario.net\\\/portal\\\/#organization\",\"name\":\"El Diario - Decano de la prensa nacional\",\"url\":\"https:\\\/\\\/www.eldiario.net\\\/portal\\\/\",\"logo\":{\"@type\":\"ImageObject\",\"inLanguage\":\"es\",\"@id\":\"https:\\\/\\\/www.eldiario.net\\\/portal\\\/#\\\/schema\\\/logo\\\/image\\\/\",\"url\":\"https:\\\/\\\/www.eldiario.net\\\/portal\\\/wp-content\\\/uploads\\\/2023\\\/07\\\/logo_ED.jpg\",\"contentUrl\":\"https:\\\/\\\/www.eldiario.net\\\/portal\\\/wp-content\\\/uploads\\\/2023\\\/07\\\/logo_ED.jpg\",\"width\":272,\"height\":52,\"caption\":\"El Diario - Decano de la prensa nacional\"},\"image\":{\"@id\":\"https:\\\/\\\/www.eldiario.net\\\/portal\\\/#\\\/schema\\\/logo\\\/image\\\/\"},\"sameAs\":[\"https:\\\/\\\/www.facebook.com\\\/eldiario.bolivia\\\/\",\"https:\\\/\\\/x.com\\\/eldiario_net\"]},{\"@type\":\"Person\",\"@id\":\"https:\\\/\\\/www.eldiario.net\\\/portal\\\/#\\\/schema\\\/person\\\/f46445640444750d7d753ccd04ae01b7\",\"name\":\"Jeanette\",\"image\":{\"@type\":\"ImageObject\",\"inLanguage\":\"es\",\"@id\":\"https:\\\/\\\/secure.gravatar.com\\\/avatar\\\/3ea2118a5f7dad2b7138b1187a6b7ee55f160b9968b66013c3a3ef39dd7e5798?s=96&d=mm&r=g\",\"url\":\"https:\\\/\\\/secure.gravatar.com\\\/avatar\\\/3ea2118a5f7dad2b7138b1187a6b7ee55f160b9968b66013c3a3ef39dd7e5798?s=96&d=mm&r=g\",\"contentUrl\":\"https:\\\/\\\/secure.gravatar.com\\\/avatar\\\/3ea2118a5f7dad2b7138b1187a6b7ee55f160b9968b66013c3a3ef39dd7e5798?s=96&d=mm&r=g\",\"caption\":\"Jeanette\"},\"sameAs\":[\"https:\\\/\\\/www.eldiario.net\\\/portal\"],\"url\":\"https:\\\/\\\/www.eldiario.net\\\/portal\\\/author\\\/jeanette\\\/\"}]}<\/script>\n<!-- \/ Yoast SEO plugin. -->","yoast_head_json":{"title":"Mar\u00eda Eugenia Garc\u00eda, cuando la qu\u00edmica se convierte en pasi\u00f3n - El Diario - Bolivia","robots":{"index":"index","follow":"follow","max-snippet":"max-snippet:-1","max-image-preview":"max-image-preview:large","max-video-preview":"max-video-preview:-1"},"canonical":"https:\/\/www.eldiario.net\/portal\/2022\/03\/02\/maria-eugenia-garcia-cuando-la-quimica-se-convierte-en-pasion\/","og_locale":"es_ES","og_type":"article","og_title":"Mar\u00eda Eugenia Garc\u00eda, cuando la qu\u00edmica se convierte en pasi\u00f3n - El Diario - Bolivia","og_description":"La vida tiene momentos especiales, en el caso de Mar\u00eda Eugenia Garc\u00eda su primer contacto con la qu\u00edmica defini\u00f3 y marc\u00f3 su destino. Desde la escuela hasta el doctorado, pasando antes por el colegio y la universidad, esta rama de la ciencia la atrap\u00f3, de tal manera, que nada ni nadie impidi\u00f3 que llegara a [&hellip;]","og_url":"https:\/\/www.eldiario.net\/portal\/2022\/03\/02\/maria-eugenia-garcia-cuando-la-quimica-se-convierte-en-pasion\/","og_site_name":"El Diario - Bolivia","article_publisher":"https:\/\/www.facebook.com\/eldiario.bolivia\/","article_published_time":"2022-03-02T10:05:19+00:00","author":"Jeanette","twitter_card":"summary_large_image","twitter_creator":"@eldiario_net","twitter_site":"@eldiario_net","twitter_misc":{"Escrito por":"Jeanette","Tiempo de lectura":"6 minutos"},"schema":{"@context":"https:\/\/schema.org","@graph":[{"@type":"Article","@id":"https:\/\/www.eldiario.net\/portal\/2022\/03\/02\/maria-eugenia-garcia-cuando-la-quimica-se-convierte-en-pasion\/#article","isPartOf":{"@id":"https:\/\/www.eldiario.net\/portal\/2022\/03\/02\/maria-eugenia-garcia-cuando-la-quimica-se-convierte-en-pasion\/"},"author":{"name":"Jeanette","@id":"https:\/\/www.eldiario.net\/portal\/#\/schema\/person\/f46445640444750d7d753ccd04ae01b7"},"headline":"Mar\u00eda Eugenia Garc\u00eda, cuando la qu\u00edmica se convierte en pasi\u00f3n","datePublished":"2022-03-02T10:05:19+00:00","mainEntityOfPage":{"@id":"https:\/\/www.eldiario.net\/portal\/2022\/03\/02\/maria-eugenia-garcia-cuando-la-quimica-se-convierte-en-pasion\/"},"wordCount":1443,"publisher":{"@id":"https:\/\/www.eldiario.net\/portal\/#organization"},"image":{"@id":"https:\/\/www.eldiario.net\/portal\/2022\/03\/02\/maria-eugenia-garcia-cuando-la-quimica-se-convierte-en-pasion\/#primaryimage"},"thumbnailUrl":"","articleSection":["Femenina"],"inLanguage":"es"},{"@type":"WebPage","@id":"https:\/\/www.eldiario.net\/portal\/2022\/03\/02\/maria-eugenia-garcia-cuando-la-quimica-se-convierte-en-pasion\/","url":"https:\/\/www.eldiario.net\/portal\/2022\/03\/02\/maria-eugenia-garcia-cuando-la-quimica-se-convierte-en-pasion\/","name":"Mar\u00eda Eugenia Garc\u00eda, cuando la qu\u00edmica se convierte en pasi\u00f3n - El Diario - Bolivia","isPartOf":{"@id":"https:\/\/www.eldiario.net\/portal\/#website"},"primaryImageOfPage":{"@id":"https:\/\/www.eldiario.net\/portal\/2022\/03\/02\/maria-eugenia-garcia-cuando-la-quimica-se-convierte-en-pasion\/#primaryimage"},"image":{"@id":"https:\/\/www.eldiario.net\/portal\/2022\/03\/02\/maria-eugenia-garcia-cuando-la-quimica-se-convierte-en-pasion\/#primaryimage"},"thumbnailUrl":"","datePublished":"2022-03-02T10:05:19+00:00","breadcrumb":{"@id":"https:\/\/www.eldiario.net\/portal\/2022\/03\/02\/maria-eugenia-garcia-cuando-la-quimica-se-convierte-en-pasion\/#breadcrumb"},"inLanguage":"es","potentialAction":[{"@type":"ReadAction","target":["https:\/\/www.eldiario.net\/portal\/2022\/03\/02\/maria-eugenia-garcia-cuando-la-quimica-se-convierte-en-pasion\/"]}]},{"@type":"ImageObject","inLanguage":"es","@id":"https:\/\/www.eldiario.net\/portal\/2022\/03\/02\/maria-eugenia-garcia-cuando-la-quimica-se-convierte-en-pasion\/#primaryimage","url":"","contentUrl":""},{"@type":"BreadcrumbList","@id":"https:\/\/www.eldiario.net\/portal\/2022\/03\/02\/maria-eugenia-garcia-cuando-la-quimica-se-convierte-en-pasion\/#breadcrumb","itemListElement":[{"@type":"ListItem","position":1,"name":"Portada","item":"https:\/\/www.eldiario.net\/portal\/"},{"@type":"ListItem","position":2,"name":"Mar\u00eda Eugenia Garc\u00eda, cuando la qu\u00edmica se convierte en pasi\u00f3n"}]},{"@type":"WebSite","@id":"https:\/\/www.eldiario.net\/portal\/#website","url":"https:\/\/www.eldiario.net\/portal\/","name":"El Diario - Decano de la prensa nacional","description":"El Diario - Decano de la prensa nacional","publisher":{"@id":"https:\/\/www.eldiario.net\/portal\/#organization"},"potentialAction":[{"@type":"SearchAction","target":{"@type":"EntryPoint","urlTemplate":"https:\/\/www.eldiario.net\/portal\/?s={search_term_string}"},"query-input":{"@type":"PropertyValueSpecification","valueRequired":true,"valueName":"search_term_string"}}],"inLanguage":"es"},{"@type":"Organization","@id":"https:\/\/www.eldiario.net\/portal\/#organization","name":"El Diario - Decano de la prensa nacional","url":"https:\/\/www.eldiario.net\/portal\/","logo":{"@type":"ImageObject","inLanguage":"es","@id":"https:\/\/www.eldiario.net\/portal\/#\/schema\/logo\/image\/","url":"https:\/\/www.eldiario.net\/portal\/wp-content\/uploads\/2023\/07\/logo_ED.jpg","contentUrl":"https:\/\/www.eldiario.net\/portal\/wp-content\/uploads\/2023\/07\/logo_ED.jpg","width":272,"height":52,"caption":"El Diario - Decano de la prensa nacional"},"image":{"@id":"https:\/\/www.eldiario.net\/portal\/#\/schema\/logo\/image\/"},"sameAs":["https:\/\/www.facebook.com\/eldiario.bolivia\/","https:\/\/x.com\/eldiario_net"]},{"@type":"Person","@id":"https:\/\/www.eldiario.net\/portal\/#\/schema\/person\/f46445640444750d7d753ccd04ae01b7","name":"Jeanette","image":{"@type":"ImageObject","inLanguage":"es","@id":"https:\/\/secure.gravatar.com\/avatar\/3ea2118a5f7dad2b7138b1187a6b7ee55f160b9968b66013c3a3ef39dd7e5798?s=96&d=mm&r=g","url":"https:\/\/secure.gravatar.com\/avatar\/3ea2118a5f7dad2b7138b1187a6b7ee55f160b9968b66013c3a3ef39dd7e5798?s=96&d=mm&r=g","contentUrl":"https:\/\/secure.gravatar.com\/avatar\/3ea2118a5f7dad2b7138b1187a6b7ee55f160b9968b66013c3a3ef39dd7e5798?s=96&d=mm&r=g","caption":"Jeanette"},"sameAs":["https:\/\/www.eldiario.net\/portal"],"url":"https:\/\/www.eldiario.net\/portal\/author\/jeanette\/"}]}},"_links":{"self":[{"href":"https:\/\/www.eldiario.net\/portal\/wp-json\/wp\/v2\/posts\/66867","targetHints":{"allow":["GET"]}}],"collection":[{"href":"https:\/\/www.eldiario.net\/portal\/wp-json\/wp\/v2\/posts"}],"about":[{"href":"https:\/\/www.eldiario.net\/portal\/wp-json\/wp\/v2\/types\/post"}],"author":[{"embeddable":true,"href":"https:\/\/www.eldiario.net\/portal\/wp-json\/wp\/v2\/users\/1"}],"replies":[{"embeddable":true,"href":"https:\/\/www.eldiario.net\/portal\/wp-json\/wp\/v2\/comments?post=66867"}],"version-history":[{"count":0,"href":"https:\/\/www.eldiario.net\/portal\/wp-json\/wp\/v2\/posts\/66867\/revisions"}],"wp:attachment":[{"href":"https:\/\/www.eldiario.net\/portal\/wp-json\/wp\/v2\/media?parent=66867"}],"wp:term":[{"taxonomy":"category","embeddable":true,"href":"https:\/\/www.eldiario.net\/portal\/wp-json\/wp\/v2\/categories?post=66867"},{"taxonomy":"post_tag","embeddable":true,"href":"https:\/\/www.eldiario.net\/portal\/wp-json\/wp\/v2\/tags?post=66867"}],"curies":[{"name":"wp","href":"https:\/\/api.w.org\/{rel}","templated":true}]}}