{"id":66858,"date":"2022-03-02T06:01:59","date_gmt":"2022-03-02T10:01:59","guid":{"rendered":"https:\/\/www.eldiario.net\/portal\/?p=66858"},"modified":"2022-03-02T06:01:59","modified_gmt":"2022-03-02T10:01:59","slug":"el-chef-diego-alcantara-propone-innovar-en-lo-tradicional","status":"publish","type":"post","link":"https:\/\/www.eldiario.net\/portal\/2022\/03\/02\/el-chef-diego-alcantara-propone-innovar-en-lo-tradicional\/","title":{"rendered":"El chef Diego Alc\u00e1ntara propone innovar en lo tradicional"},"content":{"rendered":"<p>Tras 27 a\u00f1os de trabajo en diferentes pa\u00edses y con diversidad de estilos gastron\u00f3micos, llega a Santa Cruz de la Sierra el chef peruano Diego Alc\u00e1ntara para innovar los sabores de Los Tajibos.<\/p>\n<p>El desaf\u00edo del afamado creador culinario es cuidar la marca y la oferta de cada uno de los restaurantes de Los Tajibos Hotel, respetando su esencia y apostando por los ingredientes y aromas propios.<\/p>\n<p>\u201cPara Los Tajibos es importante la innovaci\u00f3n en todas las \u00e1reas, combinando nuestra tradicional hospitalidad con una oferta contempor\u00e1nea. Sin duda, Diego Alc\u00e1ntara, con su relevante experiencia internacional, dar\u00e1 el toque de renovaci\u00f3n a nuestros men\u00fas de La Terraza, Jard\u00edn de Asia y Piegari\u201d, asegura Samuel Doria Medina Monje, gerente General del hotel.<\/p>\n<p>Alc\u00e1ntara inici\u00f3 su carrera como chef corporativo del restaurante La Mar, del c\u00e9lebre chef Gast\u00f3n Acurio en Per\u00fa, para continuar por Italia y Espa\u00f1a, y retornar a Per\u00fa, donde particip\u00f3 en la puesta en marcha de marcas emblem\u00e1ticas del Grupo Acurio. Asimismo, fue parte del restaurante \u201cEl Bulli\u201d de Ferran Adri\u00e0, ganador de tres estrellas Michel\u00edn y considerado el mejor restaurante del mundo durante varios a\u00f1os.<\/p>\n<p><strong>Innovar, respetando las ra\u00edces<\/strong><\/p>\n<p>El nuevo chef de Los Tajibos propone una \u201ccocina sincera\u201d, que privilegia el sabor antes que la presentaci\u00f3n, poni\u00e9ndolas en una proporci\u00f3n de 70-30. \u201cSi un plato es bonito, pero no es rico, no es bueno\u201d, refiere. Para \u00e9l lo m\u00e1s importante \u201ces una cocina sencilla, rica y con sabor. Lo dem\u00e1s, son estilos; la cocina de autor ya la hac\u00eda mi abuela\u201d.<\/p>\n<p>Alc\u00e1ntara defiende as\u00ed lo tradicional, que refleja los sabores y aromas que \u201cactivan recuerdos y nos dan un sentido de felicidad\u201d. Por ello, su prioridad es conocer los productos de la regi\u00f3n, visitar los mercados e interactuar con el personal a su cargo, buscando as\u00ed innovar, pero respetando las ra\u00edces y la marca, que, en el caso de Los Tajibos, tambi\u00e9n constituye una tradici\u00f3n; por ejemplo, un fruto que ha despertado su inter\u00e9s es el achachair\u00fa, fruta t\u00edpica del oriente boliviano que ya est\u00e1 incorporando a sus creaciones.<\/p>\n<p>Se sabe que el chef no s\u00f3lo tiene expertise en prestigiosas cocinas, ya que tambi\u00e9n asesor\u00f3 restaurantes desde una mirada integral del negocio gastron\u00f3mico. Sin duda, es una excelente carta de presentaci\u00f3n que anticipa novedades para quienes visiten los restaurantes de Los Tajibos este 2022.<\/p>\n<p>&nbsp;<\/p>\n","protected":false},"excerpt":{"rendered":"<p>Tras 27 a\u00f1os de trabajo en diferentes pa\u00edses y con diversidad de estilos gastron\u00f3micos, llega a Santa Cruz de la Sierra el chef peruano Diego Alc\u00e1ntara para innovar los sabores de Los Tajibos. El desaf\u00edo del afamado creador culinario es cuidar la marca y la oferta de cada uno de los restaurantes de Los Tajibos [&hellip;]<\/p>\n","protected":false},"author":1,"featured_media":66859,"comment_status":"closed","ping_status":"closed","sticky":false,"template":"","format":"standard","meta":{"_acf_changed":false,"footnotes":""},"categories":[42],"tags":[],"class_list":["post-66858","post","type-post","status-publish","format-standard","has-post-thumbnail","category-femenina"],"acf":{"antetitulo":""},"yoast_head":"<!-- This site is optimized with the Yoast SEO plugin v28.3 - https:\/\/yoast.com\/product\/yoast-seo-wordpress\/ -->\n<title>El chef Diego Alc\u00e1ntara propone innovar en lo tradicional - El Diario - Bolivia<\/title>\n<meta name=\"robots\" content=\"index, follow, max-snippet:-1, max-image-preview:large, max-video-preview:-1\" \/>\n<link rel=\"canonical\" href=\"https:\/\/www.eldiario.net\/portal\/2022\/03\/02\/el-chef-diego-alcantara-propone-innovar-en-lo-tradicional\/\" \/>\n<meta property=\"og:locale\" content=\"es_ES\" \/>\n<meta property=\"og:type\" content=\"article\" \/>\n<meta property=\"og:title\" content=\"El chef Diego Alc\u00e1ntara propone innovar en lo tradicional - El Diario - Bolivia\" \/>\n<meta property=\"og:description\" content=\"Tras 27 a\u00f1os de trabajo en diferentes pa\u00edses y con diversidad de estilos gastron\u00f3micos, llega a Santa Cruz de la Sierra el chef peruano Diego Alc\u00e1ntara para innovar los sabores de Los Tajibos. El desaf\u00edo del afamado creador culinario es cuidar la marca y la oferta de cada uno de los restaurantes de Los Tajibos [&hellip;]\" \/>\n<meta property=\"og:url\" content=\"https:\/\/www.eldiario.net\/portal\/2022\/03\/02\/el-chef-diego-alcantara-propone-innovar-en-lo-tradicional\/\" \/>\n<meta property=\"og:site_name\" content=\"El Diario - Bolivia\" \/>\n<meta property=\"article:publisher\" content=\"https:\/\/www.facebook.com\/eldiario.bolivia\/\" \/>\n<meta property=\"article:published_time\" content=\"2022-03-02T10:01:59+00:00\" \/>\n<meta name=\"author\" content=\"Jeanette\" \/>\n<meta name=\"twitter:card\" content=\"summary_large_image\" \/>\n<meta name=\"twitter:creator\" content=\"@eldiario_net\" \/>\n<meta name=\"twitter:site\" content=\"@eldiario_net\" \/>\n<meta name=\"twitter:label1\" content=\"Escrito por\" \/>\n\t<meta name=\"twitter:data1\" content=\"Jeanette\" \/>\n\t<meta name=\"twitter:label2\" content=\"Tiempo de lectura\" \/>\n\t<meta name=\"twitter:data2\" content=\"2 minutos\" \/>\n<script type=\"application\/ld+json\" class=\"yoast-schema-graph\">{\"@context\":\"https:\\\/\\\/schema.org\",\"@graph\":[{\"@type\":\"Article\",\"@id\":\"https:\\\/\\\/www.eldiario.net\\\/portal\\\/2022\\\/03\\\/02\\\/el-chef-diego-alcantara-propone-innovar-en-lo-tradicional\\\/#article\",\"isPartOf\":{\"@id\":\"https:\\\/\\\/www.eldiario.net\\\/portal\\\/2022\\\/03\\\/02\\\/el-chef-diego-alcantara-propone-innovar-en-lo-tradicional\\\/\"},\"author\":{\"name\":\"Jeanette\",\"@id\":\"https:\\\/\\\/www.eldiario.net\\\/portal\\\/#\\\/schema\\\/person\\\/f46445640444750d7d753ccd04ae01b7\"},\"headline\":\"El chef Diego Alc\u00e1ntara propone innovar en lo tradicional\",\"datePublished\":\"2022-03-02T10:01:59+00:00\",\"mainEntityOfPage\":{\"@id\":\"https:\\\/\\\/www.eldiario.net\\\/portal\\\/2022\\\/03\\\/02\\\/el-chef-diego-alcantara-propone-innovar-en-lo-tradicional\\\/\"},\"wordCount\":431,\"publisher\":{\"@id\":\"https:\\\/\\\/www.eldiario.net\\\/portal\\\/#organization\"},\"image\":{\"@id\":\"https:\\\/\\\/www.eldiario.net\\\/portal\\\/2022\\\/03\\\/02\\\/el-chef-diego-alcantara-propone-innovar-en-lo-tradicional\\\/#primaryimage\"},\"thumbnailUrl\":\"\",\"articleSection\":[\"Femenina\"],\"inLanguage\":\"es\"},{\"@type\":\"WebPage\",\"@id\":\"https:\\\/\\\/www.eldiario.net\\\/portal\\\/2022\\\/03\\\/02\\\/el-chef-diego-alcantara-propone-innovar-en-lo-tradicional\\\/\",\"url\":\"https:\\\/\\\/www.eldiario.net\\\/portal\\\/2022\\\/03\\\/02\\\/el-chef-diego-alcantara-propone-innovar-en-lo-tradicional\\\/\",\"name\":\"El chef Diego Alc\u00e1ntara propone innovar en lo tradicional - El Diario - Bolivia\",\"isPartOf\":{\"@id\":\"https:\\\/\\\/www.eldiario.net\\\/portal\\\/#website\"},\"primaryImageOfPage\":{\"@id\":\"https:\\\/\\\/www.eldiario.net\\\/portal\\\/2022\\\/03\\\/02\\\/el-chef-diego-alcantara-propone-innovar-en-lo-tradicional\\\/#primaryimage\"},\"image\":{\"@id\":\"https:\\\/\\\/www.eldiario.net\\\/portal\\\/2022\\\/03\\\/02\\\/el-chef-diego-alcantara-propone-innovar-en-lo-tradicional\\\/#primaryimage\"},\"thumbnailUrl\":\"\",\"datePublished\":\"2022-03-02T10:01:59+00:00\",\"breadcrumb\":{\"@id\":\"https:\\\/\\\/www.eldiario.net\\\/portal\\\/2022\\\/03\\\/02\\\/el-chef-diego-alcantara-propone-innovar-en-lo-tradicional\\\/#breadcrumb\"},\"inLanguage\":\"es\",\"potentialAction\":[{\"@type\":\"ReadAction\",\"target\":[\"https:\\\/\\\/www.eldiario.net\\\/portal\\\/2022\\\/03\\\/02\\\/el-chef-diego-alcantara-propone-innovar-en-lo-tradicional\\\/\"]}]},{\"@type\":\"ImageObject\",\"inLanguage\":\"es\",\"@id\":\"https:\\\/\\\/www.eldiario.net\\\/portal\\\/2022\\\/03\\\/02\\\/el-chef-diego-alcantara-propone-innovar-en-lo-tradicional\\\/#primaryimage\",\"url\":\"\",\"contentUrl\":\"\"},{\"@type\":\"BreadcrumbList\",\"@id\":\"https:\\\/\\\/www.eldiario.net\\\/portal\\\/2022\\\/03\\\/02\\\/el-chef-diego-alcantara-propone-innovar-en-lo-tradicional\\\/#breadcrumb\",\"itemListElement\":[{\"@type\":\"ListItem\",\"position\":1,\"name\":\"Portada\",\"item\":\"https:\\\/\\\/www.eldiario.net\\\/portal\\\/\"},{\"@type\":\"ListItem\",\"position\":2,\"name\":\"El chef Diego Alc\u00e1ntara propone innovar en lo tradicional\"}]},{\"@type\":\"WebSite\",\"@id\":\"https:\\\/\\\/www.eldiario.net\\\/portal\\\/#website\",\"url\":\"https:\\\/\\\/www.eldiario.net\\\/portal\\\/\",\"name\":\"El Diario - Decano de la prensa nacional\",\"description\":\"El Diario - Decano de la prensa nacional\",\"publisher\":{\"@id\":\"https:\\\/\\\/www.eldiario.net\\\/portal\\\/#organization\"},\"potentialAction\":[{\"@type\":\"SearchAction\",\"target\":{\"@type\":\"EntryPoint\",\"urlTemplate\":\"https:\\\/\\\/www.eldiario.net\\\/portal\\\/?s={search_term_string}\"},\"query-input\":{\"@type\":\"PropertyValueSpecification\",\"valueRequired\":true,\"valueName\":\"search_term_string\"}}],\"inLanguage\":\"es\"},{\"@type\":\"Organization\",\"@id\":\"https:\\\/\\\/www.eldiario.net\\\/portal\\\/#organization\",\"name\":\"El Diario - Decano de la prensa nacional\",\"url\":\"https:\\\/\\\/www.eldiario.net\\\/portal\\\/\",\"logo\":{\"@type\":\"ImageObject\",\"inLanguage\":\"es\",\"@id\":\"https:\\\/\\\/www.eldiario.net\\\/portal\\\/#\\\/schema\\\/logo\\\/image\\\/\",\"url\":\"https:\\\/\\\/www.eldiario.net\\\/portal\\\/wp-content\\\/uploads\\\/2023\\\/07\\\/logo_ED.jpg\",\"contentUrl\":\"https:\\\/\\\/www.eldiario.net\\\/portal\\\/wp-content\\\/uploads\\\/2023\\\/07\\\/logo_ED.jpg\",\"width\":272,\"height\":52,\"caption\":\"El Diario - Decano de la prensa nacional\"},\"image\":{\"@id\":\"https:\\\/\\\/www.eldiario.net\\\/portal\\\/#\\\/schema\\\/logo\\\/image\\\/\"},\"sameAs\":[\"https:\\\/\\\/www.facebook.com\\\/eldiario.bolivia\\\/\",\"https:\\\/\\\/x.com\\\/eldiario_net\"]},{\"@type\":\"Person\",\"@id\":\"https:\\\/\\\/www.eldiario.net\\\/portal\\\/#\\\/schema\\\/person\\\/f46445640444750d7d753ccd04ae01b7\",\"name\":\"Jeanette\",\"image\":{\"@type\":\"ImageObject\",\"inLanguage\":\"es\",\"@id\":\"https:\\\/\\\/secure.gravatar.com\\\/avatar\\\/3ea2118a5f7dad2b7138b1187a6b7ee55f160b9968b66013c3a3ef39dd7e5798?s=96&d=mm&r=g\",\"url\":\"https:\\\/\\\/secure.gravatar.com\\\/avatar\\\/3ea2118a5f7dad2b7138b1187a6b7ee55f160b9968b66013c3a3ef39dd7e5798?s=96&d=mm&r=g\",\"contentUrl\":\"https:\\\/\\\/secure.gravatar.com\\\/avatar\\\/3ea2118a5f7dad2b7138b1187a6b7ee55f160b9968b66013c3a3ef39dd7e5798?s=96&d=mm&r=g\",\"caption\":\"Jeanette\"},\"sameAs\":[\"https:\\\/\\\/www.eldiario.net\\\/portal\"],\"url\":\"https:\\\/\\\/www.eldiario.net\\\/portal\\\/author\\\/jeanette\\\/\"}]}<\/script>\n<!-- \/ Yoast SEO plugin. -->","yoast_head_json":{"title":"El chef Diego Alc\u00e1ntara propone innovar en lo tradicional - El Diario - Bolivia","robots":{"index":"index","follow":"follow","max-snippet":"max-snippet:-1","max-image-preview":"max-image-preview:large","max-video-preview":"max-video-preview:-1"},"canonical":"https:\/\/www.eldiario.net\/portal\/2022\/03\/02\/el-chef-diego-alcantara-propone-innovar-en-lo-tradicional\/","og_locale":"es_ES","og_type":"article","og_title":"El chef Diego Alc\u00e1ntara propone innovar en lo tradicional - El Diario - Bolivia","og_description":"Tras 27 a\u00f1os de trabajo en diferentes pa\u00edses y con diversidad de estilos gastron\u00f3micos, llega a Santa Cruz de la Sierra el chef peruano Diego Alc\u00e1ntara para innovar los sabores de Los Tajibos. El desaf\u00edo del afamado creador culinario es cuidar la marca y la oferta de cada uno de los restaurantes de Los Tajibos [&hellip;]","og_url":"https:\/\/www.eldiario.net\/portal\/2022\/03\/02\/el-chef-diego-alcantara-propone-innovar-en-lo-tradicional\/","og_site_name":"El Diario - Bolivia","article_publisher":"https:\/\/www.facebook.com\/eldiario.bolivia\/","article_published_time":"2022-03-02T10:01:59+00:00","author":"Jeanette","twitter_card":"summary_large_image","twitter_creator":"@eldiario_net","twitter_site":"@eldiario_net","twitter_misc":{"Escrito por":"Jeanette","Tiempo de lectura":"2 minutos"},"schema":{"@context":"https:\/\/schema.org","@graph":[{"@type":"Article","@id":"https:\/\/www.eldiario.net\/portal\/2022\/03\/02\/el-chef-diego-alcantara-propone-innovar-en-lo-tradicional\/#article","isPartOf":{"@id":"https:\/\/www.eldiario.net\/portal\/2022\/03\/02\/el-chef-diego-alcantara-propone-innovar-en-lo-tradicional\/"},"author":{"name":"Jeanette","@id":"https:\/\/www.eldiario.net\/portal\/#\/schema\/person\/f46445640444750d7d753ccd04ae01b7"},"headline":"El chef Diego Alc\u00e1ntara propone innovar en lo tradicional","datePublished":"2022-03-02T10:01:59+00:00","mainEntityOfPage":{"@id":"https:\/\/www.eldiario.net\/portal\/2022\/03\/02\/el-chef-diego-alcantara-propone-innovar-en-lo-tradicional\/"},"wordCount":431,"publisher":{"@id":"https:\/\/www.eldiario.net\/portal\/#organization"},"image":{"@id":"https:\/\/www.eldiario.net\/portal\/2022\/03\/02\/el-chef-diego-alcantara-propone-innovar-en-lo-tradicional\/#primaryimage"},"thumbnailUrl":"","articleSection":["Femenina"],"inLanguage":"es"},{"@type":"WebPage","@id":"https:\/\/www.eldiario.net\/portal\/2022\/03\/02\/el-chef-diego-alcantara-propone-innovar-en-lo-tradicional\/","url":"https:\/\/www.eldiario.net\/portal\/2022\/03\/02\/el-chef-diego-alcantara-propone-innovar-en-lo-tradicional\/","name":"El chef Diego Alc\u00e1ntara propone innovar en lo tradicional - El Diario - Bolivia","isPartOf":{"@id":"https:\/\/www.eldiario.net\/portal\/#website"},"primaryImageOfPage":{"@id":"https:\/\/www.eldiario.net\/portal\/2022\/03\/02\/el-chef-diego-alcantara-propone-innovar-en-lo-tradicional\/#primaryimage"},"image":{"@id":"https:\/\/www.eldiario.net\/portal\/2022\/03\/02\/el-chef-diego-alcantara-propone-innovar-en-lo-tradicional\/#primaryimage"},"thumbnailUrl":"","datePublished":"2022-03-02T10:01:59+00:00","breadcrumb":{"@id":"https:\/\/www.eldiario.net\/portal\/2022\/03\/02\/el-chef-diego-alcantara-propone-innovar-en-lo-tradicional\/#breadcrumb"},"inLanguage":"es","potentialAction":[{"@type":"ReadAction","target":["https:\/\/www.eldiario.net\/portal\/2022\/03\/02\/el-chef-diego-alcantara-propone-innovar-en-lo-tradicional\/"]}]},{"@type":"ImageObject","inLanguage":"es","@id":"https:\/\/www.eldiario.net\/portal\/2022\/03\/02\/el-chef-diego-alcantara-propone-innovar-en-lo-tradicional\/#primaryimage","url":"","contentUrl":""},{"@type":"BreadcrumbList","@id":"https:\/\/www.eldiario.net\/portal\/2022\/03\/02\/el-chef-diego-alcantara-propone-innovar-en-lo-tradicional\/#breadcrumb","itemListElement":[{"@type":"ListItem","position":1,"name":"Portada","item":"https:\/\/www.eldiario.net\/portal\/"},{"@type":"ListItem","position":2,"name":"El chef Diego Alc\u00e1ntara propone innovar en lo tradicional"}]},{"@type":"WebSite","@id":"https:\/\/www.eldiario.net\/portal\/#website","url":"https:\/\/www.eldiario.net\/portal\/","name":"El Diario - Decano de la prensa nacional","description":"El Diario - Decano de la prensa nacional","publisher":{"@id":"https:\/\/www.eldiario.net\/portal\/#organization"},"potentialAction":[{"@type":"SearchAction","target":{"@type":"EntryPoint","urlTemplate":"https:\/\/www.eldiario.net\/portal\/?s={search_term_string}"},"query-input":{"@type":"PropertyValueSpecification","valueRequired":true,"valueName":"search_term_string"}}],"inLanguage":"es"},{"@type":"Organization","@id":"https:\/\/www.eldiario.net\/portal\/#organization","name":"El Diario - Decano de la prensa nacional","url":"https:\/\/www.eldiario.net\/portal\/","logo":{"@type":"ImageObject","inLanguage":"es","@id":"https:\/\/www.eldiario.net\/portal\/#\/schema\/logo\/image\/","url":"https:\/\/www.eldiario.net\/portal\/wp-content\/uploads\/2023\/07\/logo_ED.jpg","contentUrl":"https:\/\/www.eldiario.net\/portal\/wp-content\/uploads\/2023\/07\/logo_ED.jpg","width":272,"height":52,"caption":"El Diario - Decano de la prensa nacional"},"image":{"@id":"https:\/\/www.eldiario.net\/portal\/#\/schema\/logo\/image\/"},"sameAs":["https:\/\/www.facebook.com\/eldiario.bolivia\/","https:\/\/x.com\/eldiario_net"]},{"@type":"Person","@id":"https:\/\/www.eldiario.net\/portal\/#\/schema\/person\/f46445640444750d7d753ccd04ae01b7","name":"Jeanette","image":{"@type":"ImageObject","inLanguage":"es","@id":"https:\/\/secure.gravatar.com\/avatar\/3ea2118a5f7dad2b7138b1187a6b7ee55f160b9968b66013c3a3ef39dd7e5798?s=96&d=mm&r=g","url":"https:\/\/secure.gravatar.com\/avatar\/3ea2118a5f7dad2b7138b1187a6b7ee55f160b9968b66013c3a3ef39dd7e5798?s=96&d=mm&r=g","contentUrl":"https:\/\/secure.gravatar.com\/avatar\/3ea2118a5f7dad2b7138b1187a6b7ee55f160b9968b66013c3a3ef39dd7e5798?s=96&d=mm&r=g","caption":"Jeanette"},"sameAs":["https:\/\/www.eldiario.net\/portal"],"url":"https:\/\/www.eldiario.net\/portal\/author\/jeanette\/"}]}},"_links":{"self":[{"href":"https:\/\/www.eldiario.net\/portal\/wp-json\/wp\/v2\/posts\/66858","targetHints":{"allow":["GET"]}}],"collection":[{"href":"https:\/\/www.eldiario.net\/portal\/wp-json\/wp\/v2\/posts"}],"about":[{"href":"https:\/\/www.eldiario.net\/portal\/wp-json\/wp\/v2\/types\/post"}],"author":[{"embeddable":true,"href":"https:\/\/www.eldiario.net\/portal\/wp-json\/wp\/v2\/users\/1"}],"replies":[{"embeddable":true,"href":"https:\/\/www.eldiario.net\/portal\/wp-json\/wp\/v2\/comments?post=66858"}],"version-history":[{"count":0,"href":"https:\/\/www.eldiario.net\/portal\/wp-json\/wp\/v2\/posts\/66858\/revisions"}],"wp:attachment":[{"href":"https:\/\/www.eldiario.net\/portal\/wp-json\/wp\/v2\/media?parent=66858"}],"wp:term":[{"taxonomy":"category","embeddable":true,"href":"https:\/\/www.eldiario.net\/portal\/wp-json\/wp\/v2\/categories?post=66858"},{"taxonomy":"post_tag","embeddable":true,"href":"https:\/\/www.eldiario.net\/portal\/wp-json\/wp\/v2\/tags?post=66858"}],"curies":[{"name":"wp","href":"https:\/\/api.w.org\/{rel}","templated":true}]}}