{"id":66847,"date":"2022-03-02T05:55:09","date_gmt":"2022-03-02T09:55:09","guid":{"rendered":"https:\/\/www.eldiario.net\/portal\/?p=66847"},"modified":"2022-03-02T05:55:09","modified_gmt":"2022-03-02T09:55:09","slug":"rusia-inicia-fase-mas-agresiva-de-ataque-con-objetivo-de-tomar-kiev","status":"publish","type":"post","link":"https:\/\/www.eldiario.net\/portal\/2022\/03\/02\/rusia-inicia-fase-mas-agresiva-de-ataque-con-objetivo-de-tomar-kiev\/","title":{"rendered":"Rusia inicia fase m\u00e1s agresiva de  ataque con objetivo de tomar Kiev"},"content":{"rendered":"<p>Las tropas rusas iniciaron ayer una fase m\u00e1s agresiva en la invasi\u00f3n a Ucrania con bombardeos mucho m\u00e1s constantes sobre Kiev, mientras que hicieron volar una torre de televisi\u00f3n que interrumpi\u00f3 la transmisi\u00f3n. El ej\u00e9rcito de Rusia pidi\u00f3 a pobladores que viven cerca de las antenas abandonar sus casas.<br \/>\nMientras los ataques a la capital ucraniana son m\u00e1s constantes, un convoy militar ruso avanza hacia Kiev, donde se teme que en las siguientes horas se lleve adelante el asalto, seg\u00fan destacan agencias informativas internacionales.<br \/>\nUn misil ruso destruy\u00f3 ayer una torre desde donde se emit\u00eda la se\u00f1al de televisi\u00f3n, lo que cort\u00f3 la transmisi\u00f3n, seg\u00fan confirm\u00f3 el Ministerio del Interior ucraniano. Mientras tanto, \u201cEl ej\u00e9rcito ruso invit\u00f3 a todos los ciudadanos de la regi\u00f3n de Kiev que viven cerca de repetidoras de telecomunicaciones a dejar sus casas\u201d, refiri\u00f3 la agencia rusa Tass.<br \/>\nLos ataques rusos a torres hacen temer que se deje sin comunicaci\u00f3n a Ucrania, un aspecto que es temido por corresponsales que hacen la cobertura de la invasi\u00f3n rusa.<br \/>\nPor otra parte, caus\u00f3 m\u00e1s alarma en los ucranianos el anunci\u00f3 emitido por el Ministerio de Defensa de Rusia, en sentido de que invit\u00f3 a la poblaci\u00f3n a salir de Kiev, debido a que se iba a dar curso a bombardeos de alta precisi\u00f3n, destinados a destruir oficinas estatales.<br \/>\nLa salida de ucranianos de Kiev se lleva adelante tanto en autom\u00f3viles como en tren. La congesti\u00f3n vehicular se hizo m\u00e1s cr\u00edtica, debido a que miles de personas intentan salir de la capital de Ucrania.<br \/>\nLa Corte Internacional de Justicia (CIJ) inform\u00f3 que ha fijado para el lunes 7 y martes 8 de marzo, las audiencias respecto a la denuncia por genocidio que present\u00f3 Ucrania contra Rusia.<br \/>\nLas audiencias tendr\u00e1n como sede el Palacio de la Paz en La Haya, sin embargo, por la pandemia se desarrollar\u00e1n de manera h\u00edbrida, es decir, tanto virtual como presencial.<br \/>\nEn las audiencias se tratar\u00e1 la solicitud de Ucrania para que la CIJ establezca medidas provisionales que impidan mayores perjuicios a los derechos de los ucranianos. (Kiev, agencias)<\/p>\n","protected":false},"excerpt":{"rendered":"<p>Las tropas rusas iniciaron ayer una fase m\u00e1s agresiva en la invasi\u00f3n a Ucrania con bombardeos mucho m\u00e1s constantes sobre Kiev, mientras que hicieron volar una torre de televisi\u00f3n que interrumpi\u00f3 la transmisi\u00f3n. El ej\u00e9rcito de Rusia pidi\u00f3 a pobladores que viven cerca de las antenas abandonar sus casas. Mientras los ataques a la capital [&hellip;]<\/p>\n","protected":false},"author":1,"featured_media":66848,"comment_status":"closed","ping_status":"closed","sticky":false,"template":"","format":"standard","meta":{"_acf_changed":false,"footnotes":""},"categories":[17],"tags":[],"class_list":["post-66847","post","type-post","status-publish","format-standard","has-post-thumbnail","category-principal"],"acf":{"antetitulo":""},"yoast_head":"<!-- This site is optimized with the Yoast SEO plugin v28.3 - https:\/\/yoast.com\/product\/yoast-seo-wordpress\/ -->\n<title>Rusia inicia fase m\u00e1s agresiva de ataque con objetivo de tomar Kiev - El Diario - Bolivia<\/title>\n<meta name=\"robots\" content=\"index, follow, max-snippet:-1, max-image-preview:large, max-video-preview:-1\" \/>\n<link rel=\"canonical\" href=\"https:\/\/www.eldiario.net\/portal\/2022\/03\/02\/rusia-inicia-fase-mas-agresiva-de-ataque-con-objetivo-de-tomar-kiev\/\" \/>\n<meta property=\"og:locale\" content=\"es_ES\" \/>\n<meta property=\"og:type\" content=\"article\" \/>\n<meta property=\"og:title\" content=\"Rusia inicia fase m\u00e1s agresiva de ataque con objetivo de tomar Kiev - El Diario - Bolivia\" \/>\n<meta property=\"og:description\" content=\"Las tropas rusas iniciaron ayer una fase m\u00e1s agresiva en la invasi\u00f3n a Ucrania con bombardeos mucho m\u00e1s constantes sobre Kiev, mientras que hicieron volar una torre de televisi\u00f3n que interrumpi\u00f3 la transmisi\u00f3n. El ej\u00e9rcito de Rusia pidi\u00f3 a pobladores que viven cerca de las antenas abandonar sus casas. Mientras los ataques a la capital [&hellip;]\" \/>\n<meta property=\"og:url\" content=\"https:\/\/www.eldiario.net\/portal\/2022\/03\/02\/rusia-inicia-fase-mas-agresiva-de-ataque-con-objetivo-de-tomar-kiev\/\" \/>\n<meta property=\"og:site_name\" content=\"El Diario - Bolivia\" \/>\n<meta property=\"article:publisher\" content=\"https:\/\/www.facebook.com\/eldiario.bolivia\/\" \/>\n<meta property=\"article:published_time\" content=\"2022-03-02T09:55:09+00:00\" \/>\n<meta property=\"og:image\" content=\"https:\/\/www.eldiario.net\/portal\/wp-content\/uploads\/2022\/03\/P-1.jpg\" \/>\n\t<meta property=\"og:image:width\" content=\"1000\" \/>\n\t<meta property=\"og:image:height\" content=\"597\" \/>\n\t<meta property=\"og:image:type\" content=\"image\/jpeg\" \/>\n<meta name=\"author\" content=\"Jeanette\" \/>\n<meta name=\"twitter:card\" content=\"summary_large_image\" \/>\n<meta name=\"twitter:creator\" content=\"@eldiario_net\" \/>\n<meta name=\"twitter:site\" content=\"@eldiario_net\" \/>\n<meta name=\"twitter:label1\" content=\"Escrito por\" \/>\n\t<meta name=\"twitter:data1\" content=\"Jeanette\" \/>\n\t<meta name=\"twitter:label2\" content=\"Tiempo de lectura\" \/>\n\t<meta name=\"twitter:data2\" content=\"2 minutos\" \/>\n<script type=\"application\/ld+json\" class=\"yoast-schema-graph\">{\"@context\":\"https:\\\/\\\/schema.org\",\"@graph\":[{\"@type\":\"Article\",\"@id\":\"https:\\\/\\\/www.eldiario.net\\\/portal\\\/2022\\\/03\\\/02\\\/rusia-inicia-fase-mas-agresiva-de-ataque-con-objetivo-de-tomar-kiev\\\/#article\",\"isPartOf\":{\"@id\":\"https:\\\/\\\/www.eldiario.net\\\/portal\\\/2022\\\/03\\\/02\\\/rusia-inicia-fase-mas-agresiva-de-ataque-con-objetivo-de-tomar-kiev\\\/\"},\"author\":{\"name\":\"Jeanette\",\"@id\":\"https:\\\/\\\/www.eldiario.net\\\/portal\\\/#\\\/schema\\\/person\\\/f46445640444750d7d753ccd04ae01b7\"},\"headline\":\"Rusia inicia fase m\u00e1s agresiva de ataque con objetivo de tomar Kiev\",\"datePublished\":\"2022-03-02T09:55:09+00:00\",\"mainEntityOfPage\":{\"@id\":\"https:\\\/\\\/www.eldiario.net\\\/portal\\\/2022\\\/03\\\/02\\\/rusia-inicia-fase-mas-agresiva-de-ataque-con-objetivo-de-tomar-kiev\\\/\"},\"wordCount\":382,\"publisher\":{\"@id\":\"https:\\\/\\\/www.eldiario.net\\\/portal\\\/#organization\"},\"image\":{\"@id\":\"https:\\\/\\\/www.eldiario.net\\\/portal\\\/2022\\\/03\\\/02\\\/rusia-inicia-fase-mas-agresiva-de-ataque-con-objetivo-de-tomar-kiev\\\/#primaryimage\"},\"thumbnailUrl\":\"https:\\\/\\\/www.eldiario.net\\\/portal\\\/wp-content\\\/uploads\\\/2022\\\/03\\\/P-1.jpg\",\"articleSection\":[\"Principal\"],\"inLanguage\":\"es\"},{\"@type\":\"WebPage\",\"@id\":\"https:\\\/\\\/www.eldiario.net\\\/portal\\\/2022\\\/03\\\/02\\\/rusia-inicia-fase-mas-agresiva-de-ataque-con-objetivo-de-tomar-kiev\\\/\",\"url\":\"https:\\\/\\\/www.eldiario.net\\\/portal\\\/2022\\\/03\\\/02\\\/rusia-inicia-fase-mas-agresiva-de-ataque-con-objetivo-de-tomar-kiev\\\/\",\"name\":\"Rusia inicia fase m\u00e1s agresiva de ataque con objetivo de tomar Kiev - El Diario - Bolivia\",\"isPartOf\":{\"@id\":\"https:\\\/\\\/www.eldiario.net\\\/portal\\\/#website\"},\"primaryImageOfPage\":{\"@id\":\"https:\\\/\\\/www.eldiario.net\\\/portal\\\/2022\\\/03\\\/02\\\/rusia-inicia-fase-mas-agresiva-de-ataque-con-objetivo-de-tomar-kiev\\\/#primaryimage\"},\"image\":{\"@id\":\"https:\\\/\\\/www.eldiario.net\\\/portal\\\/2022\\\/03\\\/02\\\/rusia-inicia-fase-mas-agresiva-de-ataque-con-objetivo-de-tomar-kiev\\\/#primaryimage\"},\"thumbnailUrl\":\"https:\\\/\\\/www.eldiario.net\\\/portal\\\/wp-content\\\/uploads\\\/2022\\\/03\\\/P-1.jpg\",\"datePublished\":\"2022-03-02T09:55:09+00:00\",\"breadcrumb\":{\"@id\":\"https:\\\/\\\/www.eldiario.net\\\/portal\\\/2022\\\/03\\\/02\\\/rusia-inicia-fase-mas-agresiva-de-ataque-con-objetivo-de-tomar-kiev\\\/#breadcrumb\"},\"inLanguage\":\"es\",\"potentialAction\":[{\"@type\":\"ReadAction\",\"target\":[\"https:\\\/\\\/www.eldiario.net\\\/portal\\\/2022\\\/03\\\/02\\\/rusia-inicia-fase-mas-agresiva-de-ataque-con-objetivo-de-tomar-kiev\\\/\"]}]},{\"@type\":\"ImageObject\",\"inLanguage\":\"es\",\"@id\":\"https:\\\/\\\/www.eldiario.net\\\/portal\\\/2022\\\/03\\\/02\\\/rusia-inicia-fase-mas-agresiva-de-ataque-con-objetivo-de-tomar-kiev\\\/#primaryimage\",\"url\":\"https:\\\/\\\/www.eldiario.net\\\/portal\\\/wp-content\\\/uploads\\\/2022\\\/03\\\/P-1.jpg\",\"contentUrl\":\"https:\\\/\\\/www.eldiario.net\\\/portal\\\/wp-content\\\/uploads\\\/2022\\\/03\\\/P-1.jpg\",\"width\":1000,\"height\":597,\"caption\":\"LA INFOGRAF\u00cdA MUESTRA LOS ATAQUES RUSOS SOBRE UCRANIA EFECTUADOS AYER. EUROPAPRESS\"},{\"@type\":\"BreadcrumbList\",\"@id\":\"https:\\\/\\\/www.eldiario.net\\\/portal\\\/2022\\\/03\\\/02\\\/rusia-inicia-fase-mas-agresiva-de-ataque-con-objetivo-de-tomar-kiev\\\/#breadcrumb\",\"itemListElement\":[{\"@type\":\"ListItem\",\"position\":1,\"name\":\"Portada\",\"item\":\"https:\\\/\\\/www.eldiario.net\\\/portal\\\/\"},{\"@type\":\"ListItem\",\"position\":2,\"name\":\"Rusia inicia fase m\u00e1s agresiva de ataque con objetivo de tomar Kiev\"}]},{\"@type\":\"WebSite\",\"@id\":\"https:\\\/\\\/www.eldiario.net\\\/portal\\\/#website\",\"url\":\"https:\\\/\\\/www.eldiario.net\\\/portal\\\/\",\"name\":\"El Diario - Decano de la prensa nacional\",\"description\":\"El Diario - Decano de la prensa nacional\",\"publisher\":{\"@id\":\"https:\\\/\\\/www.eldiario.net\\\/portal\\\/#organization\"},\"potentialAction\":[{\"@type\":\"SearchAction\",\"target\":{\"@type\":\"EntryPoint\",\"urlTemplate\":\"https:\\\/\\\/www.eldiario.net\\\/portal\\\/?s={search_term_string}\"},\"query-input\":{\"@type\":\"PropertyValueSpecification\",\"valueRequired\":true,\"valueName\":\"search_term_string\"}}],\"inLanguage\":\"es\"},{\"@type\":\"Organization\",\"@id\":\"https:\\\/\\\/www.eldiario.net\\\/portal\\\/#organization\",\"name\":\"El Diario - Decano de la prensa nacional\",\"url\":\"https:\\\/\\\/www.eldiario.net\\\/portal\\\/\",\"logo\":{\"@type\":\"ImageObject\",\"inLanguage\":\"es\",\"@id\":\"https:\\\/\\\/www.eldiario.net\\\/portal\\\/#\\\/schema\\\/logo\\\/image\\\/\",\"url\":\"https:\\\/\\\/www.eldiario.net\\\/portal\\\/wp-content\\\/uploads\\\/2023\\\/07\\\/logo_ED.jpg\",\"contentUrl\":\"https:\\\/\\\/www.eldiario.net\\\/portal\\\/wp-content\\\/uploads\\\/2023\\\/07\\\/logo_ED.jpg\",\"width\":272,\"height\":52,\"caption\":\"El Diario - Decano de la prensa nacional\"},\"image\":{\"@id\":\"https:\\\/\\\/www.eldiario.net\\\/portal\\\/#\\\/schema\\\/logo\\\/image\\\/\"},\"sameAs\":[\"https:\\\/\\\/www.facebook.com\\\/eldiario.bolivia\\\/\",\"https:\\\/\\\/x.com\\\/eldiario_net\"]},{\"@type\":\"Person\",\"@id\":\"https:\\\/\\\/www.eldiario.net\\\/portal\\\/#\\\/schema\\\/person\\\/f46445640444750d7d753ccd04ae01b7\",\"name\":\"Jeanette\",\"image\":{\"@type\":\"ImageObject\",\"inLanguage\":\"es\",\"@id\":\"https:\\\/\\\/secure.gravatar.com\\\/avatar\\\/3ea2118a5f7dad2b7138b1187a6b7ee55f160b9968b66013c3a3ef39dd7e5798?s=96&d=mm&r=g\",\"url\":\"https:\\\/\\\/secure.gravatar.com\\\/avatar\\\/3ea2118a5f7dad2b7138b1187a6b7ee55f160b9968b66013c3a3ef39dd7e5798?s=96&d=mm&r=g\",\"contentUrl\":\"https:\\\/\\\/secure.gravatar.com\\\/avatar\\\/3ea2118a5f7dad2b7138b1187a6b7ee55f160b9968b66013c3a3ef39dd7e5798?s=96&d=mm&r=g\",\"caption\":\"Jeanette\"},\"sameAs\":[\"https:\\\/\\\/www.eldiario.net\\\/portal\"],\"url\":\"https:\\\/\\\/www.eldiario.net\\\/portal\\\/author\\\/jeanette\\\/\"}]}<\/script>\n<!-- \/ Yoast SEO plugin. -->","yoast_head_json":{"title":"Rusia inicia fase m\u00e1s agresiva de ataque con objetivo de tomar Kiev - El Diario - Bolivia","robots":{"index":"index","follow":"follow","max-snippet":"max-snippet:-1","max-image-preview":"max-image-preview:large","max-video-preview":"max-video-preview:-1"},"canonical":"https:\/\/www.eldiario.net\/portal\/2022\/03\/02\/rusia-inicia-fase-mas-agresiva-de-ataque-con-objetivo-de-tomar-kiev\/","og_locale":"es_ES","og_type":"article","og_title":"Rusia inicia fase m\u00e1s agresiva de ataque con objetivo de tomar Kiev - El Diario - Bolivia","og_description":"Las tropas rusas iniciaron ayer una fase m\u00e1s agresiva en la invasi\u00f3n a Ucrania con bombardeos mucho m\u00e1s constantes sobre Kiev, mientras que hicieron volar una torre de televisi\u00f3n que interrumpi\u00f3 la transmisi\u00f3n. El ej\u00e9rcito de Rusia pidi\u00f3 a pobladores que viven cerca de las antenas abandonar sus casas. Mientras los ataques a la capital [&hellip;]","og_url":"https:\/\/www.eldiario.net\/portal\/2022\/03\/02\/rusia-inicia-fase-mas-agresiva-de-ataque-con-objetivo-de-tomar-kiev\/","og_site_name":"El Diario - Bolivia","article_publisher":"https:\/\/www.facebook.com\/eldiario.bolivia\/","article_published_time":"2022-03-02T09:55:09+00:00","og_image":[{"width":1000,"height":597,"url":"https:\/\/www.eldiario.net\/portal\/wp-content\/uploads\/2022\/03\/P-1.jpg","type":"image\/jpeg"}],"author":"Jeanette","twitter_card":"summary_large_image","twitter_creator":"@eldiario_net","twitter_site":"@eldiario_net","twitter_misc":{"Escrito por":"Jeanette","Tiempo de lectura":"2 minutos"},"schema":{"@context":"https:\/\/schema.org","@graph":[{"@type":"Article","@id":"https:\/\/www.eldiario.net\/portal\/2022\/03\/02\/rusia-inicia-fase-mas-agresiva-de-ataque-con-objetivo-de-tomar-kiev\/#article","isPartOf":{"@id":"https:\/\/www.eldiario.net\/portal\/2022\/03\/02\/rusia-inicia-fase-mas-agresiva-de-ataque-con-objetivo-de-tomar-kiev\/"},"author":{"name":"Jeanette","@id":"https:\/\/www.eldiario.net\/portal\/#\/schema\/person\/f46445640444750d7d753ccd04ae01b7"},"headline":"Rusia inicia fase m\u00e1s agresiva de ataque con objetivo de tomar Kiev","datePublished":"2022-03-02T09:55:09+00:00","mainEntityOfPage":{"@id":"https:\/\/www.eldiario.net\/portal\/2022\/03\/02\/rusia-inicia-fase-mas-agresiva-de-ataque-con-objetivo-de-tomar-kiev\/"},"wordCount":382,"publisher":{"@id":"https:\/\/www.eldiario.net\/portal\/#organization"},"image":{"@id":"https:\/\/www.eldiario.net\/portal\/2022\/03\/02\/rusia-inicia-fase-mas-agresiva-de-ataque-con-objetivo-de-tomar-kiev\/#primaryimage"},"thumbnailUrl":"https:\/\/www.eldiario.net\/portal\/wp-content\/uploads\/2022\/03\/P-1.jpg","articleSection":["Principal"],"inLanguage":"es"},{"@type":"WebPage","@id":"https:\/\/www.eldiario.net\/portal\/2022\/03\/02\/rusia-inicia-fase-mas-agresiva-de-ataque-con-objetivo-de-tomar-kiev\/","url":"https:\/\/www.eldiario.net\/portal\/2022\/03\/02\/rusia-inicia-fase-mas-agresiva-de-ataque-con-objetivo-de-tomar-kiev\/","name":"Rusia inicia fase m\u00e1s agresiva de ataque con objetivo de tomar Kiev - El Diario - Bolivia","isPartOf":{"@id":"https:\/\/www.eldiario.net\/portal\/#website"},"primaryImageOfPage":{"@id":"https:\/\/www.eldiario.net\/portal\/2022\/03\/02\/rusia-inicia-fase-mas-agresiva-de-ataque-con-objetivo-de-tomar-kiev\/#primaryimage"},"image":{"@id":"https:\/\/www.eldiario.net\/portal\/2022\/03\/02\/rusia-inicia-fase-mas-agresiva-de-ataque-con-objetivo-de-tomar-kiev\/#primaryimage"},"thumbnailUrl":"https:\/\/www.eldiario.net\/portal\/wp-content\/uploads\/2022\/03\/P-1.jpg","datePublished":"2022-03-02T09:55:09+00:00","breadcrumb":{"@id":"https:\/\/www.eldiario.net\/portal\/2022\/03\/02\/rusia-inicia-fase-mas-agresiva-de-ataque-con-objetivo-de-tomar-kiev\/#breadcrumb"},"inLanguage":"es","potentialAction":[{"@type":"ReadAction","target":["https:\/\/www.eldiario.net\/portal\/2022\/03\/02\/rusia-inicia-fase-mas-agresiva-de-ataque-con-objetivo-de-tomar-kiev\/"]}]},{"@type":"ImageObject","inLanguage":"es","@id":"https:\/\/www.eldiario.net\/portal\/2022\/03\/02\/rusia-inicia-fase-mas-agresiva-de-ataque-con-objetivo-de-tomar-kiev\/#primaryimage","url":"https:\/\/www.eldiario.net\/portal\/wp-content\/uploads\/2022\/03\/P-1.jpg","contentUrl":"https:\/\/www.eldiario.net\/portal\/wp-content\/uploads\/2022\/03\/P-1.jpg","width":1000,"height":597,"caption":"LA INFOGRAF\u00cdA MUESTRA LOS ATAQUES RUSOS SOBRE UCRANIA EFECTUADOS AYER. EUROPAPRESS"},{"@type":"BreadcrumbList","@id":"https:\/\/www.eldiario.net\/portal\/2022\/03\/02\/rusia-inicia-fase-mas-agresiva-de-ataque-con-objetivo-de-tomar-kiev\/#breadcrumb","itemListElement":[{"@type":"ListItem","position":1,"name":"Portada","item":"https:\/\/www.eldiario.net\/portal\/"},{"@type":"ListItem","position":2,"name":"Rusia inicia fase m\u00e1s agresiva de ataque con objetivo de tomar Kiev"}]},{"@type":"WebSite","@id":"https:\/\/www.eldiario.net\/portal\/#website","url":"https:\/\/www.eldiario.net\/portal\/","name":"El Diario - Decano de la prensa nacional","description":"El Diario - Decano de la prensa nacional","publisher":{"@id":"https:\/\/www.eldiario.net\/portal\/#organization"},"potentialAction":[{"@type":"SearchAction","target":{"@type":"EntryPoint","urlTemplate":"https:\/\/www.eldiario.net\/portal\/?s={search_term_string}"},"query-input":{"@type":"PropertyValueSpecification","valueRequired":true,"valueName":"search_term_string"}}],"inLanguage":"es"},{"@type":"Organization","@id":"https:\/\/www.eldiario.net\/portal\/#organization","name":"El Diario - Decano de la prensa nacional","url":"https:\/\/www.eldiario.net\/portal\/","logo":{"@type":"ImageObject","inLanguage":"es","@id":"https:\/\/www.eldiario.net\/portal\/#\/schema\/logo\/image\/","url":"https:\/\/www.eldiario.net\/portal\/wp-content\/uploads\/2023\/07\/logo_ED.jpg","contentUrl":"https:\/\/www.eldiario.net\/portal\/wp-content\/uploads\/2023\/07\/logo_ED.jpg","width":272,"height":52,"caption":"El Diario - Decano de la prensa nacional"},"image":{"@id":"https:\/\/www.eldiario.net\/portal\/#\/schema\/logo\/image\/"},"sameAs":["https:\/\/www.facebook.com\/eldiario.bolivia\/","https:\/\/x.com\/eldiario_net"]},{"@type":"Person","@id":"https:\/\/www.eldiario.net\/portal\/#\/schema\/person\/f46445640444750d7d753ccd04ae01b7","name":"Jeanette","image":{"@type":"ImageObject","inLanguage":"es","@id":"https:\/\/secure.gravatar.com\/avatar\/3ea2118a5f7dad2b7138b1187a6b7ee55f160b9968b66013c3a3ef39dd7e5798?s=96&d=mm&r=g","url":"https:\/\/secure.gravatar.com\/avatar\/3ea2118a5f7dad2b7138b1187a6b7ee55f160b9968b66013c3a3ef39dd7e5798?s=96&d=mm&r=g","contentUrl":"https:\/\/secure.gravatar.com\/avatar\/3ea2118a5f7dad2b7138b1187a6b7ee55f160b9968b66013c3a3ef39dd7e5798?s=96&d=mm&r=g","caption":"Jeanette"},"sameAs":["https:\/\/www.eldiario.net\/portal"],"url":"https:\/\/www.eldiario.net\/portal\/author\/jeanette\/"}]}},"_links":{"self":[{"href":"https:\/\/www.eldiario.net\/portal\/wp-json\/wp\/v2\/posts\/66847","targetHints":{"allow":["GET"]}}],"collection":[{"href":"https:\/\/www.eldiario.net\/portal\/wp-json\/wp\/v2\/posts"}],"about":[{"href":"https:\/\/www.eldiario.net\/portal\/wp-json\/wp\/v2\/types\/post"}],"author":[{"embeddable":true,"href":"https:\/\/www.eldiario.net\/portal\/wp-json\/wp\/v2\/users\/1"}],"replies":[{"embeddable":true,"href":"https:\/\/www.eldiario.net\/portal\/wp-json\/wp\/v2\/comments?post=66847"}],"version-history":[{"count":0,"href":"https:\/\/www.eldiario.net\/portal\/wp-json\/wp\/v2\/posts\/66847\/revisions"}],"wp:featuredmedia":[{"embeddable":true,"href":"https:\/\/www.eldiario.net\/portal\/wp-json\/wp\/v2\/media\/66848"}],"wp:attachment":[{"href":"https:\/\/www.eldiario.net\/portal\/wp-json\/wp\/v2\/media?parent=66847"}],"wp:term":[{"taxonomy":"category","embeddable":true,"href":"https:\/\/www.eldiario.net\/portal\/wp-json\/wp\/v2\/categories?post=66847"},{"taxonomy":"post_tag","embeddable":true,"href":"https:\/\/www.eldiario.net\/portal\/wp-json\/wp\/v2\/tags?post=66847"}],"curies":[{"name":"wp","href":"https:\/\/api.w.org\/{rel}","templated":true}]}}