{"id":66827,"date":"2022-03-02T05:47:03","date_gmt":"2022-03-02T09:47:03","guid":{"rendered":"https:\/\/www.eldiario.net\/portal\/?p=66827"},"modified":"2022-03-02T05:47:03","modified_gmt":"2022-03-02T09:47:03","slug":"es-urgente-cuidar-caminos-y-carreteras","status":"publish","type":"post","link":"https:\/\/www.eldiario.net\/portal\/2022\/03\/02\/es-urgente-cuidar-caminos-y-carreteras\/","title":{"rendered":"Es urgente cuidar caminos y carreteras"},"content":{"rendered":"<p><em><span class=\"dropcap \" style=\"background-color: #ffffff; color: #000000; border-color: #ffffff;\">L<\/span>a infraestructura caminera en el pa\u00eds es preocupaci\u00f3n constante de la colectividad porque se ha tomado conciencia de que caminos y carreteras son las venas y arterias de vinculaci\u00f3n e integraci\u00f3n, son los mejores v\u00ednculos que unen a provincias y departamentos, resultan primordiales para el transporte de alimentos y para el traslado de productos nacionales, sean minerales o vegetales, que el pa\u00eds necesita que lleguen a los mercados. <\/em><br \/>\n<em>Son pocos los Gobiernos que han mostrado preocupaci\u00f3n por mantener expeditos los caminos existentes en las cordilleras y poco o nada se hizo por abrir nuevas carreteras, debidamente asfaltadas, que unan a los departamentos, porque las posibilidades financieras del pa\u00eds no siempre han permitido que sean concretados planes prioritarios de atenci\u00f3n a un rubro que es tan importante para lograr el desarrollo y, luego, el progreso nacional. <\/em><br \/>\n<em>No destinar a ello buena parte de los ingresos financieros extraordinarios que tuvo el pa\u00eds por los altos precios del gas es irresponsable, porque ha sido la oportunidad para ampliar la red de carreteras y abrir nuevos caminos. Ha sido la mejor oportunidad que tuvo el pa\u00eds, sin embargo, se prefiri\u00f3 hacer gastos ostentosos y festinatorios, antes de dar la debida importancia a obras de infraestructura, como construcci\u00f3n de hospitales y atenci\u00f3n prioritaria a carreteras que demandan permanente atenci\u00f3n, as\u00ed como abrir nuevos caminos de conexi\u00f3n interprovinciales que el pa\u00eds requiere con mucha urgencia. Que han sido construidas nuevas v\u00edas en casi trece a\u00f1os de gobierno, es evidente, pero generalmente se trata de obras que no han sido realizadas con eficiencia y capacidad para atender muchos a\u00f1os; son realizaciones improvisadas, provisionales; menos se ha hecho por las antiguas carreteras que requieren permanente atenci\u00f3n. <\/em><br \/>\n<em>Carreteras y caminos son las venas territoriales en cualquier pa\u00eds; su buena construcci\u00f3n y debido mantenimiento son espejos de lo que hagan los Gobiernos. Y la anexi\u00f3n de cada nueva v\u00eda implicar\u00eda demostrar que el pa\u00eds evidentemente est\u00e1 en proceso de crecimiento, hasta concluir con su respectiva conversi\u00f3n en carretera debidamente asfaltada y con todos los adelantos de la tecnolog\u00eda que las autoridades de caminos conocen y saben c\u00f3mo utilizarla.<\/em><\/p>\n","protected":false},"excerpt":{"rendered":"<p>La infraestructura caminera en el pa\u00eds es preocupaci\u00f3n constante de la colectividad porque se ha tomado conciencia de que caminos y carreteras son las venas y arterias de vinculaci\u00f3n e integraci\u00f3n, son los mejores v\u00ednculos que unen a provincias y departamentos, resultan primordiales para el transporte de alimentos y para el traslado de productos nacionales, [&hellip;]<\/p>\n","protected":false},"author":1,"featured_media":0,"comment_status":"closed","ping_status":"closed","sticky":false,"template":"","format":"standard","meta":{"_acf_changed":false,"footnotes":""},"categories":[4],"tags":[],"class_list":["post-66827","post","type-post","status-publish","format-standard","category-editorial"],"acf":{"antetitulo":""},"yoast_head":"<!-- This site is optimized with the Yoast SEO plugin v28.4 - https:\/\/yoast.com\/product\/yoast-seo-wordpress\/ -->\n<title>Es urgente cuidar caminos y carreteras - El Diario - Bolivia<\/title>\n<meta name=\"robots\" content=\"index, follow, max-snippet:-1, max-image-preview:large, max-video-preview:-1\" \/>\n<link rel=\"canonical\" href=\"https:\/\/www.eldiario.net\/portal\/2022\/03\/02\/es-urgente-cuidar-caminos-y-carreteras\/\" \/>\n<meta property=\"og:locale\" content=\"es_ES\" \/>\n<meta property=\"og:type\" content=\"article\" \/>\n<meta property=\"og:title\" content=\"Es urgente cuidar caminos y carreteras - El Diario - Bolivia\" \/>\n<meta property=\"og:description\" content=\"La infraestructura caminera en el pa\u00eds es preocupaci\u00f3n constante de la colectividad porque se ha tomado conciencia de que caminos y carreteras son las venas y arterias de vinculaci\u00f3n e integraci\u00f3n, son los mejores v\u00ednculos que unen a provincias y departamentos, resultan primordiales para el transporte de alimentos y para el traslado de productos nacionales, [&hellip;]\" \/>\n<meta property=\"og:url\" content=\"https:\/\/www.eldiario.net\/portal\/2022\/03\/02\/es-urgente-cuidar-caminos-y-carreteras\/\" \/>\n<meta property=\"og:site_name\" content=\"El Diario - Bolivia\" \/>\n<meta property=\"article:publisher\" content=\"https:\/\/www.facebook.com\/eldiario.bolivia\/\" \/>\n<meta property=\"article:published_time\" content=\"2022-03-02T09:47:03+00:00\" \/>\n<meta name=\"author\" content=\"Jeanette\" \/>\n<meta name=\"twitter:card\" content=\"summary_large_image\" \/>\n<meta name=\"twitter:creator\" content=\"@eldiario_net\" \/>\n<meta name=\"twitter:site\" content=\"@eldiario_net\" \/>\n<meta name=\"twitter:label1\" content=\"Escrito por\" \/>\n\t<meta name=\"twitter:data1\" content=\"Jeanette\" \/>\n\t<meta name=\"twitter:label2\" content=\"Tiempo de lectura\" \/>\n\t<meta name=\"twitter:data2\" content=\"2 minutos\" \/>\n<script type=\"application\/ld+json\" class=\"yoast-schema-graph\">{\"@context\":\"https:\\\/\\\/schema.org\",\"@graph\":[{\"@type\":\"Article\",\"@id\":\"https:\\\/\\\/www.eldiario.net\\\/portal\\\/2022\\\/03\\\/02\\\/es-urgente-cuidar-caminos-y-carreteras\\\/#article\",\"isPartOf\":{\"@id\":\"https:\\\/\\\/www.eldiario.net\\\/portal\\\/2022\\\/03\\\/02\\\/es-urgente-cuidar-caminos-y-carreteras\\\/\"},\"author\":{\"name\":\"Jeanette\",\"@id\":\"https:\\\/\\\/www.eldiario.net\\\/portal\\\/#\\\/schema\\\/person\\\/f46445640444750d7d753ccd04ae01b7\"},\"headline\":\"Es urgente cuidar caminos y carreteras\",\"datePublished\":\"2022-03-02T09:47:03+00:00\",\"mainEntityOfPage\":{\"@id\":\"https:\\\/\\\/www.eldiario.net\\\/portal\\\/2022\\\/03\\\/02\\\/es-urgente-cuidar-caminos-y-carreteras\\\/\"},\"wordCount\":383,\"publisher\":{\"@id\":\"https:\\\/\\\/www.eldiario.net\\\/portal\\\/#organization\"},\"articleSection\":[\"Editorial\"],\"inLanguage\":\"es\"},{\"@type\":\"WebPage\",\"@id\":\"https:\\\/\\\/www.eldiario.net\\\/portal\\\/2022\\\/03\\\/02\\\/es-urgente-cuidar-caminos-y-carreteras\\\/\",\"url\":\"https:\\\/\\\/www.eldiario.net\\\/portal\\\/2022\\\/03\\\/02\\\/es-urgente-cuidar-caminos-y-carreteras\\\/\",\"name\":\"Es urgente cuidar caminos y carreteras - El Diario - Bolivia\",\"isPartOf\":{\"@id\":\"https:\\\/\\\/www.eldiario.net\\\/portal\\\/#website\"},\"datePublished\":\"2022-03-02T09:47:03+00:00\",\"breadcrumb\":{\"@id\":\"https:\\\/\\\/www.eldiario.net\\\/portal\\\/2022\\\/03\\\/02\\\/es-urgente-cuidar-caminos-y-carreteras\\\/#breadcrumb\"},\"inLanguage\":\"es\",\"potentialAction\":[{\"@type\":\"ReadAction\",\"target\":[\"https:\\\/\\\/www.eldiario.net\\\/portal\\\/2022\\\/03\\\/02\\\/es-urgente-cuidar-caminos-y-carreteras\\\/\"]}]},{\"@type\":\"BreadcrumbList\",\"@id\":\"https:\\\/\\\/www.eldiario.net\\\/portal\\\/2022\\\/03\\\/02\\\/es-urgente-cuidar-caminos-y-carreteras\\\/#breadcrumb\",\"itemListElement\":[{\"@type\":\"ListItem\",\"position\":1,\"name\":\"Portada\",\"item\":\"https:\\\/\\\/www.eldiario.net\\\/portal\\\/\"},{\"@type\":\"ListItem\",\"position\":2,\"name\":\"Es urgente cuidar caminos y carreteras\"}]},{\"@type\":\"WebSite\",\"@id\":\"https:\\\/\\\/www.eldiario.net\\\/portal\\\/#website\",\"url\":\"https:\\\/\\\/www.eldiario.net\\\/portal\\\/\",\"name\":\"El Diario - Decano de la prensa nacional\",\"description\":\"El Diario - Decano de la prensa nacional\",\"publisher\":{\"@id\":\"https:\\\/\\\/www.eldiario.net\\\/portal\\\/#organization\"},\"potentialAction\":[{\"@type\":\"SearchAction\",\"target\":{\"@type\":\"EntryPoint\",\"urlTemplate\":\"https:\\\/\\\/www.eldiario.net\\\/portal\\\/?s={search_term_string}\"},\"query-input\":{\"@type\":\"PropertyValueSpecification\",\"valueRequired\":true,\"valueName\":\"search_term_string\"}}],\"inLanguage\":\"es\"},{\"@type\":\"Organization\",\"@id\":\"https:\\\/\\\/www.eldiario.net\\\/portal\\\/#organization\",\"name\":\"El Diario - Decano de la prensa nacional\",\"url\":\"https:\\\/\\\/www.eldiario.net\\\/portal\\\/\",\"logo\":{\"@type\":\"ImageObject\",\"inLanguage\":\"es\",\"@id\":\"https:\\\/\\\/www.eldiario.net\\\/portal\\\/#\\\/schema\\\/logo\\\/image\\\/\",\"url\":\"https:\\\/\\\/www.eldiario.net\\\/portal\\\/wp-content\\\/uploads\\\/2023\\\/07\\\/logo_ED.jpg\",\"contentUrl\":\"https:\\\/\\\/www.eldiario.net\\\/portal\\\/wp-content\\\/uploads\\\/2023\\\/07\\\/logo_ED.jpg\",\"width\":272,\"height\":52,\"caption\":\"El Diario - Decano de la prensa nacional\"},\"image\":{\"@id\":\"https:\\\/\\\/www.eldiario.net\\\/portal\\\/#\\\/schema\\\/logo\\\/image\\\/\"},\"sameAs\":[\"https:\\\/\\\/www.facebook.com\\\/eldiario.bolivia\\\/\",\"https:\\\/\\\/x.com\\\/eldiario_net\"]},{\"@type\":\"Person\",\"@id\":\"https:\\\/\\\/www.eldiario.net\\\/portal\\\/#\\\/schema\\\/person\\\/f46445640444750d7d753ccd04ae01b7\",\"name\":\"Jeanette\",\"image\":{\"@type\":\"ImageObject\",\"inLanguage\":\"es\",\"@id\":\"https:\\\/\\\/secure.gravatar.com\\\/avatar\\\/3ea2118a5f7dad2b7138b1187a6b7ee55f160b9968b66013c3a3ef39dd7e5798?s=96&d=mm&r=g\",\"url\":\"https:\\\/\\\/secure.gravatar.com\\\/avatar\\\/3ea2118a5f7dad2b7138b1187a6b7ee55f160b9968b66013c3a3ef39dd7e5798?s=96&d=mm&r=g\",\"contentUrl\":\"https:\\\/\\\/secure.gravatar.com\\\/avatar\\\/3ea2118a5f7dad2b7138b1187a6b7ee55f160b9968b66013c3a3ef39dd7e5798?s=96&d=mm&r=g\",\"caption\":\"Jeanette\"},\"sameAs\":[\"https:\\\/\\\/www.eldiario.net\\\/portal\"],\"url\":\"https:\\\/\\\/www.eldiario.net\\\/portal\\\/author\\\/jeanette\\\/\"}]}<\/script>\n<!-- \/ Yoast SEO plugin. -->","yoast_head_json":{"title":"Es urgente cuidar caminos y carreteras - El Diario - Bolivia","robots":{"index":"index","follow":"follow","max-snippet":"max-snippet:-1","max-image-preview":"max-image-preview:large","max-video-preview":"max-video-preview:-1"},"canonical":"https:\/\/www.eldiario.net\/portal\/2022\/03\/02\/es-urgente-cuidar-caminos-y-carreteras\/","og_locale":"es_ES","og_type":"article","og_title":"Es urgente cuidar caminos y carreteras - El Diario - Bolivia","og_description":"La infraestructura caminera en el pa\u00eds es preocupaci\u00f3n constante de la colectividad porque se ha tomado conciencia de que caminos y carreteras son las venas y arterias de vinculaci\u00f3n e integraci\u00f3n, son los mejores v\u00ednculos que unen a provincias y departamentos, resultan primordiales para el transporte de alimentos y para el traslado de productos nacionales, [&hellip;]","og_url":"https:\/\/www.eldiario.net\/portal\/2022\/03\/02\/es-urgente-cuidar-caminos-y-carreteras\/","og_site_name":"El Diario - Bolivia","article_publisher":"https:\/\/www.facebook.com\/eldiario.bolivia\/","article_published_time":"2022-03-02T09:47:03+00:00","author":"Jeanette","twitter_card":"summary_large_image","twitter_creator":"@eldiario_net","twitter_site":"@eldiario_net","twitter_misc":{"Escrito por":"Jeanette","Tiempo de lectura":"2 minutos"},"schema":{"@context":"https:\/\/schema.org","@graph":[{"@type":"Article","@id":"https:\/\/www.eldiario.net\/portal\/2022\/03\/02\/es-urgente-cuidar-caminos-y-carreteras\/#article","isPartOf":{"@id":"https:\/\/www.eldiario.net\/portal\/2022\/03\/02\/es-urgente-cuidar-caminos-y-carreteras\/"},"author":{"name":"Jeanette","@id":"https:\/\/www.eldiario.net\/portal\/#\/schema\/person\/f46445640444750d7d753ccd04ae01b7"},"headline":"Es urgente cuidar caminos y carreteras","datePublished":"2022-03-02T09:47:03+00:00","mainEntityOfPage":{"@id":"https:\/\/www.eldiario.net\/portal\/2022\/03\/02\/es-urgente-cuidar-caminos-y-carreteras\/"},"wordCount":383,"publisher":{"@id":"https:\/\/www.eldiario.net\/portal\/#organization"},"articleSection":["Editorial"],"inLanguage":"es"},{"@type":"WebPage","@id":"https:\/\/www.eldiario.net\/portal\/2022\/03\/02\/es-urgente-cuidar-caminos-y-carreteras\/","url":"https:\/\/www.eldiario.net\/portal\/2022\/03\/02\/es-urgente-cuidar-caminos-y-carreteras\/","name":"Es urgente cuidar caminos y carreteras - El Diario - Bolivia","isPartOf":{"@id":"https:\/\/www.eldiario.net\/portal\/#website"},"datePublished":"2022-03-02T09:47:03+00:00","breadcrumb":{"@id":"https:\/\/www.eldiario.net\/portal\/2022\/03\/02\/es-urgente-cuidar-caminos-y-carreteras\/#breadcrumb"},"inLanguage":"es","potentialAction":[{"@type":"ReadAction","target":["https:\/\/www.eldiario.net\/portal\/2022\/03\/02\/es-urgente-cuidar-caminos-y-carreteras\/"]}]},{"@type":"BreadcrumbList","@id":"https:\/\/www.eldiario.net\/portal\/2022\/03\/02\/es-urgente-cuidar-caminos-y-carreteras\/#breadcrumb","itemListElement":[{"@type":"ListItem","position":1,"name":"Portada","item":"https:\/\/www.eldiario.net\/portal\/"},{"@type":"ListItem","position":2,"name":"Es urgente cuidar caminos y carreteras"}]},{"@type":"WebSite","@id":"https:\/\/www.eldiario.net\/portal\/#website","url":"https:\/\/www.eldiario.net\/portal\/","name":"El Diario - Decano de la prensa nacional","description":"El Diario - Decano de la prensa nacional","publisher":{"@id":"https:\/\/www.eldiario.net\/portal\/#organization"},"potentialAction":[{"@type":"SearchAction","target":{"@type":"EntryPoint","urlTemplate":"https:\/\/www.eldiario.net\/portal\/?s={search_term_string}"},"query-input":{"@type":"PropertyValueSpecification","valueRequired":true,"valueName":"search_term_string"}}],"inLanguage":"es"},{"@type":"Organization","@id":"https:\/\/www.eldiario.net\/portal\/#organization","name":"El Diario - Decano de la prensa nacional","url":"https:\/\/www.eldiario.net\/portal\/","logo":{"@type":"ImageObject","inLanguage":"es","@id":"https:\/\/www.eldiario.net\/portal\/#\/schema\/logo\/image\/","url":"https:\/\/www.eldiario.net\/portal\/wp-content\/uploads\/2023\/07\/logo_ED.jpg","contentUrl":"https:\/\/www.eldiario.net\/portal\/wp-content\/uploads\/2023\/07\/logo_ED.jpg","width":272,"height":52,"caption":"El Diario - Decano de la prensa nacional"},"image":{"@id":"https:\/\/www.eldiario.net\/portal\/#\/schema\/logo\/image\/"},"sameAs":["https:\/\/www.facebook.com\/eldiario.bolivia\/","https:\/\/x.com\/eldiario_net"]},{"@type":"Person","@id":"https:\/\/www.eldiario.net\/portal\/#\/schema\/person\/f46445640444750d7d753ccd04ae01b7","name":"Jeanette","image":{"@type":"ImageObject","inLanguage":"es","@id":"https:\/\/secure.gravatar.com\/avatar\/3ea2118a5f7dad2b7138b1187a6b7ee55f160b9968b66013c3a3ef39dd7e5798?s=96&d=mm&r=g","url":"https:\/\/secure.gravatar.com\/avatar\/3ea2118a5f7dad2b7138b1187a6b7ee55f160b9968b66013c3a3ef39dd7e5798?s=96&d=mm&r=g","contentUrl":"https:\/\/secure.gravatar.com\/avatar\/3ea2118a5f7dad2b7138b1187a6b7ee55f160b9968b66013c3a3ef39dd7e5798?s=96&d=mm&r=g","caption":"Jeanette"},"sameAs":["https:\/\/www.eldiario.net\/portal"],"url":"https:\/\/www.eldiario.net\/portal\/author\/jeanette\/"}]}},"_links":{"self":[{"href":"https:\/\/www.eldiario.net\/portal\/wp-json\/wp\/v2\/posts\/66827","targetHints":{"allow":["GET"]}}],"collection":[{"href":"https:\/\/www.eldiario.net\/portal\/wp-json\/wp\/v2\/posts"}],"about":[{"href":"https:\/\/www.eldiario.net\/portal\/wp-json\/wp\/v2\/types\/post"}],"author":[{"embeddable":true,"href":"https:\/\/www.eldiario.net\/portal\/wp-json\/wp\/v2\/users\/1"}],"replies":[{"embeddable":true,"href":"https:\/\/www.eldiario.net\/portal\/wp-json\/wp\/v2\/comments?post=66827"}],"version-history":[{"count":0,"href":"https:\/\/www.eldiario.net\/portal\/wp-json\/wp\/v2\/posts\/66827\/revisions"}],"wp:attachment":[{"href":"https:\/\/www.eldiario.net\/portal\/wp-json\/wp\/v2\/media?parent=66827"}],"wp:term":[{"taxonomy":"category","embeddable":true,"href":"https:\/\/www.eldiario.net\/portal\/wp-json\/wp\/v2\/categories?post=66827"},{"taxonomy":"post_tag","embeddable":true,"href":"https:\/\/www.eldiario.net\/portal\/wp-json\/wp\/v2\/tags?post=66827"}],"curies":[{"name":"wp","href":"https:\/\/api.w.org\/{rel}","templated":true}]}}