{"id":66823,"date":"2022-03-02T05:46:02","date_gmt":"2022-03-02T09:46:02","guid":{"rendered":"https:\/\/www.eldiario.net\/portal\/?p=66823"},"modified":"2022-03-02T05:46:02","modified_gmt":"2022-03-02T09:46:02","slug":"acerca-de-la-politiqueria","status":"publish","type":"post","link":"https:\/\/www.eldiario.net\/portal\/2022\/03\/02\/acerca-de-la-politiqueria\/","title":{"rendered":"Acerca de la politiquer\u00eda"},"content":{"rendered":"<p>\u201cM\u00e1s all\u00e1 de las contradicciones pol\u00edticas en Bolivia puede haber un punto de convergencia importante que da una fuente de esperanza\u201d, afirm\u00f3, en su reciente visita al pa\u00eds, el relator Especial de las Naciones Unidas para la Independencia de la Justicia, Diego Garc\u00eda-Say\u00e1n.<br \/>\nLa actividad politiquera estuvo sumamente enconada y contaminada, en los \u00faltimos tiempos, por el odio y la revancha, que no permitieron la construcci\u00f3n de \u201cuna fuente de esperanza\u201d. Todo ello contribuy\u00f3 a ahondar la desesperanza. Extremos que deterioraron las perspectivas democr\u00e1ticas. Parece que se hubieran constituido en se\u00f1ales regresivas a \u00e9pocas ya superadas. Y de un modo preocupante, indudablemente.<br \/>\nLos politiqueros se desafiaron mostrando, permanentemente, los colmillos, como ciertos animales que a\u00fallan. O persiguieron a sus presas para cogerlas y devorarlas. A esa acci\u00f3n podemos llamarla tambi\u00e9n acoso, persecuci\u00f3n y depredaci\u00f3n. El hombre, de veras, fue el depredador de su propia especie. Ac\u00e1 parece que se impuso, desgraciadamente, la ley de la selva. Los m\u00e1s fuertes y feroces pretendieron acabar con los m\u00e1s d\u00e9biles e indefensos. Trataron de engullirlos, en un santiam\u00e9n. O los prepararon, para tal efecto, en sitios infrahumanos, donde no penetran los rayos del sol.<br \/>\nEn las dictaduras se ve\u00eda casos similares. Se escuchaba, inclusive, una voz tenebrosa, que conminaba a los ciudadanos a \u201ccaminar con el testamento bajo el brazo\u201d. Contra estos excesos la poblaci\u00f3n se arm\u00f3 de valor, hasta erradicarlos del mapa pol\u00edtico. Y no permitir\u00e1 su resurgimiento, pese a quien pesare, en democracia.<br \/>\nLos politiqueros vivieron su hora. Siempre lo hicieron, en dictadura y democracia, difamando, enlodando y destruyendo al adversario. Tratando de perpetuarse en el Poder o buscando desgastar a los omnipotentes de turno.<br \/>\nEn el mundo de la politiquer\u00eda, fue lo de menos el debate de las ideas y de los ideales. Fueron lo de menos la verdad, la honestidad y la transparencia. Mucho menos las propuestas. Lo que se impuso, a raja tabla, fueron los intereses creados, personales y particulares. Como consecuencia de estas actitudes no se pudo construir Patria y menos un futuro m\u00e1s llevadero. De ah\u00ed que seguimos caminando, golpeados por la pobreza, la extrema pobreza y el desempleo. Con un elevado n\u00famero de informales, en las v\u00edas p\u00fablicas.<br \/>\nPolitiqueros que viven alejados de la realidad nacional, estilando discursos, posiblemente a prop\u00f3sito, que no coinciden con la situaci\u00f3n socio-econ\u00f3mica y pol\u00edtico-cultural imperante. Intentando hacer creer a la poblaci\u00f3n que son los \u201csalvadores\u201d. Que multiplicar\u00e1n panes y peces, en tiempos de crisis econ\u00f3mica. Que generar\u00e1n nuevos empleos, para reducir el desempleo. Que construir\u00e1n el pa\u00eds de la Jauja. Est\u00e1n alejados de Dios, rindiendo pleites\u00eda al Poder, y a los jugosos emolumentos que perciben del erario nacional. \u00c9stos les permiten disfrutar de la holgura econ\u00f3mica.<br \/>\nEn suma: se impone, por lo tanto, humanizar la actividad pol\u00edtica, en la perspectiva de profundizar la democracia. Poniendo en praxis, para ese cometido, el di\u00e1logo, la tolerancia y la concertaci\u00f3n, por el bien com\u00fan. Actitudes que enriquecer\u00e1n la pr\u00e1ctica del sistema de libertades, restituido el 10 de octubre de 1982, gracias a la lucha y el empuje del pueblo boliviano.<\/p>\n","protected":false},"excerpt":{"rendered":"<p>\u201cM\u00e1s all\u00e1 de las contradicciones pol\u00edticas en Bolivia puede haber un punto de convergencia importante que da una fuente de esperanza\u201d, afirm\u00f3, en su reciente visita al pa\u00eds, el relator Especial de las Naciones Unidas para la Independencia de la Justicia, Diego Garc\u00eda-Say\u00e1n. La actividad politiquera estuvo sumamente enconada y contaminada, en los \u00faltimos tiempos, [&hellip;]<\/p>\n","protected":false},"author":1,"featured_media":3790,"comment_status":"closed","ping_status":"closed","sticky":false,"template":"","format":"standard","meta":{"_acf_changed":false,"footnotes":""},"categories":[9],"tags":[],"class_list":["post-66823","post","type-post","status-publish","format-standard","has-post-thumbnail","category-opinion"],"acf":{"antetitulo":""},"yoast_head":"<!-- This site is optimized with the Yoast SEO plugin v28.4 - https:\/\/yoast.com\/product\/yoast-seo-wordpress\/ -->\n<title>Acerca de la politiquer\u00eda - El Diario - Bolivia<\/title>\n<meta name=\"robots\" content=\"index, follow, max-snippet:-1, max-image-preview:large, max-video-preview:-1\" \/>\n<link rel=\"canonical\" href=\"https:\/\/www.eldiario.net\/portal\/2022\/03\/02\/acerca-de-la-politiqueria\/\" \/>\n<meta property=\"og:locale\" content=\"es_ES\" \/>\n<meta property=\"og:type\" content=\"article\" \/>\n<meta property=\"og:title\" content=\"Acerca de la politiquer\u00eda - El Diario - Bolivia\" \/>\n<meta property=\"og:description\" content=\"\u201cM\u00e1s all\u00e1 de las contradicciones pol\u00edticas en Bolivia puede haber un punto de convergencia importante que da una fuente de esperanza\u201d, afirm\u00f3, en su reciente visita al pa\u00eds, el relator Especial de las Naciones Unidas para la Independencia de la Justicia, Diego Garc\u00eda-Say\u00e1n. La actividad politiquera estuvo sumamente enconada y contaminada, en los \u00faltimos tiempos, [&hellip;]\" \/>\n<meta property=\"og:url\" content=\"https:\/\/www.eldiario.net\/portal\/2022\/03\/02\/acerca-de-la-politiqueria\/\" \/>\n<meta property=\"og:site_name\" content=\"El Diario - Bolivia\" \/>\n<meta property=\"article:publisher\" content=\"https:\/\/www.facebook.com\/eldiario.bolivia\/\" \/>\n<meta property=\"article:published_time\" content=\"2022-03-02T09:46:02+00:00\" \/>\n<meta name=\"author\" content=\"Jeanette\" \/>\n<meta name=\"twitter:card\" content=\"summary_large_image\" \/>\n<meta name=\"twitter:creator\" content=\"@eldiario_net\" \/>\n<meta name=\"twitter:site\" content=\"@eldiario_net\" \/>\n<meta name=\"twitter:label1\" content=\"Escrito por\" \/>\n\t<meta name=\"twitter:data1\" content=\"Jeanette\" \/>\n\t<meta name=\"twitter:label2\" content=\"Tiempo de lectura\" \/>\n\t<meta name=\"twitter:data2\" content=\"3 minutos\" \/>\n<script type=\"application\/ld+json\" class=\"yoast-schema-graph\">{\"@context\":\"https:\\\/\\\/schema.org\",\"@graph\":[{\"@type\":\"Article\",\"@id\":\"https:\\\/\\\/www.eldiario.net\\\/portal\\\/2022\\\/03\\\/02\\\/acerca-de-la-politiqueria\\\/#article\",\"isPartOf\":{\"@id\":\"https:\\\/\\\/www.eldiario.net\\\/portal\\\/2022\\\/03\\\/02\\\/acerca-de-la-politiqueria\\\/\"},\"author\":{\"name\":\"Jeanette\",\"@id\":\"https:\\\/\\\/www.eldiario.net\\\/portal\\\/#\\\/schema\\\/person\\\/f46445640444750d7d753ccd04ae01b7\"},\"headline\":\"Acerca de la politiquer\u00eda\",\"datePublished\":\"2022-03-02T09:46:02+00:00\",\"mainEntityOfPage\":{\"@id\":\"https:\\\/\\\/www.eldiario.net\\\/portal\\\/2022\\\/03\\\/02\\\/acerca-de-la-politiqueria\\\/\"},\"wordCount\":555,\"publisher\":{\"@id\":\"https:\\\/\\\/www.eldiario.net\\\/portal\\\/#organization\"},\"image\":{\"@id\":\"https:\\\/\\\/www.eldiario.net\\\/portal\\\/2022\\\/03\\\/02\\\/acerca-de-la-politiqueria\\\/#primaryimage\"},\"thumbnailUrl\":\"\",\"articleSection\":[\"Opini\u00f3n\"],\"inLanguage\":\"es\"},{\"@type\":\"WebPage\",\"@id\":\"https:\\\/\\\/www.eldiario.net\\\/portal\\\/2022\\\/03\\\/02\\\/acerca-de-la-politiqueria\\\/\",\"url\":\"https:\\\/\\\/www.eldiario.net\\\/portal\\\/2022\\\/03\\\/02\\\/acerca-de-la-politiqueria\\\/\",\"name\":\"Acerca de la politiquer\u00eda - El Diario - Bolivia\",\"isPartOf\":{\"@id\":\"https:\\\/\\\/www.eldiario.net\\\/portal\\\/#website\"},\"primaryImageOfPage\":{\"@id\":\"https:\\\/\\\/www.eldiario.net\\\/portal\\\/2022\\\/03\\\/02\\\/acerca-de-la-politiqueria\\\/#primaryimage\"},\"image\":{\"@id\":\"https:\\\/\\\/www.eldiario.net\\\/portal\\\/2022\\\/03\\\/02\\\/acerca-de-la-politiqueria\\\/#primaryimage\"},\"thumbnailUrl\":\"\",\"datePublished\":\"2022-03-02T09:46:02+00:00\",\"breadcrumb\":{\"@id\":\"https:\\\/\\\/www.eldiario.net\\\/portal\\\/2022\\\/03\\\/02\\\/acerca-de-la-politiqueria\\\/#breadcrumb\"},\"inLanguage\":\"es\",\"potentialAction\":[{\"@type\":\"ReadAction\",\"target\":[\"https:\\\/\\\/www.eldiario.net\\\/portal\\\/2022\\\/03\\\/02\\\/acerca-de-la-politiqueria\\\/\"]}]},{\"@type\":\"ImageObject\",\"inLanguage\":\"es\",\"@id\":\"https:\\\/\\\/www.eldiario.net\\\/portal\\\/2022\\\/03\\\/02\\\/acerca-de-la-politiqueria\\\/#primaryimage\",\"url\":\"\",\"contentUrl\":\"\"},{\"@type\":\"BreadcrumbList\",\"@id\":\"https:\\\/\\\/www.eldiario.net\\\/portal\\\/2022\\\/03\\\/02\\\/acerca-de-la-politiqueria\\\/#breadcrumb\",\"itemListElement\":[{\"@type\":\"ListItem\",\"position\":1,\"name\":\"Portada\",\"item\":\"https:\\\/\\\/www.eldiario.net\\\/portal\\\/\"},{\"@type\":\"ListItem\",\"position\":2,\"name\":\"Acerca de la politiquer\u00eda\"}]},{\"@type\":\"WebSite\",\"@id\":\"https:\\\/\\\/www.eldiario.net\\\/portal\\\/#website\",\"url\":\"https:\\\/\\\/www.eldiario.net\\\/portal\\\/\",\"name\":\"El Diario - Decano de la prensa nacional\",\"description\":\"El Diario - Decano de la prensa nacional\",\"publisher\":{\"@id\":\"https:\\\/\\\/www.eldiario.net\\\/portal\\\/#organization\"},\"potentialAction\":[{\"@type\":\"SearchAction\",\"target\":{\"@type\":\"EntryPoint\",\"urlTemplate\":\"https:\\\/\\\/www.eldiario.net\\\/portal\\\/?s={search_term_string}\"},\"query-input\":{\"@type\":\"PropertyValueSpecification\",\"valueRequired\":true,\"valueName\":\"search_term_string\"}}],\"inLanguage\":\"es\"},{\"@type\":\"Organization\",\"@id\":\"https:\\\/\\\/www.eldiario.net\\\/portal\\\/#organization\",\"name\":\"El Diario - Decano de la prensa nacional\",\"url\":\"https:\\\/\\\/www.eldiario.net\\\/portal\\\/\",\"logo\":{\"@type\":\"ImageObject\",\"inLanguage\":\"es\",\"@id\":\"https:\\\/\\\/www.eldiario.net\\\/portal\\\/#\\\/schema\\\/logo\\\/image\\\/\",\"url\":\"https:\\\/\\\/www.eldiario.net\\\/portal\\\/wp-content\\\/uploads\\\/2023\\\/07\\\/logo_ED.jpg\",\"contentUrl\":\"https:\\\/\\\/www.eldiario.net\\\/portal\\\/wp-content\\\/uploads\\\/2023\\\/07\\\/logo_ED.jpg\",\"width\":272,\"height\":52,\"caption\":\"El Diario - Decano de la prensa nacional\"},\"image\":{\"@id\":\"https:\\\/\\\/www.eldiario.net\\\/portal\\\/#\\\/schema\\\/logo\\\/image\\\/\"},\"sameAs\":[\"https:\\\/\\\/www.facebook.com\\\/eldiario.bolivia\\\/\",\"https:\\\/\\\/x.com\\\/eldiario_net\"]},{\"@type\":\"Person\",\"@id\":\"https:\\\/\\\/www.eldiario.net\\\/portal\\\/#\\\/schema\\\/person\\\/f46445640444750d7d753ccd04ae01b7\",\"name\":\"Jeanette\",\"image\":{\"@type\":\"ImageObject\",\"inLanguage\":\"es\",\"@id\":\"https:\\\/\\\/secure.gravatar.com\\\/avatar\\\/3ea2118a5f7dad2b7138b1187a6b7ee55f160b9968b66013c3a3ef39dd7e5798?s=96&d=mm&r=g\",\"url\":\"https:\\\/\\\/secure.gravatar.com\\\/avatar\\\/3ea2118a5f7dad2b7138b1187a6b7ee55f160b9968b66013c3a3ef39dd7e5798?s=96&d=mm&r=g\",\"contentUrl\":\"https:\\\/\\\/secure.gravatar.com\\\/avatar\\\/3ea2118a5f7dad2b7138b1187a6b7ee55f160b9968b66013c3a3ef39dd7e5798?s=96&d=mm&r=g\",\"caption\":\"Jeanette\"},\"sameAs\":[\"https:\\\/\\\/www.eldiario.net\\\/portal\"],\"url\":\"https:\\\/\\\/www.eldiario.net\\\/portal\\\/author\\\/jeanette\\\/\"}]}<\/script>\n<!-- \/ Yoast SEO plugin. -->","yoast_head_json":{"title":"Acerca de la politiquer\u00eda - El Diario - Bolivia","robots":{"index":"index","follow":"follow","max-snippet":"max-snippet:-1","max-image-preview":"max-image-preview:large","max-video-preview":"max-video-preview:-1"},"canonical":"https:\/\/www.eldiario.net\/portal\/2022\/03\/02\/acerca-de-la-politiqueria\/","og_locale":"es_ES","og_type":"article","og_title":"Acerca de la politiquer\u00eda - El Diario - Bolivia","og_description":"\u201cM\u00e1s all\u00e1 de las contradicciones pol\u00edticas en Bolivia puede haber un punto de convergencia importante que da una fuente de esperanza\u201d, afirm\u00f3, en su reciente visita al pa\u00eds, el relator Especial de las Naciones Unidas para la Independencia de la Justicia, Diego Garc\u00eda-Say\u00e1n. La actividad politiquera estuvo sumamente enconada y contaminada, en los \u00faltimos tiempos, [&hellip;]","og_url":"https:\/\/www.eldiario.net\/portal\/2022\/03\/02\/acerca-de-la-politiqueria\/","og_site_name":"El Diario - Bolivia","article_publisher":"https:\/\/www.facebook.com\/eldiario.bolivia\/","article_published_time":"2022-03-02T09:46:02+00:00","author":"Jeanette","twitter_card":"summary_large_image","twitter_creator":"@eldiario_net","twitter_site":"@eldiario_net","twitter_misc":{"Escrito por":"Jeanette","Tiempo de lectura":"3 minutos"},"schema":{"@context":"https:\/\/schema.org","@graph":[{"@type":"Article","@id":"https:\/\/www.eldiario.net\/portal\/2022\/03\/02\/acerca-de-la-politiqueria\/#article","isPartOf":{"@id":"https:\/\/www.eldiario.net\/portal\/2022\/03\/02\/acerca-de-la-politiqueria\/"},"author":{"name":"Jeanette","@id":"https:\/\/www.eldiario.net\/portal\/#\/schema\/person\/f46445640444750d7d753ccd04ae01b7"},"headline":"Acerca de la politiquer\u00eda","datePublished":"2022-03-02T09:46:02+00:00","mainEntityOfPage":{"@id":"https:\/\/www.eldiario.net\/portal\/2022\/03\/02\/acerca-de-la-politiqueria\/"},"wordCount":555,"publisher":{"@id":"https:\/\/www.eldiario.net\/portal\/#organization"},"image":{"@id":"https:\/\/www.eldiario.net\/portal\/2022\/03\/02\/acerca-de-la-politiqueria\/#primaryimage"},"thumbnailUrl":"","articleSection":["Opini\u00f3n"],"inLanguage":"es"},{"@type":"WebPage","@id":"https:\/\/www.eldiario.net\/portal\/2022\/03\/02\/acerca-de-la-politiqueria\/","url":"https:\/\/www.eldiario.net\/portal\/2022\/03\/02\/acerca-de-la-politiqueria\/","name":"Acerca de la politiquer\u00eda - El Diario - Bolivia","isPartOf":{"@id":"https:\/\/www.eldiario.net\/portal\/#website"},"primaryImageOfPage":{"@id":"https:\/\/www.eldiario.net\/portal\/2022\/03\/02\/acerca-de-la-politiqueria\/#primaryimage"},"image":{"@id":"https:\/\/www.eldiario.net\/portal\/2022\/03\/02\/acerca-de-la-politiqueria\/#primaryimage"},"thumbnailUrl":"","datePublished":"2022-03-02T09:46:02+00:00","breadcrumb":{"@id":"https:\/\/www.eldiario.net\/portal\/2022\/03\/02\/acerca-de-la-politiqueria\/#breadcrumb"},"inLanguage":"es","potentialAction":[{"@type":"ReadAction","target":["https:\/\/www.eldiario.net\/portal\/2022\/03\/02\/acerca-de-la-politiqueria\/"]}]},{"@type":"ImageObject","inLanguage":"es","@id":"https:\/\/www.eldiario.net\/portal\/2022\/03\/02\/acerca-de-la-politiqueria\/#primaryimage","url":"","contentUrl":""},{"@type":"BreadcrumbList","@id":"https:\/\/www.eldiario.net\/portal\/2022\/03\/02\/acerca-de-la-politiqueria\/#breadcrumb","itemListElement":[{"@type":"ListItem","position":1,"name":"Portada","item":"https:\/\/www.eldiario.net\/portal\/"},{"@type":"ListItem","position":2,"name":"Acerca de la politiquer\u00eda"}]},{"@type":"WebSite","@id":"https:\/\/www.eldiario.net\/portal\/#website","url":"https:\/\/www.eldiario.net\/portal\/","name":"El Diario - Decano de la prensa nacional","description":"El Diario - Decano de la prensa nacional","publisher":{"@id":"https:\/\/www.eldiario.net\/portal\/#organization"},"potentialAction":[{"@type":"SearchAction","target":{"@type":"EntryPoint","urlTemplate":"https:\/\/www.eldiario.net\/portal\/?s={search_term_string}"},"query-input":{"@type":"PropertyValueSpecification","valueRequired":true,"valueName":"search_term_string"}}],"inLanguage":"es"},{"@type":"Organization","@id":"https:\/\/www.eldiario.net\/portal\/#organization","name":"El Diario - Decano de la prensa nacional","url":"https:\/\/www.eldiario.net\/portal\/","logo":{"@type":"ImageObject","inLanguage":"es","@id":"https:\/\/www.eldiario.net\/portal\/#\/schema\/logo\/image\/","url":"https:\/\/www.eldiario.net\/portal\/wp-content\/uploads\/2023\/07\/logo_ED.jpg","contentUrl":"https:\/\/www.eldiario.net\/portal\/wp-content\/uploads\/2023\/07\/logo_ED.jpg","width":272,"height":52,"caption":"El Diario - Decano de la prensa nacional"},"image":{"@id":"https:\/\/www.eldiario.net\/portal\/#\/schema\/logo\/image\/"},"sameAs":["https:\/\/www.facebook.com\/eldiario.bolivia\/","https:\/\/x.com\/eldiario_net"]},{"@type":"Person","@id":"https:\/\/www.eldiario.net\/portal\/#\/schema\/person\/f46445640444750d7d753ccd04ae01b7","name":"Jeanette","image":{"@type":"ImageObject","inLanguage":"es","@id":"https:\/\/secure.gravatar.com\/avatar\/3ea2118a5f7dad2b7138b1187a6b7ee55f160b9968b66013c3a3ef39dd7e5798?s=96&d=mm&r=g","url":"https:\/\/secure.gravatar.com\/avatar\/3ea2118a5f7dad2b7138b1187a6b7ee55f160b9968b66013c3a3ef39dd7e5798?s=96&d=mm&r=g","contentUrl":"https:\/\/secure.gravatar.com\/avatar\/3ea2118a5f7dad2b7138b1187a6b7ee55f160b9968b66013c3a3ef39dd7e5798?s=96&d=mm&r=g","caption":"Jeanette"},"sameAs":["https:\/\/www.eldiario.net\/portal"],"url":"https:\/\/www.eldiario.net\/portal\/author\/jeanette\/"}]}},"_links":{"self":[{"href":"https:\/\/www.eldiario.net\/portal\/wp-json\/wp\/v2\/posts\/66823","targetHints":{"allow":["GET"]}}],"collection":[{"href":"https:\/\/www.eldiario.net\/portal\/wp-json\/wp\/v2\/posts"}],"about":[{"href":"https:\/\/www.eldiario.net\/portal\/wp-json\/wp\/v2\/types\/post"}],"author":[{"embeddable":true,"href":"https:\/\/www.eldiario.net\/portal\/wp-json\/wp\/v2\/users\/1"}],"replies":[{"embeddable":true,"href":"https:\/\/www.eldiario.net\/portal\/wp-json\/wp\/v2\/comments?post=66823"}],"version-history":[{"count":0,"href":"https:\/\/www.eldiario.net\/portal\/wp-json\/wp\/v2\/posts\/66823\/revisions"}],"wp:attachment":[{"href":"https:\/\/www.eldiario.net\/portal\/wp-json\/wp\/v2\/media?parent=66823"}],"wp:term":[{"taxonomy":"category","embeddable":true,"href":"https:\/\/www.eldiario.net\/portal\/wp-json\/wp\/v2\/categories?post=66823"},{"taxonomy":"post_tag","embeddable":true,"href":"https:\/\/www.eldiario.net\/portal\/wp-json\/wp\/v2\/tags?post=66823"}],"curies":[{"name":"wp","href":"https:\/\/api.w.org\/{rel}","templated":true}]}}