{"id":66528,"date":"2022-03-01T05:00:40","date_gmt":"2022-03-01T09:00:40","guid":{"rendered":"https:\/\/www.eldiario.net\/portal\/?p=66528"},"modified":"2022-03-01T05:00:40","modified_gmt":"2022-03-01T09:00:40","slug":"ucrania-y-rusia-concurriran-a-segunda-ronda-de-negociaciones","status":"publish","type":"post","link":"https:\/\/www.eldiario.net\/portal\/2022\/03\/01\/ucrania-y-rusia-concurriran-a-segunda-ronda-de-negociaciones\/","title":{"rendered":"Ucrania y Rusia concurrir\u00e1n a  segunda ronda de negociaciones"},"content":{"rendered":"<p class=\"v1MsoNormal\"><span lang=\"ES\">Las delegaciones rusa y ucraniana acordaron realizar una \u201csegunda ronda\u201d de negociaciones, seg\u00fan anunciaron de ambas partes. Tras concluir una primera reuni\u00f3n, optaron por regresar a sus respectivas capitales para examinar la situaci\u00f3n.<\/span><\/p>\n<p class=\"v1MsoNormal\"><span lang=\"ES\">\u201cLas partes establecieron una serie de prioridades y cuestiones que requieren algunas decisiones\u201d, dijo Mikhailo Podolyak, uno de los negociadores ucranianos, mientras que su hom\u00f3logo ruso, Vladimir Medinski, indic\u00f3 que la nueva reuni\u00f3n tendr\u00e1 lugar \u201cpronto\u201d en la frontera entre Polonia y Bielorrusia.<\/span><\/p>\n<p class=\"v1MsoNormal\"><span lang=\"ES\">\u201cLas delegaciones est\u00e1n regresando a sus capitales para consultas y han discutido la posibilidad de reunirse pronto para una segunda ronda de negociaciones\u201d, dijo Podolyak.<\/span><\/p>\n<p class=\"v1MsoNormal\"><span lang=\"ES\">\u201cLas partes han esbozado unos temas prioritarios sobre los que se vislumbran ciertos avances\u201d, agreg\u00f3.<\/span><\/p>\n<p class=\"v1MsoNormal\"><span lang=\"ES\">\u201cAcordamos continuar con las negociaciones\u201d, dijo el jefe de la delegaci\u00f3n rusa, Vladimir Medinski.<\/span><\/p>\n<p class=\"v1MsoNormal\"><span lang=\"ES\">La delegaci\u00f3n rusa tambi\u00e9n fue integrada por el miembro de la Duma estatal Leonid Slutsky y el viceministro de Relaciones Exteriores de Rusia, Andrei Rudenko, mientras en la delegaci\u00f3n ucraniana cont\u00f3 con el miembro del parlamento ucraniano Davyd Arakhamia y el viceprimer ministro de Ucrania, Mykola Tochytskyi.<\/span><\/p>\n<p class=\"v1MsoNormal\"><span lang=\"ES\">\u201cPueden sentirse completamente seguros\u201d, declar\u00f3 en su recibimiento el jefe de la diplomacia bielorrusa, Vladimir Makei.<\/span><\/p>\n<p class=\"v1MsoNormal\"><span lang=\"ES\">Para Ucrania, \u201cel tema clave es un alto el fuego inmediato y la retirada de las tropas (rusas) del territorio ucraniano\u201d, se\u00f1al\u00f3 el lunes la presidencia ucraniana.<\/span><\/p>\n<p class=\"v1MsoNormal\"><span lang=\"ES\">Estas conversaciones se desarrollaron en una de las residencias del presidente bielorruso Alexander Lukashenko, en la regi\u00f3n de G\u00f3mel, cerca de la frontera ucraniana.<\/span><\/p>\n<p class=\"v1MsoNormal\"><span lang=\"ES\">Mientras tanto, el l\u00edder ucraniano Volodymyr Zelensky firm\u00f3 una solicitud para que su pa\u00eds se una a la Uni\u00f3n Europea, en un intento por solidificar el v\u00ednculo de su pa\u00eds con Occidente. Su oficina inform\u00f3 que el papeleo est\u00e1 en camino a Bruselas, donde tiene su sede la UE de 27 naciones.<\/span><\/p>\n<p class=\"v1MsoNormal\"><span lang=\"ES\">Mientras las delegaciones rusa y ucraniana se reunieron el lunes para conversar en medio de grandes esperanzas, pero bajas expectativas de cualquier avance diplom\u00e1tico, las fuerzas ucranianas, superadas en n\u00famero, pero empe\u00f1adas en defender al pa\u00eds, han entorpecido el avance de los invasores rusos y, al menos por ahora, mantienen el control de Kiev y otras ciudades.<\/span><\/p>\n<p class=\"v1MsoNormal\"><span lang=\"ES\">El fin de semana, ante la firme resistencia y las fuertes sanciones aplicadas por Occidente, el presidente ruso Vladimir Putin orden\u00f3 colocar en alerta las fuerzas nucleares del pa\u00eds, amenazando con llevar la guerra a un nivel espeluznante.<\/span><\/p>\n<p class=\"v1MsoNormal\"><span lang=\"ES\">Al mismo tiempo el Kremlin nuevamente despert\u00f3 temores de una guerra nuclear el lunes al reportar que sus fuerzas nucleares en tierra, mar y aire estaban en alerta tras la orden de Putin el fin de semana.<\/span><\/p>\n<p class=\"v1MsoNormal\"><span lang=\"ES\">Intensificando su ret\u00f3rica, Putin denunci\u00f3 a Estados Unidos y sus aliados, calific\u00e1ndolos de \u201cun imperio de mentiras\u201d.<\/span><\/p>\n<p class=\"v1MsoNormal\"><span lang=\"ES\">Ayer reinaba una tensa calma en Kiev, donde muchos habitantes hac\u00edan cola para comprar agua y alimentos tras estar dos noches confinados a sus casas debido a un toque de queda. Pero seg\u00fan videos publicados en las redes sociales, ca\u00edan proyectiles del J\u00e1rkiv, la segunda ciudad m\u00e1s grande de Ucrania, y los videos mostraban a edificios estremecidos por los ca\u00f1oneos. Las autoridades en J\u00e1rkiv informaron que por lo menos siete personas murieron y decenas resultaron heridas, pero advirtieron que ello podr\u00eda aumentar.<\/span><\/p>\n<p class=\"v1MsoNormal\"><span lang=\"ES\">\u201cEllos quer\u00edan tener un blitzkrieg y fracasaron, as\u00ed que ahora act\u00faan de esta manera\u201d, expres\u00f3 Valentin Petrovich, un habitante de la ciudad de 83 a\u00f1os de edad, quien pidi\u00f3 no usar su apellido por temor a represalias.<\/span><\/p>\n<p class=\"v1MsoNormal\"><span lang=\"ES\">Las fuerzas rusas niegan estar atacando zonas residenciales, pese a evidencia abrumadora de que viviendas, escuelas y hospitales est\u00e1n siendo bombardeados.<\/span><\/p>\n<p class=\"v1MsoNormal\"><span lang=\"ES\">Familias ucranianas, presas del p\u00e1nico, se aglomeraban en refugios antibombas, s\u00f3tanos o corredores, a la espera del desenlace.<\/span><\/p>\n<p class=\"v1MsoNormal\"><span lang=\"ES\">De momento no se sabe exactamente cu\u00e1ntas vidas se han perdido en este conflicto. El comisionado de derechos humanos de la ONU dijo que 102 civiles han muerto y centenares han resultado heridos, pero al mismo tiempo advirti\u00f3 que la cifra real probablemente es mucho mayor. El presidente de Ucrania indic\u00f3 que por lo menos 16 menores de edad han perdido la vida.<\/span><\/p>\n<p class=\"v1MsoNormal\"><span lang=\"ES\">M\u00e1s de 500.000 personas han huido del pa\u00eds desde la invasi\u00f3n, dijo el lunes otro funcionario de la ONU. Millones de personas han abandonado sus viviendas. (INFOBAE)<\/span><\/p>\n<p class=\"v1MsoNormal\"><span lang=\"ES\">\u00a0<\/span><\/p>\n","protected":false},"excerpt":{"rendered":"<p>Las delegaciones rusa y ucraniana acordaron realizar una \u201csegunda ronda\u201d de negociaciones, seg\u00fan anunciaron de ambas partes. Tras concluir una primera reuni\u00f3n, optaron por regresar a sus respectivas capitales para examinar la situaci\u00f3n. \u201cLas partes establecieron una serie de prioridades y cuestiones que requieren algunas decisiones\u201d, dijo Mikhailo Podolyak, uno de los negociadores ucranianos, mientras [&hellip;]<\/p>\n","protected":false},"author":1,"featured_media":66529,"comment_status":"closed","ping_status":"closed","sticky":false,"template":"","format":"standard","meta":{"_acf_changed":false,"footnotes":""},"categories":[3],"tags":[],"class_list":["post-66528","post","type-post","status-publish","format-standard","has-post-thumbnail","category-internacional"],"acf":{"antetitulo":""},"yoast_head":"<!-- This site is optimized with the Yoast SEO plugin v28.4 - https:\/\/yoast.com\/product\/yoast-seo-wordpress\/ -->\n<title>Ucrania y Rusia concurrir\u00e1n a segunda ronda de negociaciones - El Diario - Bolivia<\/title>\n<meta name=\"robots\" content=\"index, follow, max-snippet:-1, max-image-preview:large, max-video-preview:-1\" \/>\n<link rel=\"canonical\" href=\"https:\/\/www.eldiario.net\/portal\/2022\/03\/01\/ucrania-y-rusia-concurriran-a-segunda-ronda-de-negociaciones\/\" \/>\n<meta property=\"og:locale\" content=\"es_ES\" \/>\n<meta property=\"og:type\" content=\"article\" \/>\n<meta property=\"og:title\" content=\"Ucrania y Rusia concurrir\u00e1n a segunda ronda de negociaciones - El Diario - Bolivia\" \/>\n<meta property=\"og:description\" content=\"Las delegaciones rusa y ucraniana acordaron realizar una \u201csegunda ronda\u201d de negociaciones, seg\u00fan anunciaron de ambas partes. Tras concluir una primera reuni\u00f3n, optaron por regresar a sus respectivas capitales para examinar la situaci\u00f3n. \u201cLas partes establecieron una serie de prioridades y cuestiones que requieren algunas decisiones\u201d, dijo Mikhailo Podolyak, uno de los negociadores ucranianos, mientras [&hellip;]\" \/>\n<meta property=\"og:url\" content=\"https:\/\/www.eldiario.net\/portal\/2022\/03\/01\/ucrania-y-rusia-concurriran-a-segunda-ronda-de-negociaciones\/\" \/>\n<meta property=\"og:site_name\" content=\"El Diario - Bolivia\" \/>\n<meta property=\"article:publisher\" content=\"https:\/\/www.facebook.com\/eldiario.bolivia\/\" \/>\n<meta property=\"article:published_time\" content=\"2022-03-01T09:00:40+00:00\" \/>\n<meta name=\"author\" content=\"Jeanette\" \/>\n<meta name=\"twitter:card\" content=\"summary_large_image\" \/>\n<meta name=\"twitter:creator\" content=\"@eldiario_net\" \/>\n<meta name=\"twitter:site\" content=\"@eldiario_net\" \/>\n<meta name=\"twitter:label1\" content=\"Escrito por\" \/>\n\t<meta name=\"twitter:data1\" content=\"Jeanette\" \/>\n\t<meta name=\"twitter:label2\" content=\"Tiempo de lectura\" \/>\n\t<meta name=\"twitter:data2\" content=\"4 minutos\" \/>\n<script type=\"application\/ld+json\" class=\"yoast-schema-graph\">{\"@context\":\"https:\\\/\\\/schema.org\",\"@graph\":[{\"@type\":\"Article\",\"@id\":\"https:\\\/\\\/www.eldiario.net\\\/portal\\\/2022\\\/03\\\/01\\\/ucrania-y-rusia-concurriran-a-segunda-ronda-de-negociaciones\\\/#article\",\"isPartOf\":{\"@id\":\"https:\\\/\\\/www.eldiario.net\\\/portal\\\/2022\\\/03\\\/01\\\/ucrania-y-rusia-concurriran-a-segunda-ronda-de-negociaciones\\\/\"},\"author\":{\"name\":\"Jeanette\",\"@id\":\"https:\\\/\\\/www.eldiario.net\\\/portal\\\/#\\\/schema\\\/person\\\/2c57cf2b7a7ae032e449e4c9b1019eac\"},\"headline\":\"Ucrania y Rusia concurrir\u00e1n a segunda ronda de negociaciones\",\"datePublished\":\"2022-03-01T09:00:40+00:00\",\"mainEntityOfPage\":{\"@id\":\"https:\\\/\\\/www.eldiario.net\\\/portal\\\/2022\\\/03\\\/01\\\/ucrania-y-rusia-concurriran-a-segunda-ronda-de-negociaciones\\\/\"},\"wordCount\":741,\"publisher\":{\"@id\":\"https:\\\/\\\/www.eldiario.net\\\/portal\\\/#organization\"},\"image\":{\"@id\":\"https:\\\/\\\/www.eldiario.net\\\/portal\\\/2022\\\/03\\\/01\\\/ucrania-y-rusia-concurriran-a-segunda-ronda-de-negociaciones\\\/#primaryimage\"},\"thumbnailUrl\":\"\",\"articleSection\":[\"Internacional\"],\"inLanguage\":\"es\"},{\"@type\":\"WebPage\",\"@id\":\"https:\\\/\\\/www.eldiario.net\\\/portal\\\/2022\\\/03\\\/01\\\/ucrania-y-rusia-concurriran-a-segunda-ronda-de-negociaciones\\\/\",\"url\":\"https:\\\/\\\/www.eldiario.net\\\/portal\\\/2022\\\/03\\\/01\\\/ucrania-y-rusia-concurriran-a-segunda-ronda-de-negociaciones\\\/\",\"name\":\"Ucrania y Rusia concurrir\u00e1n a segunda ronda de negociaciones - El Diario - Bolivia\",\"isPartOf\":{\"@id\":\"https:\\\/\\\/www.eldiario.net\\\/portal\\\/#website\"},\"primaryImageOfPage\":{\"@id\":\"https:\\\/\\\/www.eldiario.net\\\/portal\\\/2022\\\/03\\\/01\\\/ucrania-y-rusia-concurriran-a-segunda-ronda-de-negociaciones\\\/#primaryimage\"},\"image\":{\"@id\":\"https:\\\/\\\/www.eldiario.net\\\/portal\\\/2022\\\/03\\\/01\\\/ucrania-y-rusia-concurriran-a-segunda-ronda-de-negociaciones\\\/#primaryimage\"},\"thumbnailUrl\":\"\",\"datePublished\":\"2022-03-01T09:00:40+00:00\",\"breadcrumb\":{\"@id\":\"https:\\\/\\\/www.eldiario.net\\\/portal\\\/2022\\\/03\\\/01\\\/ucrania-y-rusia-concurriran-a-segunda-ronda-de-negociaciones\\\/#breadcrumb\"},\"inLanguage\":\"es\",\"potentialAction\":[{\"@type\":\"ReadAction\",\"target\":[\"https:\\\/\\\/www.eldiario.net\\\/portal\\\/2022\\\/03\\\/01\\\/ucrania-y-rusia-concurriran-a-segunda-ronda-de-negociaciones\\\/\"]}]},{\"@type\":\"ImageObject\",\"inLanguage\":\"es\",\"@id\":\"https:\\\/\\\/www.eldiario.net\\\/portal\\\/2022\\\/03\\\/01\\\/ucrania-y-rusia-concurriran-a-segunda-ronda-de-negociaciones\\\/#primaryimage\",\"url\":\"\",\"contentUrl\":\"\"},{\"@type\":\"BreadcrumbList\",\"@id\":\"https:\\\/\\\/www.eldiario.net\\\/portal\\\/2022\\\/03\\\/01\\\/ucrania-y-rusia-concurriran-a-segunda-ronda-de-negociaciones\\\/#breadcrumb\",\"itemListElement\":[{\"@type\":\"ListItem\",\"position\":1,\"name\":\"Portada\",\"item\":\"https:\\\/\\\/www.eldiario.net\\\/portal\\\/\"},{\"@type\":\"ListItem\",\"position\":2,\"name\":\"Ucrania y Rusia concurrir\u00e1n a segunda ronda de negociaciones\"}]},{\"@type\":\"WebSite\",\"@id\":\"https:\\\/\\\/www.eldiario.net\\\/portal\\\/#website\",\"url\":\"https:\\\/\\\/www.eldiario.net\\\/portal\\\/\",\"name\":\"El Diario - Decano de la prensa nacional\",\"description\":\"El Diario - Decano de la prensa nacional\",\"publisher\":{\"@id\":\"https:\\\/\\\/www.eldiario.net\\\/portal\\\/#organization\"},\"potentialAction\":[{\"@type\":\"SearchAction\",\"target\":{\"@type\":\"EntryPoint\",\"urlTemplate\":\"https:\\\/\\\/www.eldiario.net\\\/portal\\\/?s={search_term_string}\"},\"query-input\":{\"@type\":\"PropertyValueSpecification\",\"valueRequired\":true,\"valueName\":\"search_term_string\"}}],\"inLanguage\":\"es\"},{\"@type\":\"Organization\",\"@id\":\"https:\\\/\\\/www.eldiario.net\\\/portal\\\/#organization\",\"name\":\"El Diario - Decano de la prensa nacional\",\"url\":\"https:\\\/\\\/www.eldiario.net\\\/portal\\\/\",\"logo\":{\"@type\":\"ImageObject\",\"inLanguage\":\"es\",\"@id\":\"https:\\\/\\\/www.eldiario.net\\\/portal\\\/#\\\/schema\\\/logo\\\/image\\\/\",\"url\":\"https:\\\/\\\/www.eldiario.net\\\/portal\\\/wp-content\\\/uploads\\\/2023\\\/07\\\/logo_ED.jpg\",\"contentUrl\":\"https:\\\/\\\/www.eldiario.net\\\/portal\\\/wp-content\\\/uploads\\\/2023\\\/07\\\/logo_ED.jpg\",\"width\":272,\"height\":52,\"caption\":\"El Diario - Decano de la prensa nacional\"},\"image\":{\"@id\":\"https:\\\/\\\/www.eldiario.net\\\/portal\\\/#\\\/schema\\\/logo\\\/image\\\/\"},\"sameAs\":[\"https:\\\/\\\/www.facebook.com\\\/eldiario.bolivia\\\/\",\"https:\\\/\\\/x.com\\\/eldiario_net\"]},{\"@type\":\"Person\",\"@id\":\"https:\\\/\\\/www.eldiario.net\\\/portal\\\/#\\\/schema\\\/person\\\/2c57cf2b7a7ae032e449e4c9b1019eac\",\"name\":\"Jeanette\",\"image\":{\"@type\":\"ImageObject\",\"inLanguage\":\"es\",\"@id\":\"https:\\\/\\\/secure.gravatar.com\\\/avatar\\\/3ea2118a5f7dad2b7138b1187a6b7ee55f160b9968b66013c3a3ef39dd7e5798?s=96&d=mm&r=g\",\"url\":\"https:\\\/\\\/secure.gravatar.com\\\/avatar\\\/3ea2118a5f7dad2b7138b1187a6b7ee55f160b9968b66013c3a3ef39dd7e5798?s=96&d=mm&r=g\",\"contentUrl\":\"https:\\\/\\\/secure.gravatar.com\\\/avatar\\\/3ea2118a5f7dad2b7138b1187a6b7ee55f160b9968b66013c3a3ef39dd7e5798?s=96&d=mm&r=g\",\"caption\":\"Jeanette\"},\"sameAs\":[\"https:\\\/\\\/www.eldiario.net\\\/portal\"],\"url\":\"https:\\\/\\\/www.eldiario.net\\\/portal\\\/author\\\/jeanette\\\/\"}]}<\/script>\n<!-- \/ Yoast SEO plugin. -->","yoast_head_json":{"title":"Ucrania y Rusia concurrir\u00e1n a segunda ronda de negociaciones - El Diario - Bolivia","robots":{"index":"index","follow":"follow","max-snippet":"max-snippet:-1","max-image-preview":"max-image-preview:large","max-video-preview":"max-video-preview:-1"},"canonical":"https:\/\/www.eldiario.net\/portal\/2022\/03\/01\/ucrania-y-rusia-concurriran-a-segunda-ronda-de-negociaciones\/","og_locale":"es_ES","og_type":"article","og_title":"Ucrania y Rusia concurrir\u00e1n a segunda ronda de negociaciones - El Diario - Bolivia","og_description":"Las delegaciones rusa y ucraniana acordaron realizar una \u201csegunda ronda\u201d de negociaciones, seg\u00fan anunciaron de ambas partes. Tras concluir una primera reuni\u00f3n, optaron por regresar a sus respectivas capitales para examinar la situaci\u00f3n. \u201cLas partes establecieron una serie de prioridades y cuestiones que requieren algunas decisiones\u201d, dijo Mikhailo Podolyak, uno de los negociadores ucranianos, mientras [&hellip;]","og_url":"https:\/\/www.eldiario.net\/portal\/2022\/03\/01\/ucrania-y-rusia-concurriran-a-segunda-ronda-de-negociaciones\/","og_site_name":"El Diario - Bolivia","article_publisher":"https:\/\/www.facebook.com\/eldiario.bolivia\/","article_published_time":"2022-03-01T09:00:40+00:00","author":"Jeanette","twitter_card":"summary_large_image","twitter_creator":"@eldiario_net","twitter_site":"@eldiario_net","twitter_misc":{"Escrito por":"Jeanette","Tiempo de lectura":"4 minutos"},"schema":{"@context":"https:\/\/schema.org","@graph":[{"@type":"Article","@id":"https:\/\/www.eldiario.net\/portal\/2022\/03\/01\/ucrania-y-rusia-concurriran-a-segunda-ronda-de-negociaciones\/#article","isPartOf":{"@id":"https:\/\/www.eldiario.net\/portal\/2022\/03\/01\/ucrania-y-rusia-concurriran-a-segunda-ronda-de-negociaciones\/"},"author":{"name":"Jeanette","@id":"https:\/\/www.eldiario.net\/portal\/#\/schema\/person\/2c57cf2b7a7ae032e449e4c9b1019eac"},"headline":"Ucrania y Rusia concurrir\u00e1n a segunda ronda de negociaciones","datePublished":"2022-03-01T09:00:40+00:00","mainEntityOfPage":{"@id":"https:\/\/www.eldiario.net\/portal\/2022\/03\/01\/ucrania-y-rusia-concurriran-a-segunda-ronda-de-negociaciones\/"},"wordCount":741,"publisher":{"@id":"https:\/\/www.eldiario.net\/portal\/#organization"},"image":{"@id":"https:\/\/www.eldiario.net\/portal\/2022\/03\/01\/ucrania-y-rusia-concurriran-a-segunda-ronda-de-negociaciones\/#primaryimage"},"thumbnailUrl":"","articleSection":["Internacional"],"inLanguage":"es"},{"@type":"WebPage","@id":"https:\/\/www.eldiario.net\/portal\/2022\/03\/01\/ucrania-y-rusia-concurriran-a-segunda-ronda-de-negociaciones\/","url":"https:\/\/www.eldiario.net\/portal\/2022\/03\/01\/ucrania-y-rusia-concurriran-a-segunda-ronda-de-negociaciones\/","name":"Ucrania y Rusia concurrir\u00e1n a segunda ronda de negociaciones - El Diario - Bolivia","isPartOf":{"@id":"https:\/\/www.eldiario.net\/portal\/#website"},"primaryImageOfPage":{"@id":"https:\/\/www.eldiario.net\/portal\/2022\/03\/01\/ucrania-y-rusia-concurriran-a-segunda-ronda-de-negociaciones\/#primaryimage"},"image":{"@id":"https:\/\/www.eldiario.net\/portal\/2022\/03\/01\/ucrania-y-rusia-concurriran-a-segunda-ronda-de-negociaciones\/#primaryimage"},"thumbnailUrl":"","datePublished":"2022-03-01T09:00:40+00:00","breadcrumb":{"@id":"https:\/\/www.eldiario.net\/portal\/2022\/03\/01\/ucrania-y-rusia-concurriran-a-segunda-ronda-de-negociaciones\/#breadcrumb"},"inLanguage":"es","potentialAction":[{"@type":"ReadAction","target":["https:\/\/www.eldiario.net\/portal\/2022\/03\/01\/ucrania-y-rusia-concurriran-a-segunda-ronda-de-negociaciones\/"]}]},{"@type":"ImageObject","inLanguage":"es","@id":"https:\/\/www.eldiario.net\/portal\/2022\/03\/01\/ucrania-y-rusia-concurriran-a-segunda-ronda-de-negociaciones\/#primaryimage","url":"","contentUrl":""},{"@type":"BreadcrumbList","@id":"https:\/\/www.eldiario.net\/portal\/2022\/03\/01\/ucrania-y-rusia-concurriran-a-segunda-ronda-de-negociaciones\/#breadcrumb","itemListElement":[{"@type":"ListItem","position":1,"name":"Portada","item":"https:\/\/www.eldiario.net\/portal\/"},{"@type":"ListItem","position":2,"name":"Ucrania y Rusia concurrir\u00e1n a segunda ronda de negociaciones"}]},{"@type":"WebSite","@id":"https:\/\/www.eldiario.net\/portal\/#website","url":"https:\/\/www.eldiario.net\/portal\/","name":"El Diario - Decano de la prensa nacional","description":"El Diario - Decano de la prensa nacional","publisher":{"@id":"https:\/\/www.eldiario.net\/portal\/#organization"},"potentialAction":[{"@type":"SearchAction","target":{"@type":"EntryPoint","urlTemplate":"https:\/\/www.eldiario.net\/portal\/?s={search_term_string}"},"query-input":{"@type":"PropertyValueSpecification","valueRequired":true,"valueName":"search_term_string"}}],"inLanguage":"es"},{"@type":"Organization","@id":"https:\/\/www.eldiario.net\/portal\/#organization","name":"El Diario - Decano de la prensa nacional","url":"https:\/\/www.eldiario.net\/portal\/","logo":{"@type":"ImageObject","inLanguage":"es","@id":"https:\/\/www.eldiario.net\/portal\/#\/schema\/logo\/image\/","url":"https:\/\/www.eldiario.net\/portal\/wp-content\/uploads\/2023\/07\/logo_ED.jpg","contentUrl":"https:\/\/www.eldiario.net\/portal\/wp-content\/uploads\/2023\/07\/logo_ED.jpg","width":272,"height":52,"caption":"El Diario - Decano de la prensa nacional"},"image":{"@id":"https:\/\/www.eldiario.net\/portal\/#\/schema\/logo\/image\/"},"sameAs":["https:\/\/www.facebook.com\/eldiario.bolivia\/","https:\/\/x.com\/eldiario_net"]},{"@type":"Person","@id":"https:\/\/www.eldiario.net\/portal\/#\/schema\/person\/2c57cf2b7a7ae032e449e4c9b1019eac","name":"Jeanette","image":{"@type":"ImageObject","inLanguage":"es","@id":"https:\/\/secure.gravatar.com\/avatar\/3ea2118a5f7dad2b7138b1187a6b7ee55f160b9968b66013c3a3ef39dd7e5798?s=96&d=mm&r=g","url":"https:\/\/secure.gravatar.com\/avatar\/3ea2118a5f7dad2b7138b1187a6b7ee55f160b9968b66013c3a3ef39dd7e5798?s=96&d=mm&r=g","contentUrl":"https:\/\/secure.gravatar.com\/avatar\/3ea2118a5f7dad2b7138b1187a6b7ee55f160b9968b66013c3a3ef39dd7e5798?s=96&d=mm&r=g","caption":"Jeanette"},"sameAs":["https:\/\/www.eldiario.net\/portal"],"url":"https:\/\/www.eldiario.net\/portal\/author\/jeanette\/"}]}},"_links":{"self":[{"href":"https:\/\/www.eldiario.net\/portal\/wp-json\/wp\/v2\/posts\/66528","targetHints":{"allow":["GET"]}}],"collection":[{"href":"https:\/\/www.eldiario.net\/portal\/wp-json\/wp\/v2\/posts"}],"about":[{"href":"https:\/\/www.eldiario.net\/portal\/wp-json\/wp\/v2\/types\/post"}],"author":[{"embeddable":true,"href":"https:\/\/www.eldiario.net\/portal\/wp-json\/wp\/v2\/users\/1"}],"replies":[{"embeddable":true,"href":"https:\/\/www.eldiario.net\/portal\/wp-json\/wp\/v2\/comments?post=66528"}],"version-history":[{"count":0,"href":"https:\/\/www.eldiario.net\/portal\/wp-json\/wp\/v2\/posts\/66528\/revisions"}],"wp:attachment":[{"href":"https:\/\/www.eldiario.net\/portal\/wp-json\/wp\/v2\/media?parent=66528"}],"wp:term":[{"taxonomy":"category","embeddable":true,"href":"https:\/\/www.eldiario.net\/portal\/wp-json\/wp\/v2\/categories?post=66528"},{"taxonomy":"post_tag","embeddable":true,"href":"https:\/\/www.eldiario.net\/portal\/wp-json\/wp\/v2\/tags?post=66528"}],"curies":[{"name":"wp","href":"https:\/\/api.w.org\/{rel}","templated":true}]}}