{"id":66524,"date":"2022-03-01T04:59:36","date_gmt":"2022-03-01T08:59:36","guid":{"rendered":"https:\/\/www.eldiario.net\/portal\/?p=66524"},"modified":"2022-03-01T04:59:36","modified_gmt":"2022-03-01T08:59:36","slug":"suiza-aplica-sanciones-de-la-union-europea-contra-rusia","status":"publish","type":"post","link":"https:\/\/www.eldiario.net\/portal\/2022\/03\/01\/suiza-aplica-sanciones-de-la-union-europea-contra-rusia\/","title":{"rendered":"Suiza aplica sanciones de la  Uni\u00f3n Europea contra Rusia"},"content":{"rendered":"<p class=\"v1MsoNormal\"><span lang=\"ES\">Suiza, pa\u00eds hist\u00f3ricamente neutral en todo conflicto b\u00e9lico en el mundo, adoptar\u00e1 finalmente las sanciones de la Uni\u00f3n Europea contra los rusos implicados en la invasi\u00f3n de Ucrania por parte de Mosc\u00fa y congelar\u00e1 sus activos, en una fuerte desviaci\u00f3n de las tradiciones del pa\u00eds alpino.<\/span><\/p>\n<p class=\"v1MsoNormal\"><span lang=\"ES\">El presidente suizo Ignazio Cassis hab\u00eda dicho el domingo que era \u201cmuy probable\u201d que su pa\u00eds siguiera la l\u00ednea de la UE dejando atr\u00e1s su neutralidad. Las medidas afectar\u00e1n al dictador ruso y su c\u00edrculo m\u00e1s cercano.<\/span><\/p>\n<p class=\"v1MsoNormal\"><span lang=\"ES\">Suiza, pa\u00eds hist\u00f3ricamente neutral en todo conflicto b\u00e9lico en el mundo, adoptar\u00e1 finalmente las sanciones de la Uni\u00f3n Europea contra los rusos implicados en la invasi\u00f3n de Ucrania por parte de Mosc\u00fa y congelar\u00e1 sus activos, dijo el Gobierno el lunes en una fuerte desviaci\u00f3n de las tradiciones del pa\u00eds alpino. El presidente suizo, Ignazio Cassis, hab\u00eda dicho ayer que era \u201cmuy probable\u201d que Suiza siguiera la l\u00ednea de la UE.<\/span><\/p>\n<p class=\"v1MsoNormal\"><span lang=\"ES\">El Consejo Federal suizo tambi\u00e9n impuso prohibiciones de entrada a los oligarcas rusos y personas cercanas al presidente ruso Putin, explic\u00f3 la Consejera Federal Karin Keller-Sutter, durante una rueda de prensa. Otras cinco personas resultaron afectadas que, por razones de protecci\u00f3n de la privacidad, no proporciona m\u00e1s informaci\u00f3n, seg\u00fan consign\u00f3 SRF.<\/span><\/p>\n<p class=\"v1MsoNormal\"><span lang=\"ES\">Esa instituci\u00f3n tambi\u00e9n ha decidido suspender parcialmente el acuerdo de 2009 sobre la facilitaci\u00f3n de visados para los rusos. Los titulares de pasaportes diplom\u00e1ticos seguir\u00e1n pudiendo ingresar al pa\u00eds sin visa. Adem\u00e1s, Suiza participar\u00e1 en la ayuda humanitaria y en el tratamiento del flujo de refugiados, asegur\u00f3 Keller-Sutter. \u201cQueremos ser generosos y simples\u201d, dijo la tambi\u00e9n ministra de Justicia en relaci\u00f3n con la admisi\u00f3n de refugiados.<\/span><\/p>\n<p class=\"v1MsoNormal\"><span lang=\"ES\">Por su parte, el ministro de Finanzas suizo, Ueli Maurer, indic\u00f3 que los activos de las personas que figuran en la lista -compartida con la Uni\u00f3n Europea- ser\u00e1n congelados \u201cinmediatamente\u201d. Al mismo tiempo, asegur\u00f3 que \u201cSuiza apoyar\u00e1 la decisi\u00f3n\u201d de expulsar a Rusia del sistema SWIFT.<\/span><\/p>\n<p class=\"v1MsoNormal\"><span lang=\"ES\">\u00a0<\/span><\/p>\n<p class=\"v1MsoNormal\"><span lang=\"ES\">QU\u00c9 ES EL SISTEMA\u00a0 SWIFT<\/span><\/p>\n<p class=\"v1MsoNormal\"><span lang=\"ES\">La Society for World Interbank Financial Telecommunication, m\u00e1s conocida por sus siglas SWIFT, es una cooperativa de sociedades financieras, fundamentalmente bancos, que permite hacer transacciones internacionales.<\/span><\/p>\n<p class=\"v1MsoNormal\"><span lang=\"ES\">La medida afecta a algunos bancos rusos y las reservas internacionales del banco central ruso, que se har\u00e1n efectivas \u201cen los pr\u00f3ximos d\u00edas\u201d, dijeron las naciones en un comunicado conjunto.<\/span><\/p>\n<p class=\"v1MsoNormal\"><span lang=\"ES\">SWIFT es la columna vertebral del sistema financiero global. Significa Sociedad para las Telecomunicaciones Financieras Interbancarias Mundiales, funciona desde 1973 y lo usan 11.000 bancos en 200 pa\u00edses o territorios para poder hacer transferencias. Impedir el acceso de bancos rusos significa desconectarlos financieramente del mundo.<\/span><\/p>\n<p class=\"v1MsoNormal\"><span lang=\"ES\">Sanciones de EEUU al Banco Central de Rusia y el Fondo de Inversi\u00f3n.<\/span><\/p>\n<p class=\"v1MsoNormal\"><span lang=\"ES\">La Oficina de Control de Activos Extranjeros (OFAC) del Departamento del Tesoro de los EEUU prohibi\u00f3 a los estadounidenses realizar transacciones con el Banco Central de la Federaci\u00f3n Rusa, el Fondo Nacional de Riqueza de la Federaci\u00f3n Rusa y el Ministerio de Finanzas de La Federaci\u00f3n Rusa.<\/span><\/p>\n<p class=\"v1MsoNormal\"><span lang=\"ES\">Esta acci\u00f3n inmoviliza efectivamente cualquier activo del Banco Central de la Federaci\u00f3n Rusa en los Estados Unidos o por personas estadounidenses, dondequiera que se encuentren.<\/span><\/p>\n<p class=\"v1MsoNormal\"><span lang=\"ES\">Adem\u00e1s, siguiendo las instrucciones del presidente Joe Biden la semana pasada, la OFAC sancion\u00f3 a un fondo de riqueza soberano ruso clave, el Russian Direct Investment Fund (RDIF), con exposici\u00f3n al sistema financiero de los Estados Unidos y a su director ejecutivo (CEO), Kirill Dmitriev, un<\/span><\/p>\n<p class=\"v1MsoNormal\"><span lang=\"ES\">conocido aliado del presidente ruso, Vladimir Putin. Se trata del mismo fondo que financia las vacunas contra el coronavirus Sputnik V.<\/span><\/p>\n<p class=\"v1MsoNormal\"><span lang=\"ES\">\u201cPutin y su c\u00edrculo \u00edntimo de compinches han confiado durante mucho tiempo en RDIF y Dmitriev para recaudar fondos en el extranjero, incluso en los Estados Unidos. Al restringir a\u00fan m\u00e1s a estas personas y entidades del sistema financiero estadounidense, Estados Unidos contin\u00faa demostrando su compromiso inquebrantable de apoyar a Ucrania, imponer costos al c\u00edrculo \u00edntimo de Putin o a aquellos conectados con Putin y su elecci\u00f3n por la guerra, y evitar que el r\u00e9gimen de Putin aumente capital para financiar su invasi\u00f3n de Ucrania y otras prioridades\u201d, expres\u00f3 el Departamento del Tesoro norteamericano, a trav\u00e9s de un comunicado publicado en su portal web.(INFOBAE)<\/span><\/p>\n","protected":false},"excerpt":{"rendered":"<p>Suiza, pa\u00eds hist\u00f3ricamente neutral en todo conflicto b\u00e9lico en el mundo, adoptar\u00e1 finalmente las sanciones de la Uni\u00f3n Europea contra los rusos implicados en la invasi\u00f3n de Ucrania por parte de Mosc\u00fa y congelar\u00e1 sus activos, en una fuerte desviaci\u00f3n de las tradiciones del pa\u00eds alpino. El presidente suizo Ignazio Cassis hab\u00eda dicho el domingo [&hellip;]<\/p>\n","protected":false},"author":1,"featured_media":66525,"comment_status":"closed","ping_status":"closed","sticky":false,"template":"","format":"standard","meta":{"_acf_changed":false,"footnotes":""},"categories":[3],"tags":[],"class_list":["post-66524","post","type-post","status-publish","format-standard","has-post-thumbnail","category-internacional"],"acf":{"antetitulo":""},"yoast_head":"<!-- This site is optimized with the Yoast SEO plugin v28.4 - https:\/\/yoast.com\/product\/yoast-seo-wordpress\/ -->\n<title>Suiza aplica sanciones de la Uni\u00f3n Europea contra Rusia - El Diario - Bolivia<\/title>\n<meta name=\"robots\" content=\"index, follow, max-snippet:-1, max-image-preview:large, max-video-preview:-1\" \/>\n<link rel=\"canonical\" href=\"https:\/\/www.eldiario.net\/portal\/2022\/03\/01\/suiza-aplica-sanciones-de-la-union-europea-contra-rusia\/\" \/>\n<meta property=\"og:locale\" content=\"es_ES\" \/>\n<meta property=\"og:type\" content=\"article\" \/>\n<meta property=\"og:title\" content=\"Suiza aplica sanciones de la Uni\u00f3n Europea contra Rusia - El Diario - Bolivia\" \/>\n<meta property=\"og:description\" content=\"Suiza, pa\u00eds hist\u00f3ricamente neutral en todo conflicto b\u00e9lico en el mundo, adoptar\u00e1 finalmente las sanciones de la Uni\u00f3n Europea contra los rusos implicados en la invasi\u00f3n de Ucrania por parte de Mosc\u00fa y congelar\u00e1 sus activos, en una fuerte desviaci\u00f3n de las tradiciones del pa\u00eds alpino. El presidente suizo Ignazio Cassis hab\u00eda dicho el domingo [&hellip;]\" \/>\n<meta property=\"og:url\" content=\"https:\/\/www.eldiario.net\/portal\/2022\/03\/01\/suiza-aplica-sanciones-de-la-union-europea-contra-rusia\/\" \/>\n<meta property=\"og:site_name\" content=\"El Diario - Bolivia\" \/>\n<meta property=\"article:publisher\" content=\"https:\/\/www.facebook.com\/eldiario.bolivia\/\" \/>\n<meta property=\"article:published_time\" content=\"2022-03-01T08:59:36+00:00\" \/>\n<meta name=\"author\" content=\"Jeanette\" \/>\n<meta name=\"twitter:card\" content=\"summary_large_image\" \/>\n<meta name=\"twitter:creator\" content=\"@eldiario_net\" \/>\n<meta name=\"twitter:site\" content=\"@eldiario_net\" \/>\n<meta name=\"twitter:label1\" content=\"Escrito por\" \/>\n\t<meta name=\"twitter:data1\" content=\"Jeanette\" \/>\n\t<meta name=\"twitter:label2\" content=\"Tiempo de lectura\" \/>\n\t<meta name=\"twitter:data2\" content=\"4 minutos\" \/>\n<script type=\"application\/ld+json\" class=\"yoast-schema-graph\">{\"@context\":\"https:\\\/\\\/schema.org\",\"@graph\":[{\"@type\":\"Article\",\"@id\":\"https:\\\/\\\/www.eldiario.net\\\/portal\\\/2022\\\/03\\\/01\\\/suiza-aplica-sanciones-de-la-union-europea-contra-rusia\\\/#article\",\"isPartOf\":{\"@id\":\"https:\\\/\\\/www.eldiario.net\\\/portal\\\/2022\\\/03\\\/01\\\/suiza-aplica-sanciones-de-la-union-europea-contra-rusia\\\/\"},\"author\":{\"name\":\"Jeanette\",\"@id\":\"https:\\\/\\\/www.eldiario.net\\\/portal\\\/#\\\/schema\\\/person\\\/2c57cf2b7a7ae032e449e4c9b1019eac\"},\"headline\":\"Suiza aplica sanciones de la Uni\u00f3n Europea contra Rusia\",\"datePublished\":\"2022-03-01T08:59:36+00:00\",\"mainEntityOfPage\":{\"@id\":\"https:\\\/\\\/www.eldiario.net\\\/portal\\\/2022\\\/03\\\/01\\\/suiza-aplica-sanciones-de-la-union-europea-contra-rusia\\\/\"},\"wordCount\":749,\"publisher\":{\"@id\":\"https:\\\/\\\/www.eldiario.net\\\/portal\\\/#organization\"},\"image\":{\"@id\":\"https:\\\/\\\/www.eldiario.net\\\/portal\\\/2022\\\/03\\\/01\\\/suiza-aplica-sanciones-de-la-union-europea-contra-rusia\\\/#primaryimage\"},\"thumbnailUrl\":\"\",\"articleSection\":[\"Internacional\"],\"inLanguage\":\"es\"},{\"@type\":\"WebPage\",\"@id\":\"https:\\\/\\\/www.eldiario.net\\\/portal\\\/2022\\\/03\\\/01\\\/suiza-aplica-sanciones-de-la-union-europea-contra-rusia\\\/\",\"url\":\"https:\\\/\\\/www.eldiario.net\\\/portal\\\/2022\\\/03\\\/01\\\/suiza-aplica-sanciones-de-la-union-europea-contra-rusia\\\/\",\"name\":\"Suiza aplica sanciones de la Uni\u00f3n Europea contra Rusia - El Diario - Bolivia\",\"isPartOf\":{\"@id\":\"https:\\\/\\\/www.eldiario.net\\\/portal\\\/#website\"},\"primaryImageOfPage\":{\"@id\":\"https:\\\/\\\/www.eldiario.net\\\/portal\\\/2022\\\/03\\\/01\\\/suiza-aplica-sanciones-de-la-union-europea-contra-rusia\\\/#primaryimage\"},\"image\":{\"@id\":\"https:\\\/\\\/www.eldiario.net\\\/portal\\\/2022\\\/03\\\/01\\\/suiza-aplica-sanciones-de-la-union-europea-contra-rusia\\\/#primaryimage\"},\"thumbnailUrl\":\"\",\"datePublished\":\"2022-03-01T08:59:36+00:00\",\"breadcrumb\":{\"@id\":\"https:\\\/\\\/www.eldiario.net\\\/portal\\\/2022\\\/03\\\/01\\\/suiza-aplica-sanciones-de-la-union-europea-contra-rusia\\\/#breadcrumb\"},\"inLanguage\":\"es\",\"potentialAction\":[{\"@type\":\"ReadAction\",\"target\":[\"https:\\\/\\\/www.eldiario.net\\\/portal\\\/2022\\\/03\\\/01\\\/suiza-aplica-sanciones-de-la-union-europea-contra-rusia\\\/\"]}]},{\"@type\":\"ImageObject\",\"inLanguage\":\"es\",\"@id\":\"https:\\\/\\\/www.eldiario.net\\\/portal\\\/2022\\\/03\\\/01\\\/suiza-aplica-sanciones-de-la-union-europea-contra-rusia\\\/#primaryimage\",\"url\":\"\",\"contentUrl\":\"\"},{\"@type\":\"BreadcrumbList\",\"@id\":\"https:\\\/\\\/www.eldiario.net\\\/portal\\\/2022\\\/03\\\/01\\\/suiza-aplica-sanciones-de-la-union-europea-contra-rusia\\\/#breadcrumb\",\"itemListElement\":[{\"@type\":\"ListItem\",\"position\":1,\"name\":\"Portada\",\"item\":\"https:\\\/\\\/www.eldiario.net\\\/portal\\\/\"},{\"@type\":\"ListItem\",\"position\":2,\"name\":\"Suiza aplica sanciones de la Uni\u00f3n Europea contra Rusia\"}]},{\"@type\":\"WebSite\",\"@id\":\"https:\\\/\\\/www.eldiario.net\\\/portal\\\/#website\",\"url\":\"https:\\\/\\\/www.eldiario.net\\\/portal\\\/\",\"name\":\"El Diario - Decano de la prensa nacional\",\"description\":\"El Diario - Decano de la prensa nacional\",\"publisher\":{\"@id\":\"https:\\\/\\\/www.eldiario.net\\\/portal\\\/#organization\"},\"potentialAction\":[{\"@type\":\"SearchAction\",\"target\":{\"@type\":\"EntryPoint\",\"urlTemplate\":\"https:\\\/\\\/www.eldiario.net\\\/portal\\\/?s={search_term_string}\"},\"query-input\":{\"@type\":\"PropertyValueSpecification\",\"valueRequired\":true,\"valueName\":\"search_term_string\"}}],\"inLanguage\":\"es\"},{\"@type\":\"Organization\",\"@id\":\"https:\\\/\\\/www.eldiario.net\\\/portal\\\/#organization\",\"name\":\"El Diario - Decano de la prensa nacional\",\"url\":\"https:\\\/\\\/www.eldiario.net\\\/portal\\\/\",\"logo\":{\"@type\":\"ImageObject\",\"inLanguage\":\"es\",\"@id\":\"https:\\\/\\\/www.eldiario.net\\\/portal\\\/#\\\/schema\\\/logo\\\/image\\\/\",\"url\":\"https:\\\/\\\/www.eldiario.net\\\/portal\\\/wp-content\\\/uploads\\\/2023\\\/07\\\/logo_ED.jpg\",\"contentUrl\":\"https:\\\/\\\/www.eldiario.net\\\/portal\\\/wp-content\\\/uploads\\\/2023\\\/07\\\/logo_ED.jpg\",\"width\":272,\"height\":52,\"caption\":\"El Diario - Decano de la prensa nacional\"},\"image\":{\"@id\":\"https:\\\/\\\/www.eldiario.net\\\/portal\\\/#\\\/schema\\\/logo\\\/image\\\/\"},\"sameAs\":[\"https:\\\/\\\/www.facebook.com\\\/eldiario.bolivia\\\/\",\"https:\\\/\\\/x.com\\\/eldiario_net\"]},{\"@type\":\"Person\",\"@id\":\"https:\\\/\\\/www.eldiario.net\\\/portal\\\/#\\\/schema\\\/person\\\/2c57cf2b7a7ae032e449e4c9b1019eac\",\"name\":\"Jeanette\",\"image\":{\"@type\":\"ImageObject\",\"inLanguage\":\"es\",\"@id\":\"https:\\\/\\\/secure.gravatar.com\\\/avatar\\\/3ea2118a5f7dad2b7138b1187a6b7ee55f160b9968b66013c3a3ef39dd7e5798?s=96&d=mm&r=g\",\"url\":\"https:\\\/\\\/secure.gravatar.com\\\/avatar\\\/3ea2118a5f7dad2b7138b1187a6b7ee55f160b9968b66013c3a3ef39dd7e5798?s=96&d=mm&r=g\",\"contentUrl\":\"https:\\\/\\\/secure.gravatar.com\\\/avatar\\\/3ea2118a5f7dad2b7138b1187a6b7ee55f160b9968b66013c3a3ef39dd7e5798?s=96&d=mm&r=g\",\"caption\":\"Jeanette\"},\"sameAs\":[\"https:\\\/\\\/www.eldiario.net\\\/portal\"],\"url\":\"https:\\\/\\\/www.eldiario.net\\\/portal\\\/author\\\/jeanette\\\/\"}]}<\/script>\n<!-- \/ Yoast SEO plugin. -->","yoast_head_json":{"title":"Suiza aplica sanciones de la Uni\u00f3n Europea contra Rusia - El Diario - Bolivia","robots":{"index":"index","follow":"follow","max-snippet":"max-snippet:-1","max-image-preview":"max-image-preview:large","max-video-preview":"max-video-preview:-1"},"canonical":"https:\/\/www.eldiario.net\/portal\/2022\/03\/01\/suiza-aplica-sanciones-de-la-union-europea-contra-rusia\/","og_locale":"es_ES","og_type":"article","og_title":"Suiza aplica sanciones de la Uni\u00f3n Europea contra Rusia - El Diario - Bolivia","og_description":"Suiza, pa\u00eds hist\u00f3ricamente neutral en todo conflicto b\u00e9lico en el mundo, adoptar\u00e1 finalmente las sanciones de la Uni\u00f3n Europea contra los rusos implicados en la invasi\u00f3n de Ucrania por parte de Mosc\u00fa y congelar\u00e1 sus activos, en una fuerte desviaci\u00f3n de las tradiciones del pa\u00eds alpino. El presidente suizo Ignazio Cassis hab\u00eda dicho el domingo [&hellip;]","og_url":"https:\/\/www.eldiario.net\/portal\/2022\/03\/01\/suiza-aplica-sanciones-de-la-union-europea-contra-rusia\/","og_site_name":"El Diario - Bolivia","article_publisher":"https:\/\/www.facebook.com\/eldiario.bolivia\/","article_published_time":"2022-03-01T08:59:36+00:00","author":"Jeanette","twitter_card":"summary_large_image","twitter_creator":"@eldiario_net","twitter_site":"@eldiario_net","twitter_misc":{"Escrito por":"Jeanette","Tiempo de lectura":"4 minutos"},"schema":{"@context":"https:\/\/schema.org","@graph":[{"@type":"Article","@id":"https:\/\/www.eldiario.net\/portal\/2022\/03\/01\/suiza-aplica-sanciones-de-la-union-europea-contra-rusia\/#article","isPartOf":{"@id":"https:\/\/www.eldiario.net\/portal\/2022\/03\/01\/suiza-aplica-sanciones-de-la-union-europea-contra-rusia\/"},"author":{"name":"Jeanette","@id":"https:\/\/www.eldiario.net\/portal\/#\/schema\/person\/2c57cf2b7a7ae032e449e4c9b1019eac"},"headline":"Suiza aplica sanciones de la Uni\u00f3n Europea contra Rusia","datePublished":"2022-03-01T08:59:36+00:00","mainEntityOfPage":{"@id":"https:\/\/www.eldiario.net\/portal\/2022\/03\/01\/suiza-aplica-sanciones-de-la-union-europea-contra-rusia\/"},"wordCount":749,"publisher":{"@id":"https:\/\/www.eldiario.net\/portal\/#organization"},"image":{"@id":"https:\/\/www.eldiario.net\/portal\/2022\/03\/01\/suiza-aplica-sanciones-de-la-union-europea-contra-rusia\/#primaryimage"},"thumbnailUrl":"","articleSection":["Internacional"],"inLanguage":"es"},{"@type":"WebPage","@id":"https:\/\/www.eldiario.net\/portal\/2022\/03\/01\/suiza-aplica-sanciones-de-la-union-europea-contra-rusia\/","url":"https:\/\/www.eldiario.net\/portal\/2022\/03\/01\/suiza-aplica-sanciones-de-la-union-europea-contra-rusia\/","name":"Suiza aplica sanciones de la Uni\u00f3n Europea contra Rusia - El Diario - Bolivia","isPartOf":{"@id":"https:\/\/www.eldiario.net\/portal\/#website"},"primaryImageOfPage":{"@id":"https:\/\/www.eldiario.net\/portal\/2022\/03\/01\/suiza-aplica-sanciones-de-la-union-europea-contra-rusia\/#primaryimage"},"image":{"@id":"https:\/\/www.eldiario.net\/portal\/2022\/03\/01\/suiza-aplica-sanciones-de-la-union-europea-contra-rusia\/#primaryimage"},"thumbnailUrl":"","datePublished":"2022-03-01T08:59:36+00:00","breadcrumb":{"@id":"https:\/\/www.eldiario.net\/portal\/2022\/03\/01\/suiza-aplica-sanciones-de-la-union-europea-contra-rusia\/#breadcrumb"},"inLanguage":"es","potentialAction":[{"@type":"ReadAction","target":["https:\/\/www.eldiario.net\/portal\/2022\/03\/01\/suiza-aplica-sanciones-de-la-union-europea-contra-rusia\/"]}]},{"@type":"ImageObject","inLanguage":"es","@id":"https:\/\/www.eldiario.net\/portal\/2022\/03\/01\/suiza-aplica-sanciones-de-la-union-europea-contra-rusia\/#primaryimage","url":"","contentUrl":""},{"@type":"BreadcrumbList","@id":"https:\/\/www.eldiario.net\/portal\/2022\/03\/01\/suiza-aplica-sanciones-de-la-union-europea-contra-rusia\/#breadcrumb","itemListElement":[{"@type":"ListItem","position":1,"name":"Portada","item":"https:\/\/www.eldiario.net\/portal\/"},{"@type":"ListItem","position":2,"name":"Suiza aplica sanciones de la Uni\u00f3n Europea contra Rusia"}]},{"@type":"WebSite","@id":"https:\/\/www.eldiario.net\/portal\/#website","url":"https:\/\/www.eldiario.net\/portal\/","name":"El Diario - Decano de la prensa nacional","description":"El Diario - Decano de la prensa nacional","publisher":{"@id":"https:\/\/www.eldiario.net\/portal\/#organization"},"potentialAction":[{"@type":"SearchAction","target":{"@type":"EntryPoint","urlTemplate":"https:\/\/www.eldiario.net\/portal\/?s={search_term_string}"},"query-input":{"@type":"PropertyValueSpecification","valueRequired":true,"valueName":"search_term_string"}}],"inLanguage":"es"},{"@type":"Organization","@id":"https:\/\/www.eldiario.net\/portal\/#organization","name":"El Diario - Decano de la prensa nacional","url":"https:\/\/www.eldiario.net\/portal\/","logo":{"@type":"ImageObject","inLanguage":"es","@id":"https:\/\/www.eldiario.net\/portal\/#\/schema\/logo\/image\/","url":"https:\/\/www.eldiario.net\/portal\/wp-content\/uploads\/2023\/07\/logo_ED.jpg","contentUrl":"https:\/\/www.eldiario.net\/portal\/wp-content\/uploads\/2023\/07\/logo_ED.jpg","width":272,"height":52,"caption":"El Diario - Decano de la prensa nacional"},"image":{"@id":"https:\/\/www.eldiario.net\/portal\/#\/schema\/logo\/image\/"},"sameAs":["https:\/\/www.facebook.com\/eldiario.bolivia\/","https:\/\/x.com\/eldiario_net"]},{"@type":"Person","@id":"https:\/\/www.eldiario.net\/portal\/#\/schema\/person\/2c57cf2b7a7ae032e449e4c9b1019eac","name":"Jeanette","image":{"@type":"ImageObject","inLanguage":"es","@id":"https:\/\/secure.gravatar.com\/avatar\/3ea2118a5f7dad2b7138b1187a6b7ee55f160b9968b66013c3a3ef39dd7e5798?s=96&d=mm&r=g","url":"https:\/\/secure.gravatar.com\/avatar\/3ea2118a5f7dad2b7138b1187a6b7ee55f160b9968b66013c3a3ef39dd7e5798?s=96&d=mm&r=g","contentUrl":"https:\/\/secure.gravatar.com\/avatar\/3ea2118a5f7dad2b7138b1187a6b7ee55f160b9968b66013c3a3ef39dd7e5798?s=96&d=mm&r=g","caption":"Jeanette"},"sameAs":["https:\/\/www.eldiario.net\/portal"],"url":"https:\/\/www.eldiario.net\/portal\/author\/jeanette\/"}]}},"_links":{"self":[{"href":"https:\/\/www.eldiario.net\/portal\/wp-json\/wp\/v2\/posts\/66524","targetHints":{"allow":["GET"]}}],"collection":[{"href":"https:\/\/www.eldiario.net\/portal\/wp-json\/wp\/v2\/posts"}],"about":[{"href":"https:\/\/www.eldiario.net\/portal\/wp-json\/wp\/v2\/types\/post"}],"author":[{"embeddable":true,"href":"https:\/\/www.eldiario.net\/portal\/wp-json\/wp\/v2\/users\/1"}],"replies":[{"embeddable":true,"href":"https:\/\/www.eldiario.net\/portal\/wp-json\/wp\/v2\/comments?post=66524"}],"version-history":[{"count":0,"href":"https:\/\/www.eldiario.net\/portal\/wp-json\/wp\/v2\/posts\/66524\/revisions"}],"wp:attachment":[{"href":"https:\/\/www.eldiario.net\/portal\/wp-json\/wp\/v2\/media?parent=66524"}],"wp:term":[{"taxonomy":"category","embeddable":true,"href":"https:\/\/www.eldiario.net\/portal\/wp-json\/wp\/v2\/categories?post=66524"},{"taxonomy":"post_tag","embeddable":true,"href":"https:\/\/www.eldiario.net\/portal\/wp-json\/wp\/v2\/tags?post=66524"}],"curies":[{"name":"wp","href":"https:\/\/api.w.org\/{rel}","templated":true}]}}