{"id":66520,"date":"2022-03-01T04:56:23","date_gmt":"2022-03-01T08:56:23","guid":{"rendered":"https:\/\/www.eldiario.net\/portal\/?p=66520"},"modified":"2022-03-01T04:56:23","modified_gmt":"2022-03-01T08:56:23","slug":"plan-multisectorial-de-desnutricion-cero","status":"publish","type":"post","link":"https:\/\/www.eldiario.net\/portal\/2022\/03\/01\/plan-multisectorial-de-desnutricion-cero\/","title":{"rendered":"Plan multisectorial de desnutrici\u00f3n cero"},"content":{"rendered":"<p><strong>Por: Equipo editor<\/strong><\/p>\n<p>&nbsp;<\/p>\n<p>La erradicaci\u00f3n de la desnutrici\u00f3n es una prioridad pol\u00edtica y program\u00e1tica del Gobierno actual, se\u00f1alada como tal en el Plan Nacional de Desarrollo 2006-2010. De igual manera, constituye una de las metas globales del Plan de Desarrollo Sectorial del Ministerio de Salud y Deportes, y es condici\u00f3n para el cumplimiento de los Objetivos de Desarrollo del Milenio de las Naciones Unidas (ODM), con los cuales Bolivia se ha comprometido.<\/p>\n<p>&nbsp;<\/p>\n<p>El Programa Sectorial de Desnutrici\u00f3n Cero se construy\u00f3 a partir del documento elaborado y publicado por el Ministerio de Salud y Deportes a inicios del a\u00f1o 2007. Tanto el diagn\u00f3stico como los fundamentos conceptuales y metas espec\u00edficas de dicho documento siguen vigentes, por lo que la formulaci\u00f3n estuvo orientada principalmente a realizar ajustes en cuanto al alcance, modalidades de financiamiento, al ordenamiento y complementaci\u00f3n de las acciones propuestas inicialmente. De igual manera, se introdujeron estrategias y actividades de fomento a iniciativas de actores sociales p\u00fablicos y privados, en distintos \u00e1mbitos territoriales y niveles institucionales, otorgando as\u00ed una mayor flexibilidad al Plan Estrat\u00e9gico.<\/p>\n<p>&nbsp;<\/p>\n<p>El Programa Sectorial de Desnutrici\u00f3n Cero (PDC), es una instancia de organizaci\u00f3n que forma parte de la estructura del Programa Multisectorial Desnutrici\u00f3n Cero (MSD) y tiene la caracter\u00edstica de ser com\u00fan en cuanto a los objetivos que persigue, pero transversal en cuanto a su ejecuci\u00f3n, pues intervienen distintas unidades e instituciones, tanto a nivel central como departamental y municipal. El Programa Multisectorial Desnutrici\u00f3n Cero fue implementado en el pa\u00eds bajo la responsabilidad pol\u00edtica e intersectorial del Consejo Nacional de Alimentaci\u00f3n y Nutrici\u00f3n (CONAN), cuya Secretar\u00eda T\u00e9cnica se encuentra a cargo del Ministerio de Salud y Deportes.<\/p>\n<p>&nbsp;<\/p>\n<p>El PDC, surge formalmente el 18 de junio de 2007, mediante Resoluci\u00f3n Ministerial 0442, como un modelo ordenador y articulador de las acciones e intervenciones del sector salud en el campo de la alimentaci\u00f3n y nutrici\u00f3n. El Programa se basa en una gesti\u00f3n integrada, en la cual se requiere coordinar acciones entre el MSD y otras organizaciones y sectores involucrados en la problem\u00e1tica alimentaria nutricional, como ser: prefecturas, gobiernos municipales, organizaciones no gubernamentales, empresas privadas, sociedad civil, organizaciones sociales, entidades de cooperaci\u00f3n internacional, entre otros.<\/p>\n<p>&nbsp;<\/p>\n<p>Para tal fin, en mayo de 2008, se inici\u00f3 un proceso de ajuste a los planes de lucha contra la desnutrici\u00f3n ya existentes ejecutados por el MSD, para contar con un Plan Estrat\u00e9gico que incorpore el apoyo de otras organizaciones internacionales, sum\u00e1ndose al esfuerzo de las ya existentes (UNICEF, OPS\/OMS, PMA, MI, BM &#8211; GAIN). De esta manera, en mayo de 2008, con el apoyo de las Embajadas de B\u00e9lgica, Canad\u00e1 y Francia, se inicia un proceso de formulaci\u00f3n de un Plan Estrat\u00e9gico para el Programa Sectorial de Desnutrici\u00f3n Cero (PDC), que contempl\u00f3 una modalidad de financiamiento conjunto o de Fondo Canasta.<\/p>\n<p>&nbsp;<\/p>\n<p>El Plan desarrollado, consta de cuatro grandes objetivos o resultados estrat\u00e9gicos y de once estrategias gen\u00e9ricas que orientan el accionar del Programa de Desnutrici\u00f3n Cero para los pr\u00f3ximos cuatro a\u00f1os. El alcance del Plan Estrat\u00e9gico del PDC es de car\u00e1cter nacional, aunque inicialmente concentrar\u00e1 sus acciones en 166 municipios que presentan una alta y muy alta vulnerabilidad a la inseguridad alimentaria.<\/p>\n<p>&nbsp;<\/p>\n<p>En una primera fase de ejecuci\u00f3n, iniciado ya el 2007, se priorizaron las acciones del Programa en 52 municipios. De estos, 40 presentan indicadores de muy alta vulnerabilidad a la inseguridad alimentaria (categor\u00eda 5) y est\u00e1n ubicados en los departamentos de Potos\u00ed, Chuquisaca y Cochabamba. Los 12 municipios restantes est\u00e1n ubicados en los departamentos de Santa Cruz, La Paz, Beni y Chuquisaca.<\/p>\n<p>&nbsp;<\/p>\n<p>En la segunda fase de ejecuci\u00f3n del Plan Estrat\u00e9gico, del 2008 al 2011, con el apoyo de nuevos organismos internacionales, se continu\u00f3 con la ejecuci\u00f3n del mismo, incluyendo a los 114 municipios vulnerables restantes. Como se mencion\u00f3, esta priorizaci\u00f3n no implica dejar de lado al resto de Municipios de Bolivia, pues el Programa tambi\u00e9n contempla otro tipo de acciones y la ejecuci\u00f3n de proyectos conjuntos entre Gobierno Central, Prefecturas (SEDES) y organizaciones sociales.<\/p>\n<p>&nbsp;<\/p>\n<p>El Programa Sectorial de Desnutrici\u00f3n Cero se ha planteado como Objetivo General, el de mejorar la salud integral de los ni\u00f1os y ni\u00f1as menores de cinco a\u00f1os, mujeres embarazadas y en per\u00edodo de lactancia, contribuyendo as\u00ed a erradicar la desnutrici\u00f3n en los ni\u00f1os y ni\u00f1as menores de dos a\u00f1os en Bolivia. Los resultados que pretende lograr son cuatro:<\/p>\n<p>&nbsp;<\/p>\n<p><strong>Resultado 1<\/strong><\/p>\n<p>&nbsp;<\/p>\n<p>Fortalecer la participaci\u00f3n comunitaria, mediante las redes sociales y actores sociales, en la promoci\u00f3n de h\u00e1bitos y pr\u00e1cticas nutricionales de mujeres, reci\u00e9n nacidos y ni\u00f1os\/ni\u00f1as menores de cinco a\u00f1os, con interculturalidad.<\/p>\n<p>&nbsp;<\/p>\n<p><strong>Resultado 2<\/strong><\/p>\n<p>&nbsp;<\/p>\n<p>Disminuir en la poblaci\u00f3n las deficiencias nutricionales de micronutrientes, aplicando estrategias de suplementaci\u00f3n, fortificaci\u00f3n y alimentos complementarios.<\/p>\n<p>&nbsp;<\/p>\n<p><strong>Resultado 3<\/strong><\/p>\n<p>&nbsp;<\/p>\n<p>Fortalecer la capacidad de gesti\u00f3n a nivel nacional, departamental y de las redes de salud en cuanto a la atenci\u00f3n integral, nutricional y enfermedades prevalentes de mujeres, reci\u00e9n nacidos y ni\u00f1os\/ni\u00f1as menores de cinco a\u00f1os.<\/p>\n<p>&nbsp;<\/p>\n<p><strong>Resultado 4<\/strong><\/p>\n<p>&nbsp;<\/p>\n<p>Fortalecer la capacidad de vigilancia nutricional a nivel nacional, departamental, de redes de salud y de la comunidad.<\/p>\n<p>&nbsp;<\/p>\n<p>Cada uno de estos resultados, est\u00e1 asociado a un conjunto de indicadores y responde a lineamientos estrat\u00e9gicos y actividades determinadas.<\/p>\n<p>&nbsp;<\/p>\n<ul>\n<li>El primer resultado aborda la tem\u00e1tica de la prevenci\u00f3n como tal. Este resultado pretende fortalecer la participaci\u00f3n comunitaria y mejorar los h\u00e1bitos y practicas nutricionales en los actores relevantes identificados por el Programa. En esta l\u00ednea, se plantean estrategias orientadas a crear conciencia social sobre la desnutrici\u00f3n y a lograr un mayor compromiso de la sociedad, moviliz\u00e1ndola hacia los fines que persigue el Programa. Tambi\u00e9n se presta atenci\u00f3n al establecimiento de mayores y mejores mecanismos de coordinaci\u00f3n intersectorial e interinstitucional entre organizaciones de salud a nivel nacional, as\u00ed como con organizaciones p\u00fablicas y privadas interesadas o involucradas con el problema de la desnutrici\u00f3n. Aproximadamente el 21 % del presupuesto est\u00e1 destinado a este resultado.<\/li>\n<\/ul>\n<p>&nbsp;<\/p>\n<ul>\n<li>Por su parte, el segundo resultado se concentra en estrategias directas o de intervenci\u00f3n sobre el problema de desnutrici\u00f3n. Para ello, se continuar\u00e1 con el desarrollo de acciones de fortificaci\u00f3n alimentaria y de suplementaci\u00f3n con nutrientes y micronutrientes para los ni\u00f1os y mujeres contemplados en el Programa. De igual manera, en este resultado se aplica una pol\u00edtica de incentivos a los gobiernos Municipales que cumplan con las metas anuales de Desnutrici\u00f3n Cero en sus respectivos territorios, transfiri\u00e9ndoles recursos para ejecutar proyectos en el \u00e1rea de salud. Este resultado concentra la mayor parte de los recursos del Programa (68 %) y tambi\u00e9n implica una mayor contraparte de los gobiernos Municipales (47 %), particularmente porque estos destinan recursos para la adquisici\u00f3n del alimento complementario y de suplementos de micronutrientes.<\/li>\n<\/ul>\n<p>&nbsp;<\/p>\n<ul>\n<li>El fortalecimiento de las capacidades de gesti\u00f3n de las instituciones e instancias organizacionales del sector salud relacionadas con el PDC, tanto a nivel nacional, departamental y municipal, es abordado por el tercer resultado del Plan Estrat\u00e9gico. La ejecuci\u00f3n de las iniciativas descritas en el plan, requiere que todas las unidades involucradas act\u00faen de manera coordinada para optimizar el empleo de los recursos f\u00edsicos y financieros del Programa. De esta manera, fortalecer las capacidades institucionales, materiales, tecnol\u00f3gicas y de los recursos humanos vinculados al Programa (UNI\u00b4s, Redes, Centros de Salud, etc.), es otra prioridad identificada en el Plan Estrat\u00e9gico, para lo cual se destinar\u00eda aproximadamente el 18 % del presupuesto.<\/li>\n<\/ul>\n<p>&nbsp;<\/p>\n<ul>\n<li>A partir del proceso de consultas efectuado para ajustar el plan original del PDC, se incorpor\u00f3 un cuarto resultado estrat\u00e9gico relacionado con el Control Social e Institucional. Las estrategias y actividades incorporadas apuntan al dise\u00f1o e implementaci\u00f3n del subsistema de Vigilancia Epidemiol\u00f3gica Nutricional en el Sistema Nacional de Salud y a nivel de hospitales de referencia para el manejo del desnutrido agudo severo, as\u00ed como al establecimiento de mecanismos que permitan a organizaciones sociales, conocer y vigilar el desarrollo del Programa en determinados aspectos.<\/li>\n<\/ul>\n<p>&nbsp;<\/p>\n<p>Es importante destacar que los resultados, estrategias y actividades que hacen a la estructura formal del Plan Estrat\u00e9gico, consideraron permanentemente los principios de integralidad, intersectorialidad, participaci\u00f3n, equidad e interculturalidad, respondiendo as\u00ed al modelo de Salud Familiar Comunitaria Intercultural, SAFCI. En todo momento se tuvo presente que la nutrici\u00f3n es un derecho social y como tal un deber del Estado, el cual debe ser efectivizado a trav\u00e9s de la asignaci\u00f3n de los recursos que sean necesarios para alcanzar el ideal de la meta de desnutrici\u00f3n cero. Este compromiso se efectiviza en t\u00e9rminos presupuestarios, con aportes del Gobierno Central, Departamental y sobre todo, de los gobiernos Municipales, para lo cual se disponen de los recursos del IDH.<\/p>\n<p>&nbsp;<\/p>\n<p>En el aspecto organizativo, el Plan Estrat\u00e9gico define de manera particular la creaci\u00f3n de una instancia u \u00f3rgano de coordinaci\u00f3n del PDC, que asumir\u00e1 la responsabilidad de coordinar, supervisar y apoyar t\u00e9cnicamente a las distintas unidades nacionales, departamentales y municipales encargadas de ejecutar las distintas actividades del plan.<\/p>\n<p>&nbsp;<\/p>\n<p><strong>Alimentaci\u00f3n complementaria escolar-desayuno escolar<\/strong><\/p>\n<p>&nbsp;<\/p>\n<p>El programa del desayuno escolar se inicia en octubre de 1999 con la Ley de municipalidades, que en su Art\u00edculo 8\u00ba, p\u00e1rrafo I, inciso 16, se\u00f1ala como competencias de los gobiernos municipales \u201cpromover y atender, cuando corresponda y de manera sostenible, los programas de alimentaci\u00f3n complementaria y suplementaria de grupos o personas que sean sujetos de subsidios p\u00fablicos de acuerdo con el Reglamento y el presupuesto\u201d.<\/p>\n<p>&nbsp;<\/p>\n<p>De hecho, este mandato est\u00e1 relacionado con la pol\u00edtica de seguridad alimentaria, la cual en el contexto socio econ\u00f3mico actual, comienza a adquirir un enfoque multisectorial a trav\u00e9s de la articulaci\u00f3n de los diferentes sectores como salud, educaci\u00f3n y desarrollo productivo, as\u00ed al constituirse en el eje principal del Plan Nacional de Desarrollo va perfil\u00e1ndose con una fuerte orientaci\u00f3n a asegurar el consumo interno, no s\u00f3lo en t\u00e9rminos de cantidad sino tambi\u00e9n de calidad.<\/p>\n<p>&nbsp;<\/p>\n<p>Este enfoque multisectorial prioriz\u00f3 la atenci\u00f3n a los programas de desayuno escolar adoptados por los gobiernos municipales que han desarrollado una multiplicidad de formas de ofrecer este servicio a la poblaci\u00f3n estudiantil. La necesidad de darle la legalidad que a\u00fan no tiene, cobr\u00f3 eco el 2008 con la decisi\u00f3n de elaborar un anteproyecto de Ley de Alimentaci\u00f3n Complementaria Escolar, que cont\u00f3 con la participaci\u00f3n de varias instituciones entre estatales y privadas, a la cabeza del Consejo Nacional de Alimentaci\u00f3n y Nutrici\u00f3n (CONAN).<\/p>\n<p>&nbsp;<\/p>\n<p>Es tambi\u00e9n un hecho que para los municipios del pa\u00eds y en especial para los beneficiarios, el desayuno escolar se ha convertido en un bien social, considerado como un activo de la comunidad y del municipio, una vez que tomaron conciencia del beneficio percibido en y para los escolares. Visto como un programa integral y totalmente viable, se convierte en uno de los instrumentos impulsores del desarrollo econ\u00f3mico local, adem\u00e1s de otras \u00e1reas de desarrollo.<\/p>\n<p>&nbsp;<\/p>\n<p>Sin embargo, debe mencionarse que a\u00fan falta bastante por alcanzar los objetivos y est\u00e1ndares esperados, pues en algunas \u00e1reas se ha perdido el objetivo central de la alimentaci\u00f3n complementaria, que es el de proporcionar o complementar los nutrientes que reciben los escolares en sus hogares y en algunos casos a\u00fan no se ha cobrado conciencia efectiva de este prop\u00f3sito.<\/p>\n<p>&nbsp;<\/p>\n<p>La situaci\u00f3n se complejiza a\u00fan m\u00e1s cuando se proyecta a los productores como actores din\u00e1micos de este proceso, toda vez que sus caracter\u00edsticas relacionadas a productividad y mecanismos de diversificaci\u00f3n o de agregaci\u00f3n de valor en la gran mayor\u00eda limitan sus posibilidades y por ende la de los propios responsables del proceso (autoridades municipales), quienes deben sortear una serie de dificultades comenzando por la informaci\u00f3n que deber\u00eda revisarse para tomar decisiones que permitan cumplir con los objetivos trazados.<\/p>\n<p>&nbsp;<\/p>\n<p>El trabajo se concentr\u00f3 en distintas \u00e1reas tem\u00e1ticas, la opini\u00f3n de autoridades, padres de familia, beneficiarios, indicadores de consumo y nutrici\u00f3n, antropometr\u00eda, as\u00ed como en las oportunidades que los programas de alimentaci\u00f3n complementaria escolar pueden ofrecer para promover procesos de desarrollo econ\u00f3mico, principalmente a trav\u00e9s de la compra de alimentos a peque\u00f1os productores locales por parte de los gobiernos municipales, considerando la vocaci\u00f3n productiva de cada municipio y de esta manera contribuir a combatir la pobreza.<\/p>\n<p>&nbsp;<\/p>\n<p>Como menciona la red AIPE, con la aplicaci\u00f3n del Decreto Supremo N\u00ba 27328 del Compro Boliviano, se facilit\u00f3 la relaci\u00f3n del desarrollo econ\u00f3mico local y el desayuno escolar; se report\u00f3 la inclusi\u00f3n de nuevos actores productivos, micro y peque\u00f1as empresas, organizaciones econ\u00f3micas campesinas (OECAS) y asociaciones sin fines de lucro.<\/p>\n<p>&nbsp;<\/p>\n<p>Es importante que el escolar mantenga un buen estado nutricional que le permita desarrollar plenamente sus capacidades intelectuales, f\u00edsicas y sociales con una alimentaci\u00f3n adecuada en cantidad y calidad la cual depende de la seguridad alimentaria que se le brinde.<\/p>\n<p><a href=\"https:\/\/www.eldiario.net\/portal\/wp-content\/uploads\/2022\/03\/Bio-Desnutricion-Mapa.jpg\"><img loading=\"lazy\" decoding=\"async\" class=\"aligncenter size-full wp-image-66522\" src=\"https:\/\/www.eldiario.net\/portal\/wp-content\/uploads\/2022\/03\/Bio-Desnutricion-Mapa.jpg\" alt=\"\" width=\"960\" height=\"720\" \/><\/a><\/p>\n","protected":false},"excerpt":{"rendered":"<p>Por: Equipo editor &nbsp; La erradicaci\u00f3n de la desnutrici\u00f3n es una prioridad pol\u00edtica y program\u00e1tica del Gobierno actual, se\u00f1alada como tal en el Plan Nacional de Desarrollo 2006-2010. De igual manera, constituye una de las metas globales del Plan de Desarrollo Sectorial del Ministerio de Salud y Deportes, y es condici\u00f3n para el cumplimiento de [&hellip;]<\/p>\n","protected":false},"author":1,"featured_media":66521,"comment_status":"closed","ping_status":"closed","sticky":false,"template":"","format":"standard","meta":{"_acf_changed":false,"footnotes":""},"categories":[43],"tags":[],"class_list":["post-66520","post","type-post","status-publish","format-standard","has-post-thumbnail","category-nuevos-horizontes"],"acf":{"antetitulo":""},"yoast_head":"<!-- This site is optimized with the Yoast SEO plugin v28.4 - https:\/\/yoast.com\/product\/yoast-seo-wordpress\/ -->\n<title>Plan multisectorial de desnutrici\u00f3n cero - El Diario - Bolivia<\/title>\n<meta name=\"robots\" content=\"index, follow, max-snippet:-1, max-image-preview:large, max-video-preview:-1\" \/>\n<link rel=\"canonical\" href=\"https:\/\/www.eldiario.net\/portal\/2022\/03\/01\/plan-multisectorial-de-desnutricion-cero\/\" \/>\n<meta property=\"og:locale\" content=\"es_ES\" \/>\n<meta property=\"og:type\" content=\"article\" \/>\n<meta property=\"og:title\" content=\"Plan multisectorial de desnutrici\u00f3n cero - El Diario - Bolivia\" \/>\n<meta property=\"og:description\" content=\"Por: Equipo editor &nbsp; La erradicaci\u00f3n de la desnutrici\u00f3n es una prioridad pol\u00edtica y program\u00e1tica del Gobierno actual, se\u00f1alada como tal en el Plan Nacional de Desarrollo 2006-2010. De igual manera, constituye una de las metas globales del Plan de Desarrollo Sectorial del Ministerio de Salud y Deportes, y es condici\u00f3n para el cumplimiento de [&hellip;]\" \/>\n<meta property=\"og:url\" content=\"https:\/\/www.eldiario.net\/portal\/2022\/03\/01\/plan-multisectorial-de-desnutricion-cero\/\" \/>\n<meta property=\"og:site_name\" content=\"El Diario - Bolivia\" \/>\n<meta property=\"article:publisher\" content=\"https:\/\/www.facebook.com\/eldiario.bolivia\/\" \/>\n<meta property=\"article:published_time\" content=\"2022-03-01T08:56:23+00:00\" \/>\n<meta name=\"author\" content=\"Jeanette\" \/>\n<meta name=\"twitter:card\" content=\"summary_large_image\" \/>\n<meta name=\"twitter:creator\" content=\"@eldiario_net\" \/>\n<meta name=\"twitter:site\" content=\"@eldiario_net\" \/>\n<meta name=\"twitter:label1\" content=\"Escrito por\" \/>\n\t<meta name=\"twitter:data1\" content=\"Jeanette\" \/>\n\t<meta name=\"twitter:label2\" content=\"Tiempo de lectura\" \/>\n\t<meta name=\"twitter:data2\" content=\"10 minutos\" \/>\n<script type=\"application\/ld+json\" class=\"yoast-schema-graph\">{\"@context\":\"https:\\\/\\\/schema.org\",\"@graph\":[{\"@type\":\"Article\",\"@id\":\"https:\\\/\\\/www.eldiario.net\\\/portal\\\/2022\\\/03\\\/01\\\/plan-multisectorial-de-desnutricion-cero\\\/#article\",\"isPartOf\":{\"@id\":\"https:\\\/\\\/www.eldiario.net\\\/portal\\\/2022\\\/03\\\/01\\\/plan-multisectorial-de-desnutricion-cero\\\/\"},\"author\":{\"name\":\"Jeanette\",\"@id\":\"https:\\\/\\\/www.eldiario.net\\\/portal\\\/#\\\/schema\\\/person\\\/2c57cf2b7a7ae032e449e4c9b1019eac\"},\"headline\":\"Plan multisectorial de desnutrici\u00f3n cero\",\"datePublished\":\"2022-03-01T08:56:23+00:00\",\"mainEntityOfPage\":{\"@id\":\"https:\\\/\\\/www.eldiario.net\\\/portal\\\/2022\\\/03\\\/01\\\/plan-multisectorial-de-desnutricion-cero\\\/\"},\"wordCount\":2242,\"publisher\":{\"@id\":\"https:\\\/\\\/www.eldiario.net\\\/portal\\\/#organization\"},\"image\":{\"@id\":\"https:\\\/\\\/www.eldiario.net\\\/portal\\\/2022\\\/03\\\/01\\\/plan-multisectorial-de-desnutricion-cero\\\/#primaryimage\"},\"thumbnailUrl\":\"\",\"articleSection\":[\"Nuevos Horizontes\"],\"inLanguage\":\"es\"},{\"@type\":\"WebPage\",\"@id\":\"https:\\\/\\\/www.eldiario.net\\\/portal\\\/2022\\\/03\\\/01\\\/plan-multisectorial-de-desnutricion-cero\\\/\",\"url\":\"https:\\\/\\\/www.eldiario.net\\\/portal\\\/2022\\\/03\\\/01\\\/plan-multisectorial-de-desnutricion-cero\\\/\",\"name\":\"Plan multisectorial de desnutrici\u00f3n cero - El Diario - Bolivia\",\"isPartOf\":{\"@id\":\"https:\\\/\\\/www.eldiario.net\\\/portal\\\/#website\"},\"primaryImageOfPage\":{\"@id\":\"https:\\\/\\\/www.eldiario.net\\\/portal\\\/2022\\\/03\\\/01\\\/plan-multisectorial-de-desnutricion-cero\\\/#primaryimage\"},\"image\":{\"@id\":\"https:\\\/\\\/www.eldiario.net\\\/portal\\\/2022\\\/03\\\/01\\\/plan-multisectorial-de-desnutricion-cero\\\/#primaryimage\"},\"thumbnailUrl\":\"\",\"datePublished\":\"2022-03-01T08:56:23+00:00\",\"breadcrumb\":{\"@id\":\"https:\\\/\\\/www.eldiario.net\\\/portal\\\/2022\\\/03\\\/01\\\/plan-multisectorial-de-desnutricion-cero\\\/#breadcrumb\"},\"inLanguage\":\"es\",\"potentialAction\":[{\"@type\":\"ReadAction\",\"target\":[\"https:\\\/\\\/www.eldiario.net\\\/portal\\\/2022\\\/03\\\/01\\\/plan-multisectorial-de-desnutricion-cero\\\/\"]}]},{\"@type\":\"ImageObject\",\"inLanguage\":\"es\",\"@id\":\"https:\\\/\\\/www.eldiario.net\\\/portal\\\/2022\\\/03\\\/01\\\/plan-multisectorial-de-desnutricion-cero\\\/#primaryimage\",\"url\":\"\",\"contentUrl\":\"\"},{\"@type\":\"BreadcrumbList\",\"@id\":\"https:\\\/\\\/www.eldiario.net\\\/portal\\\/2022\\\/03\\\/01\\\/plan-multisectorial-de-desnutricion-cero\\\/#breadcrumb\",\"itemListElement\":[{\"@type\":\"ListItem\",\"position\":1,\"name\":\"Portada\",\"item\":\"https:\\\/\\\/www.eldiario.net\\\/portal\\\/\"},{\"@type\":\"ListItem\",\"position\":2,\"name\":\"Plan multisectorial de desnutrici\u00f3n cero\"}]},{\"@type\":\"WebSite\",\"@id\":\"https:\\\/\\\/www.eldiario.net\\\/portal\\\/#website\",\"url\":\"https:\\\/\\\/www.eldiario.net\\\/portal\\\/\",\"name\":\"El Diario - Decano de la prensa nacional\",\"description\":\"El Diario - Decano de la prensa nacional\",\"publisher\":{\"@id\":\"https:\\\/\\\/www.eldiario.net\\\/portal\\\/#organization\"},\"potentialAction\":[{\"@type\":\"SearchAction\",\"target\":{\"@type\":\"EntryPoint\",\"urlTemplate\":\"https:\\\/\\\/www.eldiario.net\\\/portal\\\/?s={search_term_string}\"},\"query-input\":{\"@type\":\"PropertyValueSpecification\",\"valueRequired\":true,\"valueName\":\"search_term_string\"}}],\"inLanguage\":\"es\"},{\"@type\":\"Organization\",\"@id\":\"https:\\\/\\\/www.eldiario.net\\\/portal\\\/#organization\",\"name\":\"El Diario - Decano de la prensa nacional\",\"url\":\"https:\\\/\\\/www.eldiario.net\\\/portal\\\/\",\"logo\":{\"@type\":\"ImageObject\",\"inLanguage\":\"es\",\"@id\":\"https:\\\/\\\/www.eldiario.net\\\/portal\\\/#\\\/schema\\\/logo\\\/image\\\/\",\"url\":\"https:\\\/\\\/www.eldiario.net\\\/portal\\\/wp-content\\\/uploads\\\/2023\\\/07\\\/logo_ED.jpg\",\"contentUrl\":\"https:\\\/\\\/www.eldiario.net\\\/portal\\\/wp-content\\\/uploads\\\/2023\\\/07\\\/logo_ED.jpg\",\"width\":272,\"height\":52,\"caption\":\"El Diario - Decano de la prensa nacional\"},\"image\":{\"@id\":\"https:\\\/\\\/www.eldiario.net\\\/portal\\\/#\\\/schema\\\/logo\\\/image\\\/\"},\"sameAs\":[\"https:\\\/\\\/www.facebook.com\\\/eldiario.bolivia\\\/\",\"https:\\\/\\\/x.com\\\/eldiario_net\"]},{\"@type\":\"Person\",\"@id\":\"https:\\\/\\\/www.eldiario.net\\\/portal\\\/#\\\/schema\\\/person\\\/2c57cf2b7a7ae032e449e4c9b1019eac\",\"name\":\"Jeanette\",\"image\":{\"@type\":\"ImageObject\",\"inLanguage\":\"es\",\"@id\":\"https:\\\/\\\/secure.gravatar.com\\\/avatar\\\/3ea2118a5f7dad2b7138b1187a6b7ee55f160b9968b66013c3a3ef39dd7e5798?s=96&d=mm&r=g\",\"url\":\"https:\\\/\\\/secure.gravatar.com\\\/avatar\\\/3ea2118a5f7dad2b7138b1187a6b7ee55f160b9968b66013c3a3ef39dd7e5798?s=96&d=mm&r=g\",\"contentUrl\":\"https:\\\/\\\/secure.gravatar.com\\\/avatar\\\/3ea2118a5f7dad2b7138b1187a6b7ee55f160b9968b66013c3a3ef39dd7e5798?s=96&d=mm&r=g\",\"caption\":\"Jeanette\"},\"sameAs\":[\"https:\\\/\\\/www.eldiario.net\\\/portal\"],\"url\":\"https:\\\/\\\/www.eldiario.net\\\/portal\\\/author\\\/jeanette\\\/\"}]}<\/script>\n<!-- \/ Yoast SEO plugin. -->","yoast_head_json":{"title":"Plan multisectorial de desnutrici\u00f3n cero - El Diario - Bolivia","robots":{"index":"index","follow":"follow","max-snippet":"max-snippet:-1","max-image-preview":"max-image-preview:large","max-video-preview":"max-video-preview:-1"},"canonical":"https:\/\/www.eldiario.net\/portal\/2022\/03\/01\/plan-multisectorial-de-desnutricion-cero\/","og_locale":"es_ES","og_type":"article","og_title":"Plan multisectorial de desnutrici\u00f3n cero - El Diario - Bolivia","og_description":"Por: Equipo editor &nbsp; La erradicaci\u00f3n de la desnutrici\u00f3n es una prioridad pol\u00edtica y program\u00e1tica del Gobierno actual, se\u00f1alada como tal en el Plan Nacional de Desarrollo 2006-2010. De igual manera, constituye una de las metas globales del Plan de Desarrollo Sectorial del Ministerio de Salud y Deportes, y es condici\u00f3n para el cumplimiento de [&hellip;]","og_url":"https:\/\/www.eldiario.net\/portal\/2022\/03\/01\/plan-multisectorial-de-desnutricion-cero\/","og_site_name":"El Diario - Bolivia","article_publisher":"https:\/\/www.facebook.com\/eldiario.bolivia\/","article_published_time":"2022-03-01T08:56:23+00:00","author":"Jeanette","twitter_card":"summary_large_image","twitter_creator":"@eldiario_net","twitter_site":"@eldiario_net","twitter_misc":{"Escrito por":"Jeanette","Tiempo de lectura":"10 minutos"},"schema":{"@context":"https:\/\/schema.org","@graph":[{"@type":"Article","@id":"https:\/\/www.eldiario.net\/portal\/2022\/03\/01\/plan-multisectorial-de-desnutricion-cero\/#article","isPartOf":{"@id":"https:\/\/www.eldiario.net\/portal\/2022\/03\/01\/plan-multisectorial-de-desnutricion-cero\/"},"author":{"name":"Jeanette","@id":"https:\/\/www.eldiario.net\/portal\/#\/schema\/person\/2c57cf2b7a7ae032e449e4c9b1019eac"},"headline":"Plan multisectorial de desnutrici\u00f3n cero","datePublished":"2022-03-01T08:56:23+00:00","mainEntityOfPage":{"@id":"https:\/\/www.eldiario.net\/portal\/2022\/03\/01\/plan-multisectorial-de-desnutricion-cero\/"},"wordCount":2242,"publisher":{"@id":"https:\/\/www.eldiario.net\/portal\/#organization"},"image":{"@id":"https:\/\/www.eldiario.net\/portal\/2022\/03\/01\/plan-multisectorial-de-desnutricion-cero\/#primaryimage"},"thumbnailUrl":"","articleSection":["Nuevos Horizontes"],"inLanguage":"es"},{"@type":"WebPage","@id":"https:\/\/www.eldiario.net\/portal\/2022\/03\/01\/plan-multisectorial-de-desnutricion-cero\/","url":"https:\/\/www.eldiario.net\/portal\/2022\/03\/01\/plan-multisectorial-de-desnutricion-cero\/","name":"Plan multisectorial de desnutrici\u00f3n cero - El Diario - Bolivia","isPartOf":{"@id":"https:\/\/www.eldiario.net\/portal\/#website"},"primaryImageOfPage":{"@id":"https:\/\/www.eldiario.net\/portal\/2022\/03\/01\/plan-multisectorial-de-desnutricion-cero\/#primaryimage"},"image":{"@id":"https:\/\/www.eldiario.net\/portal\/2022\/03\/01\/plan-multisectorial-de-desnutricion-cero\/#primaryimage"},"thumbnailUrl":"","datePublished":"2022-03-01T08:56:23+00:00","breadcrumb":{"@id":"https:\/\/www.eldiario.net\/portal\/2022\/03\/01\/plan-multisectorial-de-desnutricion-cero\/#breadcrumb"},"inLanguage":"es","potentialAction":[{"@type":"ReadAction","target":["https:\/\/www.eldiario.net\/portal\/2022\/03\/01\/plan-multisectorial-de-desnutricion-cero\/"]}]},{"@type":"ImageObject","inLanguage":"es","@id":"https:\/\/www.eldiario.net\/portal\/2022\/03\/01\/plan-multisectorial-de-desnutricion-cero\/#primaryimage","url":"","contentUrl":""},{"@type":"BreadcrumbList","@id":"https:\/\/www.eldiario.net\/portal\/2022\/03\/01\/plan-multisectorial-de-desnutricion-cero\/#breadcrumb","itemListElement":[{"@type":"ListItem","position":1,"name":"Portada","item":"https:\/\/www.eldiario.net\/portal\/"},{"@type":"ListItem","position":2,"name":"Plan multisectorial de desnutrici\u00f3n cero"}]},{"@type":"WebSite","@id":"https:\/\/www.eldiario.net\/portal\/#website","url":"https:\/\/www.eldiario.net\/portal\/","name":"El Diario - Decano de la prensa nacional","description":"El Diario - Decano de la prensa nacional","publisher":{"@id":"https:\/\/www.eldiario.net\/portal\/#organization"},"potentialAction":[{"@type":"SearchAction","target":{"@type":"EntryPoint","urlTemplate":"https:\/\/www.eldiario.net\/portal\/?s={search_term_string}"},"query-input":{"@type":"PropertyValueSpecification","valueRequired":true,"valueName":"search_term_string"}}],"inLanguage":"es"},{"@type":"Organization","@id":"https:\/\/www.eldiario.net\/portal\/#organization","name":"El Diario - Decano de la prensa nacional","url":"https:\/\/www.eldiario.net\/portal\/","logo":{"@type":"ImageObject","inLanguage":"es","@id":"https:\/\/www.eldiario.net\/portal\/#\/schema\/logo\/image\/","url":"https:\/\/www.eldiario.net\/portal\/wp-content\/uploads\/2023\/07\/logo_ED.jpg","contentUrl":"https:\/\/www.eldiario.net\/portal\/wp-content\/uploads\/2023\/07\/logo_ED.jpg","width":272,"height":52,"caption":"El Diario - Decano de la prensa nacional"},"image":{"@id":"https:\/\/www.eldiario.net\/portal\/#\/schema\/logo\/image\/"},"sameAs":["https:\/\/www.facebook.com\/eldiario.bolivia\/","https:\/\/x.com\/eldiario_net"]},{"@type":"Person","@id":"https:\/\/www.eldiario.net\/portal\/#\/schema\/person\/2c57cf2b7a7ae032e449e4c9b1019eac","name":"Jeanette","image":{"@type":"ImageObject","inLanguage":"es","@id":"https:\/\/secure.gravatar.com\/avatar\/3ea2118a5f7dad2b7138b1187a6b7ee55f160b9968b66013c3a3ef39dd7e5798?s=96&d=mm&r=g","url":"https:\/\/secure.gravatar.com\/avatar\/3ea2118a5f7dad2b7138b1187a6b7ee55f160b9968b66013c3a3ef39dd7e5798?s=96&d=mm&r=g","contentUrl":"https:\/\/secure.gravatar.com\/avatar\/3ea2118a5f7dad2b7138b1187a6b7ee55f160b9968b66013c3a3ef39dd7e5798?s=96&d=mm&r=g","caption":"Jeanette"},"sameAs":["https:\/\/www.eldiario.net\/portal"],"url":"https:\/\/www.eldiario.net\/portal\/author\/jeanette\/"}]}},"_links":{"self":[{"href":"https:\/\/www.eldiario.net\/portal\/wp-json\/wp\/v2\/posts\/66520","targetHints":{"allow":["GET"]}}],"collection":[{"href":"https:\/\/www.eldiario.net\/portal\/wp-json\/wp\/v2\/posts"}],"about":[{"href":"https:\/\/www.eldiario.net\/portal\/wp-json\/wp\/v2\/types\/post"}],"author":[{"embeddable":true,"href":"https:\/\/www.eldiario.net\/portal\/wp-json\/wp\/v2\/users\/1"}],"replies":[{"embeddable":true,"href":"https:\/\/www.eldiario.net\/portal\/wp-json\/wp\/v2\/comments?post=66520"}],"version-history":[{"count":0,"href":"https:\/\/www.eldiario.net\/portal\/wp-json\/wp\/v2\/posts\/66520\/revisions"}],"wp:attachment":[{"href":"https:\/\/www.eldiario.net\/portal\/wp-json\/wp\/v2\/media?parent=66520"}],"wp:term":[{"taxonomy":"category","embeddable":true,"href":"https:\/\/www.eldiario.net\/portal\/wp-json\/wp\/v2\/categories?post=66520"},{"taxonomy":"post_tag","embeddable":true,"href":"https:\/\/www.eldiario.net\/portal\/wp-json\/wp\/v2\/tags?post=66520"}],"curies":[{"name":"wp","href":"https:\/\/api.w.org\/{rel}","templated":true}]}}