{"id":66506,"date":"2022-03-01T04:49:28","date_gmt":"2022-03-01T08:49:28","guid":{"rendered":"https:\/\/www.eldiario.net\/portal\/?p=66506"},"modified":"2022-03-01T04:49:28","modified_gmt":"2022-03-01T08:49:28","slug":"la-tierra-un-planeta-con-la-mayor-leccion-de-su-existencia","status":"publish","type":"post","link":"https:\/\/www.eldiario.net\/portal\/2022\/03\/01\/la-tierra-un-planeta-con-la-mayor-leccion-de-su-existencia\/","title":{"rendered":"La Tierra, un planeta con la mayor lecci\u00f3n de su existencia"},"content":{"rendered":"<p><em><span class=\"dropcap \" style=\"background-color: #ffffff; color: #000000; border-color: #ffffff;\">G<\/span>uerras y enfrentamientos diversos han sido parte de la historia de la Tierra, el bendito planeta que Dios permiti\u00f3 que habitemos, una parte de la naturaleza que fue atacada por el coronavirus. Se trata de un virus letal que cobr\u00f3 muchas vidas y caus\u00f3 numerosos contagios; un virus que determin\u00f3 que pandemias declaradas en varias oportunidades pongan en vilo a toda la humanidad y sea a la vez factor decisivo para la presencia de muchos otros males que, a su vez, dejaron secuelas en todo el planeta, causando v\u00edctimas y amenazando seriamente la existencia misma de la vida en el mundo.<\/em><\/p>\n<p><em>Un virus que alter\u00f3 totalmente la vida pol\u00edtica, econ\u00f3mica cultural y de toda naturaleza que hab\u00eda con determinada regularidad en todo el mundo; un virus que desplaz\u00f3 toda normalidad y ocasion\u00f3 alteraci\u00f3n de costumbres y modos de vida, en fin, cambios que determinaron totalmente que el orbe sufra alteraciones extremas.<\/em><\/p>\n<p><em>El mundo ha cambiado y da lugar a preguntar: \u00bfSer\u00e1 posible que cambien los seres humanos y aprendan de sus propias virtudes y las transformen en valores y principios para ser mejores y obrar en el futuro con caridad, honestidad y humanismo? \u00bfSer\u00e1 posible que haya cambios y se practique el amor por la verdad y se abandone la mentira, el enga\u00f1o y todo lo que lastima y destruye? Mucho habr\u00eda que pedir en cuanto a cambios de todos los seres humanos y, muy especialmente, que sean humanos veraces, honestos y sepan que los gobernantes del mundo aprendan a amar, vivir y servir a sus pueblos; que eviten las guerras, las diferencias y discordias con miras a una paz cierta y un imperio efectivo de las libertades y la justicia.<\/em><\/p>\n<p><em>Es muy importante que la humanidad, una vez pasada la pandemia y superadas tantas dificultades y sufrimientos, comprenda y cambie en provecho de su propio bien, puesto que de ello depende su futuro y el de muchas generaciones que Dios, con infinita bondad y misericordia, bendecir\u00e1.<\/em><\/p>\n","protected":false},"excerpt":{"rendered":"<p>Guerras y enfrentamientos diversos han sido parte de la historia de la Tierra, el bendito planeta que Dios permiti\u00f3 que habitemos, una parte de la naturaleza que fue atacada por el coronavirus. Se trata de un virus letal que cobr\u00f3 muchas vidas y caus\u00f3 numerosos contagios; un virus que determin\u00f3 que pandemias declaradas en varias [&hellip;]<\/p>\n","protected":false},"author":1,"featured_media":0,"comment_status":"closed","ping_status":"closed","sticky":false,"template":"","format":"standard","meta":{"_acf_changed":false,"footnotes":""},"categories":[4],"tags":[],"class_list":["post-66506","post","type-post","status-publish","format-standard","category-editorial"],"acf":{"antetitulo":""},"yoast_head":"<!-- This site is optimized with the Yoast SEO plugin v28.4 - https:\/\/yoast.com\/product\/yoast-seo-wordpress\/ -->\n<title>La Tierra, un planeta con la mayor lecci\u00f3n de su existencia - El Diario - Bolivia<\/title>\n<meta name=\"robots\" content=\"index, follow, max-snippet:-1, max-image-preview:large, max-video-preview:-1\" \/>\n<link rel=\"canonical\" href=\"https:\/\/www.eldiario.net\/portal\/2022\/03\/01\/la-tierra-un-planeta-con-la-mayor-leccion-de-su-existencia\/\" \/>\n<meta property=\"og:locale\" content=\"es_ES\" \/>\n<meta property=\"og:type\" content=\"article\" \/>\n<meta property=\"og:title\" content=\"La Tierra, un planeta con la mayor lecci\u00f3n de su existencia - El Diario - Bolivia\" \/>\n<meta property=\"og:description\" content=\"Guerras y enfrentamientos diversos han sido parte de la historia de la Tierra, el bendito planeta que Dios permiti\u00f3 que habitemos, una parte de la naturaleza que fue atacada por el coronavirus. Se trata de un virus letal que cobr\u00f3 muchas vidas y caus\u00f3 numerosos contagios; un virus que determin\u00f3 que pandemias declaradas en varias [&hellip;]\" \/>\n<meta property=\"og:url\" content=\"https:\/\/www.eldiario.net\/portal\/2022\/03\/01\/la-tierra-un-planeta-con-la-mayor-leccion-de-su-existencia\/\" \/>\n<meta property=\"og:site_name\" content=\"El Diario - Bolivia\" \/>\n<meta property=\"article:publisher\" content=\"https:\/\/www.facebook.com\/eldiario.bolivia\/\" \/>\n<meta property=\"article:published_time\" content=\"2022-03-01T08:49:28+00:00\" \/>\n<meta name=\"author\" content=\"Jeanette\" \/>\n<meta name=\"twitter:card\" content=\"summary_large_image\" \/>\n<meta name=\"twitter:creator\" content=\"@eldiario_net\" \/>\n<meta name=\"twitter:site\" content=\"@eldiario_net\" \/>\n<meta name=\"twitter:label1\" content=\"Escrito por\" \/>\n\t<meta name=\"twitter:data1\" content=\"Jeanette\" \/>\n\t<meta name=\"twitter:label2\" content=\"Tiempo de lectura\" \/>\n\t<meta name=\"twitter:data2\" content=\"2 minutos\" \/>\n<script type=\"application\/ld+json\" class=\"yoast-schema-graph\">{\"@context\":\"https:\\\/\\\/schema.org\",\"@graph\":[{\"@type\":\"Article\",\"@id\":\"https:\\\/\\\/www.eldiario.net\\\/portal\\\/2022\\\/03\\\/01\\\/la-tierra-un-planeta-con-la-mayor-leccion-de-su-existencia\\\/#article\",\"isPartOf\":{\"@id\":\"https:\\\/\\\/www.eldiario.net\\\/portal\\\/2022\\\/03\\\/01\\\/la-tierra-un-planeta-con-la-mayor-leccion-de-su-existencia\\\/\"},\"author\":{\"name\":\"Jeanette\",\"@id\":\"https:\\\/\\\/www.eldiario.net\\\/portal\\\/#\\\/schema\\\/person\\\/2c57cf2b7a7ae032e449e4c9b1019eac\"},\"headline\":\"La Tierra, un planeta con la mayor lecci\u00f3n de su existencia\",\"datePublished\":\"2022-03-01T08:49:28+00:00\",\"mainEntityOfPage\":{\"@id\":\"https:\\\/\\\/www.eldiario.net\\\/portal\\\/2022\\\/03\\\/01\\\/la-tierra-un-planeta-con-la-mayor-leccion-de-su-existencia\\\/\"},\"wordCount\":346,\"publisher\":{\"@id\":\"https:\\\/\\\/www.eldiario.net\\\/portal\\\/#organization\"},\"articleSection\":[\"Editorial\"],\"inLanguage\":\"es\"},{\"@type\":\"WebPage\",\"@id\":\"https:\\\/\\\/www.eldiario.net\\\/portal\\\/2022\\\/03\\\/01\\\/la-tierra-un-planeta-con-la-mayor-leccion-de-su-existencia\\\/\",\"url\":\"https:\\\/\\\/www.eldiario.net\\\/portal\\\/2022\\\/03\\\/01\\\/la-tierra-un-planeta-con-la-mayor-leccion-de-su-existencia\\\/\",\"name\":\"La Tierra, un planeta con la mayor lecci\u00f3n de su existencia - El Diario - Bolivia\",\"isPartOf\":{\"@id\":\"https:\\\/\\\/www.eldiario.net\\\/portal\\\/#website\"},\"datePublished\":\"2022-03-01T08:49:28+00:00\",\"breadcrumb\":{\"@id\":\"https:\\\/\\\/www.eldiario.net\\\/portal\\\/2022\\\/03\\\/01\\\/la-tierra-un-planeta-con-la-mayor-leccion-de-su-existencia\\\/#breadcrumb\"},\"inLanguage\":\"es\",\"potentialAction\":[{\"@type\":\"ReadAction\",\"target\":[\"https:\\\/\\\/www.eldiario.net\\\/portal\\\/2022\\\/03\\\/01\\\/la-tierra-un-planeta-con-la-mayor-leccion-de-su-existencia\\\/\"]}]},{\"@type\":\"BreadcrumbList\",\"@id\":\"https:\\\/\\\/www.eldiario.net\\\/portal\\\/2022\\\/03\\\/01\\\/la-tierra-un-planeta-con-la-mayor-leccion-de-su-existencia\\\/#breadcrumb\",\"itemListElement\":[{\"@type\":\"ListItem\",\"position\":1,\"name\":\"Portada\",\"item\":\"https:\\\/\\\/www.eldiario.net\\\/portal\\\/\"},{\"@type\":\"ListItem\",\"position\":2,\"name\":\"La Tierra, un planeta con la mayor lecci\u00f3n de su existencia\"}]},{\"@type\":\"WebSite\",\"@id\":\"https:\\\/\\\/www.eldiario.net\\\/portal\\\/#website\",\"url\":\"https:\\\/\\\/www.eldiario.net\\\/portal\\\/\",\"name\":\"El Diario - Decano de la prensa nacional\",\"description\":\"El Diario - Decano de la prensa nacional\",\"publisher\":{\"@id\":\"https:\\\/\\\/www.eldiario.net\\\/portal\\\/#organization\"},\"potentialAction\":[{\"@type\":\"SearchAction\",\"target\":{\"@type\":\"EntryPoint\",\"urlTemplate\":\"https:\\\/\\\/www.eldiario.net\\\/portal\\\/?s={search_term_string}\"},\"query-input\":{\"@type\":\"PropertyValueSpecification\",\"valueRequired\":true,\"valueName\":\"search_term_string\"}}],\"inLanguage\":\"es\"},{\"@type\":\"Organization\",\"@id\":\"https:\\\/\\\/www.eldiario.net\\\/portal\\\/#organization\",\"name\":\"El Diario - Decano de la prensa nacional\",\"url\":\"https:\\\/\\\/www.eldiario.net\\\/portal\\\/\",\"logo\":{\"@type\":\"ImageObject\",\"inLanguage\":\"es\",\"@id\":\"https:\\\/\\\/www.eldiario.net\\\/portal\\\/#\\\/schema\\\/logo\\\/image\\\/\",\"url\":\"https:\\\/\\\/www.eldiario.net\\\/portal\\\/wp-content\\\/uploads\\\/2023\\\/07\\\/logo_ED.jpg\",\"contentUrl\":\"https:\\\/\\\/www.eldiario.net\\\/portal\\\/wp-content\\\/uploads\\\/2023\\\/07\\\/logo_ED.jpg\",\"width\":272,\"height\":52,\"caption\":\"El Diario - Decano de la prensa nacional\"},\"image\":{\"@id\":\"https:\\\/\\\/www.eldiario.net\\\/portal\\\/#\\\/schema\\\/logo\\\/image\\\/\"},\"sameAs\":[\"https:\\\/\\\/www.facebook.com\\\/eldiario.bolivia\\\/\",\"https:\\\/\\\/x.com\\\/eldiario_net\"]},{\"@type\":\"Person\",\"@id\":\"https:\\\/\\\/www.eldiario.net\\\/portal\\\/#\\\/schema\\\/person\\\/2c57cf2b7a7ae032e449e4c9b1019eac\",\"name\":\"Jeanette\",\"image\":{\"@type\":\"ImageObject\",\"inLanguage\":\"es\",\"@id\":\"https:\\\/\\\/secure.gravatar.com\\\/avatar\\\/3ea2118a5f7dad2b7138b1187a6b7ee55f160b9968b66013c3a3ef39dd7e5798?s=96&d=mm&r=g\",\"url\":\"https:\\\/\\\/secure.gravatar.com\\\/avatar\\\/3ea2118a5f7dad2b7138b1187a6b7ee55f160b9968b66013c3a3ef39dd7e5798?s=96&d=mm&r=g\",\"contentUrl\":\"https:\\\/\\\/secure.gravatar.com\\\/avatar\\\/3ea2118a5f7dad2b7138b1187a6b7ee55f160b9968b66013c3a3ef39dd7e5798?s=96&d=mm&r=g\",\"caption\":\"Jeanette\"},\"sameAs\":[\"https:\\\/\\\/www.eldiario.net\\\/portal\"],\"url\":\"https:\\\/\\\/www.eldiario.net\\\/portal\\\/author\\\/jeanette\\\/\"}]}<\/script>\n<!-- \/ Yoast SEO plugin. -->","yoast_head_json":{"title":"La Tierra, un planeta con la mayor lecci\u00f3n de su existencia - El Diario - Bolivia","robots":{"index":"index","follow":"follow","max-snippet":"max-snippet:-1","max-image-preview":"max-image-preview:large","max-video-preview":"max-video-preview:-1"},"canonical":"https:\/\/www.eldiario.net\/portal\/2022\/03\/01\/la-tierra-un-planeta-con-la-mayor-leccion-de-su-existencia\/","og_locale":"es_ES","og_type":"article","og_title":"La Tierra, un planeta con la mayor lecci\u00f3n de su existencia - El Diario - Bolivia","og_description":"Guerras y enfrentamientos diversos han sido parte de la historia de la Tierra, el bendito planeta que Dios permiti\u00f3 que habitemos, una parte de la naturaleza que fue atacada por el coronavirus. Se trata de un virus letal que cobr\u00f3 muchas vidas y caus\u00f3 numerosos contagios; un virus que determin\u00f3 que pandemias declaradas en varias [&hellip;]","og_url":"https:\/\/www.eldiario.net\/portal\/2022\/03\/01\/la-tierra-un-planeta-con-la-mayor-leccion-de-su-existencia\/","og_site_name":"El Diario - Bolivia","article_publisher":"https:\/\/www.facebook.com\/eldiario.bolivia\/","article_published_time":"2022-03-01T08:49:28+00:00","author":"Jeanette","twitter_card":"summary_large_image","twitter_creator":"@eldiario_net","twitter_site":"@eldiario_net","twitter_misc":{"Escrito por":"Jeanette","Tiempo de lectura":"2 minutos"},"schema":{"@context":"https:\/\/schema.org","@graph":[{"@type":"Article","@id":"https:\/\/www.eldiario.net\/portal\/2022\/03\/01\/la-tierra-un-planeta-con-la-mayor-leccion-de-su-existencia\/#article","isPartOf":{"@id":"https:\/\/www.eldiario.net\/portal\/2022\/03\/01\/la-tierra-un-planeta-con-la-mayor-leccion-de-su-existencia\/"},"author":{"name":"Jeanette","@id":"https:\/\/www.eldiario.net\/portal\/#\/schema\/person\/2c57cf2b7a7ae032e449e4c9b1019eac"},"headline":"La Tierra, un planeta con la mayor lecci\u00f3n de su existencia","datePublished":"2022-03-01T08:49:28+00:00","mainEntityOfPage":{"@id":"https:\/\/www.eldiario.net\/portal\/2022\/03\/01\/la-tierra-un-planeta-con-la-mayor-leccion-de-su-existencia\/"},"wordCount":346,"publisher":{"@id":"https:\/\/www.eldiario.net\/portal\/#organization"},"articleSection":["Editorial"],"inLanguage":"es"},{"@type":"WebPage","@id":"https:\/\/www.eldiario.net\/portal\/2022\/03\/01\/la-tierra-un-planeta-con-la-mayor-leccion-de-su-existencia\/","url":"https:\/\/www.eldiario.net\/portal\/2022\/03\/01\/la-tierra-un-planeta-con-la-mayor-leccion-de-su-existencia\/","name":"La Tierra, un planeta con la mayor lecci\u00f3n de su existencia - El Diario - Bolivia","isPartOf":{"@id":"https:\/\/www.eldiario.net\/portal\/#website"},"datePublished":"2022-03-01T08:49:28+00:00","breadcrumb":{"@id":"https:\/\/www.eldiario.net\/portal\/2022\/03\/01\/la-tierra-un-planeta-con-la-mayor-leccion-de-su-existencia\/#breadcrumb"},"inLanguage":"es","potentialAction":[{"@type":"ReadAction","target":["https:\/\/www.eldiario.net\/portal\/2022\/03\/01\/la-tierra-un-planeta-con-la-mayor-leccion-de-su-existencia\/"]}]},{"@type":"BreadcrumbList","@id":"https:\/\/www.eldiario.net\/portal\/2022\/03\/01\/la-tierra-un-planeta-con-la-mayor-leccion-de-su-existencia\/#breadcrumb","itemListElement":[{"@type":"ListItem","position":1,"name":"Portada","item":"https:\/\/www.eldiario.net\/portal\/"},{"@type":"ListItem","position":2,"name":"La Tierra, un planeta con la mayor lecci\u00f3n de su existencia"}]},{"@type":"WebSite","@id":"https:\/\/www.eldiario.net\/portal\/#website","url":"https:\/\/www.eldiario.net\/portal\/","name":"El Diario - Decano de la prensa nacional","description":"El Diario - Decano de la prensa nacional","publisher":{"@id":"https:\/\/www.eldiario.net\/portal\/#organization"},"potentialAction":[{"@type":"SearchAction","target":{"@type":"EntryPoint","urlTemplate":"https:\/\/www.eldiario.net\/portal\/?s={search_term_string}"},"query-input":{"@type":"PropertyValueSpecification","valueRequired":true,"valueName":"search_term_string"}}],"inLanguage":"es"},{"@type":"Organization","@id":"https:\/\/www.eldiario.net\/portal\/#organization","name":"El Diario - Decano de la prensa nacional","url":"https:\/\/www.eldiario.net\/portal\/","logo":{"@type":"ImageObject","inLanguage":"es","@id":"https:\/\/www.eldiario.net\/portal\/#\/schema\/logo\/image\/","url":"https:\/\/www.eldiario.net\/portal\/wp-content\/uploads\/2023\/07\/logo_ED.jpg","contentUrl":"https:\/\/www.eldiario.net\/portal\/wp-content\/uploads\/2023\/07\/logo_ED.jpg","width":272,"height":52,"caption":"El Diario - Decano de la prensa nacional"},"image":{"@id":"https:\/\/www.eldiario.net\/portal\/#\/schema\/logo\/image\/"},"sameAs":["https:\/\/www.facebook.com\/eldiario.bolivia\/","https:\/\/x.com\/eldiario_net"]},{"@type":"Person","@id":"https:\/\/www.eldiario.net\/portal\/#\/schema\/person\/2c57cf2b7a7ae032e449e4c9b1019eac","name":"Jeanette","image":{"@type":"ImageObject","inLanguage":"es","@id":"https:\/\/secure.gravatar.com\/avatar\/3ea2118a5f7dad2b7138b1187a6b7ee55f160b9968b66013c3a3ef39dd7e5798?s=96&d=mm&r=g","url":"https:\/\/secure.gravatar.com\/avatar\/3ea2118a5f7dad2b7138b1187a6b7ee55f160b9968b66013c3a3ef39dd7e5798?s=96&d=mm&r=g","contentUrl":"https:\/\/secure.gravatar.com\/avatar\/3ea2118a5f7dad2b7138b1187a6b7ee55f160b9968b66013c3a3ef39dd7e5798?s=96&d=mm&r=g","caption":"Jeanette"},"sameAs":["https:\/\/www.eldiario.net\/portal"],"url":"https:\/\/www.eldiario.net\/portal\/author\/jeanette\/"}]}},"_links":{"self":[{"href":"https:\/\/www.eldiario.net\/portal\/wp-json\/wp\/v2\/posts\/66506","targetHints":{"allow":["GET"]}}],"collection":[{"href":"https:\/\/www.eldiario.net\/portal\/wp-json\/wp\/v2\/posts"}],"about":[{"href":"https:\/\/www.eldiario.net\/portal\/wp-json\/wp\/v2\/types\/post"}],"author":[{"embeddable":true,"href":"https:\/\/www.eldiario.net\/portal\/wp-json\/wp\/v2\/users\/1"}],"replies":[{"embeddable":true,"href":"https:\/\/www.eldiario.net\/portal\/wp-json\/wp\/v2\/comments?post=66506"}],"version-history":[{"count":0,"href":"https:\/\/www.eldiario.net\/portal\/wp-json\/wp\/v2\/posts\/66506\/revisions"}],"wp:attachment":[{"href":"https:\/\/www.eldiario.net\/portal\/wp-json\/wp\/v2\/media?parent=66506"}],"wp:term":[{"taxonomy":"category","embeddable":true,"href":"https:\/\/www.eldiario.net\/portal\/wp-json\/wp\/v2\/categories?post=66506"},{"taxonomy":"post_tag","embeddable":true,"href":"https:\/\/www.eldiario.net\/portal\/wp-json\/wp\/v2\/tags?post=66506"}],"curies":[{"name":"wp","href":"https:\/\/api.w.org\/{rel}","templated":true}]}}